{"id":1758,"global_id":"sud.svmep.ch\/svmep?id=1758","global_id_lineage":["sud.svmep.ch\/svmep?id=1758"],"author":"4","status":"publish","date":"2024-12-22 16:14:43","date_utc":"2024-12-22 15:14:43","modified":"2024-12-22 16:14:43","modified_utc":"2024-12-22 15:14:43","url":"https:\/\/sud.svmep.ch\/svmep\/event\/comite-federal-elargi-sud\/","rest_url":"https:\/\/sud.svmep.ch\/svmep\/wp-json\/tribe\/events\/v1\/events\/1758","title":"Comit\u00e9 f\u00e9d\u00e9ral \u00e9largi SUD","description":"<p><a href=\"https:\/\/sud.svmep.ch\/svmep\/wp-content\/uploads\/2024\/12\/2024-11-13-invitation-comite-federal-SUD.pdf\">Invitation comit\u00e9 f\u00e9d\u00e9ral<\/a><\/p>","excerpt":"","slug":"comite-federal-elargi-sud","image":false,"all_day":false,"start_date":"2024-11-13 18:30:00","start_date_details":{"year":"2024","month":"11","day":"13","hour":"18","minutes":"30","seconds":"00"},"end_date":"2024-11-13 20:00:00","end_date_details":{"year":"2024","month":"11","day":"13","hour":"20","minutes":"00","seconds":"00"},"utc_start_date":"2024-11-13 17:30:00","utc_start_date_details":{"year":"2024","month":"11","day":"13","hour":"17","minutes":"30","seconds":"00"},"utc_end_date":"2024-11-13 19:00:00","utc_end_date_details":{"year":"2024","month":"11","day":"13","hour":"19","minutes":"00","seconds":"00"},"timezone":"UTC+1","timezone_abbr":"UTC+1","cost":"","cost_details":{"currency_symbol":"$","currency_code":"USD","currency_position":"prefix","values":[]},"website":"","show_map":false,"show_map_link":true,"hide_from_listings":false,"sticky":false,"featured":false,"categories":[],"tags":[],"venue":{"id":1691,"author":"4","status":"publish","date":"2024-12-01 22:02:00","date_utc":"2024-12-01 21:02:00","modified":"2025-12-30 12:56:12","modified_utc":"2025-12-30 11:56:12","url":"https:\/\/sud.svmep.ch\/svmep\/lieu\/maison-du-peuple\/","venue":"Maison du peuple","description":"<p>Cr\u00e9\u00e9e en 1916, la Maison du peuple a \u00e9t\u00e9 fond\u00e9e pour offrir aux organisations ouvri\u00e8res un lieu de r\u00e9union et de culture \u00e0 Lausanne. Plus d\u2019un si\u00e8cle plus tard, elle est rest\u00e9e fid\u00e8le \u00e0 sa vocation : la Maison du peuple est un lieu d\u2019\u00e9changes au c\u0153ur de la ville. En plus de logements, de bureaux et de commerces, la Maison du peuple abrite un restaurant, un bar, ainsi que des salles \u00e0 disposition du monde associatif, syndical et politique.<\/p>","slug":"maison-du-peuple","image":{"url":"https:\/\/sud.svmep.ch\/svmep\/wp-content\/uploads\/2024\/12\/MDP.jpg","id":1750,"extension":"jpg","width":720,"height":960,"filesize":54804,"sizes":{"medium":{"width":225,"height":300,"mime-type":"image\/jpeg","filesize":13120,"url":"https:\/\/sud.svmep.ch\/svmep\/wp-content\/uploads\/2024\/12\/MDP-225x300.jpg"},"thumbnail":{"width":150,"height":150,"mime-type":"image\/jpeg","filesize":5768,"url":"https:\/\/sud.svmep.ch\/svmep\/wp-content\/uploads\/2024\/12\/MDP-150x150.jpg"}}},"address":"Place Chauderon 5","city":"Lausanne","website":"https:\/\/www.lamaisondupeuple.ch\/","json_ld":{"@type":"Place","name":"Maison du peuple","description":"&lt;p&gt;Cr\u00e9\u00e9e en 1916, la Maison du peuple a \u00e9t\u00e9 fond\u00e9e pour offrir aux organisations ouvri\u00e8res un lieu de r\u00e9union et de culture \u00e0 Lausanne. Plus d\u2019un si\u00e8cle plus tard, elle [&hellip;]&lt;\/p&gt;\\n","image":"https:\/\/sud.svmep.ch\/svmep\/wp-content\/uploads\/2024\/12\/MDP.jpg","url":"","address":{"@type":"PostalAddress","streetAddress":"Place Chauderon 5","addressLocality":"Lausanne"},"telephone":"","sameAs":"https:\/\/www.lamaisondupeuple.ch\/"},"show_map":false,"show_map_link":true,"global_id":"sud.svmep.ch\/svmep?id=1691","global_id_lineage":["sud.svmep.ch\/svmep?id=1691"]},"organizer":[{"id":1709,"author":"4","status":"publish","date":"2024-12-04 22:13:59","date_utc":"2024-12-04 21:13:59","modified":"2024-12-04 22:31:34","modified_utc":"2024-12-04 21:31:34","url":"https:\/\/sud.svmep.ch\/svmep\/organisateur\/federation-syndicale-sud\/","organizer":"F\u00e9d\u00e9ration syndicale SUD","slug":"federation-syndicale-sud","image":{"url":"https:\/\/sud.svmep.ch\/svmep\/wp-content\/uploads\/2024\/11\/sud_ballons.jpg","id":1562,"extension":"jpg","width":1476,"height":984,"filesize":1125945,"sizes":{"medium":{"width":300,"height":200,"mime-type":"image\/jpeg","filesize":35380,"url":"https:\/\/sud.svmep.ch\/svmep\/wp-content\/uploads\/2024\/11\/sud_ballons-300x200.jpg"},"large":{"width":1024,"height":683,"mime-type":"image\/jpeg","filesize":155830,"url":"https:\/\/sud.svmep.ch\/svmep\/wp-content\/uploads\/2024\/11\/sud_ballons-1024x683.jpg"},"thumbnail":{"width":150,"height":150,"mime-type":"image\/jpeg","filesize":26106,"url":"https:\/\/sud.svmep.ch\/svmep\/wp-content\/uploads\/2024\/11\/sud_ballons-150x150.jpg"},"medium_large":{"width":768,"height":512,"mime-type":"image\/jpeg","filesize":100936,"url":"https:\/\/sud.svmep.ch\/svmep\/wp-content\/uploads\/2024\/11\/sud_ballons-768x512.jpg"}}},"phone":"021 351 22 50","website":"https:\/\/sud-vd.ch\/","json_ld":{"@type":"Person","name":"F\u00e9d\u00e9ration syndicale SUD","description":"","image":"https:\/\/sud.svmep.ch\/svmep\/wp-content\/uploads\/2024\/11\/sud_ballons.jpg","url":"https:\/\/sud-vd.ch\/","telephone":"021 351 22 50","email":"","sameAs":"https:\/\/sud-vd.ch\/"},"global_id":"sud.svmep.ch\/svmep?id=1709","global_id_lineage":["sud.svmep.ch\/svmep?id=1709"]}],"custom_fields":[],"json_ld":{"@context":"http:\/\/schema.org","@type":"Event","name":"Comit\u00e9 f\u00e9d\u00e9ral \u00e9largi SUD","description":"&lt;p&gt;Invitation comit\u00e9 f\u00e9d\u00e9ral&lt;\/p&gt;\\n","url":"https:\/\/sud.svmep.ch\/svmep\/event\/comite-federal-elargi-sud\/","eventAttendanceMode":"https:\/\/schema.org\/OfflineEventAttendanceMode","eventStatus":"https:\/\/schema.org\/EventScheduled","startDate":"2024-11-13T18:30:00+01:00","endDate":"2024-11-13T20:00:00+01:00","location":{"@type":"Place","name":"Maison du peuple","description":"&lt;p&gt;Cr\u00e9\u00e9e en 1916, la Maison du peuple a \u00e9t\u00e9 fond\u00e9e pour offrir aux organisations ouvri\u00e8res un lieu de r\u00e9union et de culture \u00e0 Lausanne. Plus d\u2019un si\u00e8cle plus tard, elle [&hellip;]&lt;\/p&gt;\\n","image":"https:\/\/sud.svmep.ch\/svmep\/wp-content\/uploads\/2024\/12\/MDP.jpg","url":"","address":{"@type":"PostalAddress","streetAddress":"Place Chauderon 5","addressLocality":"Lausanne"},"telephone":"","sameAs":"https:\/\/www.lamaisondupeuple.ch\/"},"organizer":{"@type":"Person","name":"F\u00e9d\u00e9ration syndicale SUD","description":"","image":"https:\/\/sud.svmep.ch\/svmep\/wp-content\/uploads\/2024\/11\/sud_ballons.jpg","url":"https:\/\/sud-vd.ch\/","telephone":"021 351 22 50","email":"","sameAs":"https:\/\/sud-vd.ch\/"},"performer":"Organization"}}