{"id":2311,"global_id":"sud.svmep.ch\/svmep?id=2311","global_id_lineage":["sud.svmep.ch\/svmep?id=2311"],"author":"4","status":"publish","date":"2025-11-04 00:41:07","date_utc":"2025-11-03 23:41:07","modified":"2025-11-04 00:41:58","modified_utc":"2025-11-03 23:41:58","url":"https:\/\/sud.svmep.ch\/svmep\/event\/atelier-discussion-passe-present-et-futur-de-sud-quelles-orientations-syndicales\/","rest_url":"https:\/\/sud.svmep.ch\/svmep\/wp-json\/tribe\/events\/v1\/events\/2311","title":"Atelier-discussion \u00abPass\u00e9, pr\u00e9sent et futur de SUD : quelles orientations syndicales ?\u00bb","description":"<h4>Il s\u2019agit d\u2019une introduction \u00e0 l\u2019histoire, \u00e0 la structure et aux orientations syndicales de la F\u00e9d\u00e9ration syndicale SUD. Le cr\u00e9do de cette premi\u00e8re rencontre est de mieux comprendre le syndicat pour se l\u2019approprier, s\u2019y investir et l\u2019am\u00e9liorer\u2009!<img loading=\"lazy\" decoding=\"async\" class=\"alignright size-thumbnail wp-image-1918\" src=\"https:\/\/sud.svmep.ch\/svmep\/wp-content\/uploads\/sud-mega-noir-carre-150x150.jpg\" alt=\"\" width=\"150\" height=\"150\" srcset=\"https:\/\/sud.svmep.ch\/svmep\/wp-content\/uploads\/sud-mega-noir-carre-150x150.jpg 150w, https:\/\/sud.svmep.ch\/svmep\/wp-content\/uploads\/sud-mega-noir-carre-300x300.jpg 300w, https:\/\/sud.svmep.ch\/svmep\/wp-content\/uploads\/sud-mega-noir-carre-1024x1024.jpg 1024w, https:\/\/sud.svmep.ch\/svmep\/wp-content\/uploads\/sud-mega-noir-carre-768x768.jpg 768w, https:\/\/sud.svmep.ch\/svmep\/wp-content\/uploads\/sud-mega-noir-carre-1536x1536.jpg 1536w, https:\/\/sud.svmep.ch\/svmep\/wp-content\/uploads\/sud-mega-noir-carre.jpg 1851w\" sizes=\"auto, (max-width: 150px) 100vw, 150px\" \/><\/h4>\n<p>Organis\u00e9 en deux parties, l\u2019atelier d\u00e9butera par quelques br\u00e8ves pr\u00e9sentations orales qui reviendront sur les principales orientations, l\u2019histoire et le pr\u00e9sent de SUD. Une seconde partie plus participative suivra avec une lecture et discussion en petits groupes des textes fondateurs de la f\u00e9d\u00e9ration, d\u2019un texte sur une lutte syndicale pass\u00e9e exemplaire et sur le cadrage actuel de la mobilisation de la fonction publique-parapublique vaudoise. L\u2019ensemble des discussions men\u00e9es en groupe sera enfin d\u00e9battu et mis en perspective en assembl\u00e9e, puis la soir\u00e9e se terminera avec un ap\u00e9ro convivial.<\/p>\n<p>Que vous soyez un\u00b7e militant\u00b7e aguerri\u00b7e, fra\u00eechement syndiqu\u00e9\u00b7e ou un\u00b7e simple sympathisant\u00b7e de notre organisation, cet atelier peut vous \u00eatre utile. Vous \u00eates toutes et tous les bienvenu\u00b7es\u2009!<\/p>","excerpt":"","slug":"atelier-discussion-passe-present-et-futur-de-sud-quelles-orientations-syndicales","image":false,"all_day":false,"start_date":"2025-11-17 18:30:00","start_date_details":{"year":"2025","month":"11","day":"17","hour":"18","minutes":"30","seconds":"00"},"end_date":"2025-11-17 18:30:00","end_date_details":{"year":"2025","month":"11","day":"17","hour":"18","minutes":"30","seconds":"00"},"utc_start_date":"2025-11-17 17:30:00","utc_start_date_details":{"year":"2025","month":"11","day":"17","hour":"17","minutes":"30","seconds":"00"},"utc_end_date":"2025-11-17 17:30:00","utc_end_date_details":{"year":"2025","month":"11","day":"17","hour":"17","minutes":"30","seconds":"00"},"timezone":"UTC+1","timezone_abbr":"UTC+1","cost":"","cost_details":{"currency_symbol":"$","currency_code":"USD","currency_position":"prefix","values":[]},"website":"https:\/\/sud-vd.ch\/cycle-de-formation-de-la-federation-syndicale-sud-2025\/","show_map":false,"show_map_link":true,"hide_from_listings":false,"sticky":false,"featured":false,"categories":[],"tags":[],"venue":{"id":1691,"author":"4","status":"publish","date":"2024-12-01 22:02:00","date_utc":"2024-12-01 21:02:00","modified":"2025-12-30 12:56:12","modified_utc":"2025-12-30 11:56:12","url":"https:\/\/sud.svmep.ch\/svmep\/lieu\/maison-du-peuple\/","venue":"Maison du peuple","description":"<p>Cr\u00e9\u00e9e en 1916, la Maison du peuple a \u00e9t\u00e9 fond\u00e9e pour offrir aux organisations ouvri\u00e8res un lieu de r\u00e9union et de culture \u00e0 Lausanne. Plus d\u2019un si\u00e8cle plus tard, elle est rest\u00e9e fid\u00e8le \u00e0 sa vocation : la Maison du peuple est un lieu d\u2019\u00e9changes au c\u0153ur de la ville. En plus de logements, de bureaux et de commerces, la Maison du peuple abrite un restaurant, un bar, ainsi que des salles \u00e0 disposition du monde associatif, syndical et politique.<\/p>","slug":"maison-du-peuple","image":{"url":"https:\/\/sud.svmep.ch\/svmep\/wp-content\/uploads\/2024\/12\/MDP.jpg","id":1750,"extension":"jpg","width":720,"height":960,"filesize":54804,"sizes":{"medium":{"width":225,"height":300,"mime-type":"image\/jpeg","filesize":13120,"url":"https:\/\/sud.svmep.ch\/svmep\/wp-content\/uploads\/2024\/12\/MDP-225x300.jpg"},"thumbnail":{"width":150,"height":150,"mime-type":"image\/jpeg","filesize":5768,"url":"https:\/\/sud.svmep.ch\/svmep\/wp-content\/uploads\/2024\/12\/MDP-150x150.jpg"}}},"address":"Place Chauderon 5","city":"Lausanne","website":"https:\/\/www.lamaisondupeuple.ch\/","json_ld":{"@type":"Place","name":"Maison du peuple","description":"&lt;p&gt;Cr\u00e9\u00e9e en 1916, la Maison du peuple a \u00e9t\u00e9 fond\u00e9e pour offrir aux organisations ouvri\u00e8res un lieu de r\u00e9union et de culture \u00e0 Lausanne. Plus d\u2019un si\u00e8cle plus tard, elle [&hellip;]&lt;\/p&gt;\\n","image":"https:\/\/sud.svmep.ch\/svmep\/wp-content\/uploads\/2024\/12\/MDP.jpg","url":"","address":{"@type":"PostalAddress","streetAddress":"Place Chauderon 5","addressLocality":"Lausanne"},"telephone":"","sameAs":"https:\/\/www.lamaisondupeuple.ch\/"},"show_map":false,"show_map_link":true,"global_id":"sud.svmep.ch\/svmep?id=1691","global_id_lineage":["sud.svmep.ch\/svmep?id=1691"]},"organizer":[{"id":1709,"author":"4","status":"publish","date":"2024-12-04 22:13:59","date_utc":"2024-12-04 21:13:59","modified":"2024-12-04 22:31:34","modified_utc":"2024-12-04 21:31:34","url":"https:\/\/sud.svmep.ch\/svmep\/organisateur\/federation-syndicale-sud\/","organizer":"F\u00e9d\u00e9ration syndicale SUD","slug":"federation-syndicale-sud","image":{"url":"https:\/\/sud.svmep.ch\/svmep\/wp-content\/uploads\/2024\/11\/sud_ballons.jpg","id":1562,"extension":"jpg","width":1476,"height":984,"filesize":1125945,"sizes":{"medium":{"width":300,"height":200,"mime-type":"image\/jpeg","filesize":35380,"url":"https:\/\/sud.svmep.ch\/svmep\/wp-content\/uploads\/2024\/11\/sud_ballons-300x200.jpg"},"large":{"width":1024,"height":683,"mime-type":"image\/jpeg","filesize":155830,"url":"https:\/\/sud.svmep.ch\/svmep\/wp-content\/uploads\/2024\/11\/sud_ballons-1024x683.jpg"},"thumbnail":{"width":150,"height":150,"mime-type":"image\/jpeg","filesize":26106,"url":"https:\/\/sud.svmep.ch\/svmep\/wp-content\/uploads\/2024\/11\/sud_ballons-150x150.jpg"},"medium_large":{"width":768,"height":512,"mime-type":"image\/jpeg","filesize":100936,"url":"https:\/\/sud.svmep.ch\/svmep\/wp-content\/uploads\/2024\/11\/sud_ballons-768x512.jpg"}}},"phone":"021 351 22 50","website":"https:\/\/sud-vd.ch\/","json_ld":{"@type":"Person","name":"F\u00e9d\u00e9ration syndicale SUD","description":"","image":"https:\/\/sud.svmep.ch\/svmep\/wp-content\/uploads\/2024\/11\/sud_ballons.jpg","url":"https:\/\/sud-vd.ch\/","telephone":"021 351 22 50","email":"","sameAs":"https:\/\/sud-vd.ch\/"},"global_id":"sud.svmep.ch\/svmep?id=1709","global_id_lineage":["sud.svmep.ch\/svmep?id=1709"]}],"custom_fields":[],"json_ld":{"@context":"http:\/\/schema.org","@type":"Event","name":"Atelier-discussion \u00abPass\u00e9, pr\u00e9sent et futur de SUD : quelles orientations syndicales ?\u00bb","description":"&lt;p&gt;Il s\u2019agit d\u2019une introduction \u00e0 l\u2019histoire, \u00e0 la structure et aux orientations syndicales de la F\u00e9d\u00e9ration syndicale SUD. Le cr\u00e9do de cette premi\u00e8re rencontre est de mieux comprendre le syndicat [&hellip;]&lt;\/p&gt;\\n","url":"https:\/\/sud.svmep.ch\/svmep\/event\/atelier-discussion-passe-present-et-futur-de-sud-quelles-orientations-syndicales\/","eventAttendanceMode":"https:\/\/schema.org\/OfflineEventAttendanceMode","eventStatus":"https:\/\/schema.org\/EventScheduled","startDate":"2025-11-17T18:30:00+01:00","endDate":"2025-11-17T18:30:00+01:00","location":{"@type":"Place","name":"Maison du peuple","description":"&lt;p&gt;Cr\u00e9\u00e9e en 1916, la Maison du peuple a \u00e9t\u00e9 fond\u00e9e pour offrir aux organisations ouvri\u00e8res un lieu de r\u00e9union et de culture \u00e0 Lausanne. Plus d\u2019un si\u00e8cle plus tard, elle [&hellip;]&lt;\/p&gt;\\n","image":"https:\/\/sud.svmep.ch\/svmep\/wp-content\/uploads\/2024\/12\/MDP.jpg","url":"","address":{"@type":"PostalAddress","streetAddress":"Place Chauderon 5","addressLocality":"Lausanne"},"telephone":"","sameAs":"https:\/\/www.lamaisondupeuple.ch\/"},"organizer":{"@type":"Person","name":"F\u00e9d\u00e9ration syndicale SUD","description":"","image":"https:\/\/sud.svmep.ch\/svmep\/wp-content\/uploads\/2024\/11\/sud_ballons.jpg","url":"https:\/\/sud-vd.ch\/","telephone":"021 351 22 50","email":"","sameAs":"https:\/\/sud-vd.ch\/"},"performer":"Organization"}}