{"id":2348,"global_id":"sud.svmep.ch\/svmep?id=2348","global_id_lineage":["sud.svmep.ch\/svmep?id=2348"],"author":"4","status":"publish","date":"2025-11-21 23:38:08","date_utc":"2025-11-21 22:38:08","modified":"2025-12-05 11:41:57","modified_utc":"2025-12-05 10:41:57","url":"https:\/\/sud.svmep.ch\/svmep\/event\/conference-passer-a-laction-transformer-le-reel-dans-avec-contre-hors-du-pouvoir\/","rest_url":"https:\/\/sud.svmep.ch\/svmep\/wp-json\/tribe\/events\/v1\/events\/2348","title":"Conf\u00e9rence \u00ab\u2009Passer \u00e0 l\u2019action, transformer le r\u00e9el dans, avec, contre, hors du pouvoir.\u00bb","description":"<h4>Conf\u00e9rence d\u2019Adeline de L\u00e9pinay\u2009, <strong>autrice de <a href=\"https:\/\/www.education-populaire.fr\/organisons-nous-le-livre\/\" target=\"_blank\" rel=\"noopener\">Organisons-nous\u2009! Manuel critique<\/a><\/strong><\/h4>\n<h2><em>Passer \u00e0 l\u2019action, transformer le r\u00e9el dans, avec, contre, hors du pouvoir. Agir ici et maintenant\u2009: strat\u00e9gies pour la transformation sociale.<img loading=\"lazy\" decoding=\"async\" class=\"alignright\" src=\"https:\/\/www.education-populaire.fr\/wp-content\/uploads\/2019\/10\/Couverture-V2-gde-Resserr%C3%A9e-200x300.jpeg\" alt=\"\" width=\"200\" height=\"300\" \/><\/em><\/h2>\n<p>La conf\u00e9rence posera les bases de la r\u00e9flexion pour les ateliers du samedi 6 d\u00e9cembre.<\/p>\n<p>Cette formation est offerte aux membres de SUD, \u00e0 prix libre pour les sympathisant.e.s et se fait <strong>sur inscription \u00e0 <a href=\"mailto:info@sud-vd.ch\" target=\"_blank\" rel=\"noopener\">info[at]sud-vd.ch<\/a><\/strong><\/p>\n<p><em>Organisation en collaboration avec Federanim<\/em><\/p>","excerpt":"","slug":"conference-passer-a-laction-transformer-le-reel-dans-avec-contre-hors-du-pouvoir","image":false,"all_day":false,"start_date":"2025-12-05 18:20:00","start_date_details":{"year":"2025","month":"12","day":"05","hour":"18","minutes":"20","seconds":"00"},"end_date":"2025-12-05 20:00:00","end_date_details":{"year":"2025","month":"12","day":"05","hour":"20","minutes":"00","seconds":"00"},"utc_start_date":"2025-12-05 17:20:00","utc_start_date_details":{"year":"2025","month":"12","day":"05","hour":"17","minutes":"20","seconds":"00"},"utc_end_date":"2025-12-05 19:00:00","utc_end_date_details":{"year":"2025","month":"12","day":"05","hour":"19","minutes":"00","seconds":"00"},"timezone":"UTC+1","timezone_abbr":"UTC+1","cost":"","cost_details":{"currency_symbol":"$","currency_code":"USD","currency_position":"prefix","values":[]},"website":"https:\/\/sud-vd.ch\/cycle-de-formation-de-la-federation-syndicale-sud-2025\/","show_map":false,"show_map_link":true,"hide_from_listings":false,"sticky":false,"featured":false,"categories":[],"tags":[],"venue":{"id":2346,"author":"4","status":"publish","date":"2025-11-21 23:27:35","date_utc":"2025-11-21 22:27:35","modified":"2025-11-21 23:27:35","modified_utc":"2025-11-21 22:27:35","url":"https:\/\/sud.svmep.ch\/svmep\/lieu\/maison-de-quartier-sous-gare\/","venue":"Maison de quartier Sous-Gare","slug":"maison-de-quartier-sous-gare","address":"Avenue Dapples 50","city":"Lausanne","website":"https:\/\/maisondequartiersousgare.ch\/","json_ld":{"@type":"Place","name":"Maison de quartier Sous-Gare","description":"","url":"","address":{"@type":"PostalAddress","streetAddress":"Avenue Dapples 50","addressLocality":"Lausanne"},"telephone":"","sameAs":"https:\/\/maisondequartiersousgare.ch\/"},"show_map":false,"show_map_link":true,"global_id":"sud.svmep.ch\/svmep?id=2346","global_id_lineage":["sud.svmep.ch\/svmep?id=2346"]},"organizer":[{"id":1709,"author":"4","status":"publish","date":"2024-12-04 22:13:59","date_utc":"2024-12-04 21:13:59","modified":"2024-12-04 22:31:34","modified_utc":"2024-12-04 21:31:34","url":"https:\/\/sud.svmep.ch\/svmep\/organisateur\/federation-syndicale-sud\/","organizer":"F\u00e9d\u00e9ration syndicale SUD","slug":"federation-syndicale-sud","image":{"url":"https:\/\/sud.svmep.ch\/svmep\/wp-content\/uploads\/2024\/11\/sud_ballons.jpg","id":1562,"extension":"jpg","width":1476,"height":984,"filesize":1125945,"sizes":{"medium":{"width":300,"height":200,"mime-type":"image\/jpeg","filesize":35380,"url":"https:\/\/sud.svmep.ch\/svmep\/wp-content\/uploads\/2024\/11\/sud_ballons-300x200.jpg"},"large":{"width":1024,"height":683,"mime-type":"image\/jpeg","filesize":155830,"url":"https:\/\/sud.svmep.ch\/svmep\/wp-content\/uploads\/2024\/11\/sud_ballons-1024x683.jpg"},"thumbnail":{"width":150,"height":150,"mime-type":"image\/jpeg","filesize":26106,"url":"https:\/\/sud.svmep.ch\/svmep\/wp-content\/uploads\/2024\/11\/sud_ballons-150x150.jpg"},"medium_large":{"width":768,"height":512,"mime-type":"image\/jpeg","filesize":100936,"url":"https:\/\/sud.svmep.ch\/svmep\/wp-content\/uploads\/2024\/11\/sud_ballons-768x512.jpg"}}},"phone":"021 351 22 50","website":"https:\/\/sud-vd.ch\/","json_ld":{"@type":"Person","name":"F\u00e9d\u00e9ration syndicale SUD","description":"","image":"https:\/\/sud.svmep.ch\/svmep\/wp-content\/uploads\/2024\/11\/sud_ballons.jpg","url":"https:\/\/sud-vd.ch\/","telephone":"021 351 22 50","email":"","sameAs":"https:\/\/sud-vd.ch\/"},"global_id":"sud.svmep.ch\/svmep?id=1709","global_id_lineage":["sud.svmep.ch\/svmep?id=1709"]}],"custom_fields":[],"json_ld":{"@context":"http:\/\/schema.org","@type":"Event","name":"Conf\u00e9rence \u00ab\u2009Passer \u00e0 l\u2019action, transformer le r\u00e9el dans, avec, contre, hors du pouvoir.\u00bb","description":"&lt;p&gt;Conf\u00e9rence d\u2019Adeline de L\u00e9pinay\u2009, autrice de Organisons-nous\u2009! Manuel critique Passer \u00e0 l\u2019action, transformer le r\u00e9el dans, avec, contre, hors du pouvoir. Agir ici et maintenant\u2009: strat\u00e9gies pour la transformation sociale. [&hellip;]&lt;\/p&gt;\\n","url":"https:\/\/sud.svmep.ch\/svmep\/event\/conference-passer-a-laction-transformer-le-reel-dans-avec-contre-hors-du-pouvoir\/","eventAttendanceMode":"https:\/\/schema.org\/OfflineEventAttendanceMode","eventStatus":"https:\/\/schema.org\/EventScheduled","startDate":"2025-12-05T18:20:00+01:00","endDate":"2025-12-05T20:00:00+01:00","location":{"@type":"Place","name":"Maison de quartier Sous-Gare","description":"","url":"","address":{"@type":"PostalAddress","streetAddress":"Avenue Dapples 50","addressLocality":"Lausanne"},"telephone":"","sameAs":"https:\/\/maisondequartiersousgare.ch\/"},"organizer":{"@type":"Person","name":"F\u00e9d\u00e9ration syndicale SUD","description":"","image":"https:\/\/sud.svmep.ch\/svmep\/wp-content\/uploads\/2024\/11\/sud_ballons.jpg","url":"https:\/\/sud-vd.ch\/","telephone":"021 351 22 50","email":"","sameAs":"https:\/\/sud-vd.ch\/"},"performer":"Organization"}}