{"id":2359,"global_id":"sud.svmep.ch\/svmep?id=2359","global_id_lineage":["sud.svmep.ch\/svmep?id=2359"],"author":"4","status":"publish","date":"2025-11-22 08:34:47","date_utc":"2025-11-22 07:34:47","modified":"2025-11-22 08:38:22","modified_utc":"2025-11-22 07:38:22","url":"https:\/\/sud.svmep.ch\/svmep\/event\/assemblee-generale-du-personnel-des-services-publics-et-parapublics-vd\/","rest_url":"https:\/\/sud.svmep.ch\/svmep\/wp-json\/tribe\/events\/v1\/events\/2359","title":"Assembl\u00e9e g\u00e9n\u00e9rale du personnel des services publics et parapublics VD","description":"<h3>Ensemble, d\u00e9cidons des mesures \u00e0 prendre, organisons la lutte et la gr\u00e8ve partout o\u00f9 c\u2019est possible pour faire reculer le gouvernement cantonal !<\/h3>\n<p>Le matin du 25 novembre, les syndicats donneront des orientations possibles d\u2019actions \u00e0 d\u00e9rouler au-del\u00e0 du 26 novembre. Ces orientations seront \u00e0 discuter sur les lieux de travail dans la journ\u00e9e en vue de l\u2019Assembl\u00e9e du soir <strong>o\u00f9 elles seront discut\u00e9es et vot\u00e9es<\/strong>.<img loading=\"lazy\" decoding=\"async\" class=\"alignright size-medium wp-image-2333\" src=\"https:\/\/sud.svmep.ch\/svmep\/wp-content\/uploads\/IMG_6941-225x300.jpg\" alt=\"\" width=\"225\" height=\"300\" srcset=\"https:\/\/sud.svmep.ch\/svmep\/wp-content\/uploads\/IMG_6941-225x300.jpg 225w, https:\/\/sud.svmep.ch\/svmep\/wp-content\/uploads\/IMG_6941-768x1024.jpg 768w, https:\/\/sud.svmep.ch\/svmep\/wp-content\/uploads\/IMG_6941-1152x1536.jpg 1152w, https:\/\/sud.svmep.ch\/svmep\/wp-content\/uploads\/IMG_6941-1536x2048.jpg 1536w, https:\/\/sud.svmep.ch\/svmep\/wp-content\/uploads\/IMG_6941-scaled.jpg 1920w\" sizes=\"auto, (max-width: 225px) 100vw, 225px\" \/><\/p>\n<p><span style=\"color: #d91e0e;\"><strong>Il est absolument d\u00e9cisif que le maximum de lieux de travail soient repr\u00e9sent\u00e9s pour donner la voix de la base<\/strong><\/span>. Les suites du 26 novembre seront au c\u0153ur des d\u00e9bats.<\/p>\n<p><em>Venez et faites venir \u00e0 l&rsquo;Assembl\u00e9e g\u00e9n\u00e9rale !<\/em><\/p>","excerpt":"","slug":"assemblee-generale-du-personnel-des-services-publics-et-parapublics-vd","image":false,"all_day":false,"start_date":"2025-11-25 18:30:00","start_date_details":{"year":"2025","month":"11","day":"25","hour":"18","minutes":"30","seconds":"00"},"end_date":"2025-11-25 18:30:00","end_date_details":{"year":"2025","month":"11","day":"25","hour":"18","minutes":"30","seconds":"00"},"utc_start_date":"2025-11-25 17:30:00","utc_start_date_details":{"year":"2025","month":"11","day":"25","hour":"17","minutes":"30","seconds":"00"},"utc_end_date":"2025-11-25 17:30:00","utc_end_date_details":{"year":"2025","month":"11","day":"25","hour":"17","minutes":"30","seconds":"00"},"timezone":"UTC+1","timezone_abbr":"UTC+1","cost":"","cost_details":{"currency_symbol":"$","currency_code":"USD","currency_position":"prefix","values":[]},"website":"https:\/\/sud-vd.ch\/25-et-26-novembre-bloquons-tous\/","show_map":false,"show_map_link":true,"hide_from_listings":false,"sticky":false,"featured":false,"categories":[{"name":"Coupes budg\u00e9taires","slug":"coupes-budgetaires","term_group":0,"term_taxonomy_id":53,"taxonomy":"tribe_events_cat","description":"","parent":0,"count":11,"filter":"raw","id":53,"urls":{"self":"https:\/\/sud.svmep.ch\/svmep\/wp-json\/tribe\/events\/v1\/categories\/53","collection":"https:\/\/sud.svmep.ch\/svmep\/wp-json\/tribe\/events\/v1\/categories"}}],"tags":[],"venue":{"id":2357,"author":"4","status":"publish","date":"2025-11-22 08:24:35","date_utc":"2025-11-22 07:24:35","modified":"2025-11-22 08:24:35","modified_utc":"2025-11-22 07:24:35","url":"https:\/\/sud.svmep.ch\/svmep\/lieu\/aula-du-college-de-bethusy\/","venue":"Aula du Coll\u00e8ge de B\u00e9thusy","slug":"aula-du-college-de-bethusy","address":"Avenue de B\u00e9thusy 7","city":"Lausanne","json_ld":{"@type":"Place","name":"Aula du Coll\u00e8ge de B\u00e9thusy","description":"","url":"","address":{"@type":"PostalAddress","streetAddress":"Avenue de B\u00e9thusy 7","addressLocality":"Lausanne"},"telephone":"","sameAs":""},"show_map":false,"show_map_link":true,"global_id":"sud.svmep.ch\/svmep?id=2357","global_id_lineage":["sud.svmep.ch\/svmep?id=2357"]},"organizer":[{"id":1687,"author":"4","status":"publish","date":"2024-12-01 21:26:34","date_utc":"2024-12-01 20:26:34","modified":"2024-12-01 21:26:34","modified_utc":"2024-12-01 20:26:34","url":"https:\/\/sud.svmep.ch\/svmep\/organisateur\/fsf-ssp-sud\/","organizer":"FSF, SSP, SUD","slug":"fsf-ssp-sud","website":"https:\/\/sud-vd.ch\/","json_ld":{"@type":"Person","name":"FSF, SSP, SUD","description":"","url":"https:\/\/sud-vd.ch\/","telephone":"","email":"","sameAs":"https:\/\/sud-vd.ch\/"},"global_id":"sud.svmep.ch\/svmep?id=1687","global_id_lineage":["sud.svmep.ch\/svmep?id=1687"]}],"custom_fields":[],"json_ld":{"@context":"http:\/\/schema.org","@type":"Event","name":"Assembl\u00e9e g\u00e9n\u00e9rale du personnel des services publics et parapublics VD","description":"&lt;p&gt;Ensemble, d\u00e9cidons des mesures \u00e0 prendre, organisons la lutte et la gr\u00e8ve partout o\u00f9 c\u2019est possible pour faire reculer le gouvernement cantonal ! Le matin du 25 novembre, les syndicats [&hellip;]&lt;\/p&gt;\\n","url":"https:\/\/sud.svmep.ch\/svmep\/event\/assemblee-generale-du-personnel-des-services-publics-et-parapublics-vd\/","eventAttendanceMode":"https:\/\/schema.org\/OfflineEventAttendanceMode","eventStatus":"https:\/\/schema.org\/EventScheduled","startDate":"2025-11-25T18:30:00+01:00","endDate":"2025-11-25T18:30:00+01:00","location":{"@type":"Place","name":"Aula du Coll\u00e8ge de B\u00e9thusy","description":"","url":"","address":{"@type":"PostalAddress","streetAddress":"Avenue de B\u00e9thusy 7","addressLocality":"Lausanne"},"telephone":"","sameAs":""},"organizer":{"@type":"Person","name":"FSF, SSP, SUD","description":"","url":"https:\/\/sud-vd.ch\/","telephone":"","email":"","sameAs":"https:\/\/sud-vd.ch\/"},"performer":"Organization"}}