{"id":2421,"global_id":"sud.svmep.ch\/svmep?id=2421","global_id_lineage":["sud.svmep.ch\/svmep?id=2421"],"author":"4","status":"publish","date":"2025-12-20 17:12:57","date_utc":"2025-12-20 16:12:57","modified":"2025-12-30 11:57:05","modified_utc":"2025-12-30 10:57:05","url":"https:\/\/sud.svmep.ch\/svmep\/event\/assemblee-generale-des-personnels-du-service-public-et-parapublic-vaudois\/","rest_url":"https:\/\/sud.svmep.ch\/svmep\/wp-json\/tribe\/events\/v1\/events\/2421","title":"Assembl\u00e9e g\u00e9n\u00e9rale des personnels du service public et parapublic vaudois","description":"<h3 class=\"h2_cms\">La lutte paie : elle doit continuer !<\/h3>\n<div id=\"attachment_2342\" style=\"width: 210px\" class=\"wp-caption alignright\"><img loading=\"lazy\" decoding=\"async\" aria-describedby=\"caption-attachment-2342\" class=\"size-medium wp-image-2342\" src=\"https:\/\/sud.svmep.ch\/svmep\/wp-content\/uploads\/W0A3589-scaled-1-200x300.jpeg\" alt=\"\" width=\"200\" height=\"300\" srcset=\"https:\/\/sud.svmep.ch\/svmep\/wp-content\/uploads\/W0A3589-scaled-1-200x300.jpeg 200w, https:\/\/sud.svmep.ch\/svmep\/wp-content\/uploads\/W0A3589-scaled-1-683x1024.jpeg 683w, https:\/\/sud.svmep.ch\/svmep\/wp-content\/uploads\/W0A3589-scaled-1-768x1152.jpeg 768w, https:\/\/sud.svmep.ch\/svmep\/wp-content\/uploads\/W0A3589-scaled-1-1024x1536.jpeg 1024w, https:\/\/sud.svmep.ch\/svmep\/wp-content\/uploads\/W0A3589-scaled-1-1366x2048.jpeg 1366w, https:\/\/sud.svmep.ch\/svmep\/wp-content\/uploads\/W0A3589-scaled-1.jpeg 1707w\" sizes=\"auto, (max-width: 200px) 100vw, 200px\" \/><p id=\"caption-attachment-2342\" class=\"wp-caption-text\">Manifestation du 18 novembre 2025, Lausanne<\/p><\/div>\n<h4>Pluriannuel, le plan de casse des services publics actuellement \u00e0 l\u2019\u0153uvre doit continuer d\u2019\u00eatre combattu !<\/h4>\n<p>Cette assembl\u00e9e sera l\u2019occasion de tirer un premier bilan de notre lutte, des avanc\u00e9es obtenues et des prochaines \u00e9ch\u00e9ances de n\u00e9gociations et de mobilisation.<\/p>","excerpt":"","slug":"assemblee-generale-des-personnels-du-service-public-et-parapublic-vaudois","image":false,"all_day":false,"start_date":"2026-01-06 18:30:00","start_date_details":{"year":"2026","month":"01","day":"06","hour":"18","minutes":"30","seconds":"00"},"end_date":"2026-01-06 18:30:00","end_date_details":{"year":"2026","month":"01","day":"06","hour":"18","minutes":"30","seconds":"00"},"utc_start_date":"2026-01-06 17:30:00","utc_start_date_details":{"year":"2026","month":"01","day":"06","hour":"17","minutes":"30","seconds":"00"},"utc_end_date":"2026-01-06 17:30:00","utc_end_date_details":{"year":"2026","month":"01","day":"06","hour":"17","minutes":"30","seconds":"00"},"timezone":"UTC+1","timezone_abbr":"UTC+1","cost":"","cost_details":{"currency_symbol":"$","currency_code":"USD","currency_position":"prefix","values":[]},"website":"https:\/\/sud-vd.ch\/la-lutte-paie-elle-doit-continuer\/","show_map":false,"show_map_link":true,"hide_from_listings":false,"sticky":false,"featured":false,"categories":[{"name":"Coupes budg\u00e9taires","slug":"coupes-budgetaires","term_group":0,"term_taxonomy_id":53,"taxonomy":"tribe_events_cat","description":"","parent":0,"count":11,"filter":"raw","id":53,"urls":{"self":"https:\/\/sud.svmep.ch\/svmep\/wp-json\/tribe\/events\/v1\/categories\/53","collection":"https:\/\/sud.svmep.ch\/svmep\/wp-json\/tribe\/events\/v1\/categories"}}],"tags":[],"venue":{"id":2357,"author":"4","status":"publish","date":"2025-11-22 08:24:35","date_utc":"2025-11-22 07:24:35","modified":"2025-11-22 08:24:35","modified_utc":"2025-11-22 07:24:35","url":"https:\/\/sud.svmep.ch\/svmep\/lieu\/aula-du-college-de-bethusy\/","venue":"Aula du Coll\u00e8ge de B\u00e9thusy","slug":"aula-du-college-de-bethusy","address":"Avenue de B\u00e9thusy 7","city":"Lausanne","json_ld":{"@type":"Place","name":"Aula du Coll\u00e8ge de B\u00e9thusy","description":"","url":"","address":{"@type":"PostalAddress","streetAddress":"Avenue de B\u00e9thusy 7","addressLocality":"Lausanne"},"telephone":"","sameAs":""},"show_map":false,"show_map_link":true,"global_id":"sud.svmep.ch\/svmep?id=2357","global_id_lineage":["sud.svmep.ch\/svmep?id=2357"]},"organizer":[{"id":1687,"author":"4","status":"publish","date":"2024-12-01 21:26:34","date_utc":"2024-12-01 20:26:34","modified":"2024-12-01 21:26:34","modified_utc":"2024-12-01 20:26:34","url":"https:\/\/sud.svmep.ch\/svmep\/organisateur\/fsf-ssp-sud\/","organizer":"FSF, SSP, SUD","slug":"fsf-ssp-sud","website":"https:\/\/sud-vd.ch\/","json_ld":{"@type":"Person","name":"FSF, SSP, SUD","description":"","url":"https:\/\/sud-vd.ch\/","telephone":"","email":"","sameAs":"https:\/\/sud-vd.ch\/"},"global_id":"sud.svmep.ch\/svmep?id=1687","global_id_lineage":["sud.svmep.ch\/svmep?id=1687"]}],"custom_fields":[],"json_ld":{"@context":"http:\/\/schema.org","@type":"Event","name":"Assembl\u00e9e g\u00e9n\u00e9rale des personnels du service public et parapublic vaudois","description":"&lt;p&gt;La lutte paie : elle doit continuer ! Manifestation du 18 novembre 2025, Lausanne Pluriannuel, le plan de casse des services publics actuellement \u00e0 l\u2019\u0153uvre doit continuer d\u2019\u00eatre combattu ! [&hellip;]&lt;\/p&gt;\\n","url":"https:\/\/sud.svmep.ch\/svmep\/event\/assemblee-generale-des-personnels-du-service-public-et-parapublic-vaudois\/","eventAttendanceMode":"https:\/\/schema.org\/OfflineEventAttendanceMode","eventStatus":"https:\/\/schema.org\/EventScheduled","startDate":"2026-01-06T18:30:00+01:00","endDate":"2026-01-06T18:30:00+01:00","location":{"@type":"Place","name":"Aula du Coll\u00e8ge de B\u00e9thusy","description":"","url":"","address":{"@type":"PostalAddress","streetAddress":"Avenue de B\u00e9thusy 7","addressLocality":"Lausanne"},"telephone":"","sameAs":""},"organizer":{"@type":"Person","name":"FSF, SSP, SUD","description":"","url":"https:\/\/sud-vd.ch\/","telephone":"","email":"","sameAs":"https:\/\/sud-vd.ch\/"},"performer":"Organization"}}