{"id":1085,"date":"2024-09-19T21:41:26","date_gmt":"2024-09-19T20:41:26","guid":{"rendered":"http:\/\/sud.svmep.ch\/?p=1085"},"modified":"2025-05-13T23:04:25","modified_gmt":"2025-05-13T22:04:25","slug":"reformes-des-formations-commerciales-premier-bilan","status":"publish","type":"post","link":"https:\/\/sud.svmep.ch\/svmep\/reformes-des-formations-commerciales-premier-bilan\/","title":{"rendered":"R\u00e9formes des formations commerciales : premier bilan et r\u00e9solution vot\u00e9e"},"content":{"rendered":"<div class=\"wp-block-post-date\"><time datetime=\"2024-09-19T21:41:26+02:00\">19 septembre 2024<\/time><\/div>\n\n\n<p><strong>Assembl\u00e9e des enseignant.e.s des classes de formations commerciales (\u00e9coles professionnelles et gymnases vaudois)<\/strong><\/p>\n\n\n\n<p>Ch\u00e8res et chers coll\u00e8gues et camarades membres des syndicats de SUD-\u00c9ducation (AVMG, SVES, SVMEP),<\/p>\n<p>Les comit\u00e9s de nos trois organisations sont r\u00e9guli\u00e8rement sollicit\u00e9s par les coll\u00e8gues qui enseignent dans les fili\u00e8res commerciales, en \u00e9cole professionnelle ou au gymnase. Que ce soit pour les enseignements qui conduisent aux CFC de la vente et du commerce, ou \u00e0 la Maturit\u00e9 professionnelle commerciale, les r\u00e9formes \u00ab Vente 2022 \u00bb et \u00ab Commerce 2023 \u00bb concernent en effet bon nombre d\u2019entre nous. Ceci tant pour la formation dispens\u00e9e dans les \u00e9coles professionnelles commerciales que dans la fili\u00e8re \u00c9cole de commerce des gymnases vaudois.<\/p>\n<p>Ces r\u00e9formes constituent une <a href=\"https:\/\/sud.svmep.ch\/svmep\/category\/reformes-des-formations-commerciales\/\" target=\"_blank\" rel=\"noopener\">v\u00e9ritable r\u00e9gression dans la formation professionnelle initiale en Suisse<\/a>. Par exemple, l\u2019enseignement par comp\u00e9tences \u00ab op\u00e9rationnelles \u00bb fait voler en \u00e9clat la notion m\u00eame de savoir disciplinaire et attaque le processus de construction intellectuelle.<\/p>\n<p><a href=\"https:\/\/sud.svmep.ch\/svmep\/gazette-svmep-reforme-cfc-afp-de-vente-apprenti-e-s-enseignant-e-s-tourmente\/\" target=\"_blank\" rel=\"noopener\">Comme expliqu\u00e9 dans une Gazette du SVMEP<\/a>, ceci a des cons\u00e9quences tr\u00e8s importantes, dommageables et parfois dramatiques pour les apprenti.e.s, les \u00e9l\u00e8ves et le corps enseignant des \u00e9coles \u00e0 plein temps ou en syst\u00e8me dual.<\/p>\n<p>Il est temps de poser un bilan interm\u00e9diaire. En effet :<\/p>\n<ul>\n<li>Quid du travail suppl\u00e9mentaire demand\u00e9 au corps enseignant par les directions d\u2019\u00e9cole pour pr\u00e9parer les nouveaux cursus des m\u00e9tiers du commerce et de la vente ? Il a surmen\u00e9 de nombreuses et nombreux coll\u00e8gues pour ce qui est des deux premi\u00e8res ann\u00e9es ;<\/li>\n<li>O\u00f9 est pass\u00e9e la libert\u00e9 p\u00e9dagogique ? Nous en avons constat\u00e9 un recul important et inqui\u00e9tant autant dans les \u00e9coles de commerce que dans les \u00e9coles professionnelles ;<\/li>\n<li>Qu\u2019en est-il des moyens mis \u00e0 disposition par la DGEP pour compenser la perte de contenus et la dissolution de savoirs li\u00e9es \u00e0 l&rsquo;imposition de l&rsquo;enseignement par comp\u00e9tences op\u00e9rationnelles ?<\/li>\n<\/ul>\n<p>Les comit\u00e9s de l\u2019AVMG, du SVES et du SVMEP vous invitent \u00e0 une r\u00e9union ouverte aux membres enseignant tant dans les \u00e9coles professionnelles commerciales que dans les \u00e9coles de commerce des gymnases pour d\u00e9battre ensemble des probl\u00e8mes, des enjeux et des moyens d\u2019actions le<\/p>\n<p style=\"text-align: center;\"><span style=\"color: #ff0000;\"><strong>jeudi 3 octobre 2024, \u00e0 18h30<\/strong><\/span><br \/><span style=\"color: #ff0000;\"><strong>\u00e0 la salle Jean-Jaur\u00e8s de la Maison du peuple, <\/strong><\/span><span style=\"color: #ff0000;\"><strong>Place Chauderon 5, Lausanne<\/strong> <\/span>\u00a0<\/p>\n<p>Apr\u00e8s une br\u00e8ve introduction par les comit\u00e9s, la parole sera donn\u00e9e \u00e0 la salle pour un tour de table. Dans un deuxi\u00e8me temps, nous t\u00e2cherons de faire collectivement la synth\u00e8se des observations, revendications et moyens d\u2019action que nous retenons.<\/p>\n<p>Pour des raisons d\u2019organisation, nous vous remercions de vous inscrire pour cette soir\u00e9e aupr\u00e8s de : info[at]sves-vd.ch<\/p>\n<p>Meilleures salutations syndicales.<\/p>\n<p>Fran\u00e7oise Emmanuelle Nicolet, pr\u00e9sidente de l&rsquo;AVMG-SUD\u00a0<br \/>Jos\u00e9 Daniel Pernas, pr\u00e9sident du SVMEP-SUD\u00a0 \u00a0 \u00a0 \u00a0<br \/>Gilles Pierrehumbert, pr\u00e9sident du SVES-SUD<\/p>\n<h5>Mise \u00e0 jour : r\u00e9solution adopt\u00e9e par l&rsquo;assembl\u00e9e, \u00e0 t\u00e9l\u00e9charger ci-dessous<\/h5>\n\n\n\n<div data-wp-interactive=\"core\/file\" class=\"wp-block-file\"><object data-wp-bind--hidden=\"!state.hasPdfPreview\" hidden class=\"wp-block-file__embed\" data=\"https:\/\/sud.svmep.ch\/svmep\/wp-content\/uploads\/2024\/09\/2024-10-03_resolution_votee2.pdf\" type=\"application\/pdf\" style=\"width:100%;height:600px\" aria-label=\"Contenu embarqu\u00e9 2024-10-03_re\u0301solution_vote\u0301e2.\"><\/object><a id=\"wp-block-file--media-7627cba1-d620-4590-b777-276d80fd5405\" href=\"https:\/\/sud.svmep.ch\/svmep\/wp-content\/uploads\/2024\/09\/2024-10-03_resolution_votee2.pdf\" target=\"_blank\" rel=\"noreferrer noopener\">2024-10-03_re\u0301solution_vote\u0301e2<\/a><a href=\"https:\/\/sud.svmep.ch\/svmep\/wp-content\/uploads\/2024\/09\/2024-10-03_resolution_votee2.pdf\" class=\"wp-block-file__button wp-element-button\" download aria-describedby=\"wp-block-file--media-7627cba1-d620-4590-b777-276d80fd5405\">T\u00e9l\u00e9charger<\/a><\/div>\n","protected":false},"excerpt":{"rendered":"<p>19 septembre 2024 Assembl\u00e9e des enseignant.e.s des classes de formations commerciales (\u00e9coles professionnelles et gymnases vaudois) Ch\u00e8res et chers coll\u00e8gues et camarades membres des syndicats de SUD-\u00c9ducation (AVMG, SVES, SVMEP), [&hellip;]<\/p>\n","protected":false},"author":4,"featured_media":1087,"comment_status":"closed","ping_status":"closed","sticky":false,"template":"","format":"standard","meta":{"footnotes":""},"categories":[23,5],"tags":[45],"class_list":["post-1085","post","type-post","status-publish","format-standard","has-post-thumbnail","hentry","category-reformes-des-formations-commerciales","category-sud-education","tag-enseignement"],"yoast_head":"<!-- This site is optimized with the Yoast SEO plugin v27.4 - https:\/\/yoast.com\/product\/yoast-seo-wordpress\/ -->\n<title>R\u00e9formes des formations commerciales : premier bilan et r\u00e9solution vot\u00e9e - svmep.ch<\/title>\n<meta name=\"description\" content=\"R\u00e9formes des formations commerciales (CFC gestionnaire du commerce de d\u00e9tail et employ\u00e9 de commerce et maturit\u00e9 professionnelle commerciale).\" \/>\n<meta name=\"robots\" content=\"index, follow, max-snippet:-1, max-image-preview:large, max-video-preview:-1\" \/>\n<link rel=\"canonical\" href=\"https:\/\/sud.svmep.ch\/svmep\/reformes-des-formations-commerciales-premier-bilan\/\" \/>\n<meta property=\"og:locale\" content=\"fr_FR\" \/>\n<meta property=\"og:type\" content=\"article\" \/>\n<meta property=\"og:title\" content=\"R\u00e9formes des formations commerciales : premier bilan et r\u00e9solution vot\u00e9e - svmep.ch\" \/>\n<meta property=\"og:description\" content=\"R\u00e9formes des formations commerciales (CFC gestionnaire du commerce de d\u00e9tail et employ\u00e9 de commerce et maturit\u00e9 professionnelle commerciale).\" \/>\n<meta property=\"og:url\" content=\"https:\/\/sud.svmep.ch\/svmep\/reformes-des-formations-commerciales-premier-bilan\/\" \/>\n<meta property=\"og:site_name\" content=\"svmep.ch\" \/>\n<meta property=\"article:published_time\" content=\"2024-09-19T20:41:26+00:00\" \/>\n<meta property=\"article:modified_time\" content=\"2025-05-13T22:04:25+00:00\" \/>\n<meta property=\"og:image\" content=\"https:\/\/sud.svmep.ch\/svmep\/wp-content\/uploads\/2024\/09\/taylor_nb.png\" \/>\n\t<meta property=\"og:image:width\" content=\"245\" \/>\n\t<meta property=\"og:image:height\" content=\"184\" \/>\n\t<meta property=\"og:image:type\" content=\"image\/png\" \/>\n<meta name=\"author\" content=\"svmep-webmaster\" \/>\n<meta name=\"twitter:card\" content=\"summary_large_image\" \/>\n<script type=\"application\/ld+json\" class=\"yoast-schema-graph\">{\"@context\":\"https:\\\/\\\/schema.org\",\"@graph\":[{\"@type\":\"Article\",\"@id\":\"https:\\\/\\\/sud.svmep.ch\\\/svmep\\\/reformes-des-formations-commerciales-premier-bilan\\\/#article\",\"isPartOf\":{\"@id\":\"https:\\\/\\\/sud.svmep.ch\\\/svmep\\\/reformes-des-formations-commerciales-premier-bilan\\\/\"},\"author\":{\"name\":\"svmep-webmaster\",\"@id\":\"https:\\\/\\\/sud.svmep.ch\\\/svmep\\\/#\\\/schema\\\/person\\\/c89c46f48a039b5e5bc4a8eeeab1aece\"},\"headline\":\"R\u00e9formes des formations commerciales : premier bilan et r\u00e9solution vot\u00e9e\",\"datePublished\":\"2024-09-19T20:41:26+00:00\",\"dateModified\":\"2025-05-13T22:04:25+00:00\",\"mainEntityOfPage\":{\"@id\":\"https:\\\/\\\/sud.svmep.ch\\\/svmep\\\/reformes-des-formations-commerciales-premier-bilan\\\/\"},\"wordCount\":513,\"publisher\":{\"@id\":\"https:\\\/\\\/sud.svmep.ch\\\/svmep\\\/#organization\"},\"image\":{\"@id\":\"https:\\\/\\\/sud.svmep.ch\\\/svmep\\\/reformes-des-formations-commerciales-premier-bilan\\\/#primaryimage\"},\"thumbnailUrl\":\"https:\\\/\\\/sud.svmep.ch\\\/svmep\\\/wp-content\\\/uploads\\\/2024\\\/09\\\/taylor_nb.png\",\"keywords\":[\"enseignement\"],\"articleSection\":[\"R\u00e9formes des formations commerciales\",\"SUD-\u00c9ducation\"],\"inLanguage\":\"fr-FR\"},{\"@type\":\"WebPage\",\"@id\":\"https:\\\/\\\/sud.svmep.ch\\\/svmep\\\/reformes-des-formations-commerciales-premier-bilan\\\/\",\"url\":\"https:\\\/\\\/sud.svmep.ch\\\/svmep\\\/reformes-des-formations-commerciales-premier-bilan\\\/\",\"name\":\"R\u00e9formes des formations commerciales : premier bilan et r\u00e9solution vot\u00e9e - svmep.ch\",\"isPartOf\":{\"@id\":\"https:\\\/\\\/sud.svmep.ch\\\/svmep\\\/#website\"},\"primaryImageOfPage\":{\"@id\":\"https:\\\/\\\/sud.svmep.ch\\\/svmep\\\/reformes-des-formations-commerciales-premier-bilan\\\/#primaryimage\"},\"image\":{\"@id\":\"https:\\\/\\\/sud.svmep.ch\\\/svmep\\\/reformes-des-formations-commerciales-premier-bilan\\\/#primaryimage\"},\"thumbnailUrl\":\"https:\\\/\\\/sud.svmep.ch\\\/svmep\\\/wp-content\\\/uploads\\\/2024\\\/09\\\/taylor_nb.png\",\"datePublished\":\"2024-09-19T20:41:26+00:00\",\"dateModified\":\"2025-05-13T22:04:25+00:00\",\"description\":\"R\u00e9formes des formations commerciales (CFC gestionnaire du commerce de d\u00e9tail et employ\u00e9 de commerce et maturit\u00e9 professionnelle commerciale).\",\"breadcrumb\":{\"@id\":\"https:\\\/\\\/sud.svmep.ch\\\/svmep\\\/reformes-des-formations-commerciales-premier-bilan\\\/#breadcrumb\"},\"inLanguage\":\"fr-FR\",\"potentialAction\":[{\"@type\":\"ReadAction\",\"target\":[\"https:\\\/\\\/sud.svmep.ch\\\/svmep\\\/reformes-des-formations-commerciales-premier-bilan\\\/\"]}]},{\"@type\":\"ImageObject\",\"inLanguage\":\"fr-FR\",\"@id\":\"https:\\\/\\\/sud.svmep.ch\\\/svmep\\\/reformes-des-formations-commerciales-premier-bilan\\\/#primaryimage\",\"url\":\"https:\\\/\\\/sud.svmep.ch\\\/svmep\\\/wp-content\\\/uploads\\\/2024\\\/09\\\/taylor_nb.png\",\"contentUrl\":\"https:\\\/\\\/sud.svmep.ch\\\/svmep\\\/wp-content\\\/uploads\\\/2024\\\/09\\\/taylor_nb.png\",\"width\":245,\"height\":184},{\"@type\":\"BreadcrumbList\",\"@id\":\"https:\\\/\\\/sud.svmep.ch\\\/svmep\\\/reformes-des-formations-commerciales-premier-bilan\\\/#breadcrumb\",\"itemListElement\":[{\"@type\":\"ListItem\",\"position\":1,\"name\":\"Accueil\",\"item\":\"https:\\\/\\\/sud.svmep.ch\\\/svmep\\\/\"},{\"@type\":\"ListItem\",\"position\":2,\"name\":\"R\u00e9formes des formations commerciales\",\"item\":\"https:\\\/\\\/sud.svmep.ch\\\/svmep\\\/category\\\/reformes-des-formations-commerciales\\\/\"},{\"@type\":\"ListItem\",\"position\":3,\"name\":\"R\u00e9formes des formations commerciales : premier bilan et r\u00e9solution vot\u00e9e\"}]},{\"@type\":\"WebSite\",\"@id\":\"https:\\\/\\\/sud.svmep.ch\\\/svmep\\\/#website\",\"url\":\"https:\\\/\\\/sud.svmep.ch\\\/svmep\\\/\",\"name\":\"Syndicat vaudois des ma\u00eetres.ses de l'enseignement professionnel\",\"description\":\"\",\"publisher\":{\"@id\":\"https:\\\/\\\/sud.svmep.ch\\\/svmep\\\/#organization\"},\"alternateName\":\"SVMEP\",\"potentialAction\":[{\"@type\":\"SearchAction\",\"target\":{\"@type\":\"EntryPoint\",\"urlTemplate\":\"https:\\\/\\\/sud.svmep.ch\\\/svmep\\\/?s={search_term_string}\"},\"query-input\":{\"@type\":\"PropertyValueSpecification\",\"valueRequired\":true,\"valueName\":\"search_term_string\"}}],\"inLanguage\":\"fr-FR\"},{\"@type\":\"Organization\",\"@id\":\"https:\\\/\\\/sud.svmep.ch\\\/svmep\\\/#organization\",\"name\":\"Syndicat vaudois des ma\u00eetres.ses de l'enseignement professionnel SVMEP\",\"alternateName\":\"SVMEP\",\"url\":\"https:\\\/\\\/sud.svmep.ch\\\/svmep\\\/\",\"logo\":{\"@type\":\"ImageObject\",\"inLanguage\":\"fr-FR\",\"@id\":\"https:\\\/\\\/sud.svmep.ch\\\/svmep\\\/#\\\/schema\\\/logo\\\/image\\\/\",\"url\":\"https:\\\/\\\/sud.svmep.ch\\\/svmep\\\/wp-content\\\/uploads\\\/2024\\\/09\\\/svmep150x260.jpg\",\"contentUrl\":\"https:\\\/\\\/sud.svmep.ch\\\/svmep\\\/wp-content\\\/uploads\\\/2024\\\/09\\\/svmep150x260.jpg\",\"width\":226,\"height\":127,\"caption\":\"Syndicat vaudois des ma\u00eetres.ses de l'enseignement professionnel SVMEP\"},\"image\":{\"@id\":\"https:\\\/\\\/sud.svmep.ch\\\/svmep\\\/#\\\/schema\\\/logo\\\/image\\\/\"}},{\"@type\":\"Person\",\"@id\":\"https:\\\/\\\/sud.svmep.ch\\\/svmep\\\/#\\\/schema\\\/person\\\/c89c46f48a039b5e5bc4a8eeeab1aece\",\"name\":\"svmep-webmaster\",\"image\":{\"@type\":\"ImageObject\",\"inLanguage\":\"fr-FR\",\"@id\":\"https:\\\/\\\/secure.gravatar.com\\\/avatar\\\/75b5925b5ca4f3df48f6bb05f81ad13dab8238efffb28bf26c5f1682dff96ea6?s=96&d=mm&r=g\",\"url\":\"https:\\\/\\\/secure.gravatar.com\\\/avatar\\\/75b5925b5ca4f3df48f6bb05f81ad13dab8238efffb28bf26c5f1682dff96ea6?s=96&d=mm&r=g\",\"contentUrl\":\"https:\\\/\\\/secure.gravatar.com\\\/avatar\\\/75b5925b5ca4f3df48f6bb05f81ad13dab8238efffb28bf26c5f1682dff96ea6?s=96&d=mm&r=g\",\"caption\":\"svmep-webmaster\"}}]}<\/script>\n<!-- \/ Yoast SEO plugin. -->","yoast_head_json":{"title":"R\u00e9formes des formations commerciales : premier bilan et r\u00e9solution vot\u00e9e - svmep.ch","description":"R\u00e9formes des formations commerciales (CFC gestionnaire du commerce de d\u00e9tail et employ\u00e9 de commerce et maturit\u00e9 professionnelle commerciale).","robots":{"index":"index","follow":"follow","max-snippet":"max-snippet:-1","max-image-preview":"max-image-preview:large","max-video-preview":"max-video-preview:-1"},"canonical":"https:\/\/sud.svmep.ch\/svmep\/reformes-des-formations-commerciales-premier-bilan\/","og_locale":"fr_FR","og_type":"article","og_title":"R\u00e9formes des formations commerciales : premier bilan et r\u00e9solution vot\u00e9e - svmep.ch","og_description":"R\u00e9formes des formations commerciales (CFC gestionnaire du commerce de d\u00e9tail et employ\u00e9 de commerce et maturit\u00e9 professionnelle commerciale).","og_url":"https:\/\/sud.svmep.ch\/svmep\/reformes-des-formations-commerciales-premier-bilan\/","og_site_name":"svmep.ch","article_published_time":"2024-09-19T20:41:26+00:00","article_modified_time":"2025-05-13T22:04:25+00:00","og_image":[{"width":245,"height":184,"url":"https:\/\/sud.svmep.ch\/svmep\/wp-content\/uploads\/2024\/09\/taylor_nb.png","type":"image\/png"}],"author":"svmep-webmaster","twitter_card":"summary_large_image","schema":{"@context":"https:\/\/schema.org","@graph":[{"@type":"Article","@id":"https:\/\/sud.svmep.ch\/svmep\/reformes-des-formations-commerciales-premier-bilan\/#article","isPartOf":{"@id":"https:\/\/sud.svmep.ch\/svmep\/reformes-des-formations-commerciales-premier-bilan\/"},"author":{"name":"svmep-webmaster","@id":"https:\/\/sud.svmep.ch\/svmep\/#\/schema\/person\/c89c46f48a039b5e5bc4a8eeeab1aece"},"headline":"R\u00e9formes des formations commerciales : premier bilan et r\u00e9solution vot\u00e9e","datePublished":"2024-09-19T20:41:26+00:00","dateModified":"2025-05-13T22:04:25+00:00","mainEntityOfPage":{"@id":"https:\/\/sud.svmep.ch\/svmep\/reformes-des-formations-commerciales-premier-bilan\/"},"wordCount":513,"publisher":{"@id":"https:\/\/sud.svmep.ch\/svmep\/#organization"},"image":{"@id":"https:\/\/sud.svmep.ch\/svmep\/reformes-des-formations-commerciales-premier-bilan\/#primaryimage"},"thumbnailUrl":"https:\/\/sud.svmep.ch\/svmep\/wp-content\/uploads\/2024\/09\/taylor_nb.png","keywords":["enseignement"],"articleSection":["R\u00e9formes des formations commerciales","SUD-\u00c9ducation"],"inLanguage":"fr-FR"},{"@type":"WebPage","@id":"https:\/\/sud.svmep.ch\/svmep\/reformes-des-formations-commerciales-premier-bilan\/","url":"https:\/\/sud.svmep.ch\/svmep\/reformes-des-formations-commerciales-premier-bilan\/","name":"R\u00e9formes des formations commerciales : premier bilan et r\u00e9solution vot\u00e9e - svmep.ch","isPartOf":{"@id":"https:\/\/sud.svmep.ch\/svmep\/#website"},"primaryImageOfPage":{"@id":"https:\/\/sud.svmep.ch\/svmep\/reformes-des-formations-commerciales-premier-bilan\/#primaryimage"},"image":{"@id":"https:\/\/sud.svmep.ch\/svmep\/reformes-des-formations-commerciales-premier-bilan\/#primaryimage"},"thumbnailUrl":"https:\/\/sud.svmep.ch\/svmep\/wp-content\/uploads\/2024\/09\/taylor_nb.png","datePublished":"2024-09-19T20:41:26+00:00","dateModified":"2025-05-13T22:04:25+00:00","description":"R\u00e9formes des formations commerciales (CFC gestionnaire du commerce de d\u00e9tail et employ\u00e9 de commerce et maturit\u00e9 professionnelle commerciale).","breadcrumb":{"@id":"https:\/\/sud.svmep.ch\/svmep\/reformes-des-formations-commerciales-premier-bilan\/#breadcrumb"},"inLanguage":"fr-FR","potentialAction":[{"@type":"ReadAction","target":["https:\/\/sud.svmep.ch\/svmep\/reformes-des-formations-commerciales-premier-bilan\/"]}]},{"@type":"ImageObject","inLanguage":"fr-FR","@id":"https:\/\/sud.svmep.ch\/svmep\/reformes-des-formations-commerciales-premier-bilan\/#primaryimage","url":"https:\/\/sud.svmep.ch\/svmep\/wp-content\/uploads\/2024\/09\/taylor_nb.png","contentUrl":"https:\/\/sud.svmep.ch\/svmep\/wp-content\/uploads\/2024\/09\/taylor_nb.png","width":245,"height":184},{"@type":"BreadcrumbList","@id":"https:\/\/sud.svmep.ch\/svmep\/reformes-des-formations-commerciales-premier-bilan\/#breadcrumb","itemListElement":[{"@type":"ListItem","position":1,"name":"Accueil","item":"https:\/\/sud.svmep.ch\/svmep\/"},{"@type":"ListItem","position":2,"name":"R\u00e9formes des formations commerciales","item":"https:\/\/sud.svmep.ch\/svmep\/category\/reformes-des-formations-commerciales\/"},{"@type":"ListItem","position":3,"name":"R\u00e9formes des formations commerciales : premier bilan et r\u00e9solution vot\u00e9e"}]},{"@type":"WebSite","@id":"https:\/\/sud.svmep.ch\/svmep\/#website","url":"https:\/\/sud.svmep.ch\/svmep\/","name":"Syndicat vaudois des ma\u00eetres.ses de l'enseignement professionnel","description":"","publisher":{"@id":"https:\/\/sud.svmep.ch\/svmep\/#organization"},"alternateName":"SVMEP","potentialAction":[{"@type":"SearchAction","target":{"@type":"EntryPoint","urlTemplate":"https:\/\/sud.svmep.ch\/svmep\/?s={search_term_string}"},"query-input":{"@type":"PropertyValueSpecification","valueRequired":true,"valueName":"search_term_string"}}],"inLanguage":"fr-FR"},{"@type":"Organization","@id":"https:\/\/sud.svmep.ch\/svmep\/#organization","name":"Syndicat vaudois des ma\u00eetres.ses de l'enseignement professionnel SVMEP","alternateName":"SVMEP","url":"https:\/\/sud.svmep.ch\/svmep\/","logo":{"@type":"ImageObject","inLanguage":"fr-FR","@id":"https:\/\/sud.svmep.ch\/svmep\/#\/schema\/logo\/image\/","url":"https:\/\/sud.svmep.ch\/svmep\/wp-content\/uploads\/2024\/09\/svmep150x260.jpg","contentUrl":"https:\/\/sud.svmep.ch\/svmep\/wp-content\/uploads\/2024\/09\/svmep150x260.jpg","width":226,"height":127,"caption":"Syndicat vaudois des ma\u00eetres.ses de l'enseignement professionnel SVMEP"},"image":{"@id":"https:\/\/sud.svmep.ch\/svmep\/#\/schema\/logo\/image\/"}},{"@type":"Person","@id":"https:\/\/sud.svmep.ch\/svmep\/#\/schema\/person\/c89c46f48a039b5e5bc4a8eeeab1aece","name":"svmep-webmaster","image":{"@type":"ImageObject","inLanguage":"fr-FR","@id":"https:\/\/secure.gravatar.com\/avatar\/75b5925b5ca4f3df48f6bb05f81ad13dab8238efffb28bf26c5f1682dff96ea6?s=96&d=mm&r=g","url":"https:\/\/secure.gravatar.com\/avatar\/75b5925b5ca4f3df48f6bb05f81ad13dab8238efffb28bf26c5f1682dff96ea6?s=96&d=mm&r=g","contentUrl":"https:\/\/secure.gravatar.com\/avatar\/75b5925b5ca4f3df48f6bb05f81ad13dab8238efffb28bf26c5f1682dff96ea6?s=96&d=mm&r=g","caption":"svmep-webmaster"}}]}},"_links":{"self":[{"href":"https:\/\/sud.svmep.ch\/svmep\/wp-json\/wp\/v2\/posts\/1085","targetHints":{"allow":["GET"]}}],"collection":[{"href":"https:\/\/sud.svmep.ch\/svmep\/wp-json\/wp\/v2\/posts"}],"about":[{"href":"https:\/\/sud.svmep.ch\/svmep\/wp-json\/wp\/v2\/types\/post"}],"author":[{"embeddable":true,"href":"https:\/\/sud.svmep.ch\/svmep\/wp-json\/wp\/v2\/users\/4"}],"replies":[{"embeddable":true,"href":"https:\/\/sud.svmep.ch\/svmep\/wp-json\/wp\/v2\/comments?post=1085"}],"version-history":[{"count":0,"href":"https:\/\/sud.svmep.ch\/svmep\/wp-json\/wp\/v2\/posts\/1085\/revisions"}],"wp:featuredmedia":[{"embeddable":true,"href":"https:\/\/sud.svmep.ch\/svmep\/wp-json\/wp\/v2\/media\/1087"}],"wp:attachment":[{"href":"https:\/\/sud.svmep.ch\/svmep\/wp-json\/wp\/v2\/media?parent=1085"}],"wp:term":[{"taxonomy":"category","embeddable":true,"href":"https:\/\/sud.svmep.ch\/svmep\/wp-json\/wp\/v2\/categories?post=1085"},{"taxonomy":"post_tag","embeddable":true,"href":"https:\/\/sud.svmep.ch\/svmep\/wp-json\/wp\/v2\/tags?post=1085"}],"curies":[{"name":"wp","href":"https:\/\/api.w.org\/{rel}","templated":true}]}}