{"id":1094,"date":"2024-06-17T10:04:00","date_gmt":"2024-06-17T09:04:00","guid":{"rendered":"http:\/\/sud.svmep.ch\/?p=1094"},"modified":"2025-02-19T09:57:23","modified_gmt":"2025-02-19T08:57:23","slug":"dysfonctionnements-dans-les-ecoles-professionnelles","status":"publish","type":"post","link":"https:\/\/sud.svmep.ch\/svmep\/dysfonctionnements-dans-les-ecoles-professionnelles\/","title":{"rendered":"Graves dysfonctionnements dans les \u00e9coles professionnelles vaudoises : action devant le DEF"},"content":{"rendered":"<div class=\"wp-block-post-date\"><time datetime=\"2024-06-17T10:04:00+02:00\">17 juin 2024<\/time><\/div>\n\n\n<div class=\"\">Durant cette ann\u00e9e scolaire, le SVMEP a publi\u00e9 trois gazettes afin d&rsquo;exposer les crises s\u00e9rieuses qui s\u00e9vissent dans des \u00e9coles professionnelles vaudoises, provoqu\u00e9es par la gestion des directions : <a href=\"https:\/\/sud.svmep.ch\/svmep\/eracom-ecole-huis-clos-climat-de-peur-grave-laisser-faire-departement\/\" target=\"_blank\" rel=\"noopener\">Eracom<\/a>, <a href=\"https:\/\/sud.svmep.ch\/svmep\/lepcl-une-ecole-a-la-derive\/\" target=\"_blank\" rel=\"noopener\">EPCL<\/a>, CPNV-EPCB. D&rsquo;autres \u00e9tablissements se trouvent dans une situation similaire et appellent une intervention syndicale. <b class=\"\">La situation est tr\u00e8s inqui\u00e9tante : qu&rsquo;est-il en train de se passer dans notre secteur de formation ?<\/b><\/div>\n<div class=\"\">&nbsp;<\/div>\n<div class=\"\"><b class=\"\">Dans le courrier que vous trouverez ci-dessous<\/b>, nous livrons notre analyse de la situation et vous appelons \u00e0 r\u00e9agir collectivement. Nous vous proposons, en cette fin d\u2019ann\u00e9e scolaire,&nbsp;une&nbsp;<b class=\"\">action qui&nbsp;d\u00e9nonce une syst\u00e9maticit\u00e9 des probl\u00e8mes<\/b>&nbsp;et qui vise \u00e0 provoquer une intervention&nbsp;de protection, v\u00e9ritablement responsable, du d\u00e9partement, pour les&nbsp;enseignant.e.s.&nbsp;Cette action aura lieu<\/div>\n<div class=\"\"><br class=\"\">\n<h5 style=\"text-align: center;\">mardi 25 juin \u00e0 18h, devant le DEF, \u00e0 la rue de la Barre 8, \u00e0 Lausanne<\/h5>\n<\/div>\n\n\n\n<div class=\"wp-block-media-text is-stacked-on-mobile\" style=\"grid-template-columns:33% auto\"><figure class=\"wp-block-media-text__media\"><img loading=\"lazy\" decoding=\"async\" width=\"212\" height=\"300\" src=\"https:\/\/sud.svmep.ch\/svmep\/wp-content\/uploads\/2024\/11\/00_couv-212x300.jpg\" alt=\"\" class=\"wp-image-1666 size-medium\" srcset=\"https:\/\/sud.svmep.ch\/svmep\/wp-content\/uploads\/2024\/11\/00_couv-212x300.jpg 212w, https:\/\/sud.svmep.ch\/svmep\/wp-content\/uploads\/2024\/11\/00_couv.jpg 595w\" sizes=\"auto, (max-width: 212px) 100vw, 212px\" \/><\/figure><div class=\"wp-block-media-text__content\">\n<p>\u00c0 cette&nbsp;occasion, nous pr\u00e9senterons :<\/p>\n\n\n\n<ul class=\"wp-block-list\">\n<li>des t\u00e9moignages directs&nbsp;d\u2019enseignant.e.s<\/li>\n\n\n\n<li>des pancartes de dol\u00e9ances,&nbsp;\u00e9cole par \u00e9cole, o\u00f9 l\u2019on peut \u00e9crire synth\u00e9tiquement des situations concr\u00e8tes<\/li>\n\n\n\n<li>un \u00ab Cahier de devoirs\u00bb,&nbsp;que nous remettrons au Chef de d\u00e9partement.<\/li>\n<\/ul>\n\n\n\n<p><strong>Nous&nbsp;vous attendons en nombre pour cette action, de priorit\u00e9 absolue ! Venez&nbsp;dire stop&nbsp;aux dysfonctionnements de votre \u00e9cole ou venez montrer votre&nbsp;solidarit\u00e9 aux&nbsp;coll\u00e8gues qui sont en souffrance !<\/strong><br><\/p>\n\n\n\n<p>Le comit\u00e9 du SVMEP<\/p>\n<\/div><\/div>\n\n\n\n<div class=\"wp-block-media-text has-media-on-the-right\" style=\"grid-template-columns:auto 15%\"><div class=\"wp-block-media-text__content\">\n<h6 style=\"text-align: right;\">Mise \u00e0 jour : la presse en parle<\/h6>\n<p style=\"text-align: right;\"><a href=\"https:\/\/lecourrier.ch\/2024\/06\/26\/les-profs-ne-decolerent-pas\/\" target=\"_blank\" rel=\"noreferrer noopener\"><em>Les profs ne d\u00e9col\u00e8rent pas<\/em><\/a>, Le Courrier<br \/><a href=\"https:\/\/www.20min.ch\/fr\/story\/ecoles-professionnelles-vaudoises-les-profs-en-ont-marre-daller-travailler-la-boule-au-ventre-103135393\" target=\"_blank\" rel=\"noreferrer noopener\"><em>Les profs en ont marre d&rsquo;aller travailler \u00abla boule au ventre\u00bb<\/em><\/a>, 20 minutes<\/p>\n<\/div><figure class=\"wp-block-media-text__media\"><img loading=\"lazy\" decoding=\"async\" width=\"150\" height=\"150\" src=\"https:\/\/sud.svmep.ch\/svmep\/wp-content\/uploads\/2024\/09\/microphone_small-150x150.png\" alt=\"\" class=\"wp-image-1146 size-thumbnail\"\/><\/figure><\/div>\n\n\n\n<div data-wp-interactive=\"core\/file\" class=\"wp-block-file\"><object data-wp-bind--hidden=\"!state.hasPdfPreview\" hidden class=\"wp-block-file__embed\" data=\"https:\/\/sud.svmep.ch\/svmep\/wp-content\/uploads\/2024\/09\/2024-06-17_courrier_membres.pdf\" type=\"application\/pdf\" style=\"width:100%;height:600px\" aria-label=\"Contenu embarqu\u00e9 Stop au caporalisme dans les \u00e9coles professionnelles vaudoises.\"><\/object><a id=\"wp-block-file--media-6bf48a07-b2c1-467f-b220-4639a85a1e19\" href=\"https:\/\/sud.svmep.ch\/svmep\/wp-content\/uploads\/2024\/09\/2024-06-17_courrier_membres.pdf\" target=\"_blank\" rel=\"noreferrer noopener\">Stop au caporalisme dans les \u00e9coles professionnelles vaudoises<\/a><a href=\"https:\/\/sud.svmep.ch\/svmep\/wp-content\/uploads\/2024\/09\/2024-06-17_courrier_membres.pdf\" class=\"wp-block-file__button wp-element-button\" download aria-describedby=\"wp-block-file--media-6bf48a07-b2c1-467f-b220-4639a85a1e19\">T\u00e9l\u00e9charger<\/a><\/div>\n","protected":false},"excerpt":{"rendered":"<p>17 juin 2024 Durant cette ann\u00e9e scolaire, le SVMEP a publi\u00e9 trois gazettes afin d&rsquo;exposer les crises s\u00e9rieuses qui s\u00e9vissent dans des \u00e9coles professionnelles vaudoises, provoqu\u00e9es par la gestion des [&hellip;]<\/p>\n","protected":false},"author":4,"featured_media":1562,"comment_status":"closed","ping_status":"closed","sticky":true,"template":"","format":"standard","meta":{"footnotes":""},"categories":[21],"tags":[37,45,35,33,34,47,31],"class_list":["post-1094","post","type-post","status-publish","format-standard","has-post-thumbnail","hentry","category-ecole-en-situation-de-crise","tag-cpnv","tag-enseignement","tag-epcl","tag-epsic","tag-eracom","tag-essante","tag-mobilisation"],"yoast_head":"<!-- This site is optimized with the Yoast SEO plugin v27.4 - https:\/\/yoast.com\/product\/yoast-seo-wordpress\/ -->\n<title>Graves dysfonctionnements dans les \u00e9coles professionnelles vaudoises : action devant le DEF - svmep.ch<\/title>\n<meta name=\"description\" content=\"Qu&#039;est-il en train de se passer dans les \u00e9coles professionnelles vaudoises ? Action du SVMEP pour d\u00e9noncer une syst\u00e9maticit\u00e9 des probl\u00e8mes.\" \/>\n<meta name=\"robots\" content=\"index, follow, max-snippet:-1, max-image-preview:large, max-video-preview:-1\" \/>\n<link rel=\"canonical\" href=\"https:\/\/sud.svmep.ch\/svmep\/dysfonctionnements-dans-les-ecoles-professionnelles\/\" \/>\n<meta property=\"og:locale\" content=\"fr_FR\" \/>\n<meta property=\"og:type\" content=\"article\" \/>\n<meta property=\"og:title\" content=\"Graves dysfonctionnements dans les \u00e9coles professionnelles vaudoises : action devant le DEF - svmep.ch\" \/>\n<meta property=\"og:description\" content=\"Qu&#039;est-il en train de se passer dans les \u00e9coles professionnelles vaudoises ? Action du SVMEP pour d\u00e9noncer une syst\u00e9maticit\u00e9 des probl\u00e8mes.\" \/>\n<meta property=\"og:url\" content=\"https:\/\/sud.svmep.ch\/svmep\/dysfonctionnements-dans-les-ecoles-professionnelles\/\" \/>\n<meta property=\"og:site_name\" content=\"svmep.ch\" \/>\n<meta property=\"article:published_time\" content=\"2024-06-17T09:04:00+00:00\" \/>\n<meta property=\"article:modified_time\" content=\"2025-02-19T08:57:23+00:00\" \/>\n<meta property=\"og:image\" content=\"https:\/\/sud.svmep.ch\/svmep\/wp-content\/uploads\/2024\/11\/sud_ballons.jpg\" \/>\n\t<meta property=\"og:image:width\" content=\"1476\" \/>\n\t<meta property=\"og:image:height\" content=\"984\" \/>\n\t<meta property=\"og:image:type\" content=\"image\/jpeg\" \/>\n<meta name=\"author\" content=\"svmep-webmaster\" \/>\n<meta name=\"twitter:card\" content=\"summary_large_image\" \/>\n<script type=\"application\/ld+json\" class=\"yoast-schema-graph\">{\"@context\":\"https:\\\/\\\/schema.org\",\"@graph\":[{\"@type\":\"Article\",\"@id\":\"https:\\\/\\\/sud.svmep.ch\\\/svmep\\\/dysfonctionnements-dans-les-ecoles-professionnelles\\\/#article\",\"isPartOf\":{\"@id\":\"https:\\\/\\\/sud.svmep.ch\\\/svmep\\\/dysfonctionnements-dans-les-ecoles-professionnelles\\\/\"},\"author\":{\"name\":\"svmep-webmaster\",\"@id\":\"https:\\\/\\\/sud.svmep.ch\\\/svmep\\\/#\\\/schema\\\/person\\\/c89c46f48a039b5e5bc4a8eeeab1aece\"},\"headline\":\"Graves dysfonctionnements dans les \u00e9coles professionnelles vaudoises : action devant le DEF\",\"datePublished\":\"2024-06-17T09:04:00+00:00\",\"dateModified\":\"2025-02-19T08:57:23+00:00\",\"mainEntityOfPage\":{\"@id\":\"https:\\\/\\\/sud.svmep.ch\\\/svmep\\\/dysfonctionnements-dans-les-ecoles-professionnelles\\\/\"},\"wordCount\":287,\"publisher\":{\"@id\":\"https:\\\/\\\/sud.svmep.ch\\\/svmep\\\/#organization\"},\"image\":{\"@id\":\"https:\\\/\\\/sud.svmep.ch\\\/svmep\\\/dysfonctionnements-dans-les-ecoles-professionnelles\\\/#primaryimage\"},\"thumbnailUrl\":\"https:\\\/\\\/sud.svmep.ch\\\/svmep\\\/wp-content\\\/uploads\\\/2024\\\/11\\\/sud_ballons.jpg\",\"keywords\":[\"cpnv\",\"enseignement\",\"epcl\",\"epsic\",\"eracom\",\"ESsant\u00e9\",\"mobilisation\"],\"articleSection\":[\"\u00c9coles en situation de crise\"],\"inLanguage\":\"fr-FR\"},{\"@type\":\"WebPage\",\"@id\":\"https:\\\/\\\/sud.svmep.ch\\\/svmep\\\/dysfonctionnements-dans-les-ecoles-professionnelles\\\/\",\"url\":\"https:\\\/\\\/sud.svmep.ch\\\/svmep\\\/dysfonctionnements-dans-les-ecoles-professionnelles\\\/\",\"name\":\"Graves dysfonctionnements dans les \u00e9coles professionnelles vaudoises : action devant le DEF - svmep.ch\",\"isPartOf\":{\"@id\":\"https:\\\/\\\/sud.svmep.ch\\\/svmep\\\/#website\"},\"primaryImageOfPage\":{\"@id\":\"https:\\\/\\\/sud.svmep.ch\\\/svmep\\\/dysfonctionnements-dans-les-ecoles-professionnelles\\\/#primaryimage\"},\"image\":{\"@id\":\"https:\\\/\\\/sud.svmep.ch\\\/svmep\\\/dysfonctionnements-dans-les-ecoles-professionnelles\\\/#primaryimage\"},\"thumbnailUrl\":\"https:\\\/\\\/sud.svmep.ch\\\/svmep\\\/wp-content\\\/uploads\\\/2024\\\/11\\\/sud_ballons.jpg\",\"datePublished\":\"2024-06-17T09:04:00+00:00\",\"dateModified\":\"2025-02-19T08:57:23+00:00\",\"description\":\"Qu'est-il en train de se passer dans les \u00e9coles professionnelles vaudoises ? Action du SVMEP pour d\u00e9noncer une syst\u00e9maticit\u00e9 des probl\u00e8mes.\",\"breadcrumb\":{\"@id\":\"https:\\\/\\\/sud.svmep.ch\\\/svmep\\\/dysfonctionnements-dans-les-ecoles-professionnelles\\\/#breadcrumb\"},\"inLanguage\":\"fr-FR\",\"potentialAction\":[{\"@type\":\"ReadAction\",\"target\":[\"https:\\\/\\\/sud.svmep.ch\\\/svmep\\\/dysfonctionnements-dans-les-ecoles-professionnelles\\\/\"]}]},{\"@type\":\"ImageObject\",\"inLanguage\":\"fr-FR\",\"@id\":\"https:\\\/\\\/sud.svmep.ch\\\/svmep\\\/dysfonctionnements-dans-les-ecoles-professionnelles\\\/#primaryimage\",\"url\":\"https:\\\/\\\/sud.svmep.ch\\\/svmep\\\/wp-content\\\/uploads\\\/2024\\\/11\\\/sud_ballons.jpg\",\"contentUrl\":\"https:\\\/\\\/sud.svmep.ch\\\/svmep\\\/wp-content\\\/uploads\\\/2024\\\/11\\\/sud_ballons.jpg\",\"width\":1476,\"height\":984},{\"@type\":\"BreadcrumbList\",\"@id\":\"https:\\\/\\\/sud.svmep.ch\\\/svmep\\\/dysfonctionnements-dans-les-ecoles-professionnelles\\\/#breadcrumb\",\"itemListElement\":[{\"@type\":\"ListItem\",\"position\":1,\"name\":\"Accueil\",\"item\":\"https:\\\/\\\/sud.svmep.ch\\\/svmep\\\/\"},{\"@type\":\"ListItem\",\"position\":2,\"name\":\"\u00c9coles en situation de crise\",\"item\":\"https:\\\/\\\/sud.svmep.ch\\\/svmep\\\/category\\\/ecole-en-situation-de-crise\\\/\"},{\"@type\":\"ListItem\",\"position\":3,\"name\":\"Graves dysfonctionnements dans les \u00e9coles professionnelles vaudoises : action devant le DEF\"}]},{\"@type\":\"WebSite\",\"@id\":\"https:\\\/\\\/sud.svmep.ch\\\/svmep\\\/#website\",\"url\":\"https:\\\/\\\/sud.svmep.ch\\\/svmep\\\/\",\"name\":\"Syndicat vaudois des ma\u00eetres.ses de l'enseignement professionnel\",\"description\":\"\",\"publisher\":{\"@id\":\"https:\\\/\\\/sud.svmep.ch\\\/svmep\\\/#organization\"},\"alternateName\":\"SVMEP\",\"potentialAction\":[{\"@type\":\"SearchAction\",\"target\":{\"@type\":\"EntryPoint\",\"urlTemplate\":\"https:\\\/\\\/sud.svmep.ch\\\/svmep\\\/?s={search_term_string}\"},\"query-input\":{\"@type\":\"PropertyValueSpecification\",\"valueRequired\":true,\"valueName\":\"search_term_string\"}}],\"inLanguage\":\"fr-FR\"},{\"@type\":\"Organization\",\"@id\":\"https:\\\/\\\/sud.svmep.ch\\\/svmep\\\/#organization\",\"name\":\"Syndicat vaudois des ma\u00eetres.ses de l'enseignement professionnel SVMEP\",\"alternateName\":\"SVMEP\",\"url\":\"https:\\\/\\\/sud.svmep.ch\\\/svmep\\\/\",\"logo\":{\"@type\":\"ImageObject\",\"inLanguage\":\"fr-FR\",\"@id\":\"https:\\\/\\\/sud.svmep.ch\\\/svmep\\\/#\\\/schema\\\/logo\\\/image\\\/\",\"url\":\"https:\\\/\\\/sud.svmep.ch\\\/svmep\\\/wp-content\\\/uploads\\\/2024\\\/09\\\/svmep150x260.jpg\",\"contentUrl\":\"https:\\\/\\\/sud.svmep.ch\\\/svmep\\\/wp-content\\\/uploads\\\/2024\\\/09\\\/svmep150x260.jpg\",\"width\":226,\"height\":127,\"caption\":\"Syndicat vaudois des ma\u00eetres.ses de l'enseignement professionnel SVMEP\"},\"image\":{\"@id\":\"https:\\\/\\\/sud.svmep.ch\\\/svmep\\\/#\\\/schema\\\/logo\\\/image\\\/\"}},{\"@type\":\"Person\",\"@id\":\"https:\\\/\\\/sud.svmep.ch\\\/svmep\\\/#\\\/schema\\\/person\\\/c89c46f48a039b5e5bc4a8eeeab1aece\",\"name\":\"svmep-webmaster\",\"image\":{\"@type\":\"ImageObject\",\"inLanguage\":\"fr-FR\",\"@id\":\"https:\\\/\\\/secure.gravatar.com\\\/avatar\\\/75b5925b5ca4f3df48f6bb05f81ad13dab8238efffb28bf26c5f1682dff96ea6?s=96&d=mm&r=g\",\"url\":\"https:\\\/\\\/secure.gravatar.com\\\/avatar\\\/75b5925b5ca4f3df48f6bb05f81ad13dab8238efffb28bf26c5f1682dff96ea6?s=96&d=mm&r=g\",\"contentUrl\":\"https:\\\/\\\/secure.gravatar.com\\\/avatar\\\/75b5925b5ca4f3df48f6bb05f81ad13dab8238efffb28bf26c5f1682dff96ea6?s=96&d=mm&r=g\",\"caption\":\"svmep-webmaster\"}}]}<\/script>\n<!-- \/ Yoast SEO plugin. -->","yoast_head_json":{"title":"Graves dysfonctionnements dans les \u00e9coles professionnelles vaudoises : action devant le DEF - svmep.ch","description":"Qu'est-il en train de se passer dans les \u00e9coles professionnelles vaudoises ? Action du SVMEP pour d\u00e9noncer une syst\u00e9maticit\u00e9 des probl\u00e8mes.","robots":{"index":"index","follow":"follow","max-snippet":"max-snippet:-1","max-image-preview":"max-image-preview:large","max-video-preview":"max-video-preview:-1"},"canonical":"https:\/\/sud.svmep.ch\/svmep\/dysfonctionnements-dans-les-ecoles-professionnelles\/","og_locale":"fr_FR","og_type":"article","og_title":"Graves dysfonctionnements dans les \u00e9coles professionnelles vaudoises : action devant le DEF - svmep.ch","og_description":"Qu'est-il en train de se passer dans les \u00e9coles professionnelles vaudoises ? Action du SVMEP pour d\u00e9noncer une syst\u00e9maticit\u00e9 des probl\u00e8mes.","og_url":"https:\/\/sud.svmep.ch\/svmep\/dysfonctionnements-dans-les-ecoles-professionnelles\/","og_site_name":"svmep.ch","article_published_time":"2024-06-17T09:04:00+00:00","article_modified_time":"2025-02-19T08:57:23+00:00","og_image":[{"width":1476,"height":984,"url":"https:\/\/sud.svmep.ch\/svmep\/wp-content\/uploads\/2024\/11\/sud_ballons.jpg","type":"image\/jpeg"}],"author":"svmep-webmaster","twitter_card":"summary_large_image","schema":{"@context":"https:\/\/schema.org","@graph":[{"@type":"Article","@id":"https:\/\/sud.svmep.ch\/svmep\/dysfonctionnements-dans-les-ecoles-professionnelles\/#article","isPartOf":{"@id":"https:\/\/sud.svmep.ch\/svmep\/dysfonctionnements-dans-les-ecoles-professionnelles\/"},"author":{"name":"svmep-webmaster","@id":"https:\/\/sud.svmep.ch\/svmep\/#\/schema\/person\/c89c46f48a039b5e5bc4a8eeeab1aece"},"headline":"Graves dysfonctionnements dans les \u00e9coles professionnelles vaudoises : action devant le DEF","datePublished":"2024-06-17T09:04:00+00:00","dateModified":"2025-02-19T08:57:23+00:00","mainEntityOfPage":{"@id":"https:\/\/sud.svmep.ch\/svmep\/dysfonctionnements-dans-les-ecoles-professionnelles\/"},"wordCount":287,"publisher":{"@id":"https:\/\/sud.svmep.ch\/svmep\/#organization"},"image":{"@id":"https:\/\/sud.svmep.ch\/svmep\/dysfonctionnements-dans-les-ecoles-professionnelles\/#primaryimage"},"thumbnailUrl":"https:\/\/sud.svmep.ch\/svmep\/wp-content\/uploads\/2024\/11\/sud_ballons.jpg","keywords":["cpnv","enseignement","epcl","epsic","eracom","ESsant\u00e9","mobilisation"],"articleSection":["\u00c9coles en situation de crise"],"inLanguage":"fr-FR"},{"@type":"WebPage","@id":"https:\/\/sud.svmep.ch\/svmep\/dysfonctionnements-dans-les-ecoles-professionnelles\/","url":"https:\/\/sud.svmep.ch\/svmep\/dysfonctionnements-dans-les-ecoles-professionnelles\/","name":"Graves dysfonctionnements dans les \u00e9coles professionnelles vaudoises : action devant le DEF - svmep.ch","isPartOf":{"@id":"https:\/\/sud.svmep.ch\/svmep\/#website"},"primaryImageOfPage":{"@id":"https:\/\/sud.svmep.ch\/svmep\/dysfonctionnements-dans-les-ecoles-professionnelles\/#primaryimage"},"image":{"@id":"https:\/\/sud.svmep.ch\/svmep\/dysfonctionnements-dans-les-ecoles-professionnelles\/#primaryimage"},"thumbnailUrl":"https:\/\/sud.svmep.ch\/svmep\/wp-content\/uploads\/2024\/11\/sud_ballons.jpg","datePublished":"2024-06-17T09:04:00+00:00","dateModified":"2025-02-19T08:57:23+00:00","description":"Qu'est-il en train de se passer dans les \u00e9coles professionnelles vaudoises ? Action du SVMEP pour d\u00e9noncer une syst\u00e9maticit\u00e9 des probl\u00e8mes.","breadcrumb":{"@id":"https:\/\/sud.svmep.ch\/svmep\/dysfonctionnements-dans-les-ecoles-professionnelles\/#breadcrumb"},"inLanguage":"fr-FR","potentialAction":[{"@type":"ReadAction","target":["https:\/\/sud.svmep.ch\/svmep\/dysfonctionnements-dans-les-ecoles-professionnelles\/"]}]},{"@type":"ImageObject","inLanguage":"fr-FR","@id":"https:\/\/sud.svmep.ch\/svmep\/dysfonctionnements-dans-les-ecoles-professionnelles\/#primaryimage","url":"https:\/\/sud.svmep.ch\/svmep\/wp-content\/uploads\/2024\/11\/sud_ballons.jpg","contentUrl":"https:\/\/sud.svmep.ch\/svmep\/wp-content\/uploads\/2024\/11\/sud_ballons.jpg","width":1476,"height":984},{"@type":"BreadcrumbList","@id":"https:\/\/sud.svmep.ch\/svmep\/dysfonctionnements-dans-les-ecoles-professionnelles\/#breadcrumb","itemListElement":[{"@type":"ListItem","position":1,"name":"Accueil","item":"https:\/\/sud.svmep.ch\/svmep\/"},{"@type":"ListItem","position":2,"name":"\u00c9coles en situation de crise","item":"https:\/\/sud.svmep.ch\/svmep\/category\/ecole-en-situation-de-crise\/"},{"@type":"ListItem","position":3,"name":"Graves dysfonctionnements dans les \u00e9coles professionnelles vaudoises : action devant le DEF"}]},{"@type":"WebSite","@id":"https:\/\/sud.svmep.ch\/svmep\/#website","url":"https:\/\/sud.svmep.ch\/svmep\/","name":"Syndicat vaudois des ma\u00eetres.ses de l'enseignement professionnel","description":"","publisher":{"@id":"https:\/\/sud.svmep.ch\/svmep\/#organization"},"alternateName":"SVMEP","potentialAction":[{"@type":"SearchAction","target":{"@type":"EntryPoint","urlTemplate":"https:\/\/sud.svmep.ch\/svmep\/?s={search_term_string}"},"query-input":{"@type":"PropertyValueSpecification","valueRequired":true,"valueName":"search_term_string"}}],"inLanguage":"fr-FR"},{"@type":"Organization","@id":"https:\/\/sud.svmep.ch\/svmep\/#organization","name":"Syndicat vaudois des ma\u00eetres.ses de l'enseignement professionnel SVMEP","alternateName":"SVMEP","url":"https:\/\/sud.svmep.ch\/svmep\/","logo":{"@type":"ImageObject","inLanguage":"fr-FR","@id":"https:\/\/sud.svmep.ch\/svmep\/#\/schema\/logo\/image\/","url":"https:\/\/sud.svmep.ch\/svmep\/wp-content\/uploads\/2024\/09\/svmep150x260.jpg","contentUrl":"https:\/\/sud.svmep.ch\/svmep\/wp-content\/uploads\/2024\/09\/svmep150x260.jpg","width":226,"height":127,"caption":"Syndicat vaudois des ma\u00eetres.ses de l'enseignement professionnel SVMEP"},"image":{"@id":"https:\/\/sud.svmep.ch\/svmep\/#\/schema\/logo\/image\/"}},{"@type":"Person","@id":"https:\/\/sud.svmep.ch\/svmep\/#\/schema\/person\/c89c46f48a039b5e5bc4a8eeeab1aece","name":"svmep-webmaster","image":{"@type":"ImageObject","inLanguage":"fr-FR","@id":"https:\/\/secure.gravatar.com\/avatar\/75b5925b5ca4f3df48f6bb05f81ad13dab8238efffb28bf26c5f1682dff96ea6?s=96&d=mm&r=g","url":"https:\/\/secure.gravatar.com\/avatar\/75b5925b5ca4f3df48f6bb05f81ad13dab8238efffb28bf26c5f1682dff96ea6?s=96&d=mm&r=g","contentUrl":"https:\/\/secure.gravatar.com\/avatar\/75b5925b5ca4f3df48f6bb05f81ad13dab8238efffb28bf26c5f1682dff96ea6?s=96&d=mm&r=g","caption":"svmep-webmaster"}}]}},"_links":{"self":[{"href":"https:\/\/sud.svmep.ch\/svmep\/wp-json\/wp\/v2\/posts\/1094","targetHints":{"allow":["GET"]}}],"collection":[{"href":"https:\/\/sud.svmep.ch\/svmep\/wp-json\/wp\/v2\/posts"}],"about":[{"href":"https:\/\/sud.svmep.ch\/svmep\/wp-json\/wp\/v2\/types\/post"}],"author":[{"embeddable":true,"href":"https:\/\/sud.svmep.ch\/svmep\/wp-json\/wp\/v2\/users\/4"}],"replies":[{"embeddable":true,"href":"https:\/\/sud.svmep.ch\/svmep\/wp-json\/wp\/v2\/comments?post=1094"}],"version-history":[{"count":0,"href":"https:\/\/sud.svmep.ch\/svmep\/wp-json\/wp\/v2\/posts\/1094\/revisions"}],"wp:featuredmedia":[{"embeddable":true,"href":"https:\/\/sud.svmep.ch\/svmep\/wp-json\/wp\/v2\/media\/1562"}],"wp:attachment":[{"href":"https:\/\/sud.svmep.ch\/svmep\/wp-json\/wp\/v2\/media?parent=1094"}],"wp:term":[{"taxonomy":"category","embeddable":true,"href":"https:\/\/sud.svmep.ch\/svmep\/wp-json\/wp\/v2\/categories?post=1094"},{"taxonomy":"post_tag","embeddable":true,"href":"https:\/\/sud.svmep.ch\/svmep\/wp-json\/wp\/v2\/tags?post=1094"}],"curies":[{"name":"wp","href":"https:\/\/api.w.org\/{rel}","templated":true}]}}