{"id":1187,"date":"2006-04-12T16:13:00","date_gmt":"2006-04-12T15:13:00","guid":{"rendered":"http:\/\/sud.svmep.ch\/?p=1187"},"modified":"2024-10-14T14:28:19","modified_gmt":"2024-10-14T13:28:19","slug":"gazette-du-svmep-charge-e-s-de-cours-maitres-ses-datelier-37-5-lpers","status":"publish","type":"post","link":"https:\/\/sud.svmep.ch\/svmep\/gazette-du-svmep-charge-e-s-de-cours-maitres-ses-datelier-37-5-lpers\/","title":{"rendered":"Charg\u00e9.e.s de cours, Lpers, ma\u00eetres.ses d&rsquo;atelier, \u2026"},"content":{"rendered":"<div class=\"wp-block-post-date\"><time datetime=\"2006-04-12T16:13:00+02:00\">12 avril 2006<\/time><\/div>\n\n\n<h5>La derni\u00e8re Gazette du SVMEP traite notamment de trois sujets contractuels cruciaux pour le corps enseignant du secteur professionnel. \u00c0 t\u00e9l\u00e9charger ci-dessous.<\/h5>\n\n\n\n<div class=\"wp-block-columns are-vertically-aligned-top is-layout-flex wp-container-core-columns-is-layout-9d6595d7 wp-block-columns-is-layout-flex\">\n<div class=\"wp-block-column is-vertically-aligned-top is-layout-flow wp-block-column-is-layout-flow\">\n<div class=\"page\" title=\"Page 1\">\n<div class=\"section\">\n<div class=\"layoutArea\">\n<div class=\"column\">\n<h4 style=\"text-align: center;\">Charge\u0301Es de cours de toutes les e\u0301coles contactez-nous !<\/h4>\n<\/div>\n<\/div>\n<\/div>\n<\/div>\n<p style=\"text-align: justify;\">2006 aurait d\u00fb \u00eatre l\u2019ann\u00e9e de la r\u00e9gularisation des statuts des enseignantEs de la formation professionnelle. En effet, \u00e0 la fin du mois de d\u00e9cembre, notre syndicat a n\u00e9goci\u00e9 l\u2019application de la Lpers dans notre secteur (voir page 2). Les dispositions de la Lpers devaient permettre de mettre d\u00e9finitivement fin aux pratiques de pr\u00e9carisation d\u2019une partie des enseignantEs du secteur professionnel. La DGEP a utilis\u00e9 pendant de nombreuses ann\u00e9es la possibilit\u00e9 d\u2019engager des enseignantEs comme charg\u00e9Es de cours. C\u2019est le statut le plus pr\u00e9caire de l\u2019enseignement professionnel.<\/p>\n<\/div>\n\n\n\n<div class=\"wp-block-column is-vertically-aligned-top is-layout-flow wp-block-column-is-layout-flow\">\n<h4 style=\"text-align: center;\">N\u00e9gociation Lpers, cela<br>valait la peine d\u2019insister !<\/h4>\n<p style=\"text-align: justify;\">Il a fallu menacer d\u2019aller devant l\u2019organe de conciliation et d\u2019arbitrage pour obliger le Conseil d\u2019\u00c9tat \u00e0 revenir \u00e0 la table de n\u00e9gociation pour l\u2019application de Lpers au secteur de l\u2019enseignement professionnel. Le 19 d\u00e9cembre 2005, nous avons men\u00e9 le dernier round de n\u00e9gociation. Petit retour sur les r\u00e9sultats.<\/p>\n<\/div>\n\n\n\n<div class=\"wp-block-column is-vertically-aligned-top is-layout-flow wp-block-column-is-layout-flow\">\n<div class=\"page\" title=\"Page 3\">\n<div class=\"section\">\n<div class=\"layoutArea\">\n<div class=\"column\">\n<h4 style=\"text-align: center;\">Ma\u00eetres.ses d&rsquo;atelier<\/h4>\n<p style=\"text-align: justify;\">Petit rappel : 37.5 c\u2019est le nombre de pe\u0301riodes hebdomadaires que doivent effectuer les enseignantEs des branches techniques applique\u0301es. Le SVMEP avait transmis au Grand Conseil a\u0300 fin 2004, une pe\u0301tition signe\u0301e par plus de mille personnes pour mettre fin a\u0300 cette ine\u0301galite\u0301. La commission des pe\u0301titions du Grand Conseil avait rec\u0327u, le 25 fe\u0301vrier de cette anne\u0301e, une de\u0301le\u0301gation compose\u0301e de colle\u0300gues de branches techniques applique\u0301es et de membres du comite\u0301 du SVMEP. En septembre, la commission des pe\u0301titions a pre\u0301sente\u0301 son rapport au Grand Conseil. Ce dernier a suivi le pre\u0301avis de la commission, qui demandait la prise en compte de notre pe\u0301tition et le renvoi au Conseil d\u2019\u00c9tat pour e\u0301tude. C\u2019est une avance\u0301e importante.<\/p>\n<\/div>\n<\/div>\n<\/div>\n<\/div>\n<\/div>\n<\/div>\n\n\n\n<div data-wp-interactive=\"core\/file\" class=\"wp-block-file\"><object data-wp-bind--hidden=\"!state.hasPdfPreview\" hidden class=\"wp-block-file__embed\" data=\"https:\/\/sud.svmep.ch\/svmep\/wp-content\/uploads\/2014\/10\/pdf_svmep_gazette_avril06.pdf\" type=\"application\/pdf\" style=\"width:100%;height:600px\" aria-label=\"Contenu embarqu\u00e9 Gazette du SVMEP avril 2006.\"><\/object><a id=\"wp-block-file--media-4b67a463-cdfa-4d61-9410-2dc6f0a6ede0\" href=\"https:\/\/sud.svmep.ch\/svmep\/wp-content\/uploads\/2014\/10\/pdf_svmep_gazette_avril06.pdf\" target=\"_blank\" rel=\"noreferrer noopener\">Gazette du SVMEP avril 2006<\/a><a href=\"https:\/\/sud.svmep.ch\/svmep\/wp-content\/uploads\/2014\/10\/pdf_svmep_gazette_avril06.pdf\" class=\"wp-block-file__button wp-element-button\" download aria-describedby=\"wp-block-file--media-4b67a463-cdfa-4d61-9410-2dc6f0a6ede0\">T\u00e9l\u00e9charger<\/a><\/div>\n","protected":false},"excerpt":{"rendered":"<p>12 avril 2006 La derni\u00e8re Gazette du SVMEP traite notamment de trois sujets contractuels cruciaux pour le corps enseignant du secteur professionnel. \u00c0 t\u00e9l\u00e9charger ci-dessous. Charge\u0301Es de cours de toutes [&hellip;]<\/p>\n","protected":false},"author":4,"featured_media":354,"comment_status":"closed","ping_status":"closed","sticky":false,"template":"","format":"standard","meta":{"footnotes":""},"categories":[4],"tags":[41,24],"class_list":["post-1187","post","type-post","status-publish","format-standard","has-post-thumbnail","hentry","category-gazette-svmep","tag-contrat-de-travail","tag-temps-de-travail-enseignant"],"yoast_head":"<!-- This site is optimized with the Yoast SEO plugin v27.4 - https:\/\/yoast.com\/product\/yoast-seo-wordpress\/ -->\n<title>Charg\u00e9.e.s de cours, Lpers, ma\u00eetres.ses d&#039;atelier, \u2026 - svmep.ch<\/title>\n<meta name=\"robots\" content=\"index, follow, max-snippet:-1, max-image-preview:large, max-video-preview:-1\" \/>\n<link rel=\"canonical\" href=\"https:\/\/sud.svmep.ch\/svmep\/gazette-du-svmep-charge-e-s-de-cours-maitres-ses-datelier-37-5-lpers\/\" \/>\n<meta property=\"og:locale\" content=\"fr_FR\" \/>\n<meta property=\"og:type\" content=\"article\" \/>\n<meta property=\"og:title\" content=\"Charg\u00e9.e.s de cours, Lpers, ma\u00eetres.ses d&#039;atelier, \u2026 - svmep.ch\" \/>\n<meta property=\"og:description\" content=\"12 avril 2006 La derni\u00e8re Gazette du SVMEP traite notamment de trois sujets contractuels cruciaux pour le corps enseignant du secteur professionnel. \u00c0 t\u00e9l\u00e9charger ci-dessous. Charge\u0301Es de cours de toutes [&hellip;]\" \/>\n<meta property=\"og:url\" content=\"https:\/\/sud.svmep.ch\/svmep\/gazette-du-svmep-charge-e-s-de-cours-maitres-ses-datelier-37-5-lpers\/\" \/>\n<meta property=\"og:site_name\" content=\"svmep.ch\" \/>\n<meta property=\"article:published_time\" content=\"2006-04-12T15:13:00+00:00\" \/>\n<meta property=\"article:modified_time\" content=\"2024-10-14T13:28:19+00:00\" \/>\n<meta property=\"og:image\" content=\"https:\/\/sud.svmep.ch\/svmep\/wp-content\/uploads\/2005\/09\/jpg_logo2.jpg\" \/>\n\t<meta property=\"og:image:width\" content=\"100\" \/>\n\t<meta property=\"og:image:height\" content=\"100\" \/>\n\t<meta property=\"og:image:type\" content=\"image\/jpeg\" \/>\n<meta name=\"author\" content=\"svmep-webmaster\" \/>\n<meta name=\"twitter:card\" content=\"summary_large_image\" \/>\n<script type=\"application\/ld+json\" class=\"yoast-schema-graph\">{\"@context\":\"https:\\\/\\\/schema.org\",\"@graph\":[{\"@type\":\"Article\",\"@id\":\"https:\\\/\\\/sud.svmep.ch\\\/svmep\\\/gazette-du-svmep-charge-e-s-de-cours-maitres-ses-datelier-37-5-lpers\\\/#article\",\"isPartOf\":{\"@id\":\"https:\\\/\\\/sud.svmep.ch\\\/svmep\\\/gazette-du-svmep-charge-e-s-de-cours-maitres-ses-datelier-37-5-lpers\\\/\"},\"author\":{\"name\":\"svmep-webmaster\",\"@id\":\"https:\\\/\\\/sud.svmep.ch\\\/svmep\\\/#\\\/schema\\\/person\\\/c89c46f48a039b5e5bc4a8eeeab1aece\"},\"headline\":\"Charg\u00e9.e.s de cours, Lpers, ma\u00eetres.ses d&rsquo;atelier, \u2026\",\"datePublished\":\"2006-04-12T15:13:00+00:00\",\"dateModified\":\"2024-10-14T13:28:19+00:00\",\"mainEntityOfPage\":{\"@id\":\"https:\\\/\\\/sud.svmep.ch\\\/svmep\\\/gazette-du-svmep-charge-e-s-de-cours-maitres-ses-datelier-37-5-lpers\\\/\"},\"wordCount\":353,\"publisher\":{\"@id\":\"https:\\\/\\\/sud.svmep.ch\\\/svmep\\\/#organization\"},\"image\":{\"@id\":\"https:\\\/\\\/sud.svmep.ch\\\/svmep\\\/gazette-du-svmep-charge-e-s-de-cours-maitres-ses-datelier-37-5-lpers\\\/#primaryimage\"},\"thumbnailUrl\":\"https:\\\/\\\/sud.svmep.ch\\\/svmep\\\/wp-content\\\/uploads\\\/2005\\\/09\\\/jpg_logo2.jpg\",\"keywords\":[\"contrat de travail\",\"temps de travail\"],\"articleSection\":[\"Gazette SVMEP\"],\"inLanguage\":\"fr-FR\"},{\"@type\":\"WebPage\",\"@id\":\"https:\\\/\\\/sud.svmep.ch\\\/svmep\\\/gazette-du-svmep-charge-e-s-de-cours-maitres-ses-datelier-37-5-lpers\\\/\",\"url\":\"https:\\\/\\\/sud.svmep.ch\\\/svmep\\\/gazette-du-svmep-charge-e-s-de-cours-maitres-ses-datelier-37-5-lpers\\\/\",\"name\":\"Charg\u00e9.e.s de cours, Lpers, ma\u00eetres.ses d'atelier, \u2026 - svmep.ch\",\"isPartOf\":{\"@id\":\"https:\\\/\\\/sud.svmep.ch\\\/svmep\\\/#website\"},\"primaryImageOfPage\":{\"@id\":\"https:\\\/\\\/sud.svmep.ch\\\/svmep\\\/gazette-du-svmep-charge-e-s-de-cours-maitres-ses-datelier-37-5-lpers\\\/#primaryimage\"},\"image\":{\"@id\":\"https:\\\/\\\/sud.svmep.ch\\\/svmep\\\/gazette-du-svmep-charge-e-s-de-cours-maitres-ses-datelier-37-5-lpers\\\/#primaryimage\"},\"thumbnailUrl\":\"https:\\\/\\\/sud.svmep.ch\\\/svmep\\\/wp-content\\\/uploads\\\/2005\\\/09\\\/jpg_logo2.jpg\",\"datePublished\":\"2006-04-12T15:13:00+00:00\",\"dateModified\":\"2024-10-14T13:28:19+00:00\",\"breadcrumb\":{\"@id\":\"https:\\\/\\\/sud.svmep.ch\\\/svmep\\\/gazette-du-svmep-charge-e-s-de-cours-maitres-ses-datelier-37-5-lpers\\\/#breadcrumb\"},\"inLanguage\":\"fr-FR\",\"potentialAction\":[{\"@type\":\"ReadAction\",\"target\":[\"https:\\\/\\\/sud.svmep.ch\\\/svmep\\\/gazette-du-svmep-charge-e-s-de-cours-maitres-ses-datelier-37-5-lpers\\\/\"]}]},{\"@type\":\"ImageObject\",\"inLanguage\":\"fr-FR\",\"@id\":\"https:\\\/\\\/sud.svmep.ch\\\/svmep\\\/gazette-du-svmep-charge-e-s-de-cours-maitres-ses-datelier-37-5-lpers\\\/#primaryimage\",\"url\":\"https:\\\/\\\/sud.svmep.ch\\\/svmep\\\/wp-content\\\/uploads\\\/2005\\\/09\\\/jpg_logo2.jpg\",\"contentUrl\":\"https:\\\/\\\/sud.svmep.ch\\\/svmep\\\/wp-content\\\/uploads\\\/2005\\\/09\\\/jpg_logo2.jpg\",\"width\":100,\"height\":100},{\"@type\":\"BreadcrumbList\",\"@id\":\"https:\\\/\\\/sud.svmep.ch\\\/svmep\\\/gazette-du-svmep-charge-e-s-de-cours-maitres-ses-datelier-37-5-lpers\\\/#breadcrumb\",\"itemListElement\":[{\"@type\":\"ListItem\",\"position\":1,\"name\":\"Accueil\",\"item\":\"https:\\\/\\\/sud.svmep.ch\\\/svmep\\\/\"},{\"@type\":\"ListItem\",\"position\":2,\"name\":\"Gazette SVMEP\",\"item\":\"https:\\\/\\\/sud.svmep.ch\\\/svmep\\\/category\\\/gazette-svmep\\\/\"},{\"@type\":\"ListItem\",\"position\":3,\"name\":\"Charg\u00e9.e.s de cours, Lpers, ma\u00eetres.ses d&rsquo;atelier, \u2026\"}]},{\"@type\":\"WebSite\",\"@id\":\"https:\\\/\\\/sud.svmep.ch\\\/svmep\\\/#website\",\"url\":\"https:\\\/\\\/sud.svmep.ch\\\/svmep\\\/\",\"name\":\"Syndicat vaudois des ma\u00eetres.ses de l'enseignement professionnel\",\"description\":\"\",\"publisher\":{\"@id\":\"https:\\\/\\\/sud.svmep.ch\\\/svmep\\\/#organization\"},\"alternateName\":\"SVMEP\",\"potentialAction\":[{\"@type\":\"SearchAction\",\"target\":{\"@type\":\"EntryPoint\",\"urlTemplate\":\"https:\\\/\\\/sud.svmep.ch\\\/svmep\\\/?s={search_term_string}\"},\"query-input\":{\"@type\":\"PropertyValueSpecification\",\"valueRequired\":true,\"valueName\":\"search_term_string\"}}],\"inLanguage\":\"fr-FR\"},{\"@type\":\"Organization\",\"@id\":\"https:\\\/\\\/sud.svmep.ch\\\/svmep\\\/#organization\",\"name\":\"Syndicat vaudois des ma\u00eetres.ses de l'enseignement professionnel SVMEP\",\"alternateName\":\"SVMEP\",\"url\":\"https:\\\/\\\/sud.svmep.ch\\\/svmep\\\/\",\"logo\":{\"@type\":\"ImageObject\",\"inLanguage\":\"fr-FR\",\"@id\":\"https:\\\/\\\/sud.svmep.ch\\\/svmep\\\/#\\\/schema\\\/logo\\\/image\\\/\",\"url\":\"https:\\\/\\\/sud.svmep.ch\\\/svmep\\\/wp-content\\\/uploads\\\/2024\\\/09\\\/svmep150x260.jpg\",\"contentUrl\":\"https:\\\/\\\/sud.svmep.ch\\\/svmep\\\/wp-content\\\/uploads\\\/2024\\\/09\\\/svmep150x260.jpg\",\"width\":226,\"height\":127,\"caption\":\"Syndicat vaudois des ma\u00eetres.ses de l'enseignement professionnel SVMEP\"},\"image\":{\"@id\":\"https:\\\/\\\/sud.svmep.ch\\\/svmep\\\/#\\\/schema\\\/logo\\\/image\\\/\"}},{\"@type\":\"Person\",\"@id\":\"https:\\\/\\\/sud.svmep.ch\\\/svmep\\\/#\\\/schema\\\/person\\\/c89c46f48a039b5e5bc4a8eeeab1aece\",\"name\":\"svmep-webmaster\",\"image\":{\"@type\":\"ImageObject\",\"inLanguage\":\"fr-FR\",\"@id\":\"https:\\\/\\\/secure.gravatar.com\\\/avatar\\\/75b5925b5ca4f3df48f6bb05f81ad13dab8238efffb28bf26c5f1682dff96ea6?s=96&d=mm&r=g\",\"url\":\"https:\\\/\\\/secure.gravatar.com\\\/avatar\\\/75b5925b5ca4f3df48f6bb05f81ad13dab8238efffb28bf26c5f1682dff96ea6?s=96&d=mm&r=g\",\"contentUrl\":\"https:\\\/\\\/secure.gravatar.com\\\/avatar\\\/75b5925b5ca4f3df48f6bb05f81ad13dab8238efffb28bf26c5f1682dff96ea6?s=96&d=mm&r=g\",\"caption\":\"svmep-webmaster\"}}]}<\/script>\n<!-- \/ Yoast SEO plugin. -->","yoast_head_json":{"title":"Charg\u00e9.e.s de cours, Lpers, ma\u00eetres.ses d'atelier, \u2026 - svmep.ch","robots":{"index":"index","follow":"follow","max-snippet":"max-snippet:-1","max-image-preview":"max-image-preview:large","max-video-preview":"max-video-preview:-1"},"canonical":"https:\/\/sud.svmep.ch\/svmep\/gazette-du-svmep-charge-e-s-de-cours-maitres-ses-datelier-37-5-lpers\/","og_locale":"fr_FR","og_type":"article","og_title":"Charg\u00e9.e.s de cours, Lpers, ma\u00eetres.ses d'atelier, \u2026 - svmep.ch","og_description":"12 avril 2006 La derni\u00e8re Gazette du SVMEP traite notamment de trois sujets contractuels cruciaux pour le corps enseignant du secteur professionnel. \u00c0 t\u00e9l\u00e9charger ci-dessous. Charge\u0301Es de cours de toutes [&hellip;]","og_url":"https:\/\/sud.svmep.ch\/svmep\/gazette-du-svmep-charge-e-s-de-cours-maitres-ses-datelier-37-5-lpers\/","og_site_name":"svmep.ch","article_published_time":"2006-04-12T15:13:00+00:00","article_modified_time":"2024-10-14T13:28:19+00:00","og_image":[{"width":100,"height":100,"url":"https:\/\/sud.svmep.ch\/svmep\/wp-content\/uploads\/2005\/09\/jpg_logo2.jpg","type":"image\/jpeg"}],"author":"svmep-webmaster","twitter_card":"summary_large_image","schema":{"@context":"https:\/\/schema.org","@graph":[{"@type":"Article","@id":"https:\/\/sud.svmep.ch\/svmep\/gazette-du-svmep-charge-e-s-de-cours-maitres-ses-datelier-37-5-lpers\/#article","isPartOf":{"@id":"https:\/\/sud.svmep.ch\/svmep\/gazette-du-svmep-charge-e-s-de-cours-maitres-ses-datelier-37-5-lpers\/"},"author":{"name":"svmep-webmaster","@id":"https:\/\/sud.svmep.ch\/svmep\/#\/schema\/person\/c89c46f48a039b5e5bc4a8eeeab1aece"},"headline":"Charg\u00e9.e.s de cours, Lpers, ma\u00eetres.ses d&rsquo;atelier, \u2026","datePublished":"2006-04-12T15:13:00+00:00","dateModified":"2024-10-14T13:28:19+00:00","mainEntityOfPage":{"@id":"https:\/\/sud.svmep.ch\/svmep\/gazette-du-svmep-charge-e-s-de-cours-maitres-ses-datelier-37-5-lpers\/"},"wordCount":353,"publisher":{"@id":"https:\/\/sud.svmep.ch\/svmep\/#organization"},"image":{"@id":"https:\/\/sud.svmep.ch\/svmep\/gazette-du-svmep-charge-e-s-de-cours-maitres-ses-datelier-37-5-lpers\/#primaryimage"},"thumbnailUrl":"https:\/\/sud.svmep.ch\/svmep\/wp-content\/uploads\/2005\/09\/jpg_logo2.jpg","keywords":["contrat de travail","temps de travail"],"articleSection":["Gazette SVMEP"],"inLanguage":"fr-FR"},{"@type":"WebPage","@id":"https:\/\/sud.svmep.ch\/svmep\/gazette-du-svmep-charge-e-s-de-cours-maitres-ses-datelier-37-5-lpers\/","url":"https:\/\/sud.svmep.ch\/svmep\/gazette-du-svmep-charge-e-s-de-cours-maitres-ses-datelier-37-5-lpers\/","name":"Charg\u00e9.e.s de cours, Lpers, ma\u00eetres.ses d'atelier, \u2026 - svmep.ch","isPartOf":{"@id":"https:\/\/sud.svmep.ch\/svmep\/#website"},"primaryImageOfPage":{"@id":"https:\/\/sud.svmep.ch\/svmep\/gazette-du-svmep-charge-e-s-de-cours-maitres-ses-datelier-37-5-lpers\/#primaryimage"},"image":{"@id":"https:\/\/sud.svmep.ch\/svmep\/gazette-du-svmep-charge-e-s-de-cours-maitres-ses-datelier-37-5-lpers\/#primaryimage"},"thumbnailUrl":"https:\/\/sud.svmep.ch\/svmep\/wp-content\/uploads\/2005\/09\/jpg_logo2.jpg","datePublished":"2006-04-12T15:13:00+00:00","dateModified":"2024-10-14T13:28:19+00:00","breadcrumb":{"@id":"https:\/\/sud.svmep.ch\/svmep\/gazette-du-svmep-charge-e-s-de-cours-maitres-ses-datelier-37-5-lpers\/#breadcrumb"},"inLanguage":"fr-FR","potentialAction":[{"@type":"ReadAction","target":["https:\/\/sud.svmep.ch\/svmep\/gazette-du-svmep-charge-e-s-de-cours-maitres-ses-datelier-37-5-lpers\/"]}]},{"@type":"ImageObject","inLanguage":"fr-FR","@id":"https:\/\/sud.svmep.ch\/svmep\/gazette-du-svmep-charge-e-s-de-cours-maitres-ses-datelier-37-5-lpers\/#primaryimage","url":"https:\/\/sud.svmep.ch\/svmep\/wp-content\/uploads\/2005\/09\/jpg_logo2.jpg","contentUrl":"https:\/\/sud.svmep.ch\/svmep\/wp-content\/uploads\/2005\/09\/jpg_logo2.jpg","width":100,"height":100},{"@type":"BreadcrumbList","@id":"https:\/\/sud.svmep.ch\/svmep\/gazette-du-svmep-charge-e-s-de-cours-maitres-ses-datelier-37-5-lpers\/#breadcrumb","itemListElement":[{"@type":"ListItem","position":1,"name":"Accueil","item":"https:\/\/sud.svmep.ch\/svmep\/"},{"@type":"ListItem","position":2,"name":"Gazette SVMEP","item":"https:\/\/sud.svmep.ch\/svmep\/category\/gazette-svmep\/"},{"@type":"ListItem","position":3,"name":"Charg\u00e9.e.s de cours, Lpers, ma\u00eetres.ses d&rsquo;atelier, \u2026"}]},{"@type":"WebSite","@id":"https:\/\/sud.svmep.ch\/svmep\/#website","url":"https:\/\/sud.svmep.ch\/svmep\/","name":"Syndicat vaudois des ma\u00eetres.ses de l'enseignement professionnel","description":"","publisher":{"@id":"https:\/\/sud.svmep.ch\/svmep\/#organization"},"alternateName":"SVMEP","potentialAction":[{"@type":"SearchAction","target":{"@type":"EntryPoint","urlTemplate":"https:\/\/sud.svmep.ch\/svmep\/?s={search_term_string}"},"query-input":{"@type":"PropertyValueSpecification","valueRequired":true,"valueName":"search_term_string"}}],"inLanguage":"fr-FR"},{"@type":"Organization","@id":"https:\/\/sud.svmep.ch\/svmep\/#organization","name":"Syndicat vaudois des ma\u00eetres.ses de l'enseignement professionnel SVMEP","alternateName":"SVMEP","url":"https:\/\/sud.svmep.ch\/svmep\/","logo":{"@type":"ImageObject","inLanguage":"fr-FR","@id":"https:\/\/sud.svmep.ch\/svmep\/#\/schema\/logo\/image\/","url":"https:\/\/sud.svmep.ch\/svmep\/wp-content\/uploads\/2024\/09\/svmep150x260.jpg","contentUrl":"https:\/\/sud.svmep.ch\/svmep\/wp-content\/uploads\/2024\/09\/svmep150x260.jpg","width":226,"height":127,"caption":"Syndicat vaudois des ma\u00eetres.ses de l'enseignement professionnel SVMEP"},"image":{"@id":"https:\/\/sud.svmep.ch\/svmep\/#\/schema\/logo\/image\/"}},{"@type":"Person","@id":"https:\/\/sud.svmep.ch\/svmep\/#\/schema\/person\/c89c46f48a039b5e5bc4a8eeeab1aece","name":"svmep-webmaster","image":{"@type":"ImageObject","inLanguage":"fr-FR","@id":"https:\/\/secure.gravatar.com\/avatar\/75b5925b5ca4f3df48f6bb05f81ad13dab8238efffb28bf26c5f1682dff96ea6?s=96&d=mm&r=g","url":"https:\/\/secure.gravatar.com\/avatar\/75b5925b5ca4f3df48f6bb05f81ad13dab8238efffb28bf26c5f1682dff96ea6?s=96&d=mm&r=g","contentUrl":"https:\/\/secure.gravatar.com\/avatar\/75b5925b5ca4f3df48f6bb05f81ad13dab8238efffb28bf26c5f1682dff96ea6?s=96&d=mm&r=g","caption":"svmep-webmaster"}}]}},"_links":{"self":[{"href":"https:\/\/sud.svmep.ch\/svmep\/wp-json\/wp\/v2\/posts\/1187","targetHints":{"allow":["GET"]}}],"collection":[{"href":"https:\/\/sud.svmep.ch\/svmep\/wp-json\/wp\/v2\/posts"}],"about":[{"href":"https:\/\/sud.svmep.ch\/svmep\/wp-json\/wp\/v2\/types\/post"}],"author":[{"embeddable":true,"href":"https:\/\/sud.svmep.ch\/svmep\/wp-json\/wp\/v2\/users\/4"}],"replies":[{"embeddable":true,"href":"https:\/\/sud.svmep.ch\/svmep\/wp-json\/wp\/v2\/comments?post=1187"}],"version-history":[{"count":0,"href":"https:\/\/sud.svmep.ch\/svmep\/wp-json\/wp\/v2\/posts\/1187\/revisions"}],"wp:featuredmedia":[{"embeddable":true,"href":"https:\/\/sud.svmep.ch\/svmep\/wp-json\/wp\/v2\/media\/354"}],"wp:attachment":[{"href":"https:\/\/sud.svmep.ch\/svmep\/wp-json\/wp\/v2\/media?parent=1187"}],"wp:term":[{"taxonomy":"category","embeddable":true,"href":"https:\/\/sud.svmep.ch\/svmep\/wp-json\/wp\/v2\/categories?post=1187"},{"taxonomy":"post_tag","embeddable":true,"href":"https:\/\/sud.svmep.ch\/svmep\/wp-json\/wp\/v2\/tags?post=1187"}],"curies":[{"name":"wp","href":"https:\/\/api.w.org\/{rel}","templated":true}]}}