{"id":1200,"date":"2011-02-03T17:01:00","date_gmt":"2011-02-03T16:01:00","guid":{"rendered":"http:\/\/sud.svmep.ch\/?p=1200"},"modified":"2024-10-22T10:29:03","modified_gmt":"2024-10-22T09:29:03","slug":"remise-de-la-petition-pour-une-collocation-juste-dans-tout-lenseignement-postobligatoire","status":"publish","type":"post","link":"https:\/\/sud.svmep.ch\/svmep\/remise-de-la-petition-pour-une-collocation-juste-dans-tout-lenseignement-postobligatoire\/","title":{"rendered":"Remise de la p\u00e9tition pour une collocation juste dans tout l&rsquo;enseignement postobligatoire"},"content":{"rendered":"<div class=\"wp-block-post-date\"><time datetime=\"2011-02-03T17:01:00+01:00\">3 f\u00e9vrier 2011<\/time><\/div>\n\n\n<p style=\"font-style:normal;font-weight:600\">SUD-\u00c9ducation a lanc\u00e9 une p\u00e9tition pour demander une collocation juste dans tout l\u2019enseignement postobligatoire. L\u2019op\u00e9ration est un succ\u00e8s, nous avons d\u00e9j\u00e0 r\u00e9colt\u00e9 800 signatures et il y en a encore qui nous parviennent. Par cette op\u00e9ration, SUD-\u00c9ducation a cr\u00e9\u00e9 une unit\u00e9 large dans tout le secteur de l\u2019enseignement postobligatoire. Nos revendications sont f\u00e9d\u00e9ratrices, car elles posent une conception commune du parcours professionnel et salarial.<\/p>\n\n\n\n<div data-wp-interactive=\"core\/file\" class=\"wp-block-file\"><object data-wp-bind--hidden=\"!state.hasPdfPreview\" hidden class=\"wp-block-file__embed\" data=\"https:\/\/sud.svmep.ch\/svmep\/wp-content\/uploads\/2014\/10\/pdf_svmep_gazette_fev11-2.pdf\" type=\"application\/pdf\" style=\"width:100%;height:600px\" aria-label=\"Contenu embarqu\u00e9 Gazette f\u00e9vrier 2011.\"><\/object><a id=\"wp-block-file--media-931a415c-2bba-43f9-8e78-4d43dad00f83\" href=\"https:\/\/sud.svmep.ch\/svmep\/wp-content\/uploads\/2014\/10\/pdf_svmep_gazette_fev11-2.pdf\" target=\"_blank\" rel=\"noreferrer noopener\">Gazette f\u00e9vrier 2011<\/a><a href=\"https:\/\/sud.svmep.ch\/svmep\/wp-content\/uploads\/2014\/10\/pdf_svmep_gazette_fev11-2.pdf\" class=\"wp-block-file__button wp-element-button\" download aria-describedby=\"wp-block-file--media-931a415c-2bba-43f9-8e78-4d43dad00f83\">T\u00e9l\u00e9charger<\/a><\/div>\n","protected":false},"excerpt":{"rendered":"<p>3 f\u00e9vrier 2011 SUD-\u00c9ducation a lanc\u00e9 une p\u00e9tition pour demander une collocation juste dans tout l\u2019enseignement postobligatoire. L\u2019op\u00e9ration est un succ\u00e8s, nous avons d\u00e9j\u00e0 r\u00e9colt\u00e9 800 signatures et il y [&hellip;]<\/p>\n","protected":false},"author":4,"featured_media":354,"comment_status":"closed","ping_status":"closed","sticky":false,"template":"","format":"standard","meta":{"footnotes":""},"categories":[20,4,5],"tags":[39,31,32],"class_list":["post-1200","post","type-post","status-publish","format-standard","has-post-thumbnail","hentry","category-classification-des-mep","category-gazette-svmep","category-sud-education","tag-mep","tag-mobilisation","tag-salaire"],"yoast_head":"<!-- This site is optimized with the Yoast SEO plugin v27.4 - https:\/\/yoast.com\/product\/yoast-seo-wordpress\/ -->\n<title>Remise de la p\u00e9tition pour une collocation juste dans tout l&#039;enseignement postobligatoire - svmep.ch<\/title>\n<meta name=\"robots\" content=\"index, follow, max-snippet:-1, max-image-preview:large, max-video-preview:-1\" \/>\n<link rel=\"canonical\" href=\"https:\/\/sud.svmep.ch\/svmep\/remise-de-la-petition-pour-une-collocation-juste-dans-tout-lenseignement-postobligatoire\/\" \/>\n<meta property=\"og:locale\" content=\"fr_FR\" \/>\n<meta property=\"og:type\" content=\"article\" \/>\n<meta property=\"og:title\" content=\"Remise de la p\u00e9tition pour une collocation juste dans tout l&#039;enseignement postobligatoire - svmep.ch\" \/>\n<meta property=\"og:description\" content=\"3 f\u00e9vrier 2011 SUD-\u00c9ducation a lanc\u00e9 une p\u00e9tition pour demander une collocation juste dans tout l\u2019enseignement postobligatoire. L\u2019op\u00e9ration est un succ\u00e8s, nous avons d\u00e9j\u00e0 r\u00e9colt\u00e9 800 signatures et il y [&hellip;]\" \/>\n<meta property=\"og:url\" content=\"https:\/\/sud.svmep.ch\/svmep\/remise-de-la-petition-pour-une-collocation-juste-dans-tout-lenseignement-postobligatoire\/\" \/>\n<meta property=\"og:site_name\" content=\"svmep.ch\" \/>\n<meta property=\"article:published_time\" content=\"2011-02-03T16:01:00+00:00\" \/>\n<meta property=\"article:modified_time\" content=\"2024-10-22T09:29:03+00:00\" \/>\n<meta property=\"og:image\" content=\"https:\/\/sud.svmep.ch\/svmep\/wp-content\/uploads\/2005\/09\/jpg_logo2.jpg\" \/>\n\t<meta property=\"og:image:width\" content=\"100\" \/>\n\t<meta property=\"og:image:height\" content=\"100\" \/>\n\t<meta property=\"og:image:type\" content=\"image\/jpeg\" \/>\n<meta name=\"author\" content=\"svmep-webmaster\" \/>\n<meta name=\"twitter:card\" content=\"summary_large_image\" \/>\n<script type=\"application\/ld+json\" class=\"yoast-schema-graph\">{\"@context\":\"https:\\\/\\\/schema.org\",\"@graph\":[{\"@type\":\"Article\",\"@id\":\"https:\\\/\\\/sud.svmep.ch\\\/svmep\\\/remise-de-la-petition-pour-une-collocation-juste-dans-tout-lenseignement-postobligatoire\\\/#article\",\"isPartOf\":{\"@id\":\"https:\\\/\\\/sud.svmep.ch\\\/svmep\\\/remise-de-la-petition-pour-une-collocation-juste-dans-tout-lenseignement-postobligatoire\\\/\"},\"author\":{\"name\":\"svmep-webmaster\",\"@id\":\"https:\\\/\\\/sud.svmep.ch\\\/svmep\\\/#\\\/schema\\\/person\\\/c89c46f48a039b5e5bc4a8eeeab1aece\"},\"headline\":\"Remise de la p\u00e9tition pour une collocation juste dans tout l&rsquo;enseignement postobligatoire\",\"datePublished\":\"2011-02-03T16:01:00+00:00\",\"dateModified\":\"2024-10-22T09:29:03+00:00\",\"mainEntityOfPage\":{\"@id\":\"https:\\\/\\\/sud.svmep.ch\\\/svmep\\\/remise-de-la-petition-pour-une-collocation-juste-dans-tout-lenseignement-postobligatoire\\\/\"},\"wordCount\":95,\"publisher\":{\"@id\":\"https:\\\/\\\/sud.svmep.ch\\\/svmep\\\/#organization\"},\"image\":{\"@id\":\"https:\\\/\\\/sud.svmep.ch\\\/svmep\\\/remise-de-la-petition-pour-une-collocation-juste-dans-tout-lenseignement-postobligatoire\\\/#primaryimage\"},\"thumbnailUrl\":\"https:\\\/\\\/sud.svmep.ch\\\/svmep\\\/wp-content\\\/uploads\\\/2005\\\/09\\\/jpg_logo2.jpg\",\"keywords\":[\"classification des MEP\",\"mobilisation\",\"salaire\"],\"articleSection\":[\"Classification des MEP\",\"Gazette SVMEP\",\"SUD-\u00c9ducation\"],\"inLanguage\":\"fr-FR\"},{\"@type\":\"WebPage\",\"@id\":\"https:\\\/\\\/sud.svmep.ch\\\/svmep\\\/remise-de-la-petition-pour-une-collocation-juste-dans-tout-lenseignement-postobligatoire\\\/\",\"url\":\"https:\\\/\\\/sud.svmep.ch\\\/svmep\\\/remise-de-la-petition-pour-une-collocation-juste-dans-tout-lenseignement-postobligatoire\\\/\",\"name\":\"Remise de la p\u00e9tition pour une collocation juste dans tout l'enseignement postobligatoire - svmep.ch\",\"isPartOf\":{\"@id\":\"https:\\\/\\\/sud.svmep.ch\\\/svmep\\\/#website\"},\"primaryImageOfPage\":{\"@id\":\"https:\\\/\\\/sud.svmep.ch\\\/svmep\\\/remise-de-la-petition-pour-une-collocation-juste-dans-tout-lenseignement-postobligatoire\\\/#primaryimage\"},\"image\":{\"@id\":\"https:\\\/\\\/sud.svmep.ch\\\/svmep\\\/remise-de-la-petition-pour-une-collocation-juste-dans-tout-lenseignement-postobligatoire\\\/#primaryimage\"},\"thumbnailUrl\":\"https:\\\/\\\/sud.svmep.ch\\\/svmep\\\/wp-content\\\/uploads\\\/2005\\\/09\\\/jpg_logo2.jpg\",\"datePublished\":\"2011-02-03T16:01:00+00:00\",\"dateModified\":\"2024-10-22T09:29:03+00:00\",\"breadcrumb\":{\"@id\":\"https:\\\/\\\/sud.svmep.ch\\\/svmep\\\/remise-de-la-petition-pour-une-collocation-juste-dans-tout-lenseignement-postobligatoire\\\/#breadcrumb\"},\"inLanguage\":\"fr-FR\",\"potentialAction\":[{\"@type\":\"ReadAction\",\"target\":[\"https:\\\/\\\/sud.svmep.ch\\\/svmep\\\/remise-de-la-petition-pour-une-collocation-juste-dans-tout-lenseignement-postobligatoire\\\/\"]}]},{\"@type\":\"ImageObject\",\"inLanguage\":\"fr-FR\",\"@id\":\"https:\\\/\\\/sud.svmep.ch\\\/svmep\\\/remise-de-la-petition-pour-une-collocation-juste-dans-tout-lenseignement-postobligatoire\\\/#primaryimage\",\"url\":\"https:\\\/\\\/sud.svmep.ch\\\/svmep\\\/wp-content\\\/uploads\\\/2005\\\/09\\\/jpg_logo2.jpg\",\"contentUrl\":\"https:\\\/\\\/sud.svmep.ch\\\/svmep\\\/wp-content\\\/uploads\\\/2005\\\/09\\\/jpg_logo2.jpg\",\"width\":100,\"height\":100},{\"@type\":\"BreadcrumbList\",\"@id\":\"https:\\\/\\\/sud.svmep.ch\\\/svmep\\\/remise-de-la-petition-pour-une-collocation-juste-dans-tout-lenseignement-postobligatoire\\\/#breadcrumb\",\"itemListElement\":[{\"@type\":\"ListItem\",\"position\":1,\"name\":\"Accueil\",\"item\":\"https:\\\/\\\/sud.svmep.ch\\\/svmep\\\/\"},{\"@type\":\"ListItem\",\"position\":2,\"name\":\"Classification des MEP\",\"item\":\"https:\\\/\\\/sud.svmep.ch\\\/svmep\\\/category\\\/classification-des-mep\\\/\"},{\"@type\":\"ListItem\",\"position\":3,\"name\":\"Remise de la p\u00e9tition pour une collocation juste dans tout l&rsquo;enseignement postobligatoire\"}]},{\"@type\":\"WebSite\",\"@id\":\"https:\\\/\\\/sud.svmep.ch\\\/svmep\\\/#website\",\"url\":\"https:\\\/\\\/sud.svmep.ch\\\/svmep\\\/\",\"name\":\"Syndicat vaudois des ma\u00eetres.ses de l'enseignement professionnel\",\"description\":\"\",\"publisher\":{\"@id\":\"https:\\\/\\\/sud.svmep.ch\\\/svmep\\\/#organization\"},\"alternateName\":\"SVMEP\",\"potentialAction\":[{\"@type\":\"SearchAction\",\"target\":{\"@type\":\"EntryPoint\",\"urlTemplate\":\"https:\\\/\\\/sud.svmep.ch\\\/svmep\\\/?s={search_term_string}\"},\"query-input\":{\"@type\":\"PropertyValueSpecification\",\"valueRequired\":true,\"valueName\":\"search_term_string\"}}],\"inLanguage\":\"fr-FR\"},{\"@type\":\"Organization\",\"@id\":\"https:\\\/\\\/sud.svmep.ch\\\/svmep\\\/#organization\",\"name\":\"Syndicat vaudois des ma\u00eetres.ses de l'enseignement professionnel SVMEP\",\"alternateName\":\"SVMEP\",\"url\":\"https:\\\/\\\/sud.svmep.ch\\\/svmep\\\/\",\"logo\":{\"@type\":\"ImageObject\",\"inLanguage\":\"fr-FR\",\"@id\":\"https:\\\/\\\/sud.svmep.ch\\\/svmep\\\/#\\\/schema\\\/logo\\\/image\\\/\",\"url\":\"https:\\\/\\\/sud.svmep.ch\\\/svmep\\\/wp-content\\\/uploads\\\/2024\\\/09\\\/svmep150x260.jpg\",\"contentUrl\":\"https:\\\/\\\/sud.svmep.ch\\\/svmep\\\/wp-content\\\/uploads\\\/2024\\\/09\\\/svmep150x260.jpg\",\"width\":226,\"height\":127,\"caption\":\"Syndicat vaudois des ma\u00eetres.ses de l'enseignement professionnel SVMEP\"},\"image\":{\"@id\":\"https:\\\/\\\/sud.svmep.ch\\\/svmep\\\/#\\\/schema\\\/logo\\\/image\\\/\"}},{\"@type\":\"Person\",\"@id\":\"https:\\\/\\\/sud.svmep.ch\\\/svmep\\\/#\\\/schema\\\/person\\\/c89c46f48a039b5e5bc4a8eeeab1aece\",\"name\":\"svmep-webmaster\",\"image\":{\"@type\":\"ImageObject\",\"inLanguage\":\"fr-FR\",\"@id\":\"https:\\\/\\\/secure.gravatar.com\\\/avatar\\\/75b5925b5ca4f3df48f6bb05f81ad13dab8238efffb28bf26c5f1682dff96ea6?s=96&d=mm&r=g\",\"url\":\"https:\\\/\\\/secure.gravatar.com\\\/avatar\\\/75b5925b5ca4f3df48f6bb05f81ad13dab8238efffb28bf26c5f1682dff96ea6?s=96&d=mm&r=g\",\"contentUrl\":\"https:\\\/\\\/secure.gravatar.com\\\/avatar\\\/75b5925b5ca4f3df48f6bb05f81ad13dab8238efffb28bf26c5f1682dff96ea6?s=96&d=mm&r=g\",\"caption\":\"svmep-webmaster\"}}]}<\/script>\n<!-- \/ Yoast SEO plugin. -->","yoast_head_json":{"title":"Remise de la p\u00e9tition pour une collocation juste dans tout l'enseignement postobligatoire - svmep.ch","robots":{"index":"index","follow":"follow","max-snippet":"max-snippet:-1","max-image-preview":"max-image-preview:large","max-video-preview":"max-video-preview:-1"},"canonical":"https:\/\/sud.svmep.ch\/svmep\/remise-de-la-petition-pour-une-collocation-juste-dans-tout-lenseignement-postobligatoire\/","og_locale":"fr_FR","og_type":"article","og_title":"Remise de la p\u00e9tition pour une collocation juste dans tout l'enseignement postobligatoire - svmep.ch","og_description":"3 f\u00e9vrier 2011 SUD-\u00c9ducation a lanc\u00e9 une p\u00e9tition pour demander une collocation juste dans tout l\u2019enseignement postobligatoire. L\u2019op\u00e9ration est un succ\u00e8s, nous avons d\u00e9j\u00e0 r\u00e9colt\u00e9 800 signatures et il y [&hellip;]","og_url":"https:\/\/sud.svmep.ch\/svmep\/remise-de-la-petition-pour-une-collocation-juste-dans-tout-lenseignement-postobligatoire\/","og_site_name":"svmep.ch","article_published_time":"2011-02-03T16:01:00+00:00","article_modified_time":"2024-10-22T09:29:03+00:00","og_image":[{"width":100,"height":100,"url":"https:\/\/sud.svmep.ch\/svmep\/wp-content\/uploads\/2005\/09\/jpg_logo2.jpg","type":"image\/jpeg"}],"author":"svmep-webmaster","twitter_card":"summary_large_image","schema":{"@context":"https:\/\/schema.org","@graph":[{"@type":"Article","@id":"https:\/\/sud.svmep.ch\/svmep\/remise-de-la-petition-pour-une-collocation-juste-dans-tout-lenseignement-postobligatoire\/#article","isPartOf":{"@id":"https:\/\/sud.svmep.ch\/svmep\/remise-de-la-petition-pour-une-collocation-juste-dans-tout-lenseignement-postobligatoire\/"},"author":{"name":"svmep-webmaster","@id":"https:\/\/sud.svmep.ch\/svmep\/#\/schema\/person\/c89c46f48a039b5e5bc4a8eeeab1aece"},"headline":"Remise de la p\u00e9tition pour une collocation juste dans tout l&rsquo;enseignement postobligatoire","datePublished":"2011-02-03T16:01:00+00:00","dateModified":"2024-10-22T09:29:03+00:00","mainEntityOfPage":{"@id":"https:\/\/sud.svmep.ch\/svmep\/remise-de-la-petition-pour-une-collocation-juste-dans-tout-lenseignement-postobligatoire\/"},"wordCount":95,"publisher":{"@id":"https:\/\/sud.svmep.ch\/svmep\/#organization"},"image":{"@id":"https:\/\/sud.svmep.ch\/svmep\/remise-de-la-petition-pour-une-collocation-juste-dans-tout-lenseignement-postobligatoire\/#primaryimage"},"thumbnailUrl":"https:\/\/sud.svmep.ch\/svmep\/wp-content\/uploads\/2005\/09\/jpg_logo2.jpg","keywords":["classification des MEP","mobilisation","salaire"],"articleSection":["Classification des MEP","Gazette SVMEP","SUD-\u00c9ducation"],"inLanguage":"fr-FR"},{"@type":"WebPage","@id":"https:\/\/sud.svmep.ch\/svmep\/remise-de-la-petition-pour-une-collocation-juste-dans-tout-lenseignement-postobligatoire\/","url":"https:\/\/sud.svmep.ch\/svmep\/remise-de-la-petition-pour-une-collocation-juste-dans-tout-lenseignement-postobligatoire\/","name":"Remise de la p\u00e9tition pour une collocation juste dans tout l'enseignement postobligatoire - svmep.ch","isPartOf":{"@id":"https:\/\/sud.svmep.ch\/svmep\/#website"},"primaryImageOfPage":{"@id":"https:\/\/sud.svmep.ch\/svmep\/remise-de-la-petition-pour-une-collocation-juste-dans-tout-lenseignement-postobligatoire\/#primaryimage"},"image":{"@id":"https:\/\/sud.svmep.ch\/svmep\/remise-de-la-petition-pour-une-collocation-juste-dans-tout-lenseignement-postobligatoire\/#primaryimage"},"thumbnailUrl":"https:\/\/sud.svmep.ch\/svmep\/wp-content\/uploads\/2005\/09\/jpg_logo2.jpg","datePublished":"2011-02-03T16:01:00+00:00","dateModified":"2024-10-22T09:29:03+00:00","breadcrumb":{"@id":"https:\/\/sud.svmep.ch\/svmep\/remise-de-la-petition-pour-une-collocation-juste-dans-tout-lenseignement-postobligatoire\/#breadcrumb"},"inLanguage":"fr-FR","potentialAction":[{"@type":"ReadAction","target":["https:\/\/sud.svmep.ch\/svmep\/remise-de-la-petition-pour-une-collocation-juste-dans-tout-lenseignement-postobligatoire\/"]}]},{"@type":"ImageObject","inLanguage":"fr-FR","@id":"https:\/\/sud.svmep.ch\/svmep\/remise-de-la-petition-pour-une-collocation-juste-dans-tout-lenseignement-postobligatoire\/#primaryimage","url":"https:\/\/sud.svmep.ch\/svmep\/wp-content\/uploads\/2005\/09\/jpg_logo2.jpg","contentUrl":"https:\/\/sud.svmep.ch\/svmep\/wp-content\/uploads\/2005\/09\/jpg_logo2.jpg","width":100,"height":100},{"@type":"BreadcrumbList","@id":"https:\/\/sud.svmep.ch\/svmep\/remise-de-la-petition-pour-une-collocation-juste-dans-tout-lenseignement-postobligatoire\/#breadcrumb","itemListElement":[{"@type":"ListItem","position":1,"name":"Accueil","item":"https:\/\/sud.svmep.ch\/svmep\/"},{"@type":"ListItem","position":2,"name":"Classification des MEP","item":"https:\/\/sud.svmep.ch\/svmep\/category\/classification-des-mep\/"},{"@type":"ListItem","position":3,"name":"Remise de la p\u00e9tition pour une collocation juste dans tout l&rsquo;enseignement postobligatoire"}]},{"@type":"WebSite","@id":"https:\/\/sud.svmep.ch\/svmep\/#website","url":"https:\/\/sud.svmep.ch\/svmep\/","name":"Syndicat vaudois des ma\u00eetres.ses de l'enseignement professionnel","description":"","publisher":{"@id":"https:\/\/sud.svmep.ch\/svmep\/#organization"},"alternateName":"SVMEP","potentialAction":[{"@type":"SearchAction","target":{"@type":"EntryPoint","urlTemplate":"https:\/\/sud.svmep.ch\/svmep\/?s={search_term_string}"},"query-input":{"@type":"PropertyValueSpecification","valueRequired":true,"valueName":"search_term_string"}}],"inLanguage":"fr-FR"},{"@type":"Organization","@id":"https:\/\/sud.svmep.ch\/svmep\/#organization","name":"Syndicat vaudois des ma\u00eetres.ses de l'enseignement professionnel SVMEP","alternateName":"SVMEP","url":"https:\/\/sud.svmep.ch\/svmep\/","logo":{"@type":"ImageObject","inLanguage":"fr-FR","@id":"https:\/\/sud.svmep.ch\/svmep\/#\/schema\/logo\/image\/","url":"https:\/\/sud.svmep.ch\/svmep\/wp-content\/uploads\/2024\/09\/svmep150x260.jpg","contentUrl":"https:\/\/sud.svmep.ch\/svmep\/wp-content\/uploads\/2024\/09\/svmep150x260.jpg","width":226,"height":127,"caption":"Syndicat vaudois des ma\u00eetres.ses de l'enseignement professionnel SVMEP"},"image":{"@id":"https:\/\/sud.svmep.ch\/svmep\/#\/schema\/logo\/image\/"}},{"@type":"Person","@id":"https:\/\/sud.svmep.ch\/svmep\/#\/schema\/person\/c89c46f48a039b5e5bc4a8eeeab1aece","name":"svmep-webmaster","image":{"@type":"ImageObject","inLanguage":"fr-FR","@id":"https:\/\/secure.gravatar.com\/avatar\/75b5925b5ca4f3df48f6bb05f81ad13dab8238efffb28bf26c5f1682dff96ea6?s=96&d=mm&r=g","url":"https:\/\/secure.gravatar.com\/avatar\/75b5925b5ca4f3df48f6bb05f81ad13dab8238efffb28bf26c5f1682dff96ea6?s=96&d=mm&r=g","contentUrl":"https:\/\/secure.gravatar.com\/avatar\/75b5925b5ca4f3df48f6bb05f81ad13dab8238efffb28bf26c5f1682dff96ea6?s=96&d=mm&r=g","caption":"svmep-webmaster"}}]}},"_links":{"self":[{"href":"https:\/\/sud.svmep.ch\/svmep\/wp-json\/wp\/v2\/posts\/1200","targetHints":{"allow":["GET"]}}],"collection":[{"href":"https:\/\/sud.svmep.ch\/svmep\/wp-json\/wp\/v2\/posts"}],"about":[{"href":"https:\/\/sud.svmep.ch\/svmep\/wp-json\/wp\/v2\/types\/post"}],"author":[{"embeddable":true,"href":"https:\/\/sud.svmep.ch\/svmep\/wp-json\/wp\/v2\/users\/4"}],"replies":[{"embeddable":true,"href":"https:\/\/sud.svmep.ch\/svmep\/wp-json\/wp\/v2\/comments?post=1200"}],"version-history":[{"count":0,"href":"https:\/\/sud.svmep.ch\/svmep\/wp-json\/wp\/v2\/posts\/1200\/revisions"}],"wp:featuredmedia":[{"embeddable":true,"href":"https:\/\/sud.svmep.ch\/svmep\/wp-json\/wp\/v2\/media\/354"}],"wp:attachment":[{"href":"https:\/\/sud.svmep.ch\/svmep\/wp-json\/wp\/v2\/media?parent=1200"}],"wp:term":[{"taxonomy":"category","embeddable":true,"href":"https:\/\/sud.svmep.ch\/svmep\/wp-json\/wp\/v2\/categories?post=1200"},{"taxonomy":"post_tag","embeddable":true,"href":"https:\/\/sud.svmep.ch\/svmep\/wp-json\/wp\/v2\/tags?post=1200"}],"curies":[{"name":"wp","href":"https:\/\/api.w.org\/{rel}","templated":true}]}}