{"id":128,"date":"2014-01-28T17:33:09","date_gmt":"2014-01-28T16:33:09","guid":{"rendered":"http:\/\/sud.svmep.ch\/?p=128"},"modified":"2024-10-12T17:36:45","modified_gmt":"2024-10-12T16:36:45","slug":"intervention-policiere","status":"publish","type":"post","link":"https:\/\/sud.svmep.ch\/svmep\/intervention-policiere\/","title":{"rendered":"Intervention polici\u00e8re \u00e0 l&rsquo;Eracom"},"content":{"rendered":"<p><span lang=\"FR\" style=\"font-family: 'Helvetica','sans-serif'; color: #333333;\">Le <span id=\"OBJ_PREFIX_DWT34\" class=\"Object\">mardi<\/span> <span id=\"OBJ_PREFIX_DWT35\" class=\"Object\">28 janvier 2014<\/span>, la police lausannoise, assist\u00e9e d\u2019un chien sp\u00e9cialis\u00e9 dans la recherche de drogues, a boucl\u00e9 le p\u00e9rim\u00e8tre d\u2019une \u00e9cole pour en contr\u00f4ler les quelque 500 \u00e9l\u00e8ves, \u00e2g\u00e9-e-s entre 15 et 25 ans.<\/span><\/p>\n<p><span lang=\"FR\" style=\"font-family: 'Helvetica','sans-serif'; color: #333333;\"> La presse a compar\u00e9 cette intervention \u00e0 l\u2019Ecole d\u2019art et de communication (ERACOM) \u00e0 d\u2019autres op\u00e9rations \u00ab\u00a0coups de poing\u00a0\u00bb de m\u00eame envergure men\u00e9es sur des places de la ville dans le but affich\u00e9 d\u2019arr\u00eater des dealers (Riponne et Chauderon).<\/span><\/p>\n<p>&nbsp;<\/p>\n<p><a href=\"http:\/\/sud.svmep.ch\/svmep\/wp-content\/uploads\/2014\/08\/Courrier-de-Sud-Education-\u00e0-la-Cheffe-du-Dpt.pdf\">Courrier de Sud-Education \u00e0 la Cheffe du D\u00e9partement<\/a><\/p>\n<p><a href=\"http:\/\/sud.svmep.ch\/svmep\/wp-content\/uploads\/2014\/08\/Communiqu\u00e9-du-GREA.pdf\">Communiqu\u00e9 du GREA<\/a><\/p>\n<p><a href=\"http:\/\/sud.svmep.ch\/svmep\/wp-content\/uploads\/2014\/08\/R\u00e9ponse-de-la-Cheffe-du-D\u00e9partement.pdf\">R\u00e9ponse de la Cheffe du D\u00e9partement<\/a><\/p>\n<p>&nbsp;<\/p>\n","protected":false},"excerpt":{"rendered":"<p>Le mardi 28 janvier 2014, la police lausannoise, assist\u00e9e d\u2019un chien sp\u00e9cialis\u00e9 dans la recherche de drogues, a boucl\u00e9 le p\u00e9rim\u00e8tre d\u2019une \u00e9cole pour en contr\u00f4ler les quelque 500 \u00e9l\u00e8ves, [&hellip;]<\/p>\n","protected":false},"author":2,"featured_media":0,"comment_status":"closed","ping_status":"closed","sticky":false,"template":"","format":"standard","meta":{"footnotes":""},"categories":[5],"tags":[29,34],"class_list":["post-128","post","type-post","status-publish","format-standard","hentry","category-sud-education","tag-apprenti-e-s","tag-eracom"],"yoast_head":"<!-- This site is optimized with the Yoast SEO plugin v27.4 - https:\/\/yoast.com\/product\/yoast-seo-wordpress\/ -->\n<title>Intervention polici\u00e8re \u00e0 l&#039;Eracom - svmep.ch<\/title>\n<meta name=\"robots\" content=\"index, follow, max-snippet:-1, max-image-preview:large, max-video-preview:-1\" \/>\n<link rel=\"canonical\" href=\"https:\/\/sud.svmep.ch\/svmep\/intervention-policiere\/\" \/>\n<meta property=\"og:locale\" content=\"fr_FR\" \/>\n<meta property=\"og:type\" content=\"article\" \/>\n<meta property=\"og:title\" content=\"Intervention polici\u00e8re \u00e0 l&#039;Eracom - svmep.ch\" \/>\n<meta property=\"og:description\" content=\"Le mardi 28 janvier 2014, la police lausannoise, assist\u00e9e d\u2019un chien sp\u00e9cialis\u00e9 dans la recherche de drogues, a boucl\u00e9 le p\u00e9rim\u00e8tre d\u2019une \u00e9cole pour en contr\u00f4ler les quelque 500 \u00e9l\u00e8ves, [&hellip;]\" \/>\n<meta property=\"og:url\" content=\"https:\/\/sud.svmep.ch\/svmep\/intervention-policiere\/\" \/>\n<meta property=\"og:site_name\" content=\"svmep.ch\" \/>\n<meta property=\"article:published_time\" content=\"2014-01-28T16:33:09+00:00\" \/>\n<meta property=\"article:modified_time\" content=\"2024-10-12T16:36:45+00:00\" \/>\n<meta name=\"twitter:card\" content=\"summary_large_image\" \/>\n<script type=\"application\/ld+json\" class=\"yoast-schema-graph\">{\"@context\":\"https:\\\/\\\/schema.org\",\"@graph\":[{\"@type\":\"Article\",\"@id\":\"https:\\\/\\\/sud.svmep.ch\\\/svmep\\\/intervention-policiere\\\/#article\",\"isPartOf\":{\"@id\":\"https:\\\/\\\/sud.svmep.ch\\\/svmep\\\/intervention-policiere\\\/\"},\"author\":{\"name\":\"\",\"@id\":\"\"},\"headline\":\"Intervention polici\u00e8re \u00e0 l&rsquo;Eracom\",\"datePublished\":\"2014-01-28T16:33:09+00:00\",\"dateModified\":\"2024-10-12T16:36:45+00:00\",\"mainEntityOfPage\":{\"@id\":\"https:\\\/\\\/sud.svmep.ch\\\/svmep\\\/intervention-policiere\\\/\"},\"wordCount\":110,\"publisher\":{\"@id\":\"https:\\\/\\\/sud.svmep.ch\\\/svmep\\\/#organization\"},\"keywords\":[\"apprenti.e.s\",\"eracom\"],\"articleSection\":[\"SUD-\u00c9ducation\"],\"inLanguage\":\"fr-FR\"},{\"@type\":\"WebPage\",\"@id\":\"https:\\\/\\\/sud.svmep.ch\\\/svmep\\\/intervention-policiere\\\/\",\"url\":\"https:\\\/\\\/sud.svmep.ch\\\/svmep\\\/intervention-policiere\\\/\",\"name\":\"Intervention polici\u00e8re \u00e0 l'Eracom - svmep.ch\",\"isPartOf\":{\"@id\":\"https:\\\/\\\/sud.svmep.ch\\\/svmep\\\/#website\"},\"datePublished\":\"2014-01-28T16:33:09+00:00\",\"dateModified\":\"2024-10-12T16:36:45+00:00\",\"breadcrumb\":{\"@id\":\"https:\\\/\\\/sud.svmep.ch\\\/svmep\\\/intervention-policiere\\\/#breadcrumb\"},\"inLanguage\":\"fr-FR\",\"potentialAction\":[{\"@type\":\"ReadAction\",\"target\":[\"https:\\\/\\\/sud.svmep.ch\\\/svmep\\\/intervention-policiere\\\/\"]}]},{\"@type\":\"BreadcrumbList\",\"@id\":\"https:\\\/\\\/sud.svmep.ch\\\/svmep\\\/intervention-policiere\\\/#breadcrumb\",\"itemListElement\":[{\"@type\":\"ListItem\",\"position\":1,\"name\":\"Accueil\",\"item\":\"https:\\\/\\\/sud.svmep.ch\\\/svmep\\\/\"},{\"@type\":\"ListItem\",\"position\":2,\"name\":\"SUD-\u00c9ducation\",\"item\":\"https:\\\/\\\/sud.svmep.ch\\\/svmep\\\/category\\\/sud-education\\\/\"},{\"@type\":\"ListItem\",\"position\":3,\"name\":\"Intervention polici\u00e8re \u00e0 l&rsquo;Eracom\"}]},{\"@type\":\"WebSite\",\"@id\":\"https:\\\/\\\/sud.svmep.ch\\\/svmep\\\/#website\",\"url\":\"https:\\\/\\\/sud.svmep.ch\\\/svmep\\\/\",\"name\":\"Syndicat vaudois des ma\u00eetres.ses de l'enseignement professionnel\",\"description\":\"\",\"publisher\":{\"@id\":\"https:\\\/\\\/sud.svmep.ch\\\/svmep\\\/#organization\"},\"alternateName\":\"SVMEP\",\"potentialAction\":[{\"@type\":\"SearchAction\",\"target\":{\"@type\":\"EntryPoint\",\"urlTemplate\":\"https:\\\/\\\/sud.svmep.ch\\\/svmep\\\/?s={search_term_string}\"},\"query-input\":{\"@type\":\"PropertyValueSpecification\",\"valueRequired\":true,\"valueName\":\"search_term_string\"}}],\"inLanguage\":\"fr-FR\"},{\"@type\":\"Organization\",\"@id\":\"https:\\\/\\\/sud.svmep.ch\\\/svmep\\\/#organization\",\"name\":\"Syndicat vaudois des ma\u00eetres.ses de l'enseignement professionnel SVMEP\",\"alternateName\":\"SVMEP\",\"url\":\"https:\\\/\\\/sud.svmep.ch\\\/svmep\\\/\",\"logo\":{\"@type\":\"ImageObject\",\"inLanguage\":\"fr-FR\",\"@id\":\"https:\\\/\\\/sud.svmep.ch\\\/svmep\\\/#\\\/schema\\\/logo\\\/image\\\/\",\"url\":\"https:\\\/\\\/sud.svmep.ch\\\/svmep\\\/wp-content\\\/uploads\\\/2024\\\/09\\\/svmep150x260.jpg\",\"contentUrl\":\"https:\\\/\\\/sud.svmep.ch\\\/svmep\\\/wp-content\\\/uploads\\\/2024\\\/09\\\/svmep150x260.jpg\",\"width\":226,\"height\":127,\"caption\":\"Syndicat vaudois des ma\u00eetres.ses de l'enseignement professionnel SVMEP\"},\"image\":{\"@id\":\"https:\\\/\\\/sud.svmep.ch\\\/svmep\\\/#\\\/schema\\\/logo\\\/image\\\/\"}},{\"@type\":\"Person\",\"@id\":\"\"}]}<\/script>\n<!-- \/ Yoast SEO plugin. -->","yoast_head_json":{"title":"Intervention polici\u00e8re \u00e0 l'Eracom - svmep.ch","robots":{"index":"index","follow":"follow","max-snippet":"max-snippet:-1","max-image-preview":"max-image-preview:large","max-video-preview":"max-video-preview:-1"},"canonical":"https:\/\/sud.svmep.ch\/svmep\/intervention-policiere\/","og_locale":"fr_FR","og_type":"article","og_title":"Intervention polici\u00e8re \u00e0 l'Eracom - svmep.ch","og_description":"Le mardi 28 janvier 2014, la police lausannoise, assist\u00e9e d\u2019un chien sp\u00e9cialis\u00e9 dans la recherche de drogues, a boucl\u00e9 le p\u00e9rim\u00e8tre d\u2019une \u00e9cole pour en contr\u00f4ler les quelque 500 \u00e9l\u00e8ves, [&hellip;]","og_url":"https:\/\/sud.svmep.ch\/svmep\/intervention-policiere\/","og_site_name":"svmep.ch","article_published_time":"2014-01-28T16:33:09+00:00","article_modified_time":"2024-10-12T16:36:45+00:00","twitter_card":"summary_large_image","schema":{"@context":"https:\/\/schema.org","@graph":[{"@type":"Article","@id":"https:\/\/sud.svmep.ch\/svmep\/intervention-policiere\/#article","isPartOf":{"@id":"https:\/\/sud.svmep.ch\/svmep\/intervention-policiere\/"},"author":{"name":"","@id":""},"headline":"Intervention polici\u00e8re \u00e0 l&rsquo;Eracom","datePublished":"2014-01-28T16:33:09+00:00","dateModified":"2024-10-12T16:36:45+00:00","mainEntityOfPage":{"@id":"https:\/\/sud.svmep.ch\/svmep\/intervention-policiere\/"},"wordCount":110,"publisher":{"@id":"https:\/\/sud.svmep.ch\/svmep\/#organization"},"keywords":["apprenti.e.s","eracom"],"articleSection":["SUD-\u00c9ducation"],"inLanguage":"fr-FR"},{"@type":"WebPage","@id":"https:\/\/sud.svmep.ch\/svmep\/intervention-policiere\/","url":"https:\/\/sud.svmep.ch\/svmep\/intervention-policiere\/","name":"Intervention polici\u00e8re \u00e0 l'Eracom - svmep.ch","isPartOf":{"@id":"https:\/\/sud.svmep.ch\/svmep\/#website"},"datePublished":"2014-01-28T16:33:09+00:00","dateModified":"2024-10-12T16:36:45+00:00","breadcrumb":{"@id":"https:\/\/sud.svmep.ch\/svmep\/intervention-policiere\/#breadcrumb"},"inLanguage":"fr-FR","potentialAction":[{"@type":"ReadAction","target":["https:\/\/sud.svmep.ch\/svmep\/intervention-policiere\/"]}]},{"@type":"BreadcrumbList","@id":"https:\/\/sud.svmep.ch\/svmep\/intervention-policiere\/#breadcrumb","itemListElement":[{"@type":"ListItem","position":1,"name":"Accueil","item":"https:\/\/sud.svmep.ch\/svmep\/"},{"@type":"ListItem","position":2,"name":"SUD-\u00c9ducation","item":"https:\/\/sud.svmep.ch\/svmep\/category\/sud-education\/"},{"@type":"ListItem","position":3,"name":"Intervention polici\u00e8re \u00e0 l&rsquo;Eracom"}]},{"@type":"WebSite","@id":"https:\/\/sud.svmep.ch\/svmep\/#website","url":"https:\/\/sud.svmep.ch\/svmep\/","name":"Syndicat vaudois des ma\u00eetres.ses de l'enseignement professionnel","description":"","publisher":{"@id":"https:\/\/sud.svmep.ch\/svmep\/#organization"},"alternateName":"SVMEP","potentialAction":[{"@type":"SearchAction","target":{"@type":"EntryPoint","urlTemplate":"https:\/\/sud.svmep.ch\/svmep\/?s={search_term_string}"},"query-input":{"@type":"PropertyValueSpecification","valueRequired":true,"valueName":"search_term_string"}}],"inLanguage":"fr-FR"},{"@type":"Organization","@id":"https:\/\/sud.svmep.ch\/svmep\/#organization","name":"Syndicat vaudois des ma\u00eetres.ses de l'enseignement professionnel SVMEP","alternateName":"SVMEP","url":"https:\/\/sud.svmep.ch\/svmep\/","logo":{"@type":"ImageObject","inLanguage":"fr-FR","@id":"https:\/\/sud.svmep.ch\/svmep\/#\/schema\/logo\/image\/","url":"https:\/\/sud.svmep.ch\/svmep\/wp-content\/uploads\/2024\/09\/svmep150x260.jpg","contentUrl":"https:\/\/sud.svmep.ch\/svmep\/wp-content\/uploads\/2024\/09\/svmep150x260.jpg","width":226,"height":127,"caption":"Syndicat vaudois des ma\u00eetres.ses de l'enseignement professionnel SVMEP"},"image":{"@id":"https:\/\/sud.svmep.ch\/svmep\/#\/schema\/logo\/image\/"}},{"@type":"Person","@id":""}]}},"_links":{"self":[{"href":"https:\/\/sud.svmep.ch\/svmep\/wp-json\/wp\/v2\/posts\/128","targetHints":{"allow":["GET"]}}],"collection":[{"href":"https:\/\/sud.svmep.ch\/svmep\/wp-json\/wp\/v2\/posts"}],"about":[{"href":"https:\/\/sud.svmep.ch\/svmep\/wp-json\/wp\/v2\/types\/post"}],"author":[{"embeddable":true,"href":"https:\/\/sud.svmep.ch\/svmep\/wp-json\/wp\/v2\/users\/2"}],"replies":[{"embeddable":true,"href":"https:\/\/sud.svmep.ch\/svmep\/wp-json\/wp\/v2\/comments?post=128"}],"version-history":[{"count":0,"href":"https:\/\/sud.svmep.ch\/svmep\/wp-json\/wp\/v2\/posts\/128\/revisions"}],"wp:attachment":[{"href":"https:\/\/sud.svmep.ch\/svmep\/wp-json\/wp\/v2\/media?parent=128"}],"wp:term":[{"taxonomy":"category","embeddable":true,"href":"https:\/\/sud.svmep.ch\/svmep\/wp-json\/wp\/v2\/categories?post=128"},{"taxonomy":"post_tag","embeddable":true,"href":"https:\/\/sud.svmep.ch\/svmep\/wp-json\/wp\/v2\/tags?post=128"}],"curies":[{"name":"wp","href":"https:\/\/api.w.org\/{rel}","templated":true}]}}