{"id":1320,"date":"2020-11-29T06:27:10","date_gmt":"2020-11-29T05:27:10","guid":{"rendered":"https:\/\/sud.svmep.ch\/?p=1320"},"modified":"2025-09-21T17:18:51","modified_gmt":"2025-09-21T16:18:51","slug":"nous-les-enseignant-e-s-faisons-un-travail-expose","status":"publish","type":"post","link":"https:\/\/sud.svmep.ch\/svmep\/nous-les-enseignant-e-s-faisons-un-travail-expose\/","title":{"rendered":"Nous, les enseignant.e.s, faisons un travail expos\u00e9"},"content":{"rendered":"<p><strong>SUD-\u00c9ducation publie un num\u00e9ro d&rsquo;<em>\u00c9cole \u00e9mancip\u00e9e<\/em> qui traite des diverses facettes de la fragilit\u00e9 de la position du corps enseignant. \u00c0 lire ci-dessous.<br \/><\/strong><\/p>\n\n\n<blockquote class=\"wp-block-quote is-layout-flow wp-block-quote-is-layout-flow\">\n<p>Nous, enseignant.e.s, faisons un travail expos\u00e9. \u00c0 tout moment, nous exer\u00e7ons sous le regard direct de nos \u00e9l\u00e8ves et indirect de leurs parents, et nous sommes surveill\u00e9.e.s de pr\u00e8s ou de loin par les diff\u00e9rents niveaux de la hi\u00e9rarchie, \u00e0 commencer par les directions. Cette position constitue un \u00e9tat de fragilit\u00e9 sp\u00e9cifique. Il ne s\u2019agit pas de se plaindre de cette position expos\u00e9e, mais de la reconna\u00eetre comme un fait constitutif du m\u00e9tier enseignant, et qui appelle donc une analyse et des r\u00e9ponses.<\/p>\n<\/blockquote>\n\n\n\n<div data-wp-interactive=\"core\/file\" class=\"wp-block-file\"><object data-wp-bind--hidden=\"!state.hasPdfPreview\" hidden class=\"wp-block-file__embed\" data=\"https:\/\/sud.svmep.ch\/svmep\/wp-content\/uploads\/2024\/10\/2020-11_EE_exposes.pdf\" type=\"application\/pdf\" style=\"width:100%;height:600px\" aria-label=\"Contenu embarqu\u00e9 \u00c9cole \u00e9mancip\u00e9e novembre 2020.\"><\/object><a id=\"wp-block-file--media-c884531f-0b8d-477d-8a5b-7218c7dfff37\" href=\"https:\/\/sud.svmep.ch\/svmep\/wp-content\/uploads\/2024\/10\/2020-11_EE_exposes.pdf\" target=\"_blank\" rel=\"noreferrer noopener\">\u00c9cole \u00e9mancip\u00e9e novembre 2020<\/a><a href=\"https:\/\/sud.svmep.ch\/svmep\/wp-content\/uploads\/2024\/10\/2020-11_EE_exposes.pdf\" class=\"wp-block-file__button wp-element-button\" download aria-describedby=\"wp-block-file--media-c884531f-0b8d-477d-8a5b-7218c7dfff37\">T\u00e9l\u00e9charger<\/a><\/div>\n","protected":false},"excerpt":{"rendered":"<p>SUD-\u00c9ducation publie un num\u00e9ro d&rsquo;\u00c9cole \u00e9mancip\u00e9e qui traite des diverses facettes de la fragilit\u00e9 de la position du corps enseignant. \u00c0 lire ci-dessous. Nous, enseignant.e.s, faisons un travail expos\u00e9. \u00c0 [&hellip;]<\/p>\n","protected":false},"author":4,"featured_media":1542,"comment_status":"closed","ping_status":"closed","sticky":false,"template":"","format":"standard","meta":{"footnotes":""},"categories":[5],"tags":[45],"class_list":["post-1320","post","type-post","status-publish","format-standard","has-post-thumbnail","hentry","category-sud-education","tag-enseignement"],"yoast_head":"<!-- This site is optimized with the Yoast SEO plugin v27.4 - https:\/\/yoast.com\/product\/yoast-seo-wordpress\/ -->\n<title>Nous, les enseignant.e.s, faisons un travail expos\u00e9 - svmep.ch<\/title>\n<meta name=\"description\" content=\"SUD-\u00c9ducation publie un num\u00e9ro d&#039;\u00c9cole \u00e9mancip\u00e9e qui traite des diverses facettes de la fragilit\u00e9 de la position du corps enseignant.\" \/>\n<meta name=\"robots\" content=\"index, follow, max-snippet:-1, max-image-preview:large, max-video-preview:-1\" \/>\n<link rel=\"canonical\" href=\"https:\/\/sud.svmep.ch\/svmep\/nous-les-enseignant-e-s-faisons-un-travail-expose\/\" \/>\n<meta property=\"og:locale\" content=\"fr_FR\" \/>\n<meta property=\"og:type\" content=\"article\" \/>\n<meta property=\"og:title\" content=\"Nous, les enseignant.e.s, faisons un travail expos\u00e9 - svmep.ch\" \/>\n<meta property=\"og:description\" content=\"SUD-\u00c9ducation publie un num\u00e9ro d&#039;\u00c9cole \u00e9mancip\u00e9e qui traite des diverses facettes de la fragilit\u00e9 de la position du corps enseignant.\" \/>\n<meta property=\"og:url\" content=\"https:\/\/sud.svmep.ch\/svmep\/nous-les-enseignant-e-s-faisons-un-travail-expose\/\" \/>\n<meta property=\"og:site_name\" content=\"svmep.ch\" \/>\n<meta property=\"article:published_time\" content=\"2020-11-29T05:27:10+00:00\" \/>\n<meta property=\"article:modified_time\" content=\"2025-09-21T16:18:51+00:00\" \/>\n<meta property=\"og:image\" content=\"https:\/\/sud.svmep.ch\/svmep\/wp-content\/uploads\/2024\/11\/logo_SUD-educ-copie.png\" \/>\n\t<meta property=\"og:image:width\" content=\"212\" \/>\n\t<meta property=\"og:image:height\" content=\"211\" \/>\n\t<meta property=\"og:image:type\" content=\"image\/png\" \/>\n<meta name=\"author\" content=\"svmep-webmaster\" \/>\n<meta name=\"twitter:card\" content=\"summary_large_image\" \/>\n<script type=\"application\/ld+json\" class=\"yoast-schema-graph\">{\"@context\":\"https:\\\/\\\/schema.org\",\"@graph\":[{\"@type\":\"Article\",\"@id\":\"https:\\\/\\\/sud.svmep.ch\\\/svmep\\\/nous-les-enseignant-e-s-faisons-un-travail-expose\\\/#article\",\"isPartOf\":{\"@id\":\"https:\\\/\\\/sud.svmep.ch\\\/svmep\\\/nous-les-enseignant-e-s-faisons-un-travail-expose\\\/\"},\"author\":{\"name\":\"svmep-webmaster\",\"@id\":\"https:\\\/\\\/sud.svmep.ch\\\/svmep\\\/#\\\/schema\\\/person\\\/c89c46f48a039b5e5bc4a8eeeab1aece\"},\"headline\":\"Nous, les enseignant.e.s, faisons un travail expos\u00e9\",\"datePublished\":\"2020-11-29T05:27:10+00:00\",\"dateModified\":\"2025-09-21T16:18:51+00:00\",\"mainEntityOfPage\":{\"@id\":\"https:\\\/\\\/sud.svmep.ch\\\/svmep\\\/nous-les-enseignant-e-s-faisons-un-travail-expose\\\/\"},\"wordCount\":138,\"publisher\":{\"@id\":\"https:\\\/\\\/sud.svmep.ch\\\/svmep\\\/#organization\"},\"image\":{\"@id\":\"https:\\\/\\\/sud.svmep.ch\\\/svmep\\\/nous-les-enseignant-e-s-faisons-un-travail-expose\\\/#primaryimage\"},\"thumbnailUrl\":\"https:\\\/\\\/sud.svmep.ch\\\/svmep\\\/wp-content\\\/uploads\\\/2024\\\/11\\\/logo_SUD-educ-copie.png\",\"keywords\":[\"enseignement\"],\"articleSection\":[\"SUD-\u00c9ducation\"],\"inLanguage\":\"fr-FR\"},{\"@type\":\"WebPage\",\"@id\":\"https:\\\/\\\/sud.svmep.ch\\\/svmep\\\/nous-les-enseignant-e-s-faisons-un-travail-expose\\\/\",\"url\":\"https:\\\/\\\/sud.svmep.ch\\\/svmep\\\/nous-les-enseignant-e-s-faisons-un-travail-expose\\\/\",\"name\":\"Nous, les enseignant.e.s, faisons un travail expos\u00e9 - svmep.ch\",\"isPartOf\":{\"@id\":\"https:\\\/\\\/sud.svmep.ch\\\/svmep\\\/#website\"},\"primaryImageOfPage\":{\"@id\":\"https:\\\/\\\/sud.svmep.ch\\\/svmep\\\/nous-les-enseignant-e-s-faisons-un-travail-expose\\\/#primaryimage\"},\"image\":{\"@id\":\"https:\\\/\\\/sud.svmep.ch\\\/svmep\\\/nous-les-enseignant-e-s-faisons-un-travail-expose\\\/#primaryimage\"},\"thumbnailUrl\":\"https:\\\/\\\/sud.svmep.ch\\\/svmep\\\/wp-content\\\/uploads\\\/2024\\\/11\\\/logo_SUD-educ-copie.png\",\"datePublished\":\"2020-11-29T05:27:10+00:00\",\"dateModified\":\"2025-09-21T16:18:51+00:00\",\"description\":\"SUD-\u00c9ducation publie un num\u00e9ro d'\u00c9cole \u00e9mancip\u00e9e qui traite des diverses facettes de la fragilit\u00e9 de la position du corps enseignant.\",\"breadcrumb\":{\"@id\":\"https:\\\/\\\/sud.svmep.ch\\\/svmep\\\/nous-les-enseignant-e-s-faisons-un-travail-expose\\\/#breadcrumb\"},\"inLanguage\":\"fr-FR\",\"potentialAction\":[{\"@type\":\"ReadAction\",\"target\":[\"https:\\\/\\\/sud.svmep.ch\\\/svmep\\\/nous-les-enseignant-e-s-faisons-un-travail-expose\\\/\"]}]},{\"@type\":\"ImageObject\",\"inLanguage\":\"fr-FR\",\"@id\":\"https:\\\/\\\/sud.svmep.ch\\\/svmep\\\/nous-les-enseignant-e-s-faisons-un-travail-expose\\\/#primaryimage\",\"url\":\"https:\\\/\\\/sud.svmep.ch\\\/svmep\\\/wp-content\\\/uploads\\\/2024\\\/11\\\/logo_SUD-educ-copie.png\",\"contentUrl\":\"https:\\\/\\\/sud.svmep.ch\\\/svmep\\\/wp-content\\\/uploads\\\/2024\\\/11\\\/logo_SUD-educ-copie.png\",\"width\":212,\"height\":211},{\"@type\":\"BreadcrumbList\",\"@id\":\"https:\\\/\\\/sud.svmep.ch\\\/svmep\\\/nous-les-enseignant-e-s-faisons-un-travail-expose\\\/#breadcrumb\",\"itemListElement\":[{\"@type\":\"ListItem\",\"position\":1,\"name\":\"Accueil\",\"item\":\"https:\\\/\\\/sud.svmep.ch\\\/svmep\\\/\"},{\"@type\":\"ListItem\",\"position\":2,\"name\":\"SUD-\u00c9ducation\",\"item\":\"https:\\\/\\\/sud.svmep.ch\\\/svmep\\\/category\\\/sud-education\\\/\"},{\"@type\":\"ListItem\",\"position\":3,\"name\":\"Nous, les enseignant.e.s, faisons un travail expos\u00e9\"}]},{\"@type\":\"WebSite\",\"@id\":\"https:\\\/\\\/sud.svmep.ch\\\/svmep\\\/#website\",\"url\":\"https:\\\/\\\/sud.svmep.ch\\\/svmep\\\/\",\"name\":\"Syndicat vaudois des ma\u00eetres.ses de l'enseignement professionnel\",\"description\":\"\",\"publisher\":{\"@id\":\"https:\\\/\\\/sud.svmep.ch\\\/svmep\\\/#organization\"},\"alternateName\":\"SVMEP\",\"potentialAction\":[{\"@type\":\"SearchAction\",\"target\":{\"@type\":\"EntryPoint\",\"urlTemplate\":\"https:\\\/\\\/sud.svmep.ch\\\/svmep\\\/?s={search_term_string}\"},\"query-input\":{\"@type\":\"PropertyValueSpecification\",\"valueRequired\":true,\"valueName\":\"search_term_string\"}}],\"inLanguage\":\"fr-FR\"},{\"@type\":\"Organization\",\"@id\":\"https:\\\/\\\/sud.svmep.ch\\\/svmep\\\/#organization\",\"name\":\"Syndicat vaudois des ma\u00eetres.ses de l'enseignement professionnel SVMEP\",\"alternateName\":\"SVMEP\",\"url\":\"https:\\\/\\\/sud.svmep.ch\\\/svmep\\\/\",\"logo\":{\"@type\":\"ImageObject\",\"inLanguage\":\"fr-FR\",\"@id\":\"https:\\\/\\\/sud.svmep.ch\\\/svmep\\\/#\\\/schema\\\/logo\\\/image\\\/\",\"url\":\"https:\\\/\\\/sud.svmep.ch\\\/svmep\\\/wp-content\\\/uploads\\\/2024\\\/09\\\/svmep150x260.jpg\",\"contentUrl\":\"https:\\\/\\\/sud.svmep.ch\\\/svmep\\\/wp-content\\\/uploads\\\/2024\\\/09\\\/svmep150x260.jpg\",\"width\":226,\"height\":127,\"caption\":\"Syndicat vaudois des ma\u00eetres.ses de l'enseignement professionnel SVMEP\"},\"image\":{\"@id\":\"https:\\\/\\\/sud.svmep.ch\\\/svmep\\\/#\\\/schema\\\/logo\\\/image\\\/\"}},{\"@type\":\"Person\",\"@id\":\"https:\\\/\\\/sud.svmep.ch\\\/svmep\\\/#\\\/schema\\\/person\\\/c89c46f48a039b5e5bc4a8eeeab1aece\",\"name\":\"svmep-webmaster\",\"image\":{\"@type\":\"ImageObject\",\"inLanguage\":\"fr-FR\",\"@id\":\"https:\\\/\\\/secure.gravatar.com\\\/avatar\\\/75b5925b5ca4f3df48f6bb05f81ad13dab8238efffb28bf26c5f1682dff96ea6?s=96&d=mm&r=g\",\"url\":\"https:\\\/\\\/secure.gravatar.com\\\/avatar\\\/75b5925b5ca4f3df48f6bb05f81ad13dab8238efffb28bf26c5f1682dff96ea6?s=96&d=mm&r=g\",\"contentUrl\":\"https:\\\/\\\/secure.gravatar.com\\\/avatar\\\/75b5925b5ca4f3df48f6bb05f81ad13dab8238efffb28bf26c5f1682dff96ea6?s=96&d=mm&r=g\",\"caption\":\"svmep-webmaster\"}}]}<\/script>\n<!-- \/ Yoast SEO plugin. -->","yoast_head_json":{"title":"Nous, les enseignant.e.s, faisons un travail expos\u00e9 - svmep.ch","description":"SUD-\u00c9ducation publie un num\u00e9ro d'\u00c9cole \u00e9mancip\u00e9e qui traite des diverses facettes de la fragilit\u00e9 de la position du corps enseignant.","robots":{"index":"index","follow":"follow","max-snippet":"max-snippet:-1","max-image-preview":"max-image-preview:large","max-video-preview":"max-video-preview:-1"},"canonical":"https:\/\/sud.svmep.ch\/svmep\/nous-les-enseignant-e-s-faisons-un-travail-expose\/","og_locale":"fr_FR","og_type":"article","og_title":"Nous, les enseignant.e.s, faisons un travail expos\u00e9 - svmep.ch","og_description":"SUD-\u00c9ducation publie un num\u00e9ro d'\u00c9cole \u00e9mancip\u00e9e qui traite des diverses facettes de la fragilit\u00e9 de la position du corps enseignant.","og_url":"https:\/\/sud.svmep.ch\/svmep\/nous-les-enseignant-e-s-faisons-un-travail-expose\/","og_site_name":"svmep.ch","article_published_time":"2020-11-29T05:27:10+00:00","article_modified_time":"2025-09-21T16:18:51+00:00","og_image":[{"width":212,"height":211,"url":"https:\/\/sud.svmep.ch\/svmep\/wp-content\/uploads\/2024\/11\/logo_SUD-educ-copie.png","type":"image\/png"}],"author":"svmep-webmaster","twitter_card":"summary_large_image","schema":{"@context":"https:\/\/schema.org","@graph":[{"@type":"Article","@id":"https:\/\/sud.svmep.ch\/svmep\/nous-les-enseignant-e-s-faisons-un-travail-expose\/#article","isPartOf":{"@id":"https:\/\/sud.svmep.ch\/svmep\/nous-les-enseignant-e-s-faisons-un-travail-expose\/"},"author":{"name":"svmep-webmaster","@id":"https:\/\/sud.svmep.ch\/svmep\/#\/schema\/person\/c89c46f48a039b5e5bc4a8eeeab1aece"},"headline":"Nous, les enseignant.e.s, faisons un travail expos\u00e9","datePublished":"2020-11-29T05:27:10+00:00","dateModified":"2025-09-21T16:18:51+00:00","mainEntityOfPage":{"@id":"https:\/\/sud.svmep.ch\/svmep\/nous-les-enseignant-e-s-faisons-un-travail-expose\/"},"wordCount":138,"publisher":{"@id":"https:\/\/sud.svmep.ch\/svmep\/#organization"},"image":{"@id":"https:\/\/sud.svmep.ch\/svmep\/nous-les-enseignant-e-s-faisons-un-travail-expose\/#primaryimage"},"thumbnailUrl":"https:\/\/sud.svmep.ch\/svmep\/wp-content\/uploads\/2024\/11\/logo_SUD-educ-copie.png","keywords":["enseignement"],"articleSection":["SUD-\u00c9ducation"],"inLanguage":"fr-FR"},{"@type":"WebPage","@id":"https:\/\/sud.svmep.ch\/svmep\/nous-les-enseignant-e-s-faisons-un-travail-expose\/","url":"https:\/\/sud.svmep.ch\/svmep\/nous-les-enseignant-e-s-faisons-un-travail-expose\/","name":"Nous, les enseignant.e.s, faisons un travail expos\u00e9 - svmep.ch","isPartOf":{"@id":"https:\/\/sud.svmep.ch\/svmep\/#website"},"primaryImageOfPage":{"@id":"https:\/\/sud.svmep.ch\/svmep\/nous-les-enseignant-e-s-faisons-un-travail-expose\/#primaryimage"},"image":{"@id":"https:\/\/sud.svmep.ch\/svmep\/nous-les-enseignant-e-s-faisons-un-travail-expose\/#primaryimage"},"thumbnailUrl":"https:\/\/sud.svmep.ch\/svmep\/wp-content\/uploads\/2024\/11\/logo_SUD-educ-copie.png","datePublished":"2020-11-29T05:27:10+00:00","dateModified":"2025-09-21T16:18:51+00:00","description":"SUD-\u00c9ducation publie un num\u00e9ro d'\u00c9cole \u00e9mancip\u00e9e qui traite des diverses facettes de la fragilit\u00e9 de la position du corps enseignant.","breadcrumb":{"@id":"https:\/\/sud.svmep.ch\/svmep\/nous-les-enseignant-e-s-faisons-un-travail-expose\/#breadcrumb"},"inLanguage":"fr-FR","potentialAction":[{"@type":"ReadAction","target":["https:\/\/sud.svmep.ch\/svmep\/nous-les-enseignant-e-s-faisons-un-travail-expose\/"]}]},{"@type":"ImageObject","inLanguage":"fr-FR","@id":"https:\/\/sud.svmep.ch\/svmep\/nous-les-enseignant-e-s-faisons-un-travail-expose\/#primaryimage","url":"https:\/\/sud.svmep.ch\/svmep\/wp-content\/uploads\/2024\/11\/logo_SUD-educ-copie.png","contentUrl":"https:\/\/sud.svmep.ch\/svmep\/wp-content\/uploads\/2024\/11\/logo_SUD-educ-copie.png","width":212,"height":211},{"@type":"BreadcrumbList","@id":"https:\/\/sud.svmep.ch\/svmep\/nous-les-enseignant-e-s-faisons-un-travail-expose\/#breadcrumb","itemListElement":[{"@type":"ListItem","position":1,"name":"Accueil","item":"https:\/\/sud.svmep.ch\/svmep\/"},{"@type":"ListItem","position":2,"name":"SUD-\u00c9ducation","item":"https:\/\/sud.svmep.ch\/svmep\/category\/sud-education\/"},{"@type":"ListItem","position":3,"name":"Nous, les enseignant.e.s, faisons un travail expos\u00e9"}]},{"@type":"WebSite","@id":"https:\/\/sud.svmep.ch\/svmep\/#website","url":"https:\/\/sud.svmep.ch\/svmep\/","name":"Syndicat vaudois des ma\u00eetres.ses de l'enseignement professionnel","description":"","publisher":{"@id":"https:\/\/sud.svmep.ch\/svmep\/#organization"},"alternateName":"SVMEP","potentialAction":[{"@type":"SearchAction","target":{"@type":"EntryPoint","urlTemplate":"https:\/\/sud.svmep.ch\/svmep\/?s={search_term_string}"},"query-input":{"@type":"PropertyValueSpecification","valueRequired":true,"valueName":"search_term_string"}}],"inLanguage":"fr-FR"},{"@type":"Organization","@id":"https:\/\/sud.svmep.ch\/svmep\/#organization","name":"Syndicat vaudois des ma\u00eetres.ses de l'enseignement professionnel SVMEP","alternateName":"SVMEP","url":"https:\/\/sud.svmep.ch\/svmep\/","logo":{"@type":"ImageObject","inLanguage":"fr-FR","@id":"https:\/\/sud.svmep.ch\/svmep\/#\/schema\/logo\/image\/","url":"https:\/\/sud.svmep.ch\/svmep\/wp-content\/uploads\/2024\/09\/svmep150x260.jpg","contentUrl":"https:\/\/sud.svmep.ch\/svmep\/wp-content\/uploads\/2024\/09\/svmep150x260.jpg","width":226,"height":127,"caption":"Syndicat vaudois des ma\u00eetres.ses de l'enseignement professionnel SVMEP"},"image":{"@id":"https:\/\/sud.svmep.ch\/svmep\/#\/schema\/logo\/image\/"}},{"@type":"Person","@id":"https:\/\/sud.svmep.ch\/svmep\/#\/schema\/person\/c89c46f48a039b5e5bc4a8eeeab1aece","name":"svmep-webmaster","image":{"@type":"ImageObject","inLanguage":"fr-FR","@id":"https:\/\/secure.gravatar.com\/avatar\/75b5925b5ca4f3df48f6bb05f81ad13dab8238efffb28bf26c5f1682dff96ea6?s=96&d=mm&r=g","url":"https:\/\/secure.gravatar.com\/avatar\/75b5925b5ca4f3df48f6bb05f81ad13dab8238efffb28bf26c5f1682dff96ea6?s=96&d=mm&r=g","contentUrl":"https:\/\/secure.gravatar.com\/avatar\/75b5925b5ca4f3df48f6bb05f81ad13dab8238efffb28bf26c5f1682dff96ea6?s=96&d=mm&r=g","caption":"svmep-webmaster"}}]}},"_links":{"self":[{"href":"https:\/\/sud.svmep.ch\/svmep\/wp-json\/wp\/v2\/posts\/1320","targetHints":{"allow":["GET"]}}],"collection":[{"href":"https:\/\/sud.svmep.ch\/svmep\/wp-json\/wp\/v2\/posts"}],"about":[{"href":"https:\/\/sud.svmep.ch\/svmep\/wp-json\/wp\/v2\/types\/post"}],"author":[{"embeddable":true,"href":"https:\/\/sud.svmep.ch\/svmep\/wp-json\/wp\/v2\/users\/4"}],"replies":[{"embeddable":true,"href":"https:\/\/sud.svmep.ch\/svmep\/wp-json\/wp\/v2\/comments?post=1320"}],"version-history":[{"count":0,"href":"https:\/\/sud.svmep.ch\/svmep\/wp-json\/wp\/v2\/posts\/1320\/revisions"}],"wp:featuredmedia":[{"embeddable":true,"href":"https:\/\/sud.svmep.ch\/svmep\/wp-json\/wp\/v2\/media\/1542"}],"wp:attachment":[{"href":"https:\/\/sud.svmep.ch\/svmep\/wp-json\/wp\/v2\/media?parent=1320"}],"wp:term":[{"taxonomy":"category","embeddable":true,"href":"https:\/\/sud.svmep.ch\/svmep\/wp-json\/wp\/v2\/categories?post=1320"},{"taxonomy":"post_tag","embeddable":true,"href":"https:\/\/sud.svmep.ch\/svmep\/wp-json\/wp\/v2\/tags?post=1320"}],"curies":[{"name":"wp","href":"https:\/\/api.w.org\/{rel}","templated":true}]}}