{"id":1513,"date":"2017-11-22T11:44:00","date_gmt":"2017-11-22T10:44:00","guid":{"rendered":"https:\/\/sud.svmep.ch\/svmep\/?p=1513"},"modified":"2026-02-19T10:46:37","modified_gmt":"2026-02-19T09:46:37","slug":"le-numerique-a-lecole-est-il-un-bond-en-avant-ou-un-saut-dans-le-vide","status":"publish","type":"post","link":"https:\/\/sud.svmep.ch\/svmep\/le-numerique-a-lecole-est-il-un-bond-en-avant-ou-un-saut-dans-le-vide\/","title":{"rendered":"Le num\u00e9rique \u00e0 l&rsquo;\u00e9cole est-il un bond en avant ou un saut dans le vide ?"},"content":{"rendered":"<div class=\"wp-block-post-date\"><time datetime=\"2017-11-22T11:44:00+01:00\">22 novembre 2017<\/time><\/div>\n\n\n<p><strong>Nous vous invitons \u00e0 lire la r\u00e9flexion de Fran\u00e7oise-Emmanuelle Nicolet, pr\u00e9sidente de l&rsquo;AVMG-SUD, sur l&rsquo;\u00e9cole \u00ab num\u00e9rique \u00bb, publi\u00e9e dans le quotidien 24 heures.<\/strong><\/p>\n\n\n\n<blockquote class=\"wp-block-quote is-layout-flow wp-block-quote-is-layout-flow\">\n<p>La mission fondamentale de l&rsquo;\u00e9cole est de contribuer \u00e0 la construction intellectuelle des \u00e9l\u00e8ves, de leur permettre de devenir des femmes et des hommes libres, des acteurs et actrices de la vie en soci\u00e9t\u00e9. Il est probable que des professions vont \u00e9voluer et d&rsquo;autres dispara\u00eetre avec les d\u00e9veloppements technologiques li\u00e9s \u00e0 l&rsquo;informatique.<\/p>\n<\/blockquote>\n\n\n\n<div class=\"wp-block-buttons is-content-justification-right is-layout-flex wp-container-core-buttons-is-layout-765c4724 wp-block-buttons-is-layout-flex\">\n<div class=\"wp-block-button\"><a class=\"wp-block-button__link has-white-color has-vivid-red-background-color has-text-color has-background has-link-color wp-element-button\" href=\"https:\/\/www.24heures.ch\/le-numerique-a-lecole-est-il-un-bond-en-avant-ou-un-saut-dans-le-vide-763508898504\">Lire le billet d&rsquo;opinion<\/a><\/div>\n<\/div>\n","protected":false},"excerpt":{"rendered":"<p>22 novembre 2017 Nous vous invitons \u00e0 lire la r\u00e9flexion de Fran\u00e7oise-Emmanuelle Nicolet, pr\u00e9sidente de l&rsquo;AVMG-SUD, sur l&rsquo;\u00e9cole \u00ab num\u00e9rique \u00bb, publi\u00e9e dans le quotidien 24 heures. La mission fondamentale [&hellip;]<\/p>\n","protected":false},"author":4,"featured_media":1904,"comment_status":"closed","ping_status":"closed","sticky":false,"template":"","format":"standard","meta":{"footnotes":""},"categories":[5],"tags":[45,27],"class_list":["post-1513","post","type-post","status-publish","format-standard","has-post-thumbnail","hentry","category-sud-education","tag-enseignement","tag-numerique"],"yoast_head":"<!-- This site is optimized with the Yoast SEO plugin v27.4 - https:\/\/yoast.com\/product\/yoast-seo-wordpress\/ -->\n<title>Le num\u00e9rique \u00e0 l&#039;\u00e9cole est-il un bond en avant ou un saut dans le vide ? - svmep.ch<\/title>\n<meta name=\"description\" content=\"Billet d&#039;opinion de Fran\u00e7oise-Emmanuelle Nicolet, pr\u00e9sidente de l&#039;AVMG-SUD, sur l&#039;\u00e9cole \u00abnum\u00e9rique\u00bb, publi\u00e9 dans le quotidien 24 heures.\" \/>\n<meta name=\"robots\" content=\"index, follow, max-snippet:-1, max-image-preview:large, max-video-preview:-1\" \/>\n<link rel=\"canonical\" href=\"https:\/\/sud.svmep.ch\/svmep\/le-numerique-a-lecole-est-il-un-bond-en-avant-ou-un-saut-dans-le-vide\/\" \/>\n<meta property=\"og:locale\" content=\"fr_FR\" \/>\n<meta property=\"og:type\" content=\"article\" \/>\n<meta property=\"og:title\" content=\"Le num\u00e9rique \u00e0 l&#039;\u00e9cole est-il un bond en avant ou un saut dans le vide ? - svmep.ch\" \/>\n<meta property=\"og:description\" content=\"Billet d&#039;opinion de Fran\u00e7oise-Emmanuelle Nicolet, pr\u00e9sidente de l&#039;AVMG-SUD, sur l&#039;\u00e9cole \u00abnum\u00e9rique\u00bb, publi\u00e9 dans le quotidien 24 heures.\" \/>\n<meta property=\"og:url\" content=\"https:\/\/sud.svmep.ch\/svmep\/le-numerique-a-lecole-est-il-un-bond-en-avant-ou-un-saut-dans-le-vide\/\" \/>\n<meta property=\"og:site_name\" content=\"svmep.ch\" \/>\n<meta property=\"article:published_time\" content=\"2017-11-22T10:44:00+00:00\" \/>\n<meta property=\"article:modified_time\" content=\"2026-02-19T09:46:37+00:00\" \/>\n<meta property=\"og:image\" content=\"https:\/\/sud.svmep.ch\/svmep\/wp-content\/uploads\/clavier-copie.png\" \/>\n\t<meta property=\"og:image:width\" content=\"426\" \/>\n\t<meta property=\"og:image:height\" content=\"458\" \/>\n\t<meta property=\"og:image:type\" content=\"image\/png\" \/>\n<meta name=\"author\" content=\"svmep-webmaster\" \/>\n<meta name=\"twitter:card\" content=\"summary_large_image\" \/>\n<script type=\"application\/ld+json\" class=\"yoast-schema-graph\">{\"@context\":\"https:\\\/\\\/schema.org\",\"@graph\":[{\"@type\":\"Article\",\"@id\":\"https:\\\/\\\/sud.svmep.ch\\\/svmep\\\/le-numerique-a-lecole-est-il-un-bond-en-avant-ou-un-saut-dans-le-vide\\\/#article\",\"isPartOf\":{\"@id\":\"https:\\\/\\\/sud.svmep.ch\\\/svmep\\\/le-numerique-a-lecole-est-il-un-bond-en-avant-ou-un-saut-dans-le-vide\\\/\"},\"author\":{\"name\":\"svmep-webmaster\",\"@id\":\"https:\\\/\\\/sud.svmep.ch\\\/svmep\\\/#\\\/schema\\\/person\\\/c89c46f48a039b5e5bc4a8eeeab1aece\"},\"headline\":\"Le num\u00e9rique \u00e0 l&rsquo;\u00e9cole est-il un bond en avant ou un saut dans le vide ?\",\"datePublished\":\"2017-11-22T10:44:00+00:00\",\"dateModified\":\"2026-02-19T09:46:37+00:00\",\"mainEntityOfPage\":{\"@id\":\"https:\\\/\\\/sud.svmep.ch\\\/svmep\\\/le-numerique-a-lecole-est-il-un-bond-en-avant-ou-un-saut-dans-le-vide\\\/\"},\"wordCount\":102,\"publisher\":{\"@id\":\"https:\\\/\\\/sud.svmep.ch\\\/svmep\\\/#organization\"},\"image\":{\"@id\":\"https:\\\/\\\/sud.svmep.ch\\\/svmep\\\/le-numerique-a-lecole-est-il-un-bond-en-avant-ou-un-saut-dans-le-vide\\\/#primaryimage\"},\"thumbnailUrl\":\"https:\\\/\\\/sud.svmep.ch\\\/svmep\\\/wp-content\\\/uploads\\\/clavier-copie.png\",\"keywords\":[\"enseignement\",\"num\u00e9rique\"],\"articleSection\":[\"SUD-\u00c9ducation\"],\"inLanguage\":\"fr-FR\"},{\"@type\":\"WebPage\",\"@id\":\"https:\\\/\\\/sud.svmep.ch\\\/svmep\\\/le-numerique-a-lecole-est-il-un-bond-en-avant-ou-un-saut-dans-le-vide\\\/\",\"url\":\"https:\\\/\\\/sud.svmep.ch\\\/svmep\\\/le-numerique-a-lecole-est-il-un-bond-en-avant-ou-un-saut-dans-le-vide\\\/\",\"name\":\"Le num\u00e9rique \u00e0 l'\u00e9cole est-il un bond en avant ou un saut dans le vide ? - svmep.ch\",\"isPartOf\":{\"@id\":\"https:\\\/\\\/sud.svmep.ch\\\/svmep\\\/#website\"},\"primaryImageOfPage\":{\"@id\":\"https:\\\/\\\/sud.svmep.ch\\\/svmep\\\/le-numerique-a-lecole-est-il-un-bond-en-avant-ou-un-saut-dans-le-vide\\\/#primaryimage\"},\"image\":{\"@id\":\"https:\\\/\\\/sud.svmep.ch\\\/svmep\\\/le-numerique-a-lecole-est-il-un-bond-en-avant-ou-un-saut-dans-le-vide\\\/#primaryimage\"},\"thumbnailUrl\":\"https:\\\/\\\/sud.svmep.ch\\\/svmep\\\/wp-content\\\/uploads\\\/clavier-copie.png\",\"datePublished\":\"2017-11-22T10:44:00+00:00\",\"dateModified\":\"2026-02-19T09:46:37+00:00\",\"description\":\"Billet d'opinion de Fran\u00e7oise-Emmanuelle Nicolet, pr\u00e9sidente de l'AVMG-SUD, sur l'\u00e9cole \u00abnum\u00e9rique\u00bb, publi\u00e9 dans le quotidien 24 heures.\",\"breadcrumb\":{\"@id\":\"https:\\\/\\\/sud.svmep.ch\\\/svmep\\\/le-numerique-a-lecole-est-il-un-bond-en-avant-ou-un-saut-dans-le-vide\\\/#breadcrumb\"},\"inLanguage\":\"fr-FR\",\"potentialAction\":[{\"@type\":\"ReadAction\",\"target\":[\"https:\\\/\\\/sud.svmep.ch\\\/svmep\\\/le-numerique-a-lecole-est-il-un-bond-en-avant-ou-un-saut-dans-le-vide\\\/\"]}]},{\"@type\":\"ImageObject\",\"inLanguage\":\"fr-FR\",\"@id\":\"https:\\\/\\\/sud.svmep.ch\\\/svmep\\\/le-numerique-a-lecole-est-il-un-bond-en-avant-ou-un-saut-dans-le-vide\\\/#primaryimage\",\"url\":\"https:\\\/\\\/sud.svmep.ch\\\/svmep\\\/wp-content\\\/uploads\\\/clavier-copie.png\",\"contentUrl\":\"https:\\\/\\\/sud.svmep.ch\\\/svmep\\\/wp-content\\\/uploads\\\/clavier-copie.png\",\"width\":426,\"height\":458},{\"@type\":\"BreadcrumbList\",\"@id\":\"https:\\\/\\\/sud.svmep.ch\\\/svmep\\\/le-numerique-a-lecole-est-il-un-bond-en-avant-ou-un-saut-dans-le-vide\\\/#breadcrumb\",\"itemListElement\":[{\"@type\":\"ListItem\",\"position\":1,\"name\":\"Accueil\",\"item\":\"https:\\\/\\\/sud.svmep.ch\\\/svmep\\\/\"},{\"@type\":\"ListItem\",\"position\":2,\"name\":\"SUD-\u00c9ducation\",\"item\":\"https:\\\/\\\/sud.svmep.ch\\\/svmep\\\/category\\\/sud-education\\\/\"},{\"@type\":\"ListItem\",\"position\":3,\"name\":\"Le num\u00e9rique \u00e0 l&rsquo;\u00e9cole est-il un bond en avant ou un saut dans le vide ?\"}]},{\"@type\":\"WebSite\",\"@id\":\"https:\\\/\\\/sud.svmep.ch\\\/svmep\\\/#website\",\"url\":\"https:\\\/\\\/sud.svmep.ch\\\/svmep\\\/\",\"name\":\"Syndicat vaudois des ma\u00eetres.ses de l'enseignement professionnel\",\"description\":\"\",\"publisher\":{\"@id\":\"https:\\\/\\\/sud.svmep.ch\\\/svmep\\\/#organization\"},\"alternateName\":\"SVMEP\",\"potentialAction\":[{\"@type\":\"SearchAction\",\"target\":{\"@type\":\"EntryPoint\",\"urlTemplate\":\"https:\\\/\\\/sud.svmep.ch\\\/svmep\\\/?s={search_term_string}\"},\"query-input\":{\"@type\":\"PropertyValueSpecification\",\"valueRequired\":true,\"valueName\":\"search_term_string\"}}],\"inLanguage\":\"fr-FR\"},{\"@type\":\"Organization\",\"@id\":\"https:\\\/\\\/sud.svmep.ch\\\/svmep\\\/#organization\",\"name\":\"Syndicat vaudois des ma\u00eetres.ses de l'enseignement professionnel SVMEP\",\"alternateName\":\"SVMEP\",\"url\":\"https:\\\/\\\/sud.svmep.ch\\\/svmep\\\/\",\"logo\":{\"@type\":\"ImageObject\",\"inLanguage\":\"fr-FR\",\"@id\":\"https:\\\/\\\/sud.svmep.ch\\\/svmep\\\/#\\\/schema\\\/logo\\\/image\\\/\",\"url\":\"https:\\\/\\\/sud.svmep.ch\\\/svmep\\\/wp-content\\\/uploads\\\/2024\\\/09\\\/svmep150x260.jpg\",\"contentUrl\":\"https:\\\/\\\/sud.svmep.ch\\\/svmep\\\/wp-content\\\/uploads\\\/2024\\\/09\\\/svmep150x260.jpg\",\"width\":226,\"height\":127,\"caption\":\"Syndicat vaudois des ma\u00eetres.ses de l'enseignement professionnel SVMEP\"},\"image\":{\"@id\":\"https:\\\/\\\/sud.svmep.ch\\\/svmep\\\/#\\\/schema\\\/logo\\\/image\\\/\"}},{\"@type\":\"Person\",\"@id\":\"https:\\\/\\\/sud.svmep.ch\\\/svmep\\\/#\\\/schema\\\/person\\\/c89c46f48a039b5e5bc4a8eeeab1aece\",\"name\":\"svmep-webmaster\",\"image\":{\"@type\":\"ImageObject\",\"inLanguage\":\"fr-FR\",\"@id\":\"https:\\\/\\\/secure.gravatar.com\\\/avatar\\\/75b5925b5ca4f3df48f6bb05f81ad13dab8238efffb28bf26c5f1682dff96ea6?s=96&d=mm&r=g\",\"url\":\"https:\\\/\\\/secure.gravatar.com\\\/avatar\\\/75b5925b5ca4f3df48f6bb05f81ad13dab8238efffb28bf26c5f1682dff96ea6?s=96&d=mm&r=g\",\"contentUrl\":\"https:\\\/\\\/secure.gravatar.com\\\/avatar\\\/75b5925b5ca4f3df48f6bb05f81ad13dab8238efffb28bf26c5f1682dff96ea6?s=96&d=mm&r=g\",\"caption\":\"svmep-webmaster\"}}]}<\/script>\n<!-- \/ Yoast SEO plugin. -->","yoast_head_json":{"title":"Le num\u00e9rique \u00e0 l'\u00e9cole est-il un bond en avant ou un saut dans le vide ? - svmep.ch","description":"Billet d'opinion de Fran\u00e7oise-Emmanuelle Nicolet, pr\u00e9sidente de l'AVMG-SUD, sur l'\u00e9cole \u00abnum\u00e9rique\u00bb, publi\u00e9 dans le quotidien 24 heures.","robots":{"index":"index","follow":"follow","max-snippet":"max-snippet:-1","max-image-preview":"max-image-preview:large","max-video-preview":"max-video-preview:-1"},"canonical":"https:\/\/sud.svmep.ch\/svmep\/le-numerique-a-lecole-est-il-un-bond-en-avant-ou-un-saut-dans-le-vide\/","og_locale":"fr_FR","og_type":"article","og_title":"Le num\u00e9rique \u00e0 l'\u00e9cole est-il un bond en avant ou un saut dans le vide ? - svmep.ch","og_description":"Billet d'opinion de Fran\u00e7oise-Emmanuelle Nicolet, pr\u00e9sidente de l'AVMG-SUD, sur l'\u00e9cole \u00abnum\u00e9rique\u00bb, publi\u00e9 dans le quotidien 24 heures.","og_url":"https:\/\/sud.svmep.ch\/svmep\/le-numerique-a-lecole-est-il-un-bond-en-avant-ou-un-saut-dans-le-vide\/","og_site_name":"svmep.ch","article_published_time":"2017-11-22T10:44:00+00:00","article_modified_time":"2026-02-19T09:46:37+00:00","og_image":[{"width":426,"height":458,"url":"https:\/\/sud.svmep.ch\/svmep\/wp-content\/uploads\/clavier-copie.png","type":"image\/png"}],"author":"svmep-webmaster","twitter_card":"summary_large_image","schema":{"@context":"https:\/\/schema.org","@graph":[{"@type":"Article","@id":"https:\/\/sud.svmep.ch\/svmep\/le-numerique-a-lecole-est-il-un-bond-en-avant-ou-un-saut-dans-le-vide\/#article","isPartOf":{"@id":"https:\/\/sud.svmep.ch\/svmep\/le-numerique-a-lecole-est-il-un-bond-en-avant-ou-un-saut-dans-le-vide\/"},"author":{"name":"svmep-webmaster","@id":"https:\/\/sud.svmep.ch\/svmep\/#\/schema\/person\/c89c46f48a039b5e5bc4a8eeeab1aece"},"headline":"Le num\u00e9rique \u00e0 l&rsquo;\u00e9cole est-il un bond en avant ou un saut dans le vide ?","datePublished":"2017-11-22T10:44:00+00:00","dateModified":"2026-02-19T09:46:37+00:00","mainEntityOfPage":{"@id":"https:\/\/sud.svmep.ch\/svmep\/le-numerique-a-lecole-est-il-un-bond-en-avant-ou-un-saut-dans-le-vide\/"},"wordCount":102,"publisher":{"@id":"https:\/\/sud.svmep.ch\/svmep\/#organization"},"image":{"@id":"https:\/\/sud.svmep.ch\/svmep\/le-numerique-a-lecole-est-il-un-bond-en-avant-ou-un-saut-dans-le-vide\/#primaryimage"},"thumbnailUrl":"https:\/\/sud.svmep.ch\/svmep\/wp-content\/uploads\/clavier-copie.png","keywords":["enseignement","num\u00e9rique"],"articleSection":["SUD-\u00c9ducation"],"inLanguage":"fr-FR"},{"@type":"WebPage","@id":"https:\/\/sud.svmep.ch\/svmep\/le-numerique-a-lecole-est-il-un-bond-en-avant-ou-un-saut-dans-le-vide\/","url":"https:\/\/sud.svmep.ch\/svmep\/le-numerique-a-lecole-est-il-un-bond-en-avant-ou-un-saut-dans-le-vide\/","name":"Le num\u00e9rique \u00e0 l'\u00e9cole est-il un bond en avant ou un saut dans le vide ? - svmep.ch","isPartOf":{"@id":"https:\/\/sud.svmep.ch\/svmep\/#website"},"primaryImageOfPage":{"@id":"https:\/\/sud.svmep.ch\/svmep\/le-numerique-a-lecole-est-il-un-bond-en-avant-ou-un-saut-dans-le-vide\/#primaryimage"},"image":{"@id":"https:\/\/sud.svmep.ch\/svmep\/le-numerique-a-lecole-est-il-un-bond-en-avant-ou-un-saut-dans-le-vide\/#primaryimage"},"thumbnailUrl":"https:\/\/sud.svmep.ch\/svmep\/wp-content\/uploads\/clavier-copie.png","datePublished":"2017-11-22T10:44:00+00:00","dateModified":"2026-02-19T09:46:37+00:00","description":"Billet d'opinion de Fran\u00e7oise-Emmanuelle Nicolet, pr\u00e9sidente de l'AVMG-SUD, sur l'\u00e9cole \u00abnum\u00e9rique\u00bb, publi\u00e9 dans le quotidien 24 heures.","breadcrumb":{"@id":"https:\/\/sud.svmep.ch\/svmep\/le-numerique-a-lecole-est-il-un-bond-en-avant-ou-un-saut-dans-le-vide\/#breadcrumb"},"inLanguage":"fr-FR","potentialAction":[{"@type":"ReadAction","target":["https:\/\/sud.svmep.ch\/svmep\/le-numerique-a-lecole-est-il-un-bond-en-avant-ou-un-saut-dans-le-vide\/"]}]},{"@type":"ImageObject","inLanguage":"fr-FR","@id":"https:\/\/sud.svmep.ch\/svmep\/le-numerique-a-lecole-est-il-un-bond-en-avant-ou-un-saut-dans-le-vide\/#primaryimage","url":"https:\/\/sud.svmep.ch\/svmep\/wp-content\/uploads\/clavier-copie.png","contentUrl":"https:\/\/sud.svmep.ch\/svmep\/wp-content\/uploads\/clavier-copie.png","width":426,"height":458},{"@type":"BreadcrumbList","@id":"https:\/\/sud.svmep.ch\/svmep\/le-numerique-a-lecole-est-il-un-bond-en-avant-ou-un-saut-dans-le-vide\/#breadcrumb","itemListElement":[{"@type":"ListItem","position":1,"name":"Accueil","item":"https:\/\/sud.svmep.ch\/svmep\/"},{"@type":"ListItem","position":2,"name":"SUD-\u00c9ducation","item":"https:\/\/sud.svmep.ch\/svmep\/category\/sud-education\/"},{"@type":"ListItem","position":3,"name":"Le num\u00e9rique \u00e0 l&rsquo;\u00e9cole est-il un bond en avant ou un saut dans le vide ?"}]},{"@type":"WebSite","@id":"https:\/\/sud.svmep.ch\/svmep\/#website","url":"https:\/\/sud.svmep.ch\/svmep\/","name":"Syndicat vaudois des ma\u00eetres.ses de l'enseignement professionnel","description":"","publisher":{"@id":"https:\/\/sud.svmep.ch\/svmep\/#organization"},"alternateName":"SVMEP","potentialAction":[{"@type":"SearchAction","target":{"@type":"EntryPoint","urlTemplate":"https:\/\/sud.svmep.ch\/svmep\/?s={search_term_string}"},"query-input":{"@type":"PropertyValueSpecification","valueRequired":true,"valueName":"search_term_string"}}],"inLanguage":"fr-FR"},{"@type":"Organization","@id":"https:\/\/sud.svmep.ch\/svmep\/#organization","name":"Syndicat vaudois des ma\u00eetres.ses de l'enseignement professionnel SVMEP","alternateName":"SVMEP","url":"https:\/\/sud.svmep.ch\/svmep\/","logo":{"@type":"ImageObject","inLanguage":"fr-FR","@id":"https:\/\/sud.svmep.ch\/svmep\/#\/schema\/logo\/image\/","url":"https:\/\/sud.svmep.ch\/svmep\/wp-content\/uploads\/2024\/09\/svmep150x260.jpg","contentUrl":"https:\/\/sud.svmep.ch\/svmep\/wp-content\/uploads\/2024\/09\/svmep150x260.jpg","width":226,"height":127,"caption":"Syndicat vaudois des ma\u00eetres.ses de l'enseignement professionnel SVMEP"},"image":{"@id":"https:\/\/sud.svmep.ch\/svmep\/#\/schema\/logo\/image\/"}},{"@type":"Person","@id":"https:\/\/sud.svmep.ch\/svmep\/#\/schema\/person\/c89c46f48a039b5e5bc4a8eeeab1aece","name":"svmep-webmaster","image":{"@type":"ImageObject","inLanguage":"fr-FR","@id":"https:\/\/secure.gravatar.com\/avatar\/75b5925b5ca4f3df48f6bb05f81ad13dab8238efffb28bf26c5f1682dff96ea6?s=96&d=mm&r=g","url":"https:\/\/secure.gravatar.com\/avatar\/75b5925b5ca4f3df48f6bb05f81ad13dab8238efffb28bf26c5f1682dff96ea6?s=96&d=mm&r=g","contentUrl":"https:\/\/secure.gravatar.com\/avatar\/75b5925b5ca4f3df48f6bb05f81ad13dab8238efffb28bf26c5f1682dff96ea6?s=96&d=mm&r=g","caption":"svmep-webmaster"}}]}},"_links":{"self":[{"href":"https:\/\/sud.svmep.ch\/svmep\/wp-json\/wp\/v2\/posts\/1513","targetHints":{"allow":["GET"]}}],"collection":[{"href":"https:\/\/sud.svmep.ch\/svmep\/wp-json\/wp\/v2\/posts"}],"about":[{"href":"https:\/\/sud.svmep.ch\/svmep\/wp-json\/wp\/v2\/types\/post"}],"author":[{"embeddable":true,"href":"https:\/\/sud.svmep.ch\/svmep\/wp-json\/wp\/v2\/users\/4"}],"replies":[{"embeddable":true,"href":"https:\/\/sud.svmep.ch\/svmep\/wp-json\/wp\/v2\/comments?post=1513"}],"version-history":[{"count":0,"href":"https:\/\/sud.svmep.ch\/svmep\/wp-json\/wp\/v2\/posts\/1513\/revisions"}],"wp:featuredmedia":[{"embeddable":true,"href":"https:\/\/sud.svmep.ch\/svmep\/wp-json\/wp\/v2\/media\/1904"}],"wp:attachment":[{"href":"https:\/\/sud.svmep.ch\/svmep\/wp-json\/wp\/v2\/media?parent=1513"}],"wp:term":[{"taxonomy":"category","embeddable":true,"href":"https:\/\/sud.svmep.ch\/svmep\/wp-json\/wp\/v2\/categories?post=1513"},{"taxonomy":"post_tag","embeddable":true,"href":"https:\/\/sud.svmep.ch\/svmep\/wp-json\/wp\/v2\/tags?post=1513"}],"curies":[{"name":"wp","href":"https:\/\/api.w.org\/{rel}","templated":true}]}}