{"id":1616,"date":"2024-11-15T11:50:35","date_gmt":"2024-11-15T10:50:35","guid":{"rendered":"https:\/\/sud.svmep.ch\/svmep\/?p=1616"},"modified":"2025-06-18T22:33:34","modified_gmt":"2025-06-18T21:33:34","slug":"petition-cliquet-demande-de-negociations","status":"publish","type":"post","link":"https:\/\/sud.svmep.ch\/svmep\/petition-cliquet-demande-de-negociations\/","title":{"rendered":"Reconnaissance de l&rsquo;exp\u00e9rience et de l&rsquo;expertise des MEP et cliquet pour toutes et tous : demande de n\u00e9gociations"},"content":{"rendered":"<div class=\"wp-block-post-date\"><time datetime=\"2024-11-15T11:50:35+01:00\">15 novembre 2024<\/time><\/div>\n\n\n<h5>Apr\u00e8s avoir patiemment attendu pr\u00e8s de 18 mois apr\u00e8s le <a href=\"https:\/\/sud.svmep.ch\/svmep\/remise-de-petition-toutes-145-cliquet-toutes\/\" target=\"_blank\" rel=\"noopener\">d\u00e9p\u00f4t d&rsquo;une p\u00e9tition<\/a>, le SVMEP exige maintenant de l&#8217;employeur public une prise en consid\u00e9ration du s\u00e9rieux probl\u00e8me salarial qui existe dans l&rsquo;enseignement professionnel.<\/h5>\n<p>Notre syndicat a \u00e9crit au Chef de D\u00e9partement, le Conseiller d&rsquo;\u00c9tat Fr\u00e9d\u00e9ric Borloz, ainsi qu&rsquo;\u00e0 la Cheffe du DCIRH, la Conseill\u00e8re d&rsquo;\u00c9tat Nuria Gorrite, afin de demander <strong>l&rsquo;ouverture de n\u00e9gociations<\/strong> sur les revendications port\u00e9es par les p\u00e9titionnaires. Fort.e.s de notre expe\u0301rience dans la <a href=\"https:\/\/sud.svmep.ch\/svmep\/gazette-mep-i-ii-reponse-a-cesla-amarelle\/\" target=\"_blank\" rel=\"noopener\">ne\u0301gociation re\u0301ussie du passage des MEP I, classe\u0301.e.s en 144\/10, au passage en 144\/11<\/a>, nous sommes parfaitement de\u0301termine\u0301.e.s a\u0300 corriger l\u2019injustice historique que constitue la non-reconnaissance de l\u2019expe\u0301rience acquise par les MEP tout au long de leur parcours professionnel.<\/p>\n<div class=\"page\" title=\"Page 1\">\n<div class=\"layoutArea\">\n<div class=\"column\">\n<blockquote>\n<p>La pe\u0301tition demande l\u2019abolition pure et simple de la chai\u0302ne 144 car elle n\u2019est plus pertinente apre\u0300s la nouvelle collocation des MEP I, de\u0301tenteurs.trices de CFC, mai\u0302trise ou brevet, en classe 11 comme le sont les MEP II ayant un titre HES. Assure\u0301ment, la logique intrinse\u0300que a\u0300 DECFO-SYSREM tombe et permet maintenant la collocation de tout le corps enseignant du postobligatoire dans une seule chai\u0302ne, la 145. A\u0300 l&rsquo;heure actuelle, la seule diffe\u0301rence tangible au sein du corps enseignant des e\u0301coles professionnelles consiste en la de\u0301tention ou pas d\u2019un titre acade\u0301mique. Sans la chai\u0302ne 144, nous aurions des enseignant.e.s (avec titre pe\u0301dagogique) colloque\u0301.e.s simplement en 145\/12 ou 145\/12A. Le cliquet serait ainsi donne\u0301 a\u0300 l\u2019ensemble du corps professoral avec une liquidation de l\u2019injustice historique instaure\u0301e par la re\u0301forme DECFO-SYSREM, qui ne reconnai\u0302t plus aux MEP l\u2019expe\u0301rience cumule\u0301e tout au long de leur carrie\u0300re, contrairement aux enseignant.e.s de\u0301tenteur.trice.s de masters acade\u0301miques, qui obtiennent un cliquet au bout de 15 ans d\u2019expe\u0301rience reconnue.<\/p>\n<\/blockquote>\n<\/div>\n<\/div>\n<\/div>\n<h6>Vous trouverez <a href=\"https:\/\/sud.svmep.ch\/svmep\/wp-content\/uploads\/2024\/11\/2024-11-14_petition_demande_negociations.pdf\" target=\"_blank\" rel=\"noopener\">notre lettre en cliquant ici<\/a>.<\/h6>\n<p>Le comit\u00e9 du SVMEP<\/p>\n","protected":false},"excerpt":{"rendered":"<p>15 novembre 2024 Apr\u00e8s avoir patiemment attendu pr\u00e8s de 18 mois apr\u00e8s le d\u00e9p\u00f4t d&rsquo;une p\u00e9tition, le SVMEP exige maintenant de l&#8217;employeur public une prise en consid\u00e9ration du s\u00e9rieux probl\u00e8me [&hellip;]<\/p>\n","protected":false},"author":4,"featured_media":1768,"comment_status":"closed","ping_status":"closed","sticky":true,"template":"","format":"standard","meta":{"footnotes":""},"categories":[20],"tags":[39,32],"class_list":["post-1616","post","type-post","status-publish","format-standard","has-post-thumbnail","hentry","category-classification-des-mep","tag-mep","tag-salaire"],"yoast_head":"<!-- This site is optimized with the Yoast SEO plugin v27.4 - https:\/\/yoast.com\/product\/yoast-seo-wordpress\/ -->\n<title>Reconnaissance de l&#039;exp\u00e9rience et de l&#039;expertise des MEP et cliquet pour toutes et tous : demande de n\u00e9gociations - svmep.ch<\/title>\n<meta name=\"description\" content=\"P\u00e9tition pour le droit au cliquet pour tous les enseignants : le SVMEP demande l&#039;ouverture de n\u00e9gociations.\" \/>\n<meta name=\"robots\" content=\"index, follow, max-snippet:-1, max-image-preview:large, max-video-preview:-1\" \/>\n<link rel=\"canonical\" href=\"https:\/\/sud.svmep.ch\/svmep\/petition-cliquet-demande-de-negociations\/\" \/>\n<meta property=\"og:locale\" content=\"fr_FR\" \/>\n<meta property=\"og:type\" content=\"article\" \/>\n<meta property=\"og:title\" content=\"Reconnaissance de l&#039;exp\u00e9rience et de l&#039;expertise des MEP et cliquet pour toutes et tous : demande de n\u00e9gociations - svmep.ch\" \/>\n<meta property=\"og:description\" content=\"P\u00e9tition pour le droit au cliquet pour tous les enseignants : le SVMEP demande l&#039;ouverture de n\u00e9gociations.\" \/>\n<meta property=\"og:url\" content=\"https:\/\/sud.svmep.ch\/svmep\/petition-cliquet-demande-de-negociations\/\" \/>\n<meta property=\"og:site_name\" content=\"svmep.ch\" \/>\n<meta property=\"article:published_time\" content=\"2024-11-15T10:50:35+00:00\" \/>\n<meta property=\"article:modified_time\" content=\"2025-06-18T21:33:34+00:00\" \/>\n<meta property=\"og:image\" content=\"https:\/\/sud.svmep.ch\/svmep\/wp-content\/uploads\/2024\/11\/vis-tampon.png\" \/>\n\t<meta property=\"og:image:width\" content=\"495\" \/>\n\t<meta property=\"og:image:height\" content=\"495\" \/>\n\t<meta property=\"og:image:type\" content=\"image\/png\" \/>\n<meta name=\"author\" content=\"svmep-webmaster\" \/>\n<meta name=\"twitter:card\" content=\"summary_large_image\" \/>\n<script type=\"application\/ld+json\" class=\"yoast-schema-graph\">{\"@context\":\"https:\\\/\\\/schema.org\",\"@graph\":[{\"@type\":\"Article\",\"@id\":\"https:\\\/\\\/sud.svmep.ch\\\/svmep\\\/petition-cliquet-demande-de-negociations\\\/#article\",\"isPartOf\":{\"@id\":\"https:\\\/\\\/sud.svmep.ch\\\/svmep\\\/petition-cliquet-demande-de-negociations\\\/\"},\"author\":{\"name\":\"svmep-webmaster\",\"@id\":\"https:\\\/\\\/sud.svmep.ch\\\/svmep\\\/#\\\/schema\\\/person\\\/c89c46f48a039b5e5bc4a8eeeab1aece\"},\"headline\":\"Reconnaissance de l&rsquo;exp\u00e9rience et de l&rsquo;expertise des MEP et cliquet pour toutes et tous : demande de n\u00e9gociations\",\"datePublished\":\"2024-11-15T10:50:35+00:00\",\"dateModified\":\"2025-06-18T21:33:34+00:00\",\"mainEntityOfPage\":{\"@id\":\"https:\\\/\\\/sud.svmep.ch\\\/svmep\\\/petition-cliquet-demande-de-negociations\\\/\"},\"wordCount\":367,\"publisher\":{\"@id\":\"https:\\\/\\\/sud.svmep.ch\\\/svmep\\\/#organization\"},\"image\":{\"@id\":\"https:\\\/\\\/sud.svmep.ch\\\/svmep\\\/petition-cliquet-demande-de-negociations\\\/#primaryimage\"},\"thumbnailUrl\":\"https:\\\/\\\/sud.svmep.ch\\\/svmep\\\/wp-content\\\/uploads\\\/2024\\\/11\\\/vis-tampon.png\",\"keywords\":[\"classification des MEP\",\"salaire\"],\"articleSection\":[\"Classification des MEP\"],\"inLanguage\":\"fr-FR\"},{\"@type\":\"WebPage\",\"@id\":\"https:\\\/\\\/sud.svmep.ch\\\/svmep\\\/petition-cliquet-demande-de-negociations\\\/\",\"url\":\"https:\\\/\\\/sud.svmep.ch\\\/svmep\\\/petition-cliquet-demande-de-negociations\\\/\",\"name\":\"Reconnaissance de l'exp\u00e9rience et de l'expertise des MEP et cliquet pour toutes et tous : demande de n\u00e9gociations - svmep.ch\",\"isPartOf\":{\"@id\":\"https:\\\/\\\/sud.svmep.ch\\\/svmep\\\/#website\"},\"primaryImageOfPage\":{\"@id\":\"https:\\\/\\\/sud.svmep.ch\\\/svmep\\\/petition-cliquet-demande-de-negociations\\\/#primaryimage\"},\"image\":{\"@id\":\"https:\\\/\\\/sud.svmep.ch\\\/svmep\\\/petition-cliquet-demande-de-negociations\\\/#primaryimage\"},\"thumbnailUrl\":\"https:\\\/\\\/sud.svmep.ch\\\/svmep\\\/wp-content\\\/uploads\\\/2024\\\/11\\\/vis-tampon.png\",\"datePublished\":\"2024-11-15T10:50:35+00:00\",\"dateModified\":\"2025-06-18T21:33:34+00:00\",\"description\":\"P\u00e9tition pour le droit au cliquet pour tous les enseignants : le SVMEP demande l'ouverture de n\u00e9gociations.\",\"breadcrumb\":{\"@id\":\"https:\\\/\\\/sud.svmep.ch\\\/svmep\\\/petition-cliquet-demande-de-negociations\\\/#breadcrumb\"},\"inLanguage\":\"fr-FR\",\"potentialAction\":[{\"@type\":\"ReadAction\",\"target\":[\"https:\\\/\\\/sud.svmep.ch\\\/svmep\\\/petition-cliquet-demande-de-negociations\\\/\"]}]},{\"@type\":\"ImageObject\",\"inLanguage\":\"fr-FR\",\"@id\":\"https:\\\/\\\/sud.svmep.ch\\\/svmep\\\/petition-cliquet-demande-de-negociations\\\/#primaryimage\",\"url\":\"https:\\\/\\\/sud.svmep.ch\\\/svmep\\\/wp-content\\\/uploads\\\/2024\\\/11\\\/vis-tampon.png\",\"contentUrl\":\"https:\\\/\\\/sud.svmep.ch\\\/svmep\\\/wp-content\\\/uploads\\\/2024\\\/11\\\/vis-tampon.png\",\"width\":495,\"height\":495},{\"@type\":\"BreadcrumbList\",\"@id\":\"https:\\\/\\\/sud.svmep.ch\\\/svmep\\\/petition-cliquet-demande-de-negociations\\\/#breadcrumb\",\"itemListElement\":[{\"@type\":\"ListItem\",\"position\":1,\"name\":\"Accueil\",\"item\":\"https:\\\/\\\/sud.svmep.ch\\\/svmep\\\/\"},{\"@type\":\"ListItem\",\"position\":2,\"name\":\"Classification des MEP\",\"item\":\"https:\\\/\\\/sud.svmep.ch\\\/svmep\\\/category\\\/classification-des-mep\\\/\"},{\"@type\":\"ListItem\",\"position\":3,\"name\":\"Reconnaissance de l&rsquo;exp\u00e9rience et de l&rsquo;expertise des MEP et cliquet pour toutes et tous : demande de n\u00e9gociations\"}]},{\"@type\":\"WebSite\",\"@id\":\"https:\\\/\\\/sud.svmep.ch\\\/svmep\\\/#website\",\"url\":\"https:\\\/\\\/sud.svmep.ch\\\/svmep\\\/\",\"name\":\"Syndicat vaudois des ma\u00eetres.ses de l'enseignement professionnel\",\"description\":\"\",\"publisher\":{\"@id\":\"https:\\\/\\\/sud.svmep.ch\\\/svmep\\\/#organization\"},\"alternateName\":\"SVMEP\",\"potentialAction\":[{\"@type\":\"SearchAction\",\"target\":{\"@type\":\"EntryPoint\",\"urlTemplate\":\"https:\\\/\\\/sud.svmep.ch\\\/svmep\\\/?s={search_term_string}\"},\"query-input\":{\"@type\":\"PropertyValueSpecification\",\"valueRequired\":true,\"valueName\":\"search_term_string\"}}],\"inLanguage\":\"fr-FR\"},{\"@type\":\"Organization\",\"@id\":\"https:\\\/\\\/sud.svmep.ch\\\/svmep\\\/#organization\",\"name\":\"Syndicat vaudois des ma\u00eetres.ses de l'enseignement professionnel SVMEP\",\"alternateName\":\"SVMEP\",\"url\":\"https:\\\/\\\/sud.svmep.ch\\\/svmep\\\/\",\"logo\":{\"@type\":\"ImageObject\",\"inLanguage\":\"fr-FR\",\"@id\":\"https:\\\/\\\/sud.svmep.ch\\\/svmep\\\/#\\\/schema\\\/logo\\\/image\\\/\",\"url\":\"https:\\\/\\\/sud.svmep.ch\\\/svmep\\\/wp-content\\\/uploads\\\/2024\\\/09\\\/svmep150x260.jpg\",\"contentUrl\":\"https:\\\/\\\/sud.svmep.ch\\\/svmep\\\/wp-content\\\/uploads\\\/2024\\\/09\\\/svmep150x260.jpg\",\"width\":226,\"height\":127,\"caption\":\"Syndicat vaudois des ma\u00eetres.ses de l'enseignement professionnel SVMEP\"},\"image\":{\"@id\":\"https:\\\/\\\/sud.svmep.ch\\\/svmep\\\/#\\\/schema\\\/logo\\\/image\\\/\"}},{\"@type\":\"Person\",\"@id\":\"https:\\\/\\\/sud.svmep.ch\\\/svmep\\\/#\\\/schema\\\/person\\\/c89c46f48a039b5e5bc4a8eeeab1aece\",\"name\":\"svmep-webmaster\",\"image\":{\"@type\":\"ImageObject\",\"inLanguage\":\"fr-FR\",\"@id\":\"https:\\\/\\\/secure.gravatar.com\\\/avatar\\\/75b5925b5ca4f3df48f6bb05f81ad13dab8238efffb28bf26c5f1682dff96ea6?s=96&d=mm&r=g\",\"url\":\"https:\\\/\\\/secure.gravatar.com\\\/avatar\\\/75b5925b5ca4f3df48f6bb05f81ad13dab8238efffb28bf26c5f1682dff96ea6?s=96&d=mm&r=g\",\"contentUrl\":\"https:\\\/\\\/secure.gravatar.com\\\/avatar\\\/75b5925b5ca4f3df48f6bb05f81ad13dab8238efffb28bf26c5f1682dff96ea6?s=96&d=mm&r=g\",\"caption\":\"svmep-webmaster\"}}]}<\/script>\n<!-- \/ Yoast SEO plugin. -->","yoast_head_json":{"title":"Reconnaissance de l'exp\u00e9rience et de l'expertise des MEP et cliquet pour toutes et tous : demande de n\u00e9gociations - svmep.ch","description":"P\u00e9tition pour le droit au cliquet pour tous les enseignants : le SVMEP demande l'ouverture de n\u00e9gociations.","robots":{"index":"index","follow":"follow","max-snippet":"max-snippet:-1","max-image-preview":"max-image-preview:large","max-video-preview":"max-video-preview:-1"},"canonical":"https:\/\/sud.svmep.ch\/svmep\/petition-cliquet-demande-de-negociations\/","og_locale":"fr_FR","og_type":"article","og_title":"Reconnaissance de l'exp\u00e9rience et de l'expertise des MEP et cliquet pour toutes et tous : demande de n\u00e9gociations - svmep.ch","og_description":"P\u00e9tition pour le droit au cliquet pour tous les enseignants : le SVMEP demande l'ouverture de n\u00e9gociations.","og_url":"https:\/\/sud.svmep.ch\/svmep\/petition-cliquet-demande-de-negociations\/","og_site_name":"svmep.ch","article_published_time":"2024-11-15T10:50:35+00:00","article_modified_time":"2025-06-18T21:33:34+00:00","og_image":[{"width":495,"height":495,"url":"https:\/\/sud.svmep.ch\/svmep\/wp-content\/uploads\/2024\/11\/vis-tampon.png","type":"image\/png"}],"author":"svmep-webmaster","twitter_card":"summary_large_image","schema":{"@context":"https:\/\/schema.org","@graph":[{"@type":"Article","@id":"https:\/\/sud.svmep.ch\/svmep\/petition-cliquet-demande-de-negociations\/#article","isPartOf":{"@id":"https:\/\/sud.svmep.ch\/svmep\/petition-cliquet-demande-de-negociations\/"},"author":{"name":"svmep-webmaster","@id":"https:\/\/sud.svmep.ch\/svmep\/#\/schema\/person\/c89c46f48a039b5e5bc4a8eeeab1aece"},"headline":"Reconnaissance de l&rsquo;exp\u00e9rience et de l&rsquo;expertise des MEP et cliquet pour toutes et tous : demande de n\u00e9gociations","datePublished":"2024-11-15T10:50:35+00:00","dateModified":"2025-06-18T21:33:34+00:00","mainEntityOfPage":{"@id":"https:\/\/sud.svmep.ch\/svmep\/petition-cliquet-demande-de-negociations\/"},"wordCount":367,"publisher":{"@id":"https:\/\/sud.svmep.ch\/svmep\/#organization"},"image":{"@id":"https:\/\/sud.svmep.ch\/svmep\/petition-cliquet-demande-de-negociations\/#primaryimage"},"thumbnailUrl":"https:\/\/sud.svmep.ch\/svmep\/wp-content\/uploads\/2024\/11\/vis-tampon.png","keywords":["classification des MEP","salaire"],"articleSection":["Classification des MEP"],"inLanguage":"fr-FR"},{"@type":"WebPage","@id":"https:\/\/sud.svmep.ch\/svmep\/petition-cliquet-demande-de-negociations\/","url":"https:\/\/sud.svmep.ch\/svmep\/petition-cliquet-demande-de-negociations\/","name":"Reconnaissance de l'exp\u00e9rience et de l'expertise des MEP et cliquet pour toutes et tous : demande de n\u00e9gociations - svmep.ch","isPartOf":{"@id":"https:\/\/sud.svmep.ch\/svmep\/#website"},"primaryImageOfPage":{"@id":"https:\/\/sud.svmep.ch\/svmep\/petition-cliquet-demande-de-negociations\/#primaryimage"},"image":{"@id":"https:\/\/sud.svmep.ch\/svmep\/petition-cliquet-demande-de-negociations\/#primaryimage"},"thumbnailUrl":"https:\/\/sud.svmep.ch\/svmep\/wp-content\/uploads\/2024\/11\/vis-tampon.png","datePublished":"2024-11-15T10:50:35+00:00","dateModified":"2025-06-18T21:33:34+00:00","description":"P\u00e9tition pour le droit au cliquet pour tous les enseignants : le SVMEP demande l'ouverture de n\u00e9gociations.","breadcrumb":{"@id":"https:\/\/sud.svmep.ch\/svmep\/petition-cliquet-demande-de-negociations\/#breadcrumb"},"inLanguage":"fr-FR","potentialAction":[{"@type":"ReadAction","target":["https:\/\/sud.svmep.ch\/svmep\/petition-cliquet-demande-de-negociations\/"]}]},{"@type":"ImageObject","inLanguage":"fr-FR","@id":"https:\/\/sud.svmep.ch\/svmep\/petition-cliquet-demande-de-negociations\/#primaryimage","url":"https:\/\/sud.svmep.ch\/svmep\/wp-content\/uploads\/2024\/11\/vis-tampon.png","contentUrl":"https:\/\/sud.svmep.ch\/svmep\/wp-content\/uploads\/2024\/11\/vis-tampon.png","width":495,"height":495},{"@type":"BreadcrumbList","@id":"https:\/\/sud.svmep.ch\/svmep\/petition-cliquet-demande-de-negociations\/#breadcrumb","itemListElement":[{"@type":"ListItem","position":1,"name":"Accueil","item":"https:\/\/sud.svmep.ch\/svmep\/"},{"@type":"ListItem","position":2,"name":"Classification des MEP","item":"https:\/\/sud.svmep.ch\/svmep\/category\/classification-des-mep\/"},{"@type":"ListItem","position":3,"name":"Reconnaissance de l&rsquo;exp\u00e9rience et de l&rsquo;expertise des MEP et cliquet pour toutes et tous : demande de n\u00e9gociations"}]},{"@type":"WebSite","@id":"https:\/\/sud.svmep.ch\/svmep\/#website","url":"https:\/\/sud.svmep.ch\/svmep\/","name":"Syndicat vaudois des ma\u00eetres.ses de l'enseignement professionnel","description":"","publisher":{"@id":"https:\/\/sud.svmep.ch\/svmep\/#organization"},"alternateName":"SVMEP","potentialAction":[{"@type":"SearchAction","target":{"@type":"EntryPoint","urlTemplate":"https:\/\/sud.svmep.ch\/svmep\/?s={search_term_string}"},"query-input":{"@type":"PropertyValueSpecification","valueRequired":true,"valueName":"search_term_string"}}],"inLanguage":"fr-FR"},{"@type":"Organization","@id":"https:\/\/sud.svmep.ch\/svmep\/#organization","name":"Syndicat vaudois des ma\u00eetres.ses de l'enseignement professionnel SVMEP","alternateName":"SVMEP","url":"https:\/\/sud.svmep.ch\/svmep\/","logo":{"@type":"ImageObject","inLanguage":"fr-FR","@id":"https:\/\/sud.svmep.ch\/svmep\/#\/schema\/logo\/image\/","url":"https:\/\/sud.svmep.ch\/svmep\/wp-content\/uploads\/2024\/09\/svmep150x260.jpg","contentUrl":"https:\/\/sud.svmep.ch\/svmep\/wp-content\/uploads\/2024\/09\/svmep150x260.jpg","width":226,"height":127,"caption":"Syndicat vaudois des ma\u00eetres.ses de l'enseignement professionnel SVMEP"},"image":{"@id":"https:\/\/sud.svmep.ch\/svmep\/#\/schema\/logo\/image\/"}},{"@type":"Person","@id":"https:\/\/sud.svmep.ch\/svmep\/#\/schema\/person\/c89c46f48a039b5e5bc4a8eeeab1aece","name":"svmep-webmaster","image":{"@type":"ImageObject","inLanguage":"fr-FR","@id":"https:\/\/secure.gravatar.com\/avatar\/75b5925b5ca4f3df48f6bb05f81ad13dab8238efffb28bf26c5f1682dff96ea6?s=96&d=mm&r=g","url":"https:\/\/secure.gravatar.com\/avatar\/75b5925b5ca4f3df48f6bb05f81ad13dab8238efffb28bf26c5f1682dff96ea6?s=96&d=mm&r=g","contentUrl":"https:\/\/secure.gravatar.com\/avatar\/75b5925b5ca4f3df48f6bb05f81ad13dab8238efffb28bf26c5f1682dff96ea6?s=96&d=mm&r=g","caption":"svmep-webmaster"}}]}},"_links":{"self":[{"href":"https:\/\/sud.svmep.ch\/svmep\/wp-json\/wp\/v2\/posts\/1616","targetHints":{"allow":["GET"]}}],"collection":[{"href":"https:\/\/sud.svmep.ch\/svmep\/wp-json\/wp\/v2\/posts"}],"about":[{"href":"https:\/\/sud.svmep.ch\/svmep\/wp-json\/wp\/v2\/types\/post"}],"author":[{"embeddable":true,"href":"https:\/\/sud.svmep.ch\/svmep\/wp-json\/wp\/v2\/users\/4"}],"replies":[{"embeddable":true,"href":"https:\/\/sud.svmep.ch\/svmep\/wp-json\/wp\/v2\/comments?post=1616"}],"version-history":[{"count":0,"href":"https:\/\/sud.svmep.ch\/svmep\/wp-json\/wp\/v2\/posts\/1616\/revisions"}],"wp:featuredmedia":[{"embeddable":true,"href":"https:\/\/sud.svmep.ch\/svmep\/wp-json\/wp\/v2\/media\/1768"}],"wp:attachment":[{"href":"https:\/\/sud.svmep.ch\/svmep\/wp-json\/wp\/v2\/media?parent=1616"}],"wp:term":[{"taxonomy":"category","embeddable":true,"href":"https:\/\/sud.svmep.ch\/svmep\/wp-json\/wp\/v2\/categories?post=1616"},{"taxonomy":"post_tag","embeddable":true,"href":"https:\/\/sud.svmep.ch\/svmep\/wp-json\/wp\/v2\/tags?post=1616"}],"curies":[{"name":"wp","href":"https:\/\/api.w.org\/{rel}","templated":true}]}}