{"id":1634,"date":"2019-05-30T19:55:00","date_gmt":"2019-05-30T18:55:00","guid":{"rendered":"https:\/\/sud.svmep.ch\/svmep\/?p=1634"},"modified":"2025-03-14T21:02:35","modified_gmt":"2025-03-14T20:02:35","slug":"rapport-de-recherche-les-identites-professionnelles-des-enseignant-e-s-de-la-formation-professionnelles-vaudoise","status":"publish","type":"post","link":"https:\/\/sud.svmep.ch\/svmep\/rapport-de-recherche-les-identites-professionnelles-des-enseignant-e-s-de-la-formation-professionnelles-vaudoise\/","title":{"rendered":"Rapport de recherche \u00abLes identit\u00e9s professionnelles des enseignant.e.s de la formation professionnelle vaudoise\u00bb"},"content":{"rendered":"<div class=\"wp-block-post-date\"><time datetime=\"2019-05-30T19:55:00+02:00\">30 mai 2019<\/time><\/div>\n\n\n<p><strong>Nous signalons la publication de ce rapport de recherche \u2013 pr\u00e9sent\u00e9 par la Prof. Farinaz Fassa et Simon Dubois \u2013, qui vient combler un vide de connaissances sur notre secteur d&rsquo;enseignement.<\/strong><\/p>\n<p><strong>Description de la recherche (skbf-csre.ch) :<br \/><\/strong>Cette \u00e9tude constitue le pendant de l\u2019\u00e9tude \u00ab\u00catre prof de gymnase, c\u2019est quoi?\u00bb du 2010\/11 sur les enseignant-e-s des gymnases vaudois en analysant les \u00e9coles de la formation professionnelle initiale (FPI). Elle offre une meilleure connaissance (1) des identit\u00e9s du corps enseignant (qui sont-ils?), (2) de leur mission (quelle est leur perception de leur mission formatrice?) et (3) de leurs rapports aux diff\u00e9rents types de savoirs enseign\u00e9s dans les \u00e9tablissements professionnels (savoirs de m\u00e9tiers vs savoirs scolaires).<br \/>Le recueil des donn\u00e9es s\u2019est effectu\u00e9 par l\u2019envoi d\u2019un questionnaire dans les 13 \u00e9tablissements de la FPI vaudoise (N = 1290; r\u00e9ponses r\u00e9colt\u00e9es de 484 personnes, dont 183 des femmes). 36 personnes et 13 directions ont particip\u00e9 \u00e0 un entretien et les documents officiels du Canton et de la Conf\u00e9d\u00e9ration ont \u00e9t\u00e9 analys\u00e9s.<\/p>\n<p><strong>Bref extrait des r\u00e9sultats :<\/strong><\/p>\n<blockquote>\n<p>L\u2019\u00e2ge moyen des enseignant-e-s est relativement \u00e9lev\u00e9 et l\u2019ensemble du corps enseignant est principalement masculin (60.5%). Les femmes sont sur-repr\u00e9sent\u00e9es parmi les personnes engag\u00e9es dans les dix derni\u00e8res ann\u00e9es et elles sont en moyenne plus jeunes que les hommes (de plus de deux ans).<br \/>Du fait que la classification des fonctions et salaires s\u2019\u00e9tablisse en grande partie sur la base des dipl\u00f4mes obtenus, on observe une s\u00e9gr\u00e9gation verticale au profit des femmes (leurs statuts sont en moyenne sup\u00e9rieurs \u00e0 ceux des hommes).<br \/>Une proportion non n\u00e9gligeable des enseignant-e-s ne b\u00e9n\u00e9ficie pas du statut de ma\u00eetre\/ma\u00eetresse postobligatoire malgr\u00e9 leur dipl\u00f4me universitaire.<br \/>Travaillant dans un milieu surtout masculin (normes de professions majoritairement masculines), les hommes, souvent issus de la voie professionnelle, sont significativement plus satisfaits de leur reconversion que les femmes (libert\u00e9 accrue et reconnaissances hi\u00e9rarchiques et par les apprenti-e-s par suite aux connaissances dans le cadre des m\u00e9tiers \u00e0 formation professionnelle auxquels ils forment).<\/p>\n<\/blockquote>\n<h6>Rapport et synth\u00e8se <a href=\"https:\/\/www.vd.ch\/actualites\/actualite\/news\/11699i-publication-du-rapport-sur-les-identites-professionnelles-des-enseignantes-de-la-formation-professionnelle-initiale-vaudoise\" target=\"_blank\" rel=\"noopener\">\u00e0 t\u00e9l\u00e9charger sur le site du canton de Vaud<\/a><\/h6>\n","protected":false},"excerpt":{"rendered":"<p>30 mai 2019 Nous signalons la publication de ce rapport de recherche \u2013 pr\u00e9sent\u00e9 par la Prof. Farinaz Fassa et Simon Dubois \u2013, qui vient combler un vide de connaissances [&hellip;]<\/p>\n","protected":false},"author":4,"featured_media":1146,"comment_status":"closed","ping_status":"closed","sticky":false,"template":"","format":"standard","meta":{"footnotes":""},"categories":[1],"tags":[45],"class_list":["post-1634","post","type-post","status-publish","format-standard","has-post-thumbnail","hentry","category-non-classe","tag-enseignement"],"yoast_head":"<!-- This site is optimized with the Yoast SEO plugin v27.4 - https:\/\/yoast.com\/product\/yoast-seo-wordpress\/ -->\n<title>Rapport de recherche \u00abLes identit\u00e9s professionnelles des enseignant.e.s de la formation professionnelle vaudoise\u00bb - svmep.ch<\/title>\n<meta name=\"description\" content=\"Publication du rapport de recherche \u00abLes identit\u00e9s professionnelles des enseignant.e.s de la formation professionnelle vaudoise\u00bb.\" \/>\n<meta name=\"robots\" content=\"index, follow, max-snippet:-1, max-image-preview:large, max-video-preview:-1\" \/>\n<link rel=\"canonical\" href=\"https:\/\/sud.svmep.ch\/svmep\/rapport-de-recherche-les-identites-professionnelles-des-enseignant-e-s-de-la-formation-professionnelles-vaudoise\/\" \/>\n<meta property=\"og:locale\" content=\"fr_FR\" \/>\n<meta property=\"og:type\" content=\"article\" \/>\n<meta property=\"og:title\" content=\"Rapport de recherche \u00abLes identit\u00e9s professionnelles des enseignant.e.s de la formation professionnelle vaudoise\u00bb - svmep.ch\" \/>\n<meta property=\"og:description\" content=\"Publication du rapport de recherche \u00abLes identit\u00e9s professionnelles des enseignant.e.s de la formation professionnelle vaudoise\u00bb.\" \/>\n<meta property=\"og:url\" content=\"https:\/\/sud.svmep.ch\/svmep\/rapport-de-recherche-les-identites-professionnelles-des-enseignant-e-s-de-la-formation-professionnelles-vaudoise\/\" \/>\n<meta property=\"og:site_name\" content=\"svmep.ch\" \/>\n<meta property=\"article:published_time\" content=\"2019-05-30T18:55:00+00:00\" \/>\n<meta property=\"article:modified_time\" content=\"2025-03-14T20:02:35+00:00\" \/>\n<meta property=\"og:image\" content=\"https:\/\/sud.svmep.ch\/svmep\/wp-content\/uploads\/2024\/09\/microphone_small.png\" \/>\n\t<meta property=\"og:image:width\" content=\"500\" \/>\n\t<meta property=\"og:image:height\" content=\"521\" \/>\n\t<meta property=\"og:image:type\" content=\"image\/png\" \/>\n<meta name=\"author\" content=\"svmep-webmaster\" \/>\n<meta name=\"twitter:card\" content=\"summary_large_image\" \/>\n<script type=\"application\/ld+json\" class=\"yoast-schema-graph\">{\"@context\":\"https:\\\/\\\/schema.org\",\"@graph\":[{\"@type\":\"Article\",\"@id\":\"https:\\\/\\\/sud.svmep.ch\\\/svmep\\\/rapport-de-recherche-les-identites-professionnelles-des-enseignant-e-s-de-la-formation-professionnelles-vaudoise\\\/#article\",\"isPartOf\":{\"@id\":\"https:\\\/\\\/sud.svmep.ch\\\/svmep\\\/rapport-de-recherche-les-identites-professionnelles-des-enseignant-e-s-de-la-formation-professionnelles-vaudoise\\\/\"},\"author\":{\"name\":\"svmep-webmaster\",\"@id\":\"https:\\\/\\\/sud.svmep.ch\\\/svmep\\\/#\\\/schema\\\/person\\\/c89c46f48a039b5e5bc4a8eeeab1aece\"},\"headline\":\"Rapport de recherche \u00abLes identit\u00e9s professionnelles des enseignant.e.s de la formation professionnelle vaudoise\u00bb\",\"datePublished\":\"2019-05-30T18:55:00+00:00\",\"dateModified\":\"2025-03-14T20:02:35+00:00\",\"mainEntityOfPage\":{\"@id\":\"https:\\\/\\\/sud.svmep.ch\\\/svmep\\\/rapport-de-recherche-les-identites-professionnelles-des-enseignant-e-s-de-la-formation-professionnelles-vaudoise\\\/\"},\"wordCount\":376,\"publisher\":{\"@id\":\"https:\\\/\\\/sud.svmep.ch\\\/svmep\\\/#organization\"},\"image\":{\"@id\":\"https:\\\/\\\/sud.svmep.ch\\\/svmep\\\/rapport-de-recherche-les-identites-professionnelles-des-enseignant-e-s-de-la-formation-professionnelles-vaudoise\\\/#primaryimage\"},\"thumbnailUrl\":\"https:\\\/\\\/sud.svmep.ch\\\/svmep\\\/wp-content\\\/uploads\\\/2024\\\/09\\\/microphone_small.png\",\"keywords\":[\"enseignement\"],\"inLanguage\":\"fr-FR\"},{\"@type\":\"WebPage\",\"@id\":\"https:\\\/\\\/sud.svmep.ch\\\/svmep\\\/rapport-de-recherche-les-identites-professionnelles-des-enseignant-e-s-de-la-formation-professionnelles-vaudoise\\\/\",\"url\":\"https:\\\/\\\/sud.svmep.ch\\\/svmep\\\/rapport-de-recherche-les-identites-professionnelles-des-enseignant-e-s-de-la-formation-professionnelles-vaudoise\\\/\",\"name\":\"Rapport de recherche \u00abLes identit\u00e9s professionnelles des enseignant.e.s de la formation professionnelle vaudoise\u00bb - svmep.ch\",\"isPartOf\":{\"@id\":\"https:\\\/\\\/sud.svmep.ch\\\/svmep\\\/#website\"},\"primaryImageOfPage\":{\"@id\":\"https:\\\/\\\/sud.svmep.ch\\\/svmep\\\/rapport-de-recherche-les-identites-professionnelles-des-enseignant-e-s-de-la-formation-professionnelles-vaudoise\\\/#primaryimage\"},\"image\":{\"@id\":\"https:\\\/\\\/sud.svmep.ch\\\/svmep\\\/rapport-de-recherche-les-identites-professionnelles-des-enseignant-e-s-de-la-formation-professionnelles-vaudoise\\\/#primaryimage\"},\"thumbnailUrl\":\"https:\\\/\\\/sud.svmep.ch\\\/svmep\\\/wp-content\\\/uploads\\\/2024\\\/09\\\/microphone_small.png\",\"datePublished\":\"2019-05-30T18:55:00+00:00\",\"dateModified\":\"2025-03-14T20:02:35+00:00\",\"description\":\"Publication du rapport de recherche \u00abLes identit\u00e9s professionnelles des enseignant.e.s de la formation professionnelle vaudoise\u00bb.\",\"breadcrumb\":{\"@id\":\"https:\\\/\\\/sud.svmep.ch\\\/svmep\\\/rapport-de-recherche-les-identites-professionnelles-des-enseignant-e-s-de-la-formation-professionnelles-vaudoise\\\/#breadcrumb\"},\"inLanguage\":\"fr-FR\",\"potentialAction\":[{\"@type\":\"ReadAction\",\"target\":[\"https:\\\/\\\/sud.svmep.ch\\\/svmep\\\/rapport-de-recherche-les-identites-professionnelles-des-enseignant-e-s-de-la-formation-professionnelles-vaudoise\\\/\"]}]},{\"@type\":\"ImageObject\",\"inLanguage\":\"fr-FR\",\"@id\":\"https:\\\/\\\/sud.svmep.ch\\\/svmep\\\/rapport-de-recherche-les-identites-professionnelles-des-enseignant-e-s-de-la-formation-professionnelles-vaudoise\\\/#primaryimage\",\"url\":\"https:\\\/\\\/sud.svmep.ch\\\/svmep\\\/wp-content\\\/uploads\\\/2024\\\/09\\\/microphone_small.png\",\"contentUrl\":\"https:\\\/\\\/sud.svmep.ch\\\/svmep\\\/wp-content\\\/uploads\\\/2024\\\/09\\\/microphone_small.png\",\"width\":500,\"height\":521},{\"@type\":\"BreadcrumbList\",\"@id\":\"https:\\\/\\\/sud.svmep.ch\\\/svmep\\\/rapport-de-recherche-les-identites-professionnelles-des-enseignant-e-s-de-la-formation-professionnelles-vaudoise\\\/#breadcrumb\",\"itemListElement\":[{\"@type\":\"ListItem\",\"position\":1,\"name\":\"Accueil\",\"item\":\"https:\\\/\\\/sud.svmep.ch\\\/svmep\\\/\"},{\"@type\":\"ListItem\",\"position\":2,\"name\":\"Non class\u00e9\",\"item\":\"https:\\\/\\\/sud.svmep.ch\\\/svmep\\\/category\\\/non-classe\\\/\"},{\"@type\":\"ListItem\",\"position\":3,\"name\":\"Rapport de recherche \u00abLes identit\u00e9s professionnelles des enseignant.e.s de la formation professionnelle vaudoise\u00bb\"}]},{\"@type\":\"WebSite\",\"@id\":\"https:\\\/\\\/sud.svmep.ch\\\/svmep\\\/#website\",\"url\":\"https:\\\/\\\/sud.svmep.ch\\\/svmep\\\/\",\"name\":\"Syndicat vaudois des ma\u00eetres.ses de l'enseignement professionnel\",\"description\":\"\",\"publisher\":{\"@id\":\"https:\\\/\\\/sud.svmep.ch\\\/svmep\\\/#organization\"},\"alternateName\":\"SVMEP\",\"potentialAction\":[{\"@type\":\"SearchAction\",\"target\":{\"@type\":\"EntryPoint\",\"urlTemplate\":\"https:\\\/\\\/sud.svmep.ch\\\/svmep\\\/?s={search_term_string}\"},\"query-input\":{\"@type\":\"PropertyValueSpecification\",\"valueRequired\":true,\"valueName\":\"search_term_string\"}}],\"inLanguage\":\"fr-FR\"},{\"@type\":\"Organization\",\"@id\":\"https:\\\/\\\/sud.svmep.ch\\\/svmep\\\/#organization\",\"name\":\"Syndicat vaudois des ma\u00eetres.ses de l'enseignement professionnel SVMEP\",\"alternateName\":\"SVMEP\",\"url\":\"https:\\\/\\\/sud.svmep.ch\\\/svmep\\\/\",\"logo\":{\"@type\":\"ImageObject\",\"inLanguage\":\"fr-FR\",\"@id\":\"https:\\\/\\\/sud.svmep.ch\\\/svmep\\\/#\\\/schema\\\/logo\\\/image\\\/\",\"url\":\"https:\\\/\\\/sud.svmep.ch\\\/svmep\\\/wp-content\\\/uploads\\\/2024\\\/09\\\/svmep150x260.jpg\",\"contentUrl\":\"https:\\\/\\\/sud.svmep.ch\\\/svmep\\\/wp-content\\\/uploads\\\/2024\\\/09\\\/svmep150x260.jpg\",\"width\":226,\"height\":127,\"caption\":\"Syndicat vaudois des ma\u00eetres.ses de l'enseignement professionnel SVMEP\"},\"image\":{\"@id\":\"https:\\\/\\\/sud.svmep.ch\\\/svmep\\\/#\\\/schema\\\/logo\\\/image\\\/\"}},{\"@type\":\"Person\",\"@id\":\"https:\\\/\\\/sud.svmep.ch\\\/svmep\\\/#\\\/schema\\\/person\\\/c89c46f48a039b5e5bc4a8eeeab1aece\",\"name\":\"svmep-webmaster\",\"image\":{\"@type\":\"ImageObject\",\"inLanguage\":\"fr-FR\",\"@id\":\"https:\\\/\\\/secure.gravatar.com\\\/avatar\\\/75b5925b5ca4f3df48f6bb05f81ad13dab8238efffb28bf26c5f1682dff96ea6?s=96&d=mm&r=g\",\"url\":\"https:\\\/\\\/secure.gravatar.com\\\/avatar\\\/75b5925b5ca4f3df48f6bb05f81ad13dab8238efffb28bf26c5f1682dff96ea6?s=96&d=mm&r=g\",\"contentUrl\":\"https:\\\/\\\/secure.gravatar.com\\\/avatar\\\/75b5925b5ca4f3df48f6bb05f81ad13dab8238efffb28bf26c5f1682dff96ea6?s=96&d=mm&r=g\",\"caption\":\"svmep-webmaster\"}}]}<\/script>\n<!-- \/ Yoast SEO plugin. -->","yoast_head_json":{"title":"Rapport de recherche \u00abLes identit\u00e9s professionnelles des enseignant.e.s de la formation professionnelle vaudoise\u00bb - svmep.ch","description":"Publication du rapport de recherche \u00abLes identit\u00e9s professionnelles des enseignant.e.s de la formation professionnelle vaudoise\u00bb.","robots":{"index":"index","follow":"follow","max-snippet":"max-snippet:-1","max-image-preview":"max-image-preview:large","max-video-preview":"max-video-preview:-1"},"canonical":"https:\/\/sud.svmep.ch\/svmep\/rapport-de-recherche-les-identites-professionnelles-des-enseignant-e-s-de-la-formation-professionnelles-vaudoise\/","og_locale":"fr_FR","og_type":"article","og_title":"Rapport de recherche \u00abLes identit\u00e9s professionnelles des enseignant.e.s de la formation professionnelle vaudoise\u00bb - svmep.ch","og_description":"Publication du rapport de recherche \u00abLes identit\u00e9s professionnelles des enseignant.e.s de la formation professionnelle vaudoise\u00bb.","og_url":"https:\/\/sud.svmep.ch\/svmep\/rapport-de-recherche-les-identites-professionnelles-des-enseignant-e-s-de-la-formation-professionnelles-vaudoise\/","og_site_name":"svmep.ch","article_published_time":"2019-05-30T18:55:00+00:00","article_modified_time":"2025-03-14T20:02:35+00:00","og_image":[{"width":500,"height":521,"url":"https:\/\/sud.svmep.ch\/svmep\/wp-content\/uploads\/2024\/09\/microphone_small.png","type":"image\/png"}],"author":"svmep-webmaster","twitter_card":"summary_large_image","schema":{"@context":"https:\/\/schema.org","@graph":[{"@type":"Article","@id":"https:\/\/sud.svmep.ch\/svmep\/rapport-de-recherche-les-identites-professionnelles-des-enseignant-e-s-de-la-formation-professionnelles-vaudoise\/#article","isPartOf":{"@id":"https:\/\/sud.svmep.ch\/svmep\/rapport-de-recherche-les-identites-professionnelles-des-enseignant-e-s-de-la-formation-professionnelles-vaudoise\/"},"author":{"name":"svmep-webmaster","@id":"https:\/\/sud.svmep.ch\/svmep\/#\/schema\/person\/c89c46f48a039b5e5bc4a8eeeab1aece"},"headline":"Rapport de recherche \u00abLes identit\u00e9s professionnelles des enseignant.e.s de la formation professionnelle vaudoise\u00bb","datePublished":"2019-05-30T18:55:00+00:00","dateModified":"2025-03-14T20:02:35+00:00","mainEntityOfPage":{"@id":"https:\/\/sud.svmep.ch\/svmep\/rapport-de-recherche-les-identites-professionnelles-des-enseignant-e-s-de-la-formation-professionnelles-vaudoise\/"},"wordCount":376,"publisher":{"@id":"https:\/\/sud.svmep.ch\/svmep\/#organization"},"image":{"@id":"https:\/\/sud.svmep.ch\/svmep\/rapport-de-recherche-les-identites-professionnelles-des-enseignant-e-s-de-la-formation-professionnelles-vaudoise\/#primaryimage"},"thumbnailUrl":"https:\/\/sud.svmep.ch\/svmep\/wp-content\/uploads\/2024\/09\/microphone_small.png","keywords":["enseignement"],"inLanguage":"fr-FR"},{"@type":"WebPage","@id":"https:\/\/sud.svmep.ch\/svmep\/rapport-de-recherche-les-identites-professionnelles-des-enseignant-e-s-de-la-formation-professionnelles-vaudoise\/","url":"https:\/\/sud.svmep.ch\/svmep\/rapport-de-recherche-les-identites-professionnelles-des-enseignant-e-s-de-la-formation-professionnelles-vaudoise\/","name":"Rapport de recherche \u00abLes identit\u00e9s professionnelles des enseignant.e.s de la formation professionnelle vaudoise\u00bb - svmep.ch","isPartOf":{"@id":"https:\/\/sud.svmep.ch\/svmep\/#website"},"primaryImageOfPage":{"@id":"https:\/\/sud.svmep.ch\/svmep\/rapport-de-recherche-les-identites-professionnelles-des-enseignant-e-s-de-la-formation-professionnelles-vaudoise\/#primaryimage"},"image":{"@id":"https:\/\/sud.svmep.ch\/svmep\/rapport-de-recherche-les-identites-professionnelles-des-enseignant-e-s-de-la-formation-professionnelles-vaudoise\/#primaryimage"},"thumbnailUrl":"https:\/\/sud.svmep.ch\/svmep\/wp-content\/uploads\/2024\/09\/microphone_small.png","datePublished":"2019-05-30T18:55:00+00:00","dateModified":"2025-03-14T20:02:35+00:00","description":"Publication du rapport de recherche \u00abLes identit\u00e9s professionnelles des enseignant.e.s de la formation professionnelle vaudoise\u00bb.","breadcrumb":{"@id":"https:\/\/sud.svmep.ch\/svmep\/rapport-de-recherche-les-identites-professionnelles-des-enseignant-e-s-de-la-formation-professionnelles-vaudoise\/#breadcrumb"},"inLanguage":"fr-FR","potentialAction":[{"@type":"ReadAction","target":["https:\/\/sud.svmep.ch\/svmep\/rapport-de-recherche-les-identites-professionnelles-des-enseignant-e-s-de-la-formation-professionnelles-vaudoise\/"]}]},{"@type":"ImageObject","inLanguage":"fr-FR","@id":"https:\/\/sud.svmep.ch\/svmep\/rapport-de-recherche-les-identites-professionnelles-des-enseignant-e-s-de-la-formation-professionnelles-vaudoise\/#primaryimage","url":"https:\/\/sud.svmep.ch\/svmep\/wp-content\/uploads\/2024\/09\/microphone_small.png","contentUrl":"https:\/\/sud.svmep.ch\/svmep\/wp-content\/uploads\/2024\/09\/microphone_small.png","width":500,"height":521},{"@type":"BreadcrumbList","@id":"https:\/\/sud.svmep.ch\/svmep\/rapport-de-recherche-les-identites-professionnelles-des-enseignant-e-s-de-la-formation-professionnelles-vaudoise\/#breadcrumb","itemListElement":[{"@type":"ListItem","position":1,"name":"Accueil","item":"https:\/\/sud.svmep.ch\/svmep\/"},{"@type":"ListItem","position":2,"name":"Non class\u00e9","item":"https:\/\/sud.svmep.ch\/svmep\/category\/non-classe\/"},{"@type":"ListItem","position":3,"name":"Rapport de recherche \u00abLes identit\u00e9s professionnelles des enseignant.e.s de la formation professionnelle vaudoise\u00bb"}]},{"@type":"WebSite","@id":"https:\/\/sud.svmep.ch\/svmep\/#website","url":"https:\/\/sud.svmep.ch\/svmep\/","name":"Syndicat vaudois des ma\u00eetres.ses de l'enseignement professionnel","description":"","publisher":{"@id":"https:\/\/sud.svmep.ch\/svmep\/#organization"},"alternateName":"SVMEP","potentialAction":[{"@type":"SearchAction","target":{"@type":"EntryPoint","urlTemplate":"https:\/\/sud.svmep.ch\/svmep\/?s={search_term_string}"},"query-input":{"@type":"PropertyValueSpecification","valueRequired":true,"valueName":"search_term_string"}}],"inLanguage":"fr-FR"},{"@type":"Organization","@id":"https:\/\/sud.svmep.ch\/svmep\/#organization","name":"Syndicat vaudois des ma\u00eetres.ses de l'enseignement professionnel SVMEP","alternateName":"SVMEP","url":"https:\/\/sud.svmep.ch\/svmep\/","logo":{"@type":"ImageObject","inLanguage":"fr-FR","@id":"https:\/\/sud.svmep.ch\/svmep\/#\/schema\/logo\/image\/","url":"https:\/\/sud.svmep.ch\/svmep\/wp-content\/uploads\/2024\/09\/svmep150x260.jpg","contentUrl":"https:\/\/sud.svmep.ch\/svmep\/wp-content\/uploads\/2024\/09\/svmep150x260.jpg","width":226,"height":127,"caption":"Syndicat vaudois des ma\u00eetres.ses de l'enseignement professionnel SVMEP"},"image":{"@id":"https:\/\/sud.svmep.ch\/svmep\/#\/schema\/logo\/image\/"}},{"@type":"Person","@id":"https:\/\/sud.svmep.ch\/svmep\/#\/schema\/person\/c89c46f48a039b5e5bc4a8eeeab1aece","name":"svmep-webmaster","image":{"@type":"ImageObject","inLanguage":"fr-FR","@id":"https:\/\/secure.gravatar.com\/avatar\/75b5925b5ca4f3df48f6bb05f81ad13dab8238efffb28bf26c5f1682dff96ea6?s=96&d=mm&r=g","url":"https:\/\/secure.gravatar.com\/avatar\/75b5925b5ca4f3df48f6bb05f81ad13dab8238efffb28bf26c5f1682dff96ea6?s=96&d=mm&r=g","contentUrl":"https:\/\/secure.gravatar.com\/avatar\/75b5925b5ca4f3df48f6bb05f81ad13dab8238efffb28bf26c5f1682dff96ea6?s=96&d=mm&r=g","caption":"svmep-webmaster"}}]}},"_links":{"self":[{"href":"https:\/\/sud.svmep.ch\/svmep\/wp-json\/wp\/v2\/posts\/1634","targetHints":{"allow":["GET"]}}],"collection":[{"href":"https:\/\/sud.svmep.ch\/svmep\/wp-json\/wp\/v2\/posts"}],"about":[{"href":"https:\/\/sud.svmep.ch\/svmep\/wp-json\/wp\/v2\/types\/post"}],"author":[{"embeddable":true,"href":"https:\/\/sud.svmep.ch\/svmep\/wp-json\/wp\/v2\/users\/4"}],"replies":[{"embeddable":true,"href":"https:\/\/sud.svmep.ch\/svmep\/wp-json\/wp\/v2\/comments?post=1634"}],"version-history":[{"count":0,"href":"https:\/\/sud.svmep.ch\/svmep\/wp-json\/wp\/v2\/posts\/1634\/revisions"}],"wp:featuredmedia":[{"embeddable":true,"href":"https:\/\/sud.svmep.ch\/svmep\/wp-json\/wp\/v2\/media\/1146"}],"wp:attachment":[{"href":"https:\/\/sud.svmep.ch\/svmep\/wp-json\/wp\/v2\/media?parent=1634"}],"wp:term":[{"taxonomy":"category","embeddable":true,"href":"https:\/\/sud.svmep.ch\/svmep\/wp-json\/wp\/v2\/categories?post=1634"},{"taxonomy":"post_tag","embeddable":true,"href":"https:\/\/sud.svmep.ch\/svmep\/wp-json\/wp\/v2\/tags?post=1634"}],"curies":[{"name":"wp","href":"https:\/\/api.w.org\/{rel}","templated":true}]}}