{"id":1659,"date":"2011-05-27T16:22:00","date_gmt":"2011-05-27T15:22:00","guid":{"rendered":"https:\/\/sud.svmep.ch\/svmep\/?p=1659"},"modified":"2025-01-29T11:00:23","modified_gmt":"2025-01-29T10:00:23","slug":"les-souliers-de-la-colere","status":"publish","type":"post","link":"https:\/\/sud.svmep.ch\/svmep\/les-souliers-de-la-colere\/","title":{"rendered":"Les souliers de la col\u00e8re"},"content":{"rendered":"<div class=\"wp-block-post-date\"><time datetime=\"2011-05-27T16:22:00+02:00\">27 mai 2011<\/time><\/div>\n\n\n<p style=\"font-style:normal;font-weight:600\">Notre syndicat, sur mandat de divers collectifs d\u2019enseignant.e.s, a interpell\u00e9 la Cheffe de D\u00e9partement sur un certain nombre de points extr\u00eamement pr\u00e9occupants dans le secteur de la DGEP.<\/p>\n\n\n\n<blockquote class=\"wp-block-quote is-layout-flow wp-block-quote-is-layout-flow\">\n<p>Dans l\u2019enseignement professionnel, une grande quantit\u00e9 de ma\u00eetres.ses est m\u00e9contente, voire indign\u00e9e, par une s\u00e9rie de d\u00e9cisions qui sont v\u00e9cues comme autant d\u2019agressions et de menaces par le personnel concern\u00e9. En quelques mois, la situation s\u2019est d\u00e9grad\u00e9e et l\u2019impression qui domine chez nos coll\u00e8gues est que le DFJC et la DGEP tentent de passer en force avec une s\u00e9rie de mesures qui supposent autant d\u2019attaques contre le personnel.<\/p>\n<\/blockquote>\n\n\n\n<h6>Ce courrier traite des sujets suivants :<\/h6>\n<ul>\n<li>Licenciement avec effet imm\u00e9diat et en toute inhumanit\u00e9<\/li>\n<li>Directive D-11<\/li>\n<li>In\u00e9galit\u00e9 de traitement des enseignant.e.s de l&rsquo;OPTI<\/li>\n<li>Enseignant.e.s de la cha\u00eene 144<\/li>\n<li>Cliquet<\/li>\n<li>DECAPE et REPENSE<\/li>\n<li>37,5 p\u00e9riodes<\/li>\n<li>Visites et entretiens d&rsquo;\u00e9valuation<\/li>\n<li>Parking<\/li>\n<\/ul>\n<h6>Vous pouvez <a href=\"https:\/\/sud.svmep.ch\/svmep\/wp-content\/uploads\/2014\/10\/pdf_svmep_gazette_mai2011_no_2.pdf\" target=\"_blank\" rel=\"noopener\">lire ce courrier en cliquant ici<\/a>.<\/h6>\n<p>Comme convenu au cours de deux r\u00e9unions c\u00e9l\u00e9br\u00e9es courant mai, nous vous invitons \u00e0 nous retrouver le<\/p>\n<p style=\"text-align: center;\"><strong>mercredi 8 juin 2011, \u00e0 17 h 30<\/strong><br \/><strong>devant le DFJC<\/strong><br \/><strong>rue de la Barre 8, Lausanne<\/strong><\/p>\n<p>Nous vous demandons non seulement de faire tout ce que vous pouvez pour venir, mais \u00e9galement d\u02bcen discuter avec les coll\u00e8gues pour qu\u02bcils\/elles participent \u00e0 cette importante action.<\/p>\n<p>Chacun et chacune d\u2019entre vous devra, dans la mesure du possible, se munir d\u2019un soulier usag\u00e9 car le c\u0153ur de l\u2019action c\u2019est <strong>le lancer des souliers de la col\u00e8re<\/strong> contre le D\u00e9partement et la DGEP\u00a0!<\/p>\n\n\n\n<figure class=\"wp-block-video\"><video controls poster=\"https:\/\/sud.svmep.ch\/svmep\/wp-content\/uploads\/2024\/11\/souliers.png\" src=\"https:\/\/sud.svmep.ch\/svmep\/wp-content\/uploads\/2024\/11\/2011-06-08_action.mp4\" playsinline><\/video><figcaption class=\"wp-element-caption\">Film de l&rsquo;action \u201cLancer des souliers de la col\u00e8re\u201d, 8 juin 2011<\/figcaption><\/figure>\n","protected":false},"excerpt":{"rendered":"<p>27 mai 2011 Notre syndicat, sur mandat de divers collectifs d\u2019enseignant.e.s, a interpell\u00e9 la Cheffe de D\u00e9partement sur un certain nombre de points extr\u00eamement pr\u00e9occupants dans le secteur de la [&hellip;]<\/p>\n","protected":false},"author":4,"featured_media":354,"comment_status":"closed","ping_status":"closed","sticky":false,"template":"","format":"standard","meta":{"footnotes":""},"categories":[20,4],"tags":[39,26,31,32,24],"class_list":["post-1659","post","type-post","status-publish","format-standard","has-post-thumbnail","hentry","category-classification-des-mep","category-gazette-svmep","tag-mep","tag-lois-et-reglements","tag-mobilisation","tag-salaire","tag-temps-de-travail-enseignant"],"yoast_head":"<!-- This site is optimized with the Yoast SEO plugin v27.4 - https:\/\/yoast.com\/product\/yoast-seo-wordpress\/ -->\n<title>Les souliers de la col\u00e8re - svmep.ch<\/title>\n<meta name=\"robots\" content=\"index, follow, max-snippet:-1, max-image-preview:large, max-video-preview:-1\" \/>\n<link rel=\"canonical\" href=\"https:\/\/sud.svmep.ch\/svmep\/les-souliers-de-la-colere\/\" \/>\n<meta property=\"og:locale\" content=\"fr_FR\" \/>\n<meta property=\"og:type\" content=\"article\" \/>\n<meta property=\"og:title\" content=\"Les souliers de la col\u00e8re - svmep.ch\" \/>\n<meta property=\"og:description\" content=\"27 mai 2011 Notre syndicat, sur mandat de divers collectifs d\u2019enseignant.e.s, a interpell\u00e9 la Cheffe de D\u00e9partement sur un certain nombre de points extr\u00eamement pr\u00e9occupants dans le secteur de la [&hellip;]\" \/>\n<meta property=\"og:url\" content=\"https:\/\/sud.svmep.ch\/svmep\/les-souliers-de-la-colere\/\" \/>\n<meta property=\"og:site_name\" content=\"svmep.ch\" \/>\n<meta property=\"article:published_time\" content=\"2011-05-27T15:22:00+00:00\" \/>\n<meta property=\"article:modified_time\" content=\"2025-01-29T10:00:23+00:00\" \/>\n<meta property=\"og:image\" content=\"https:\/\/sud.svmep.ch\/svmep\/wp-content\/uploads\/2005\/09\/jpg_logo2.jpg\" \/>\n\t<meta property=\"og:image:width\" content=\"100\" \/>\n\t<meta property=\"og:image:height\" content=\"100\" \/>\n\t<meta property=\"og:image:type\" content=\"image\/jpeg\" \/>\n<meta name=\"author\" content=\"svmep-webmaster\" \/>\n<meta name=\"twitter:card\" content=\"summary_large_image\" \/>\n<script type=\"application\/ld+json\" class=\"yoast-schema-graph\">{\"@context\":\"https:\\\/\\\/schema.org\",\"@graph\":[{\"@type\":\"Article\",\"@id\":\"https:\\\/\\\/sud.svmep.ch\\\/svmep\\\/les-souliers-de-la-colere\\\/#article\",\"isPartOf\":{\"@id\":\"https:\\\/\\\/sud.svmep.ch\\\/svmep\\\/les-souliers-de-la-colere\\\/\"},\"author\":{\"name\":\"svmep-webmaster\",\"@id\":\"https:\\\/\\\/sud.svmep.ch\\\/svmep\\\/#\\\/schema\\\/person\\\/c89c46f48a039b5e5bc4a8eeeab1aece\"},\"headline\":\"Les souliers de la col\u00e8re\",\"datePublished\":\"2011-05-27T15:22:00+00:00\",\"dateModified\":\"2025-01-29T10:00:23+00:00\",\"mainEntityOfPage\":{\"@id\":\"https:\\\/\\\/sud.svmep.ch\\\/svmep\\\/les-souliers-de-la-colere\\\/\"},\"wordCount\":293,\"publisher\":{\"@id\":\"https:\\\/\\\/sud.svmep.ch\\\/svmep\\\/#organization\"},\"image\":{\"@id\":\"https:\\\/\\\/sud.svmep.ch\\\/svmep\\\/les-souliers-de-la-colere\\\/#primaryimage\"},\"thumbnailUrl\":\"https:\\\/\\\/sud.svmep.ch\\\/svmep\\\/wp-content\\\/uploads\\\/2005\\\/09\\\/jpg_logo2.jpg\",\"keywords\":[\"classification des MEP\",\"lois et r\u00e8glements\",\"mobilisation\",\"salaire\",\"temps de travail\"],\"articleSection\":[\"Classification des MEP\",\"Gazette SVMEP\"],\"inLanguage\":\"fr-FR\"},{\"@type\":\"WebPage\",\"@id\":\"https:\\\/\\\/sud.svmep.ch\\\/svmep\\\/les-souliers-de-la-colere\\\/\",\"url\":\"https:\\\/\\\/sud.svmep.ch\\\/svmep\\\/les-souliers-de-la-colere\\\/\",\"name\":\"Les souliers de la col\u00e8re - svmep.ch\",\"isPartOf\":{\"@id\":\"https:\\\/\\\/sud.svmep.ch\\\/svmep\\\/#website\"},\"primaryImageOfPage\":{\"@id\":\"https:\\\/\\\/sud.svmep.ch\\\/svmep\\\/les-souliers-de-la-colere\\\/#primaryimage\"},\"image\":{\"@id\":\"https:\\\/\\\/sud.svmep.ch\\\/svmep\\\/les-souliers-de-la-colere\\\/#primaryimage\"},\"thumbnailUrl\":\"https:\\\/\\\/sud.svmep.ch\\\/svmep\\\/wp-content\\\/uploads\\\/2005\\\/09\\\/jpg_logo2.jpg\",\"datePublished\":\"2011-05-27T15:22:00+00:00\",\"dateModified\":\"2025-01-29T10:00:23+00:00\",\"breadcrumb\":{\"@id\":\"https:\\\/\\\/sud.svmep.ch\\\/svmep\\\/les-souliers-de-la-colere\\\/#breadcrumb\"},\"inLanguage\":\"fr-FR\",\"potentialAction\":[{\"@type\":\"ReadAction\",\"target\":[\"https:\\\/\\\/sud.svmep.ch\\\/svmep\\\/les-souliers-de-la-colere\\\/\"]}]},{\"@type\":\"ImageObject\",\"inLanguage\":\"fr-FR\",\"@id\":\"https:\\\/\\\/sud.svmep.ch\\\/svmep\\\/les-souliers-de-la-colere\\\/#primaryimage\",\"url\":\"https:\\\/\\\/sud.svmep.ch\\\/svmep\\\/wp-content\\\/uploads\\\/2005\\\/09\\\/jpg_logo2.jpg\",\"contentUrl\":\"https:\\\/\\\/sud.svmep.ch\\\/svmep\\\/wp-content\\\/uploads\\\/2005\\\/09\\\/jpg_logo2.jpg\",\"width\":100,\"height\":100},{\"@type\":\"BreadcrumbList\",\"@id\":\"https:\\\/\\\/sud.svmep.ch\\\/svmep\\\/les-souliers-de-la-colere\\\/#breadcrumb\",\"itemListElement\":[{\"@type\":\"ListItem\",\"position\":1,\"name\":\"Accueil\",\"item\":\"https:\\\/\\\/sud.svmep.ch\\\/svmep\\\/\"},{\"@type\":\"ListItem\",\"position\":2,\"name\":\"Gazette SVMEP\",\"item\":\"https:\\\/\\\/sud.svmep.ch\\\/svmep\\\/category\\\/gazette-svmep\\\/\"},{\"@type\":\"ListItem\",\"position\":3,\"name\":\"Les souliers de la col\u00e8re\"}]},{\"@type\":\"WebSite\",\"@id\":\"https:\\\/\\\/sud.svmep.ch\\\/svmep\\\/#website\",\"url\":\"https:\\\/\\\/sud.svmep.ch\\\/svmep\\\/\",\"name\":\"Syndicat vaudois des ma\u00eetres.ses de l'enseignement professionnel\",\"description\":\"\",\"publisher\":{\"@id\":\"https:\\\/\\\/sud.svmep.ch\\\/svmep\\\/#organization\"},\"alternateName\":\"SVMEP\",\"potentialAction\":[{\"@type\":\"SearchAction\",\"target\":{\"@type\":\"EntryPoint\",\"urlTemplate\":\"https:\\\/\\\/sud.svmep.ch\\\/svmep\\\/?s={search_term_string}\"},\"query-input\":{\"@type\":\"PropertyValueSpecification\",\"valueRequired\":true,\"valueName\":\"search_term_string\"}}],\"inLanguage\":\"fr-FR\"},{\"@type\":\"Organization\",\"@id\":\"https:\\\/\\\/sud.svmep.ch\\\/svmep\\\/#organization\",\"name\":\"Syndicat vaudois des ma\u00eetres.ses de l'enseignement professionnel SVMEP\",\"alternateName\":\"SVMEP\",\"url\":\"https:\\\/\\\/sud.svmep.ch\\\/svmep\\\/\",\"logo\":{\"@type\":\"ImageObject\",\"inLanguage\":\"fr-FR\",\"@id\":\"https:\\\/\\\/sud.svmep.ch\\\/svmep\\\/#\\\/schema\\\/logo\\\/image\\\/\",\"url\":\"https:\\\/\\\/sud.svmep.ch\\\/svmep\\\/wp-content\\\/uploads\\\/2024\\\/09\\\/svmep150x260.jpg\",\"contentUrl\":\"https:\\\/\\\/sud.svmep.ch\\\/svmep\\\/wp-content\\\/uploads\\\/2024\\\/09\\\/svmep150x260.jpg\",\"width\":226,\"height\":127,\"caption\":\"Syndicat vaudois des ma\u00eetres.ses de l'enseignement professionnel SVMEP\"},\"image\":{\"@id\":\"https:\\\/\\\/sud.svmep.ch\\\/svmep\\\/#\\\/schema\\\/logo\\\/image\\\/\"}},{\"@type\":\"Person\",\"@id\":\"https:\\\/\\\/sud.svmep.ch\\\/svmep\\\/#\\\/schema\\\/person\\\/c89c46f48a039b5e5bc4a8eeeab1aece\",\"name\":\"svmep-webmaster\",\"image\":{\"@type\":\"ImageObject\",\"inLanguage\":\"fr-FR\",\"@id\":\"https:\\\/\\\/secure.gravatar.com\\\/avatar\\\/75b5925b5ca4f3df48f6bb05f81ad13dab8238efffb28bf26c5f1682dff96ea6?s=96&d=mm&r=g\",\"url\":\"https:\\\/\\\/secure.gravatar.com\\\/avatar\\\/75b5925b5ca4f3df48f6bb05f81ad13dab8238efffb28bf26c5f1682dff96ea6?s=96&d=mm&r=g\",\"contentUrl\":\"https:\\\/\\\/secure.gravatar.com\\\/avatar\\\/75b5925b5ca4f3df48f6bb05f81ad13dab8238efffb28bf26c5f1682dff96ea6?s=96&d=mm&r=g\",\"caption\":\"svmep-webmaster\"}}]}<\/script>\n<!-- \/ Yoast SEO plugin. -->","yoast_head_json":{"title":"Les souliers de la col\u00e8re - svmep.ch","robots":{"index":"index","follow":"follow","max-snippet":"max-snippet:-1","max-image-preview":"max-image-preview:large","max-video-preview":"max-video-preview:-1"},"canonical":"https:\/\/sud.svmep.ch\/svmep\/les-souliers-de-la-colere\/","og_locale":"fr_FR","og_type":"article","og_title":"Les souliers de la col\u00e8re - svmep.ch","og_description":"27 mai 2011 Notre syndicat, sur mandat de divers collectifs d\u2019enseignant.e.s, a interpell\u00e9 la Cheffe de D\u00e9partement sur un certain nombre de points extr\u00eamement pr\u00e9occupants dans le secteur de la [&hellip;]","og_url":"https:\/\/sud.svmep.ch\/svmep\/les-souliers-de-la-colere\/","og_site_name":"svmep.ch","article_published_time":"2011-05-27T15:22:00+00:00","article_modified_time":"2025-01-29T10:00:23+00:00","og_image":[{"width":100,"height":100,"url":"https:\/\/sud.svmep.ch\/svmep\/wp-content\/uploads\/2005\/09\/jpg_logo2.jpg","type":"image\/jpeg"}],"author":"svmep-webmaster","twitter_card":"summary_large_image","schema":{"@context":"https:\/\/schema.org","@graph":[{"@type":"Article","@id":"https:\/\/sud.svmep.ch\/svmep\/les-souliers-de-la-colere\/#article","isPartOf":{"@id":"https:\/\/sud.svmep.ch\/svmep\/les-souliers-de-la-colere\/"},"author":{"name":"svmep-webmaster","@id":"https:\/\/sud.svmep.ch\/svmep\/#\/schema\/person\/c89c46f48a039b5e5bc4a8eeeab1aece"},"headline":"Les souliers de la col\u00e8re","datePublished":"2011-05-27T15:22:00+00:00","dateModified":"2025-01-29T10:00:23+00:00","mainEntityOfPage":{"@id":"https:\/\/sud.svmep.ch\/svmep\/les-souliers-de-la-colere\/"},"wordCount":293,"publisher":{"@id":"https:\/\/sud.svmep.ch\/svmep\/#organization"},"image":{"@id":"https:\/\/sud.svmep.ch\/svmep\/les-souliers-de-la-colere\/#primaryimage"},"thumbnailUrl":"https:\/\/sud.svmep.ch\/svmep\/wp-content\/uploads\/2005\/09\/jpg_logo2.jpg","keywords":["classification des MEP","lois et r\u00e8glements","mobilisation","salaire","temps de travail"],"articleSection":["Classification des MEP","Gazette SVMEP"],"inLanguage":"fr-FR"},{"@type":"WebPage","@id":"https:\/\/sud.svmep.ch\/svmep\/les-souliers-de-la-colere\/","url":"https:\/\/sud.svmep.ch\/svmep\/les-souliers-de-la-colere\/","name":"Les souliers de la col\u00e8re - svmep.ch","isPartOf":{"@id":"https:\/\/sud.svmep.ch\/svmep\/#website"},"primaryImageOfPage":{"@id":"https:\/\/sud.svmep.ch\/svmep\/les-souliers-de-la-colere\/#primaryimage"},"image":{"@id":"https:\/\/sud.svmep.ch\/svmep\/les-souliers-de-la-colere\/#primaryimage"},"thumbnailUrl":"https:\/\/sud.svmep.ch\/svmep\/wp-content\/uploads\/2005\/09\/jpg_logo2.jpg","datePublished":"2011-05-27T15:22:00+00:00","dateModified":"2025-01-29T10:00:23+00:00","breadcrumb":{"@id":"https:\/\/sud.svmep.ch\/svmep\/les-souliers-de-la-colere\/#breadcrumb"},"inLanguage":"fr-FR","potentialAction":[{"@type":"ReadAction","target":["https:\/\/sud.svmep.ch\/svmep\/les-souliers-de-la-colere\/"]}]},{"@type":"ImageObject","inLanguage":"fr-FR","@id":"https:\/\/sud.svmep.ch\/svmep\/les-souliers-de-la-colere\/#primaryimage","url":"https:\/\/sud.svmep.ch\/svmep\/wp-content\/uploads\/2005\/09\/jpg_logo2.jpg","contentUrl":"https:\/\/sud.svmep.ch\/svmep\/wp-content\/uploads\/2005\/09\/jpg_logo2.jpg","width":100,"height":100},{"@type":"BreadcrumbList","@id":"https:\/\/sud.svmep.ch\/svmep\/les-souliers-de-la-colere\/#breadcrumb","itemListElement":[{"@type":"ListItem","position":1,"name":"Accueil","item":"https:\/\/sud.svmep.ch\/svmep\/"},{"@type":"ListItem","position":2,"name":"Gazette SVMEP","item":"https:\/\/sud.svmep.ch\/svmep\/category\/gazette-svmep\/"},{"@type":"ListItem","position":3,"name":"Les souliers de la col\u00e8re"}]},{"@type":"WebSite","@id":"https:\/\/sud.svmep.ch\/svmep\/#website","url":"https:\/\/sud.svmep.ch\/svmep\/","name":"Syndicat vaudois des ma\u00eetres.ses de l'enseignement professionnel","description":"","publisher":{"@id":"https:\/\/sud.svmep.ch\/svmep\/#organization"},"alternateName":"SVMEP","potentialAction":[{"@type":"SearchAction","target":{"@type":"EntryPoint","urlTemplate":"https:\/\/sud.svmep.ch\/svmep\/?s={search_term_string}"},"query-input":{"@type":"PropertyValueSpecification","valueRequired":true,"valueName":"search_term_string"}}],"inLanguage":"fr-FR"},{"@type":"Organization","@id":"https:\/\/sud.svmep.ch\/svmep\/#organization","name":"Syndicat vaudois des ma\u00eetres.ses de l'enseignement professionnel SVMEP","alternateName":"SVMEP","url":"https:\/\/sud.svmep.ch\/svmep\/","logo":{"@type":"ImageObject","inLanguage":"fr-FR","@id":"https:\/\/sud.svmep.ch\/svmep\/#\/schema\/logo\/image\/","url":"https:\/\/sud.svmep.ch\/svmep\/wp-content\/uploads\/2024\/09\/svmep150x260.jpg","contentUrl":"https:\/\/sud.svmep.ch\/svmep\/wp-content\/uploads\/2024\/09\/svmep150x260.jpg","width":226,"height":127,"caption":"Syndicat vaudois des ma\u00eetres.ses de l'enseignement professionnel SVMEP"},"image":{"@id":"https:\/\/sud.svmep.ch\/svmep\/#\/schema\/logo\/image\/"}},{"@type":"Person","@id":"https:\/\/sud.svmep.ch\/svmep\/#\/schema\/person\/c89c46f48a039b5e5bc4a8eeeab1aece","name":"svmep-webmaster","image":{"@type":"ImageObject","inLanguage":"fr-FR","@id":"https:\/\/secure.gravatar.com\/avatar\/75b5925b5ca4f3df48f6bb05f81ad13dab8238efffb28bf26c5f1682dff96ea6?s=96&d=mm&r=g","url":"https:\/\/secure.gravatar.com\/avatar\/75b5925b5ca4f3df48f6bb05f81ad13dab8238efffb28bf26c5f1682dff96ea6?s=96&d=mm&r=g","contentUrl":"https:\/\/secure.gravatar.com\/avatar\/75b5925b5ca4f3df48f6bb05f81ad13dab8238efffb28bf26c5f1682dff96ea6?s=96&d=mm&r=g","caption":"svmep-webmaster"}}]}},"_links":{"self":[{"href":"https:\/\/sud.svmep.ch\/svmep\/wp-json\/wp\/v2\/posts\/1659","targetHints":{"allow":["GET"]}}],"collection":[{"href":"https:\/\/sud.svmep.ch\/svmep\/wp-json\/wp\/v2\/posts"}],"about":[{"href":"https:\/\/sud.svmep.ch\/svmep\/wp-json\/wp\/v2\/types\/post"}],"author":[{"embeddable":true,"href":"https:\/\/sud.svmep.ch\/svmep\/wp-json\/wp\/v2\/users\/4"}],"replies":[{"embeddable":true,"href":"https:\/\/sud.svmep.ch\/svmep\/wp-json\/wp\/v2\/comments?post=1659"}],"version-history":[{"count":0,"href":"https:\/\/sud.svmep.ch\/svmep\/wp-json\/wp\/v2\/posts\/1659\/revisions"}],"wp:featuredmedia":[{"embeddable":true,"href":"https:\/\/sud.svmep.ch\/svmep\/wp-json\/wp\/v2\/media\/354"}],"wp:attachment":[{"href":"https:\/\/sud.svmep.ch\/svmep\/wp-json\/wp\/v2\/media?parent=1659"}],"wp:term":[{"taxonomy":"category","embeddable":true,"href":"https:\/\/sud.svmep.ch\/svmep\/wp-json\/wp\/v2\/categories?post=1659"},{"taxonomy":"post_tag","embeddable":true,"href":"https:\/\/sud.svmep.ch\/svmep\/wp-json\/wp\/v2\/tags?post=1659"}],"curies":[{"name":"wp","href":"https:\/\/api.w.org\/{rel}","templated":true}]}}