{"id":1721,"date":"2022-04-19T11:11:00","date_gmt":"2022-04-19T10:11:00","guid":{"rendered":"https:\/\/sud.svmep.ch\/svmep\/?p=1721"},"modified":"2026-02-18T14:51:54","modified_gmt":"2026-02-18T13:51:54","slug":"gestion-et-fonctionnement-de-lepsic-reponse-du-dfjc","status":"publish","type":"post","link":"https:\/\/sud.svmep.ch\/svmep\/gestion-et-fonctionnement-de-lepsic-reponse-du-dfjc\/","title":{"rendered":"Gestion et fonctionnement de l&rsquo;EPSIC : r\u00e9ponse du DFJC"},"content":{"rendered":"<div class=\"wp-block-post-date\"><time datetime=\"2022-04-19T11:11:00+02:00\">19 avril 2022<\/time><\/div>\n\n\n<p><strong>En d\u00e9cembre dernier, le SVMEP avait r\u00e9uni une Assembl\u00e9e du personnel de l&rsquo;EPSIC, laquelle avait ensuite d\u00e9cid\u00e9 d&rsquo;<a href=\"https:\/\/sud.svmep.ch\/svmep\/wp-content\/uploads\/2024\/12\/2021-12-02_lettre_EPSIC_DFJC_finale.pdf\" target=\"_blank\" rel=\"noopener\">\u00e9crire au DFJC afin de d\u00e9noncer une s\u00e9rie de dysfonctionnements<\/a>. Nous avons re\u00e7u une copie de la r\u00e9ponse de la Cheffe du DFJC et nous la publions ci-dessous.<\/strong><\/p>\n<blockquote>\n<p>[\u2026] J&rsquo;ai bien pris note des diff\u00e9rents th\u00e8mes qui vous pr\u00e9occupent, des th\u00e8mes qui sont effectivement importants pour le bon fonctionnement d&rsquo;un lieu de formation. J&rsquo;ai en particulier not\u00e9 les questions suivantes : l&rsquo;utilisation des diff\u00e9rents organes de d\u00e9cision et de consultation, la transparence sur l&rsquo;utilisation du budget, les activit\u00e9s culturelles et sportives, le management pour le personnel non-enseignant, les moyens informatiques et la communication.<\/p>\n<\/blockquote>\n<p>Lire la lettre de la Cheffe du DFJC <a href=\"https:\/\/sud.svmep.ch\/svmep\/wp-content\/uploads\/2024\/12\/2022-04-12_DFJC_reponse.pdf\" target=\"_blank\" rel=\"noopener\">en cliquant sur ce lien<\/a>.<\/p>\n","protected":false},"excerpt":{"rendered":"<p>19 avril 2022 En d\u00e9cembre dernier, le SVMEP avait r\u00e9uni une Assembl\u00e9e du personnel de l&rsquo;EPSIC, laquelle avait ensuite d\u00e9cid\u00e9 d&rsquo;\u00e9crire au DFJC afin de d\u00e9noncer une s\u00e9rie de dysfonctionnements. [&hellip;]<\/p>\n","protected":false},"author":4,"featured_media":0,"comment_status":"closed","ping_status":"closed","sticky":false,"template":"","format":"standard","meta":{"footnotes":""},"categories":[21],"tags":[33],"class_list":["post-1721","post","type-post","status-publish","format-standard","hentry","category-ecole-en-situation-de-crise","tag-epsic"],"yoast_head":"<!-- This site is optimized with the Yoast SEO plugin v27.4 - https:\/\/yoast.com\/product\/yoast-seo-wordpress\/ -->\n<title>Gestion et fonctionnement de l&#039;EPSIC : r\u00e9ponse du DFJC - svmep.ch<\/title>\n<meta name=\"description\" content=\"R\u00e9ponse de la Cheffe du DFJC, qui avait \u00e9t\u00e9 interpel\u00e9e par l&#039;Assembl\u00e9e du personnel de l&#039;EPSIC en d\u00e9cembre 2021.\" \/>\n<meta name=\"robots\" content=\"index, follow, max-snippet:-1, max-image-preview:large, max-video-preview:-1\" \/>\n<link rel=\"canonical\" href=\"https:\/\/sud.svmep.ch\/svmep\/gestion-et-fonctionnement-de-lepsic-reponse-du-dfjc\/\" \/>\n<meta property=\"og:locale\" content=\"fr_FR\" \/>\n<meta property=\"og:type\" content=\"article\" \/>\n<meta property=\"og:title\" content=\"Gestion et fonctionnement de l&#039;EPSIC : r\u00e9ponse du DFJC - svmep.ch\" \/>\n<meta property=\"og:description\" content=\"R\u00e9ponse de la Cheffe du DFJC, qui avait \u00e9t\u00e9 interpel\u00e9e par l&#039;Assembl\u00e9e du personnel de l&#039;EPSIC en d\u00e9cembre 2021.\" \/>\n<meta property=\"og:url\" content=\"https:\/\/sud.svmep.ch\/svmep\/gestion-et-fonctionnement-de-lepsic-reponse-du-dfjc\/\" \/>\n<meta property=\"og:site_name\" content=\"svmep.ch\" \/>\n<meta property=\"article:published_time\" content=\"2022-04-19T10:11:00+00:00\" \/>\n<meta property=\"article:modified_time\" content=\"2026-02-18T13:51:54+00:00\" \/>\n<meta name=\"author\" content=\"svmep-webmaster\" \/>\n<meta name=\"twitter:card\" content=\"summary_large_image\" \/>\n<script type=\"application\/ld+json\" class=\"yoast-schema-graph\">{\"@context\":\"https:\\\/\\\/schema.org\",\"@graph\":[{\"@type\":\"Article\",\"@id\":\"https:\\\/\\\/sud.svmep.ch\\\/svmep\\\/gestion-et-fonctionnement-de-lepsic-reponse-du-dfjc\\\/#article\",\"isPartOf\":{\"@id\":\"https:\\\/\\\/sud.svmep.ch\\\/svmep\\\/gestion-et-fonctionnement-de-lepsic-reponse-du-dfjc\\\/\"},\"author\":{\"name\":\"svmep-webmaster\",\"@id\":\"https:\\\/\\\/sud.svmep.ch\\\/svmep\\\/#\\\/schema\\\/person\\\/c89c46f48a039b5e5bc4a8eeeab1aece\"},\"headline\":\"Gestion et fonctionnement de l&rsquo;EPSIC : r\u00e9ponse du DFJC\",\"datePublished\":\"2022-04-19T10:11:00+00:00\",\"dateModified\":\"2026-02-18T13:51:54+00:00\",\"mainEntityOfPage\":{\"@id\":\"https:\\\/\\\/sud.svmep.ch\\\/svmep\\\/gestion-et-fonctionnement-de-lepsic-reponse-du-dfjc\\\/\"},\"wordCount\":146,\"publisher\":{\"@id\":\"https:\\\/\\\/sud.svmep.ch\\\/svmep\\\/#organization\"},\"keywords\":[\"epsic\"],\"articleSection\":[\"\u00c9coles en situation de crise\"],\"inLanguage\":\"fr-FR\"},{\"@type\":\"WebPage\",\"@id\":\"https:\\\/\\\/sud.svmep.ch\\\/svmep\\\/gestion-et-fonctionnement-de-lepsic-reponse-du-dfjc\\\/\",\"url\":\"https:\\\/\\\/sud.svmep.ch\\\/svmep\\\/gestion-et-fonctionnement-de-lepsic-reponse-du-dfjc\\\/\",\"name\":\"Gestion et fonctionnement de l'EPSIC : r\u00e9ponse du DFJC - svmep.ch\",\"isPartOf\":{\"@id\":\"https:\\\/\\\/sud.svmep.ch\\\/svmep\\\/#website\"},\"datePublished\":\"2022-04-19T10:11:00+00:00\",\"dateModified\":\"2026-02-18T13:51:54+00:00\",\"description\":\"R\u00e9ponse de la Cheffe du DFJC, qui avait \u00e9t\u00e9 interpel\u00e9e par l'Assembl\u00e9e du personnel de l'EPSIC en d\u00e9cembre 2021.\",\"breadcrumb\":{\"@id\":\"https:\\\/\\\/sud.svmep.ch\\\/svmep\\\/gestion-et-fonctionnement-de-lepsic-reponse-du-dfjc\\\/#breadcrumb\"},\"inLanguage\":\"fr-FR\",\"potentialAction\":[{\"@type\":\"ReadAction\",\"target\":[\"https:\\\/\\\/sud.svmep.ch\\\/svmep\\\/gestion-et-fonctionnement-de-lepsic-reponse-du-dfjc\\\/\"]}]},{\"@type\":\"BreadcrumbList\",\"@id\":\"https:\\\/\\\/sud.svmep.ch\\\/svmep\\\/gestion-et-fonctionnement-de-lepsic-reponse-du-dfjc\\\/#breadcrumb\",\"itemListElement\":[{\"@type\":\"ListItem\",\"position\":1,\"name\":\"Accueil\",\"item\":\"https:\\\/\\\/sud.svmep.ch\\\/svmep\\\/\"},{\"@type\":\"ListItem\",\"position\":2,\"name\":\"\u00c9coles en situation de crise\",\"item\":\"https:\\\/\\\/sud.svmep.ch\\\/svmep\\\/category\\\/ecole-en-situation-de-crise\\\/\"},{\"@type\":\"ListItem\",\"position\":3,\"name\":\"Gestion et fonctionnement de l&rsquo;EPSIC : r\u00e9ponse du DFJC\"}]},{\"@type\":\"WebSite\",\"@id\":\"https:\\\/\\\/sud.svmep.ch\\\/svmep\\\/#website\",\"url\":\"https:\\\/\\\/sud.svmep.ch\\\/svmep\\\/\",\"name\":\"Syndicat vaudois des ma\u00eetres.ses de l'enseignement professionnel\",\"description\":\"\",\"publisher\":{\"@id\":\"https:\\\/\\\/sud.svmep.ch\\\/svmep\\\/#organization\"},\"alternateName\":\"SVMEP\",\"potentialAction\":[{\"@type\":\"SearchAction\",\"target\":{\"@type\":\"EntryPoint\",\"urlTemplate\":\"https:\\\/\\\/sud.svmep.ch\\\/svmep\\\/?s={search_term_string}\"},\"query-input\":{\"@type\":\"PropertyValueSpecification\",\"valueRequired\":true,\"valueName\":\"search_term_string\"}}],\"inLanguage\":\"fr-FR\"},{\"@type\":\"Organization\",\"@id\":\"https:\\\/\\\/sud.svmep.ch\\\/svmep\\\/#organization\",\"name\":\"Syndicat vaudois des ma\u00eetres.ses de l'enseignement professionnel SVMEP\",\"alternateName\":\"SVMEP\",\"url\":\"https:\\\/\\\/sud.svmep.ch\\\/svmep\\\/\",\"logo\":{\"@type\":\"ImageObject\",\"inLanguage\":\"fr-FR\",\"@id\":\"https:\\\/\\\/sud.svmep.ch\\\/svmep\\\/#\\\/schema\\\/logo\\\/image\\\/\",\"url\":\"https:\\\/\\\/sud.svmep.ch\\\/svmep\\\/wp-content\\\/uploads\\\/2024\\\/09\\\/svmep150x260.jpg\",\"contentUrl\":\"https:\\\/\\\/sud.svmep.ch\\\/svmep\\\/wp-content\\\/uploads\\\/2024\\\/09\\\/svmep150x260.jpg\",\"width\":226,\"height\":127,\"caption\":\"Syndicat vaudois des ma\u00eetres.ses de l'enseignement professionnel SVMEP\"},\"image\":{\"@id\":\"https:\\\/\\\/sud.svmep.ch\\\/svmep\\\/#\\\/schema\\\/logo\\\/image\\\/\"}},{\"@type\":\"Person\",\"@id\":\"https:\\\/\\\/sud.svmep.ch\\\/svmep\\\/#\\\/schema\\\/person\\\/c89c46f48a039b5e5bc4a8eeeab1aece\",\"name\":\"svmep-webmaster\",\"image\":{\"@type\":\"ImageObject\",\"inLanguage\":\"fr-FR\",\"@id\":\"https:\\\/\\\/secure.gravatar.com\\\/avatar\\\/75b5925b5ca4f3df48f6bb05f81ad13dab8238efffb28bf26c5f1682dff96ea6?s=96&d=mm&r=g\",\"url\":\"https:\\\/\\\/secure.gravatar.com\\\/avatar\\\/75b5925b5ca4f3df48f6bb05f81ad13dab8238efffb28bf26c5f1682dff96ea6?s=96&d=mm&r=g\",\"contentUrl\":\"https:\\\/\\\/secure.gravatar.com\\\/avatar\\\/75b5925b5ca4f3df48f6bb05f81ad13dab8238efffb28bf26c5f1682dff96ea6?s=96&d=mm&r=g\",\"caption\":\"svmep-webmaster\"}}]}<\/script>\n<!-- \/ Yoast SEO plugin. -->","yoast_head_json":{"title":"Gestion et fonctionnement de l'EPSIC : r\u00e9ponse du DFJC - svmep.ch","description":"R\u00e9ponse de la Cheffe du DFJC, qui avait \u00e9t\u00e9 interpel\u00e9e par l'Assembl\u00e9e du personnel de l'EPSIC en d\u00e9cembre 2021.","robots":{"index":"index","follow":"follow","max-snippet":"max-snippet:-1","max-image-preview":"max-image-preview:large","max-video-preview":"max-video-preview:-1"},"canonical":"https:\/\/sud.svmep.ch\/svmep\/gestion-et-fonctionnement-de-lepsic-reponse-du-dfjc\/","og_locale":"fr_FR","og_type":"article","og_title":"Gestion et fonctionnement de l'EPSIC : r\u00e9ponse du DFJC - svmep.ch","og_description":"R\u00e9ponse de la Cheffe du DFJC, qui avait \u00e9t\u00e9 interpel\u00e9e par l'Assembl\u00e9e du personnel de l'EPSIC en d\u00e9cembre 2021.","og_url":"https:\/\/sud.svmep.ch\/svmep\/gestion-et-fonctionnement-de-lepsic-reponse-du-dfjc\/","og_site_name":"svmep.ch","article_published_time":"2022-04-19T10:11:00+00:00","article_modified_time":"2026-02-18T13:51:54+00:00","author":"svmep-webmaster","twitter_card":"summary_large_image","schema":{"@context":"https:\/\/schema.org","@graph":[{"@type":"Article","@id":"https:\/\/sud.svmep.ch\/svmep\/gestion-et-fonctionnement-de-lepsic-reponse-du-dfjc\/#article","isPartOf":{"@id":"https:\/\/sud.svmep.ch\/svmep\/gestion-et-fonctionnement-de-lepsic-reponse-du-dfjc\/"},"author":{"name":"svmep-webmaster","@id":"https:\/\/sud.svmep.ch\/svmep\/#\/schema\/person\/c89c46f48a039b5e5bc4a8eeeab1aece"},"headline":"Gestion et fonctionnement de l&rsquo;EPSIC : r\u00e9ponse du DFJC","datePublished":"2022-04-19T10:11:00+00:00","dateModified":"2026-02-18T13:51:54+00:00","mainEntityOfPage":{"@id":"https:\/\/sud.svmep.ch\/svmep\/gestion-et-fonctionnement-de-lepsic-reponse-du-dfjc\/"},"wordCount":146,"publisher":{"@id":"https:\/\/sud.svmep.ch\/svmep\/#organization"},"keywords":["epsic"],"articleSection":["\u00c9coles en situation de crise"],"inLanguage":"fr-FR"},{"@type":"WebPage","@id":"https:\/\/sud.svmep.ch\/svmep\/gestion-et-fonctionnement-de-lepsic-reponse-du-dfjc\/","url":"https:\/\/sud.svmep.ch\/svmep\/gestion-et-fonctionnement-de-lepsic-reponse-du-dfjc\/","name":"Gestion et fonctionnement de l'EPSIC : r\u00e9ponse du DFJC - svmep.ch","isPartOf":{"@id":"https:\/\/sud.svmep.ch\/svmep\/#website"},"datePublished":"2022-04-19T10:11:00+00:00","dateModified":"2026-02-18T13:51:54+00:00","description":"R\u00e9ponse de la Cheffe du DFJC, qui avait \u00e9t\u00e9 interpel\u00e9e par l'Assembl\u00e9e du personnel de l'EPSIC en d\u00e9cembre 2021.","breadcrumb":{"@id":"https:\/\/sud.svmep.ch\/svmep\/gestion-et-fonctionnement-de-lepsic-reponse-du-dfjc\/#breadcrumb"},"inLanguage":"fr-FR","potentialAction":[{"@type":"ReadAction","target":["https:\/\/sud.svmep.ch\/svmep\/gestion-et-fonctionnement-de-lepsic-reponse-du-dfjc\/"]}]},{"@type":"BreadcrumbList","@id":"https:\/\/sud.svmep.ch\/svmep\/gestion-et-fonctionnement-de-lepsic-reponse-du-dfjc\/#breadcrumb","itemListElement":[{"@type":"ListItem","position":1,"name":"Accueil","item":"https:\/\/sud.svmep.ch\/svmep\/"},{"@type":"ListItem","position":2,"name":"\u00c9coles en situation de crise","item":"https:\/\/sud.svmep.ch\/svmep\/category\/ecole-en-situation-de-crise\/"},{"@type":"ListItem","position":3,"name":"Gestion et fonctionnement de l&rsquo;EPSIC : r\u00e9ponse du DFJC"}]},{"@type":"WebSite","@id":"https:\/\/sud.svmep.ch\/svmep\/#website","url":"https:\/\/sud.svmep.ch\/svmep\/","name":"Syndicat vaudois des ma\u00eetres.ses de l'enseignement professionnel","description":"","publisher":{"@id":"https:\/\/sud.svmep.ch\/svmep\/#organization"},"alternateName":"SVMEP","potentialAction":[{"@type":"SearchAction","target":{"@type":"EntryPoint","urlTemplate":"https:\/\/sud.svmep.ch\/svmep\/?s={search_term_string}"},"query-input":{"@type":"PropertyValueSpecification","valueRequired":true,"valueName":"search_term_string"}}],"inLanguage":"fr-FR"},{"@type":"Organization","@id":"https:\/\/sud.svmep.ch\/svmep\/#organization","name":"Syndicat vaudois des ma\u00eetres.ses de l'enseignement professionnel SVMEP","alternateName":"SVMEP","url":"https:\/\/sud.svmep.ch\/svmep\/","logo":{"@type":"ImageObject","inLanguage":"fr-FR","@id":"https:\/\/sud.svmep.ch\/svmep\/#\/schema\/logo\/image\/","url":"https:\/\/sud.svmep.ch\/svmep\/wp-content\/uploads\/2024\/09\/svmep150x260.jpg","contentUrl":"https:\/\/sud.svmep.ch\/svmep\/wp-content\/uploads\/2024\/09\/svmep150x260.jpg","width":226,"height":127,"caption":"Syndicat vaudois des ma\u00eetres.ses de l'enseignement professionnel SVMEP"},"image":{"@id":"https:\/\/sud.svmep.ch\/svmep\/#\/schema\/logo\/image\/"}},{"@type":"Person","@id":"https:\/\/sud.svmep.ch\/svmep\/#\/schema\/person\/c89c46f48a039b5e5bc4a8eeeab1aece","name":"svmep-webmaster","image":{"@type":"ImageObject","inLanguage":"fr-FR","@id":"https:\/\/secure.gravatar.com\/avatar\/75b5925b5ca4f3df48f6bb05f81ad13dab8238efffb28bf26c5f1682dff96ea6?s=96&d=mm&r=g","url":"https:\/\/secure.gravatar.com\/avatar\/75b5925b5ca4f3df48f6bb05f81ad13dab8238efffb28bf26c5f1682dff96ea6?s=96&d=mm&r=g","contentUrl":"https:\/\/secure.gravatar.com\/avatar\/75b5925b5ca4f3df48f6bb05f81ad13dab8238efffb28bf26c5f1682dff96ea6?s=96&d=mm&r=g","caption":"svmep-webmaster"}}]}},"_links":{"self":[{"href":"https:\/\/sud.svmep.ch\/svmep\/wp-json\/wp\/v2\/posts\/1721","targetHints":{"allow":["GET"]}}],"collection":[{"href":"https:\/\/sud.svmep.ch\/svmep\/wp-json\/wp\/v2\/posts"}],"about":[{"href":"https:\/\/sud.svmep.ch\/svmep\/wp-json\/wp\/v2\/types\/post"}],"author":[{"embeddable":true,"href":"https:\/\/sud.svmep.ch\/svmep\/wp-json\/wp\/v2\/users\/4"}],"replies":[{"embeddable":true,"href":"https:\/\/sud.svmep.ch\/svmep\/wp-json\/wp\/v2\/comments?post=1721"}],"version-history":[{"count":0,"href":"https:\/\/sud.svmep.ch\/svmep\/wp-json\/wp\/v2\/posts\/1721\/revisions"}],"wp:attachment":[{"href":"https:\/\/sud.svmep.ch\/svmep\/wp-json\/wp\/v2\/media?parent=1721"}],"wp:term":[{"taxonomy":"category","embeddable":true,"href":"https:\/\/sud.svmep.ch\/svmep\/wp-json\/wp\/v2\/categories?post=1721"},{"taxonomy":"post_tag","embeddable":true,"href":"https:\/\/sud.svmep.ch\/svmep\/wp-json\/wp\/v2\/tags?post=1721"}],"curies":[{"name":"wp","href":"https:\/\/api.w.org\/{rel}","templated":true}]}}