{"id":1784,"date":"2019-02-08T13:06:00","date_gmt":"2019-02-08T12:06:00","guid":{"rendered":"https:\/\/sud.svmep.ch\/svmep\/?p=1784"},"modified":"2025-01-03T15:13:28","modified_gmt":"2025-01-03T14:13:28","slug":"deduction-des-frais-de-repas-sur-la-declaration-dimpot-case-g","status":"publish","type":"post","link":"https:\/\/sud.svmep.ch\/svmep\/deduction-des-frais-de-repas-sur-la-declaration-dimpot-case-g\/","title":{"rendered":"D\u00e9duction des frais de repas sur la d\u00e9claration d&rsquo;imp\u00f4t (case \u00ab G \u00bb)"},"content":{"rendered":"<div class=\"wp-block-post-date\"><time datetime=\"2019-02-08T13:06:00+01:00\">8 f\u00e9vrier 2019<\/time><\/div>\n\n\n<p><strong>Nous publions une information de la F\u00e9d\u00e9ration SUD concernant la d\u00e9duction des frais de repas sur la d\u00e9claration d&rsquo;imp\u00f4t.<\/strong><\/p>\n<p>En ce d\u00e9but d\u2019ann\u00e9e, revient la saison du certificat de salaire. Les derni\u00e8res \u00e9ditions ont tenu toutes leurs promesses en mati\u00e8re de document fantaisiste pour ce qui concerne la fameuse case \u00abG\u00bb. Rappel : celle-ci se niche au haut du document. <strong>Si elle est coch\u00e9e, cela indique que vous b\u00e9n\u00e9ficiez d\u2019un acc\u00e8s effectif \u00e0 un repas \u00e0 prix r\u00e9duit sur votre lieu de travail (moins de 14 francs)<\/strong> et que vous ne pouvez donc pas d\u00e9duire pleinement de votre d\u00e9claration d\u2019imp\u00f4t des frais professionnels de repas pris \u00e0 l\u2019ext\u00e9rieur du domicile.<\/p>\n<p><a href=\"https:\/\/sud.svmep.ch\/svmep\/deduction-frais-de-repas\/\" target=\"_blank\" rel=\"noopener\">SUD est intervenu<\/a> au cours des deux derni\u00e8res ann\u00e9es pour d\u00e9noncer des situations qui n\u2019\u00e9taient pas conformes aux r\u00e8gles : prix sup\u00e9rieur \u00e0 14 francs, impossibilit\u00e9 mat\u00e9rielle d\u2019acc\u00e9der au restaurant pour des raisons de place, de distance ou d\u2019horaire, et m\u00eame inexistence pure et simple de lieu de restauration ! Le Conseil d\u2019\u00c9tat a r\u00e9pondu que tout \u00e9tait d\u00e9sormais en ordre, et qu\u2019aucun probl\u00e8me ne subsistait. On se conna\u00eet trop bien pour ne pas se m\u00e9fier.<\/p>\n<p>En cons\u00e9quence, nous vous informons de la <strong>proc\u00e9dure \u00e0 suivre<\/strong> si votre situation personnelle a \u00e9chapp\u00e9 \u00e0 la tr\u00e8s grande sagacit\u00e9 de l\u2019Administration cantonale vaudoise. Dans l\u2019hypoth\u00e8se o\u00f9 vous n\u2019avez pas un acc\u00e8s effectif \u00e0 un repas de moins de 14 francs sur votre lieu de travail et que la case G est coch\u00e9e sur votre certificat de salaire, il faut que vous demandiez le r\u00e9examen de ce dernier et sa modification, par courrier postal \u00e0 votre autorit\u00e9 d\u2019engagement (personne qui a sign\u00e9 votre contrat), dans les 20 jours suivant la notification de votre certificat erron\u00e9. \u00c0 la suite de cela, l\u2019autorit\u00e9 d\u2019engagement devra motiver sa d\u00e9cision ou, cas \u00e9ch\u00e9ant, vous faire adresser un nouveau certificat de salaire modifi\u00e9.<\/p>\n\n\n\n<ul class=\"wp-block-social-links alignright has-visible-labels has-icon-background-color is-style-default is-content-justification-right is-nowrap is-layout-flex wp-container-core-social-links-is-layout-f5f3ae2a wp-block-social-links-is-layout-flex\"><li style=\"background-color: #cf2e2e; \" class=\"wp-social-link wp-social-link-facebook has-vivid-red-background-color wp-block-social-link\"><a rel=\"noopener nofollow\" target=\"_blank\" href=\"https:\/\/www.facebook.com\/sudresiste\/\" class=\"wp-block-social-link-anchor\"><svg width=\"24\" height=\"24\" viewBox=\"0 0 24 24\" version=\"1.1\" xmlns=\"http:\/\/www.w3.org\/2000\/svg\" aria-hidden=\"true\" focusable=\"false\"><path d=\"M12 2C6.5 2 2 6.5 2 12c0 5 3.7 9.1 8.4 9.9v-7H7.9V12h2.5V9.8c0-2.5 1.5-3.9 3.8-3.9 1.1 0 2.2.2 2.2.2v2.5h-1.3c-1.2 0-1.6.8-1.6 1.6V12h2.8l-.4 2.9h-2.3v7C18.3 21.1 22 17 22 12c0-5.5-4.5-10-10-10z\"><\/path><\/svg><span class=\"wp-block-social-link-label\">SUD<\/span><\/a><\/li><\/ul>\n","protected":false},"excerpt":{"rendered":"<p>8 f\u00e9vrier 2019 Nous publions une information de la F\u00e9d\u00e9ration SUD concernant la d\u00e9duction des frais de repas sur la d\u00e9claration d&rsquo;imp\u00f4t. En ce d\u00e9but d\u2019ann\u00e9e, revient la saison du [&hellip;]<\/p>\n","protected":false},"author":4,"featured_media":1042,"comment_status":"closed","ping_status":"closed","sticky":false,"template":"","format":"standard","meta":{"footnotes":""},"categories":[49],"tags":[32],"class_list":["post-1784","post","type-post","status-publish","format-standard","has-post-thumbnail","hentry","category-dossiers-generaux-sud","tag-salaire"],"yoast_head":"<!-- This site is optimized with the Yoast SEO plugin v27.4 - https:\/\/yoast.com\/product\/yoast-seo-wordpress\/ -->\n<title>D\u00e9duction des frais de repas sur la d\u00e9claration d&#039;imp\u00f4t (case \u00ab G \u00bb) - svmep.ch<\/title>\n<meta name=\"description\" content=\"Information de la F\u00e9d\u00e9ration SUD concernant la d\u00e9duction des frais de repas sur la d\u00e9claration d&#039;imp\u00f4t (case G).\" \/>\n<meta name=\"robots\" content=\"index, follow, max-snippet:-1, max-image-preview:large, max-video-preview:-1\" \/>\n<link rel=\"canonical\" href=\"https:\/\/sud.svmep.ch\/svmep\/deduction-des-frais-de-repas-sur-la-declaration-dimpot-case-g\/\" \/>\n<meta property=\"og:locale\" content=\"fr_FR\" \/>\n<meta property=\"og:type\" content=\"article\" \/>\n<meta property=\"og:title\" content=\"D\u00e9duction des frais de repas sur la d\u00e9claration d&#039;imp\u00f4t (case \u00ab G \u00bb) - svmep.ch\" \/>\n<meta property=\"og:description\" content=\"Information de la F\u00e9d\u00e9ration SUD concernant la d\u00e9duction des frais de repas sur la d\u00e9claration d&#039;imp\u00f4t (case G).\" \/>\n<meta property=\"og:url\" content=\"https:\/\/sud.svmep.ch\/svmep\/deduction-des-frais-de-repas-sur-la-declaration-dimpot-case-g\/\" \/>\n<meta property=\"og:site_name\" content=\"svmep.ch\" \/>\n<meta property=\"article:published_time\" content=\"2019-02-08T12:06:00+00:00\" \/>\n<meta property=\"article:modified_time\" content=\"2025-01-03T14:13:28+00:00\" \/>\n<meta property=\"og:image\" content=\"https:\/\/sud.svmep.ch\/svmep\/wp-content\/uploads\/2024\/06\/Sud-logo-couleur-IG-e1730883388694.png\" \/>\n\t<meta property=\"og:image:width\" content=\"1113\" \/>\n\t<meta property=\"og:image:height\" content=\"1113\" \/>\n\t<meta property=\"og:image:type\" content=\"image\/png\" \/>\n<meta name=\"author\" content=\"svmep-webmaster\" \/>\n<meta name=\"twitter:card\" content=\"summary_large_image\" \/>\n<script type=\"application\/ld+json\" class=\"yoast-schema-graph\">{\"@context\":\"https:\\\/\\\/schema.org\",\"@graph\":[{\"@type\":\"Article\",\"@id\":\"https:\\\/\\\/sud.svmep.ch\\\/svmep\\\/deduction-des-frais-de-repas-sur-la-declaration-dimpot-case-g\\\/#article\",\"isPartOf\":{\"@id\":\"https:\\\/\\\/sud.svmep.ch\\\/svmep\\\/deduction-des-frais-de-repas-sur-la-declaration-dimpot-case-g\\\/\"},\"author\":{\"name\":\"svmep-webmaster\",\"@id\":\"https:\\\/\\\/sud.svmep.ch\\\/svmep\\\/#\\\/schema\\\/person\\\/c89c46f48a039b5e5bc4a8eeeab1aece\"},\"headline\":\"D\u00e9duction des frais de repas sur la d\u00e9claration d&rsquo;imp\u00f4t (case \u00ab G \u00bb)\",\"datePublished\":\"2019-02-08T12:06:00+00:00\",\"dateModified\":\"2025-01-03T14:13:28+00:00\",\"mainEntityOfPage\":{\"@id\":\"https:\\\/\\\/sud.svmep.ch\\\/svmep\\\/deduction-des-frais-de-repas-sur-la-declaration-dimpot-case-g\\\/\"},\"wordCount\":358,\"publisher\":{\"@id\":\"https:\\\/\\\/sud.svmep.ch\\\/svmep\\\/#organization\"},\"image\":{\"@id\":\"https:\\\/\\\/sud.svmep.ch\\\/svmep\\\/deduction-des-frais-de-repas-sur-la-declaration-dimpot-case-g\\\/#primaryimage\"},\"thumbnailUrl\":\"https:\\\/\\\/sud.svmep.ch\\\/svmep\\\/wp-content\\\/uploads\\\/2024\\\/06\\\/Sud-logo-couleur-IG-e1730883388694.png\",\"keywords\":[\"salaire\"],\"articleSection\":[\"Dossiers g\u00e9n\u00e9raux SUD\"],\"inLanguage\":\"fr-FR\"},{\"@type\":\"WebPage\",\"@id\":\"https:\\\/\\\/sud.svmep.ch\\\/svmep\\\/deduction-des-frais-de-repas-sur-la-declaration-dimpot-case-g\\\/\",\"url\":\"https:\\\/\\\/sud.svmep.ch\\\/svmep\\\/deduction-des-frais-de-repas-sur-la-declaration-dimpot-case-g\\\/\",\"name\":\"D\u00e9duction des frais de repas sur la d\u00e9claration d'imp\u00f4t (case \u00ab G \u00bb) - svmep.ch\",\"isPartOf\":{\"@id\":\"https:\\\/\\\/sud.svmep.ch\\\/svmep\\\/#website\"},\"primaryImageOfPage\":{\"@id\":\"https:\\\/\\\/sud.svmep.ch\\\/svmep\\\/deduction-des-frais-de-repas-sur-la-declaration-dimpot-case-g\\\/#primaryimage\"},\"image\":{\"@id\":\"https:\\\/\\\/sud.svmep.ch\\\/svmep\\\/deduction-des-frais-de-repas-sur-la-declaration-dimpot-case-g\\\/#primaryimage\"},\"thumbnailUrl\":\"https:\\\/\\\/sud.svmep.ch\\\/svmep\\\/wp-content\\\/uploads\\\/2024\\\/06\\\/Sud-logo-couleur-IG-e1730883388694.png\",\"datePublished\":\"2019-02-08T12:06:00+00:00\",\"dateModified\":\"2025-01-03T14:13:28+00:00\",\"description\":\"Information de la F\u00e9d\u00e9ration SUD concernant la d\u00e9duction des frais de repas sur la d\u00e9claration d'imp\u00f4t (case G).\",\"breadcrumb\":{\"@id\":\"https:\\\/\\\/sud.svmep.ch\\\/svmep\\\/deduction-des-frais-de-repas-sur-la-declaration-dimpot-case-g\\\/#breadcrumb\"},\"inLanguage\":\"fr-FR\",\"potentialAction\":[{\"@type\":\"ReadAction\",\"target\":[\"https:\\\/\\\/sud.svmep.ch\\\/svmep\\\/deduction-des-frais-de-repas-sur-la-declaration-dimpot-case-g\\\/\"]}]},{\"@type\":\"ImageObject\",\"inLanguage\":\"fr-FR\",\"@id\":\"https:\\\/\\\/sud.svmep.ch\\\/svmep\\\/deduction-des-frais-de-repas-sur-la-declaration-dimpot-case-g\\\/#primaryimage\",\"url\":\"https:\\\/\\\/sud.svmep.ch\\\/svmep\\\/wp-content\\\/uploads\\\/2024\\\/06\\\/Sud-logo-couleur-IG-e1730883388694.png\",\"contentUrl\":\"https:\\\/\\\/sud.svmep.ch\\\/svmep\\\/wp-content\\\/uploads\\\/2024\\\/06\\\/Sud-logo-couleur-IG-e1730883388694.png\",\"width\":1113,\"height\":1113},{\"@type\":\"BreadcrumbList\",\"@id\":\"https:\\\/\\\/sud.svmep.ch\\\/svmep\\\/deduction-des-frais-de-repas-sur-la-declaration-dimpot-case-g\\\/#breadcrumb\",\"itemListElement\":[{\"@type\":\"ListItem\",\"position\":1,\"name\":\"Accueil\",\"item\":\"https:\\\/\\\/sud.svmep.ch\\\/svmep\\\/\"},{\"@type\":\"ListItem\",\"position\":2,\"name\":\"Dossiers g\u00e9n\u00e9raux SUD\",\"item\":\"https:\\\/\\\/sud.svmep.ch\\\/svmep\\\/category\\\/dossiers-generaux-sud\\\/\"},{\"@type\":\"ListItem\",\"position\":3,\"name\":\"D\u00e9duction des frais de repas sur la d\u00e9claration d&rsquo;imp\u00f4t (case \u00ab G \u00bb)\"}]},{\"@type\":\"WebSite\",\"@id\":\"https:\\\/\\\/sud.svmep.ch\\\/svmep\\\/#website\",\"url\":\"https:\\\/\\\/sud.svmep.ch\\\/svmep\\\/\",\"name\":\"Syndicat vaudois des ma\u00eetres.ses de l'enseignement professionnel\",\"description\":\"\",\"publisher\":{\"@id\":\"https:\\\/\\\/sud.svmep.ch\\\/svmep\\\/#organization\"},\"alternateName\":\"SVMEP\",\"potentialAction\":[{\"@type\":\"SearchAction\",\"target\":{\"@type\":\"EntryPoint\",\"urlTemplate\":\"https:\\\/\\\/sud.svmep.ch\\\/svmep\\\/?s={search_term_string}\"},\"query-input\":{\"@type\":\"PropertyValueSpecification\",\"valueRequired\":true,\"valueName\":\"search_term_string\"}}],\"inLanguage\":\"fr-FR\"},{\"@type\":\"Organization\",\"@id\":\"https:\\\/\\\/sud.svmep.ch\\\/svmep\\\/#organization\",\"name\":\"Syndicat vaudois des ma\u00eetres.ses de l'enseignement professionnel SVMEP\",\"alternateName\":\"SVMEP\",\"url\":\"https:\\\/\\\/sud.svmep.ch\\\/svmep\\\/\",\"logo\":{\"@type\":\"ImageObject\",\"inLanguage\":\"fr-FR\",\"@id\":\"https:\\\/\\\/sud.svmep.ch\\\/svmep\\\/#\\\/schema\\\/logo\\\/image\\\/\",\"url\":\"https:\\\/\\\/sud.svmep.ch\\\/svmep\\\/wp-content\\\/uploads\\\/2024\\\/09\\\/svmep150x260.jpg\",\"contentUrl\":\"https:\\\/\\\/sud.svmep.ch\\\/svmep\\\/wp-content\\\/uploads\\\/2024\\\/09\\\/svmep150x260.jpg\",\"width\":226,\"height\":127,\"caption\":\"Syndicat vaudois des ma\u00eetres.ses de l'enseignement professionnel SVMEP\"},\"image\":{\"@id\":\"https:\\\/\\\/sud.svmep.ch\\\/svmep\\\/#\\\/schema\\\/logo\\\/image\\\/\"}},{\"@type\":\"Person\",\"@id\":\"https:\\\/\\\/sud.svmep.ch\\\/svmep\\\/#\\\/schema\\\/person\\\/c89c46f48a039b5e5bc4a8eeeab1aece\",\"name\":\"svmep-webmaster\",\"image\":{\"@type\":\"ImageObject\",\"inLanguage\":\"fr-FR\",\"@id\":\"https:\\\/\\\/secure.gravatar.com\\\/avatar\\\/75b5925b5ca4f3df48f6bb05f81ad13dab8238efffb28bf26c5f1682dff96ea6?s=96&d=mm&r=g\",\"url\":\"https:\\\/\\\/secure.gravatar.com\\\/avatar\\\/75b5925b5ca4f3df48f6bb05f81ad13dab8238efffb28bf26c5f1682dff96ea6?s=96&d=mm&r=g\",\"contentUrl\":\"https:\\\/\\\/secure.gravatar.com\\\/avatar\\\/75b5925b5ca4f3df48f6bb05f81ad13dab8238efffb28bf26c5f1682dff96ea6?s=96&d=mm&r=g\",\"caption\":\"svmep-webmaster\"}}]}<\/script>\n<!-- \/ Yoast SEO plugin. -->","yoast_head_json":{"title":"D\u00e9duction des frais de repas sur la d\u00e9claration d'imp\u00f4t (case \u00ab G \u00bb) - svmep.ch","description":"Information de la F\u00e9d\u00e9ration SUD concernant la d\u00e9duction des frais de repas sur la d\u00e9claration d'imp\u00f4t (case G).","robots":{"index":"index","follow":"follow","max-snippet":"max-snippet:-1","max-image-preview":"max-image-preview:large","max-video-preview":"max-video-preview:-1"},"canonical":"https:\/\/sud.svmep.ch\/svmep\/deduction-des-frais-de-repas-sur-la-declaration-dimpot-case-g\/","og_locale":"fr_FR","og_type":"article","og_title":"D\u00e9duction des frais de repas sur la d\u00e9claration d'imp\u00f4t (case \u00ab G \u00bb) - svmep.ch","og_description":"Information de la F\u00e9d\u00e9ration SUD concernant la d\u00e9duction des frais de repas sur la d\u00e9claration d'imp\u00f4t (case G).","og_url":"https:\/\/sud.svmep.ch\/svmep\/deduction-des-frais-de-repas-sur-la-declaration-dimpot-case-g\/","og_site_name":"svmep.ch","article_published_time":"2019-02-08T12:06:00+00:00","article_modified_time":"2025-01-03T14:13:28+00:00","og_image":[{"width":1113,"height":1113,"url":"https:\/\/sud.svmep.ch\/svmep\/wp-content\/uploads\/2024\/06\/Sud-logo-couleur-IG-e1730883388694.png","type":"image\/png"}],"author":"svmep-webmaster","twitter_card":"summary_large_image","schema":{"@context":"https:\/\/schema.org","@graph":[{"@type":"Article","@id":"https:\/\/sud.svmep.ch\/svmep\/deduction-des-frais-de-repas-sur-la-declaration-dimpot-case-g\/#article","isPartOf":{"@id":"https:\/\/sud.svmep.ch\/svmep\/deduction-des-frais-de-repas-sur-la-declaration-dimpot-case-g\/"},"author":{"name":"svmep-webmaster","@id":"https:\/\/sud.svmep.ch\/svmep\/#\/schema\/person\/c89c46f48a039b5e5bc4a8eeeab1aece"},"headline":"D\u00e9duction des frais de repas sur la d\u00e9claration d&rsquo;imp\u00f4t (case \u00ab G \u00bb)","datePublished":"2019-02-08T12:06:00+00:00","dateModified":"2025-01-03T14:13:28+00:00","mainEntityOfPage":{"@id":"https:\/\/sud.svmep.ch\/svmep\/deduction-des-frais-de-repas-sur-la-declaration-dimpot-case-g\/"},"wordCount":358,"publisher":{"@id":"https:\/\/sud.svmep.ch\/svmep\/#organization"},"image":{"@id":"https:\/\/sud.svmep.ch\/svmep\/deduction-des-frais-de-repas-sur-la-declaration-dimpot-case-g\/#primaryimage"},"thumbnailUrl":"https:\/\/sud.svmep.ch\/svmep\/wp-content\/uploads\/2024\/06\/Sud-logo-couleur-IG-e1730883388694.png","keywords":["salaire"],"articleSection":["Dossiers g\u00e9n\u00e9raux SUD"],"inLanguage":"fr-FR"},{"@type":"WebPage","@id":"https:\/\/sud.svmep.ch\/svmep\/deduction-des-frais-de-repas-sur-la-declaration-dimpot-case-g\/","url":"https:\/\/sud.svmep.ch\/svmep\/deduction-des-frais-de-repas-sur-la-declaration-dimpot-case-g\/","name":"D\u00e9duction des frais de repas sur la d\u00e9claration d'imp\u00f4t (case \u00ab G \u00bb) - svmep.ch","isPartOf":{"@id":"https:\/\/sud.svmep.ch\/svmep\/#website"},"primaryImageOfPage":{"@id":"https:\/\/sud.svmep.ch\/svmep\/deduction-des-frais-de-repas-sur-la-declaration-dimpot-case-g\/#primaryimage"},"image":{"@id":"https:\/\/sud.svmep.ch\/svmep\/deduction-des-frais-de-repas-sur-la-declaration-dimpot-case-g\/#primaryimage"},"thumbnailUrl":"https:\/\/sud.svmep.ch\/svmep\/wp-content\/uploads\/2024\/06\/Sud-logo-couleur-IG-e1730883388694.png","datePublished":"2019-02-08T12:06:00+00:00","dateModified":"2025-01-03T14:13:28+00:00","description":"Information de la F\u00e9d\u00e9ration SUD concernant la d\u00e9duction des frais de repas sur la d\u00e9claration d'imp\u00f4t (case G).","breadcrumb":{"@id":"https:\/\/sud.svmep.ch\/svmep\/deduction-des-frais-de-repas-sur-la-declaration-dimpot-case-g\/#breadcrumb"},"inLanguage":"fr-FR","potentialAction":[{"@type":"ReadAction","target":["https:\/\/sud.svmep.ch\/svmep\/deduction-des-frais-de-repas-sur-la-declaration-dimpot-case-g\/"]}]},{"@type":"ImageObject","inLanguage":"fr-FR","@id":"https:\/\/sud.svmep.ch\/svmep\/deduction-des-frais-de-repas-sur-la-declaration-dimpot-case-g\/#primaryimage","url":"https:\/\/sud.svmep.ch\/svmep\/wp-content\/uploads\/2024\/06\/Sud-logo-couleur-IG-e1730883388694.png","contentUrl":"https:\/\/sud.svmep.ch\/svmep\/wp-content\/uploads\/2024\/06\/Sud-logo-couleur-IG-e1730883388694.png","width":1113,"height":1113},{"@type":"BreadcrumbList","@id":"https:\/\/sud.svmep.ch\/svmep\/deduction-des-frais-de-repas-sur-la-declaration-dimpot-case-g\/#breadcrumb","itemListElement":[{"@type":"ListItem","position":1,"name":"Accueil","item":"https:\/\/sud.svmep.ch\/svmep\/"},{"@type":"ListItem","position":2,"name":"Dossiers g\u00e9n\u00e9raux SUD","item":"https:\/\/sud.svmep.ch\/svmep\/category\/dossiers-generaux-sud\/"},{"@type":"ListItem","position":3,"name":"D\u00e9duction des frais de repas sur la d\u00e9claration d&rsquo;imp\u00f4t (case \u00ab G \u00bb)"}]},{"@type":"WebSite","@id":"https:\/\/sud.svmep.ch\/svmep\/#website","url":"https:\/\/sud.svmep.ch\/svmep\/","name":"Syndicat vaudois des ma\u00eetres.ses de l'enseignement professionnel","description":"","publisher":{"@id":"https:\/\/sud.svmep.ch\/svmep\/#organization"},"alternateName":"SVMEP","potentialAction":[{"@type":"SearchAction","target":{"@type":"EntryPoint","urlTemplate":"https:\/\/sud.svmep.ch\/svmep\/?s={search_term_string}"},"query-input":{"@type":"PropertyValueSpecification","valueRequired":true,"valueName":"search_term_string"}}],"inLanguage":"fr-FR"},{"@type":"Organization","@id":"https:\/\/sud.svmep.ch\/svmep\/#organization","name":"Syndicat vaudois des ma\u00eetres.ses de l'enseignement professionnel SVMEP","alternateName":"SVMEP","url":"https:\/\/sud.svmep.ch\/svmep\/","logo":{"@type":"ImageObject","inLanguage":"fr-FR","@id":"https:\/\/sud.svmep.ch\/svmep\/#\/schema\/logo\/image\/","url":"https:\/\/sud.svmep.ch\/svmep\/wp-content\/uploads\/2024\/09\/svmep150x260.jpg","contentUrl":"https:\/\/sud.svmep.ch\/svmep\/wp-content\/uploads\/2024\/09\/svmep150x260.jpg","width":226,"height":127,"caption":"Syndicat vaudois des ma\u00eetres.ses de l'enseignement professionnel SVMEP"},"image":{"@id":"https:\/\/sud.svmep.ch\/svmep\/#\/schema\/logo\/image\/"}},{"@type":"Person","@id":"https:\/\/sud.svmep.ch\/svmep\/#\/schema\/person\/c89c46f48a039b5e5bc4a8eeeab1aece","name":"svmep-webmaster","image":{"@type":"ImageObject","inLanguage":"fr-FR","@id":"https:\/\/secure.gravatar.com\/avatar\/75b5925b5ca4f3df48f6bb05f81ad13dab8238efffb28bf26c5f1682dff96ea6?s=96&d=mm&r=g","url":"https:\/\/secure.gravatar.com\/avatar\/75b5925b5ca4f3df48f6bb05f81ad13dab8238efffb28bf26c5f1682dff96ea6?s=96&d=mm&r=g","contentUrl":"https:\/\/secure.gravatar.com\/avatar\/75b5925b5ca4f3df48f6bb05f81ad13dab8238efffb28bf26c5f1682dff96ea6?s=96&d=mm&r=g","caption":"svmep-webmaster"}}]}},"_links":{"self":[{"href":"https:\/\/sud.svmep.ch\/svmep\/wp-json\/wp\/v2\/posts\/1784","targetHints":{"allow":["GET"]}}],"collection":[{"href":"https:\/\/sud.svmep.ch\/svmep\/wp-json\/wp\/v2\/posts"}],"about":[{"href":"https:\/\/sud.svmep.ch\/svmep\/wp-json\/wp\/v2\/types\/post"}],"author":[{"embeddable":true,"href":"https:\/\/sud.svmep.ch\/svmep\/wp-json\/wp\/v2\/users\/4"}],"replies":[{"embeddable":true,"href":"https:\/\/sud.svmep.ch\/svmep\/wp-json\/wp\/v2\/comments?post=1784"}],"version-history":[{"count":0,"href":"https:\/\/sud.svmep.ch\/svmep\/wp-json\/wp\/v2\/posts\/1784\/revisions"}],"wp:featuredmedia":[{"embeddable":true,"href":"https:\/\/sud.svmep.ch\/svmep\/wp-json\/wp\/v2\/media\/1042"}],"wp:attachment":[{"href":"https:\/\/sud.svmep.ch\/svmep\/wp-json\/wp\/v2\/media?parent=1784"}],"wp:term":[{"taxonomy":"category","embeddable":true,"href":"https:\/\/sud.svmep.ch\/svmep\/wp-json\/wp\/v2\/categories?post=1784"},{"taxonomy":"post_tag","embeddable":true,"href":"https:\/\/sud.svmep.ch\/svmep\/wp-json\/wp\/v2\/tags?post=1784"}],"curies":[{"name":"wp","href":"https:\/\/api.w.org\/{rel}","templated":true}]}}