{"id":1890,"date":"2025-02-02T21:51:29","date_gmt":"2025-02-02T20:51:29","guid":{"rendered":"https:\/\/sud.svmep.ch\/svmep\/?p=1890"},"modified":"2025-06-18T22:33:20","modified_gmt":"2025-06-18T21:33:20","slug":"petition-sauvons-la-langue","status":"publish","type":"post","link":"https:\/\/sud.svmep.ch\/svmep\/petition-sauvons-la-langue\/","title":{"rendered":"P\u00e9tition \u00abSauvons la langue\u00bb"},"content":{"rendered":"<div class=\"wp-block-post-date\"><time datetime=\"2025-02-02T21:51:29+01:00\">2 f\u00e9vrier 2025<\/time><\/div>\n\n\n<p><strong>Dans la suite de la <a href=\"https:\/\/sud.svmep.ch\/svmep\/category\/reformes-des-formations-commerciales\/\" target=\"_blank\" rel=\"noopener\">r\u00e9forme des ordonnances de formation des m\u00e9tiers de la vente et du commerce<\/a>, un collectif d&rsquo;enseignant.e.s lance une p\u00e9tition intitul\u00e9e <em>\u00abR\u00e9introduisons les cours de fran\u00e7ais dans les \u00e9coles professionnelles commerciales !\u00bb<\/em><\/strong><\/p>\n<p>En r\u00e9alit\u00e9, cette r\u00e9forme a lamin\u00e9 tous les cours de langue premi\u00e8re (ou \u00ab\u00a0nationale\u00a0\u00bb), c&rsquo;est-\u00e0-dire ceux de fran\u00e7ais en Suisse romande, ceux d&rsquo;allemand en Suisse al\u00e9manique, ceux d&rsquo;italien aux Tessin. La p\u00e9tition demande que la langue premi\u00e8re soit sortie des \u00ab\u00a0domaines de comp\u00e9tences\u00a0\u00bb pour en faire une branche \u00e0 part enti\u00e8re, comme c\u2019est, par exemple, le cas pour l\u2019anglais dans le canton de Vaud. C&rsquo;est pourquoi elle est adress\u00e9e au Secr\u00e9tariat d&rsquo;\u00c9tat \u00e0 la formation, \u00e0 la recherche et \u00e0 l&rsquo;innovation (SEFRI), qui d\u00e9pend du D\u00e9partement f\u00e9d\u00e9ral de l&rsquo;\u00e9conomie, de la formation et de la recherche.<\/p>\n<p>Le SVMEP, tout comme SUD-\u00c9ducation, soutient ce collectif d&rsquo;enseignant.e.s et incite ses membres et tout le personnel des \u00e9coles vaudoises \u00e0 signer la p\u00e9tition !<\/p>\n\n\n\n<div class=\"wp-block-buttons is-content-justification-center is-layout-flex wp-container-core-buttons-is-layout-16018d1d wp-block-buttons-is-layout-flex\">\n<div class=\"wp-block-button has-custom-width wp-block-button__width-50 is-style-fill\"><a class=\"wp-block-button__link has-white-color has-vivid-red-background-color has-text-color has-background has-link-color wp-element-button\" href=\"https:\/\/sauvons-la-langue-retten-die-sprache-salvare-la-lingua.ch\/\" target=\"_blank\" rel=\"noreferrer noopener\">Lire et signer la p\u00e9tition en ligne<\/a><\/div>\n<\/div>\n\n\n\n<div style=\"height:19px\" aria-hidden=\"true\" class=\"wp-block-spacer\"><\/div>\n\n\n\n<div class=\"wp-block-media-text has-media-on-the-right is-stacked-on-mobile is-image-fill-element has-background\" style=\"background-color:#cf2d2d4f;grid-template-columns:auto 15%\"><div class=\"wp-block-media-text__content\">\n<p class=\"has-text-align-right\"><strong>La presse en parle :<\/strong><\/p>\n\n\n\n<p class=\"has-text-align-right\"><em><a href=\"https:\/\/www.rts.ch\/info\/regions\/vaud\/2025\/article\/petition-nationale-pour-sauver-le-francais-dans-les-ecoles-professionnelles-28775505.html\" target=\"_blank\" rel=\"noreferrer noopener\">Une p\u00e9tition nationale veut redonner sa place au fran\u00e7ais dans les \u00e9coles professionnelles<\/a><\/em>, RTS<\/p>\n\n\n\n<p class=\"has-text-align-right\"><em><a href=\"https:\/\/www.24heures.ch\/ecole-pro-une-petition-pour-sauver-le-francais-768581076926\" target=\"_blank\" rel=\"noreferrer noopener\">\u00abUn vendeur qui ne sait pas lire et \u00e9crire n\u2019est pas efficace\u00bb<\/a><\/em>, 24 heures<\/p>\n<p class=\"has-text-align-right\"><em><a href=\"https:\/\/lecourrier.ch\/2025\/01\/31\/sauvons-le-francais\/\" target=\"_blank\" rel=\"noreferrer noopener\">\u00abSauvons le fran\u00e7ais\u00bb<\/a><\/em>, Le Courrier<\/p>\n<p class=\"has-text-align-right\"><em><a href=\"https:\/\/www.letemps.ch\/economie\/disparition-du-francais-dans-les-formations-commerciales-une-bombe-a-retardement-alertent-des-enseignants-romands?utm_medium=partage-social&amp;utm_source=copylink\" target=\"_blank\" rel=\"noreferrer noopener\">Disparition du fran\u00e7ais dans les formations commerciales : \u00abune bombe \u00e0 retardement\u00bb, alertent des enseignants romands<\/a><\/em>, Le Temps<\/p>\n<p class=\"has-text-align-right\"><em><a href=\"https:\/\/latele.ch\/emissions\/info-vaud\/info-vaud-s-2025-e-20?s=4\" target=\"_blank\" rel=\"noreferrer noopener\">Garder les cours de fran\u00e7ais dans l&rsquo;apprentissage<\/a><\/em>, La T\u00e9l\u00e9<\/p>\n<\/div><figure class=\"wp-block-media-text__media\"><img loading=\"lazy\" decoding=\"async\" width=\"288\" height=\"300\" src=\"https:\/\/sud.svmep.ch\/svmep\/wp-content\/uploads\/2024\/09\/microphone_small-288x300.png\" alt=\"\" class=\"wp-image-1146 size-medium\" style=\"object-position:50% 55%\" srcset=\"https:\/\/sud.svmep.ch\/svmep\/wp-content\/uploads\/2024\/09\/microphone_small-288x300.png 288w, https:\/\/sud.svmep.ch\/svmep\/wp-content\/uploads\/2024\/09\/microphone_small.png 500w\" sizes=\"auto, (max-width: 288px) 100vw, 288px\" \/><\/figure><\/div>\n","protected":false},"excerpt":{"rendered":"<p>2 f\u00e9vrier 2025 Dans la suite de la r\u00e9forme des ordonnances de formation des m\u00e9tiers de la vente et du commerce, un collectif d&rsquo;enseignant.e.s lance une p\u00e9tition intitul\u00e9e \u00abR\u00e9introduisons les [&hellip;]<\/p>\n","protected":false},"author":4,"featured_media":1087,"comment_status":"closed","ping_status":"closed","sticky":true,"template":"","format":"standard","meta":{"footnotes":""},"categories":[40,23,5],"tags":[29,45],"class_list":["post-1890","post","type-post","status-publish","format-standard","has-post-thumbnail","hentry","category-positions-sur-lecole-publique-et-la-formation-professionnelle","category-reformes-des-formations-commerciales","category-sud-education","tag-apprenti-e-s","tag-enseignement"],"yoast_head":"<!-- This site is optimized with the Yoast SEO plugin v27.4 - https:\/\/yoast.com\/product\/yoast-seo-wordpress\/ -->\n<title>P\u00e9tition \u00abSauvons la langue\u00bb - svmep.ch<\/title>\n<meta name=\"description\" content=\"Un collectif d&#039;enseignant.e.s lance une p\u00e9tition intitul\u00e9e &quot;Sauvons le fran\u00e7ais&quot; pour faire de la langue premi\u00e8re une branche \u00e0 part enti\u00e8re.\" \/>\n<meta name=\"robots\" content=\"index, follow, max-snippet:-1, max-image-preview:large, max-video-preview:-1\" \/>\n<link rel=\"canonical\" href=\"https:\/\/sud.svmep.ch\/svmep\/petition-sauvons-la-langue\/\" \/>\n<meta property=\"og:locale\" content=\"fr_FR\" \/>\n<meta property=\"og:type\" content=\"article\" \/>\n<meta property=\"og:title\" content=\"P\u00e9tition \u00abSauvons la langue\u00bb - svmep.ch\" \/>\n<meta property=\"og:description\" content=\"Un collectif d&#039;enseignant.e.s lance une p\u00e9tition intitul\u00e9e &quot;Sauvons le fran\u00e7ais&quot; pour faire de la langue premi\u00e8re une branche \u00e0 part enti\u00e8re.\" \/>\n<meta property=\"og:url\" content=\"https:\/\/sud.svmep.ch\/svmep\/petition-sauvons-la-langue\/\" \/>\n<meta property=\"og:site_name\" content=\"svmep.ch\" \/>\n<meta property=\"article:published_time\" content=\"2025-02-02T20:51:29+00:00\" \/>\n<meta property=\"article:modified_time\" content=\"2025-06-18T21:33:20+00:00\" \/>\n<meta property=\"og:image\" content=\"https:\/\/sud.svmep.ch\/svmep\/wp-content\/uploads\/2024\/09\/taylor_nb.png\" \/>\n\t<meta property=\"og:image:width\" content=\"245\" \/>\n\t<meta property=\"og:image:height\" content=\"184\" \/>\n\t<meta property=\"og:image:type\" content=\"image\/png\" \/>\n<meta name=\"author\" content=\"svmep-webmaster\" \/>\n<meta name=\"twitter:card\" content=\"summary_large_image\" \/>\n<script type=\"application\/ld+json\" class=\"yoast-schema-graph\">{\"@context\":\"https:\\\/\\\/schema.org\",\"@graph\":[{\"@type\":\"Article\",\"@id\":\"https:\\\/\\\/sud.svmep.ch\\\/svmep\\\/petition-sauvons-la-langue\\\/#article\",\"isPartOf\":{\"@id\":\"https:\\\/\\\/sud.svmep.ch\\\/svmep\\\/petition-sauvons-la-langue\\\/\"},\"author\":{\"name\":\"svmep-webmaster\",\"@id\":\"https:\\\/\\\/sud.svmep.ch\\\/svmep\\\/#\\\/schema\\\/person\\\/c89c46f48a039b5e5bc4a8eeeab1aece\"},\"headline\":\"P\u00e9tition \u00abSauvons la langue\u00bb\",\"datePublished\":\"2025-02-02T20:51:29+00:00\",\"dateModified\":\"2025-06-18T21:33:20+00:00\",\"mainEntityOfPage\":{\"@id\":\"https:\\\/\\\/sud.svmep.ch\\\/svmep\\\/petition-sauvons-la-langue\\\/\"},\"wordCount\":263,\"publisher\":{\"@id\":\"https:\\\/\\\/sud.svmep.ch\\\/svmep\\\/#organization\"},\"image\":{\"@id\":\"https:\\\/\\\/sud.svmep.ch\\\/svmep\\\/petition-sauvons-la-langue\\\/#primaryimage\"},\"thumbnailUrl\":\"https:\\\/\\\/sud.svmep.ch\\\/svmep\\\/wp-content\\\/uploads\\\/2024\\\/09\\\/taylor_nb.png\",\"keywords\":[\"apprenti.e.s\",\"enseignement\"],\"articleSection\":[\"Positions sur l'\u00e9cole publique et la formation professionnelle\",\"R\u00e9formes des formations commerciales\",\"SUD-\u00c9ducation\"],\"inLanguage\":\"fr-FR\"},{\"@type\":\"WebPage\",\"@id\":\"https:\\\/\\\/sud.svmep.ch\\\/svmep\\\/petition-sauvons-la-langue\\\/\",\"url\":\"https:\\\/\\\/sud.svmep.ch\\\/svmep\\\/petition-sauvons-la-langue\\\/\",\"name\":\"P\u00e9tition \u00abSauvons la langue\u00bb - svmep.ch\",\"isPartOf\":{\"@id\":\"https:\\\/\\\/sud.svmep.ch\\\/svmep\\\/#website\"},\"primaryImageOfPage\":{\"@id\":\"https:\\\/\\\/sud.svmep.ch\\\/svmep\\\/petition-sauvons-la-langue\\\/#primaryimage\"},\"image\":{\"@id\":\"https:\\\/\\\/sud.svmep.ch\\\/svmep\\\/petition-sauvons-la-langue\\\/#primaryimage\"},\"thumbnailUrl\":\"https:\\\/\\\/sud.svmep.ch\\\/svmep\\\/wp-content\\\/uploads\\\/2024\\\/09\\\/taylor_nb.png\",\"datePublished\":\"2025-02-02T20:51:29+00:00\",\"dateModified\":\"2025-06-18T21:33:20+00:00\",\"description\":\"Un collectif d'enseignant.e.s lance une p\u00e9tition intitul\u00e9e \\\"Sauvons le fran\u00e7ais\\\" pour faire de la langue premi\u00e8re une branche \u00e0 part enti\u00e8re.\",\"breadcrumb\":{\"@id\":\"https:\\\/\\\/sud.svmep.ch\\\/svmep\\\/petition-sauvons-la-langue\\\/#breadcrumb\"},\"inLanguage\":\"fr-FR\",\"potentialAction\":[{\"@type\":\"ReadAction\",\"target\":[\"https:\\\/\\\/sud.svmep.ch\\\/svmep\\\/petition-sauvons-la-langue\\\/\"]}]},{\"@type\":\"ImageObject\",\"inLanguage\":\"fr-FR\",\"@id\":\"https:\\\/\\\/sud.svmep.ch\\\/svmep\\\/petition-sauvons-la-langue\\\/#primaryimage\",\"url\":\"https:\\\/\\\/sud.svmep.ch\\\/svmep\\\/wp-content\\\/uploads\\\/2024\\\/09\\\/taylor_nb.png\",\"contentUrl\":\"https:\\\/\\\/sud.svmep.ch\\\/svmep\\\/wp-content\\\/uploads\\\/2024\\\/09\\\/taylor_nb.png\",\"width\":245,\"height\":184},{\"@type\":\"BreadcrumbList\",\"@id\":\"https:\\\/\\\/sud.svmep.ch\\\/svmep\\\/petition-sauvons-la-langue\\\/#breadcrumb\",\"itemListElement\":[{\"@type\":\"ListItem\",\"position\":1,\"name\":\"Accueil\",\"item\":\"https:\\\/\\\/sud.svmep.ch\\\/svmep\\\/\"},{\"@type\":\"ListItem\",\"position\":2,\"name\":\"R\u00e9formes des formations commerciales\",\"item\":\"https:\\\/\\\/sud.svmep.ch\\\/svmep\\\/category\\\/reformes-des-formations-commerciales\\\/\"},{\"@type\":\"ListItem\",\"position\":3,\"name\":\"P\u00e9tition \u00abSauvons la langue\u00bb\"}]},{\"@type\":\"WebSite\",\"@id\":\"https:\\\/\\\/sud.svmep.ch\\\/svmep\\\/#website\",\"url\":\"https:\\\/\\\/sud.svmep.ch\\\/svmep\\\/\",\"name\":\"Syndicat vaudois des ma\u00eetres.ses de l'enseignement professionnel\",\"description\":\"\",\"publisher\":{\"@id\":\"https:\\\/\\\/sud.svmep.ch\\\/svmep\\\/#organization\"},\"alternateName\":\"SVMEP\",\"potentialAction\":[{\"@type\":\"SearchAction\",\"target\":{\"@type\":\"EntryPoint\",\"urlTemplate\":\"https:\\\/\\\/sud.svmep.ch\\\/svmep\\\/?s={search_term_string}\"},\"query-input\":{\"@type\":\"PropertyValueSpecification\",\"valueRequired\":true,\"valueName\":\"search_term_string\"}}],\"inLanguage\":\"fr-FR\"},{\"@type\":\"Organization\",\"@id\":\"https:\\\/\\\/sud.svmep.ch\\\/svmep\\\/#organization\",\"name\":\"Syndicat vaudois des ma\u00eetres.ses de l'enseignement professionnel SVMEP\",\"alternateName\":\"SVMEP\",\"url\":\"https:\\\/\\\/sud.svmep.ch\\\/svmep\\\/\",\"logo\":{\"@type\":\"ImageObject\",\"inLanguage\":\"fr-FR\",\"@id\":\"https:\\\/\\\/sud.svmep.ch\\\/svmep\\\/#\\\/schema\\\/logo\\\/image\\\/\",\"url\":\"https:\\\/\\\/sud.svmep.ch\\\/svmep\\\/wp-content\\\/uploads\\\/2024\\\/09\\\/svmep150x260.jpg\",\"contentUrl\":\"https:\\\/\\\/sud.svmep.ch\\\/svmep\\\/wp-content\\\/uploads\\\/2024\\\/09\\\/svmep150x260.jpg\",\"width\":226,\"height\":127,\"caption\":\"Syndicat vaudois des ma\u00eetres.ses de l'enseignement professionnel SVMEP\"},\"image\":{\"@id\":\"https:\\\/\\\/sud.svmep.ch\\\/svmep\\\/#\\\/schema\\\/logo\\\/image\\\/\"}},{\"@type\":\"Person\",\"@id\":\"https:\\\/\\\/sud.svmep.ch\\\/svmep\\\/#\\\/schema\\\/person\\\/c89c46f48a039b5e5bc4a8eeeab1aece\",\"name\":\"svmep-webmaster\",\"image\":{\"@type\":\"ImageObject\",\"inLanguage\":\"fr-FR\",\"@id\":\"https:\\\/\\\/secure.gravatar.com\\\/avatar\\\/75b5925b5ca4f3df48f6bb05f81ad13dab8238efffb28bf26c5f1682dff96ea6?s=96&d=mm&r=g\",\"url\":\"https:\\\/\\\/secure.gravatar.com\\\/avatar\\\/75b5925b5ca4f3df48f6bb05f81ad13dab8238efffb28bf26c5f1682dff96ea6?s=96&d=mm&r=g\",\"contentUrl\":\"https:\\\/\\\/secure.gravatar.com\\\/avatar\\\/75b5925b5ca4f3df48f6bb05f81ad13dab8238efffb28bf26c5f1682dff96ea6?s=96&d=mm&r=g\",\"caption\":\"svmep-webmaster\"}}]}<\/script>\n<!-- \/ Yoast SEO plugin. -->","yoast_head_json":{"title":"P\u00e9tition \u00abSauvons la langue\u00bb - svmep.ch","description":"Un collectif d'enseignant.e.s lance une p\u00e9tition intitul\u00e9e \"Sauvons le fran\u00e7ais\" pour faire de la langue premi\u00e8re une branche \u00e0 part enti\u00e8re.","robots":{"index":"index","follow":"follow","max-snippet":"max-snippet:-1","max-image-preview":"max-image-preview:large","max-video-preview":"max-video-preview:-1"},"canonical":"https:\/\/sud.svmep.ch\/svmep\/petition-sauvons-la-langue\/","og_locale":"fr_FR","og_type":"article","og_title":"P\u00e9tition \u00abSauvons la langue\u00bb - svmep.ch","og_description":"Un collectif d'enseignant.e.s lance une p\u00e9tition intitul\u00e9e \"Sauvons le fran\u00e7ais\" pour faire de la langue premi\u00e8re une branche \u00e0 part enti\u00e8re.","og_url":"https:\/\/sud.svmep.ch\/svmep\/petition-sauvons-la-langue\/","og_site_name":"svmep.ch","article_published_time":"2025-02-02T20:51:29+00:00","article_modified_time":"2025-06-18T21:33:20+00:00","og_image":[{"width":245,"height":184,"url":"https:\/\/sud.svmep.ch\/svmep\/wp-content\/uploads\/2024\/09\/taylor_nb.png","type":"image\/png"}],"author":"svmep-webmaster","twitter_card":"summary_large_image","schema":{"@context":"https:\/\/schema.org","@graph":[{"@type":"Article","@id":"https:\/\/sud.svmep.ch\/svmep\/petition-sauvons-la-langue\/#article","isPartOf":{"@id":"https:\/\/sud.svmep.ch\/svmep\/petition-sauvons-la-langue\/"},"author":{"name":"svmep-webmaster","@id":"https:\/\/sud.svmep.ch\/svmep\/#\/schema\/person\/c89c46f48a039b5e5bc4a8eeeab1aece"},"headline":"P\u00e9tition \u00abSauvons la langue\u00bb","datePublished":"2025-02-02T20:51:29+00:00","dateModified":"2025-06-18T21:33:20+00:00","mainEntityOfPage":{"@id":"https:\/\/sud.svmep.ch\/svmep\/petition-sauvons-la-langue\/"},"wordCount":263,"publisher":{"@id":"https:\/\/sud.svmep.ch\/svmep\/#organization"},"image":{"@id":"https:\/\/sud.svmep.ch\/svmep\/petition-sauvons-la-langue\/#primaryimage"},"thumbnailUrl":"https:\/\/sud.svmep.ch\/svmep\/wp-content\/uploads\/2024\/09\/taylor_nb.png","keywords":["apprenti.e.s","enseignement"],"articleSection":["Positions sur l'\u00e9cole publique et la formation professionnelle","R\u00e9formes des formations commerciales","SUD-\u00c9ducation"],"inLanguage":"fr-FR"},{"@type":"WebPage","@id":"https:\/\/sud.svmep.ch\/svmep\/petition-sauvons-la-langue\/","url":"https:\/\/sud.svmep.ch\/svmep\/petition-sauvons-la-langue\/","name":"P\u00e9tition \u00abSauvons la langue\u00bb - svmep.ch","isPartOf":{"@id":"https:\/\/sud.svmep.ch\/svmep\/#website"},"primaryImageOfPage":{"@id":"https:\/\/sud.svmep.ch\/svmep\/petition-sauvons-la-langue\/#primaryimage"},"image":{"@id":"https:\/\/sud.svmep.ch\/svmep\/petition-sauvons-la-langue\/#primaryimage"},"thumbnailUrl":"https:\/\/sud.svmep.ch\/svmep\/wp-content\/uploads\/2024\/09\/taylor_nb.png","datePublished":"2025-02-02T20:51:29+00:00","dateModified":"2025-06-18T21:33:20+00:00","description":"Un collectif d'enseignant.e.s lance une p\u00e9tition intitul\u00e9e \"Sauvons le fran\u00e7ais\" pour faire de la langue premi\u00e8re une branche \u00e0 part enti\u00e8re.","breadcrumb":{"@id":"https:\/\/sud.svmep.ch\/svmep\/petition-sauvons-la-langue\/#breadcrumb"},"inLanguage":"fr-FR","potentialAction":[{"@type":"ReadAction","target":["https:\/\/sud.svmep.ch\/svmep\/petition-sauvons-la-langue\/"]}]},{"@type":"ImageObject","inLanguage":"fr-FR","@id":"https:\/\/sud.svmep.ch\/svmep\/petition-sauvons-la-langue\/#primaryimage","url":"https:\/\/sud.svmep.ch\/svmep\/wp-content\/uploads\/2024\/09\/taylor_nb.png","contentUrl":"https:\/\/sud.svmep.ch\/svmep\/wp-content\/uploads\/2024\/09\/taylor_nb.png","width":245,"height":184},{"@type":"BreadcrumbList","@id":"https:\/\/sud.svmep.ch\/svmep\/petition-sauvons-la-langue\/#breadcrumb","itemListElement":[{"@type":"ListItem","position":1,"name":"Accueil","item":"https:\/\/sud.svmep.ch\/svmep\/"},{"@type":"ListItem","position":2,"name":"R\u00e9formes des formations commerciales","item":"https:\/\/sud.svmep.ch\/svmep\/category\/reformes-des-formations-commerciales\/"},{"@type":"ListItem","position":3,"name":"P\u00e9tition \u00abSauvons la langue\u00bb"}]},{"@type":"WebSite","@id":"https:\/\/sud.svmep.ch\/svmep\/#website","url":"https:\/\/sud.svmep.ch\/svmep\/","name":"Syndicat vaudois des ma\u00eetres.ses de l'enseignement professionnel","description":"","publisher":{"@id":"https:\/\/sud.svmep.ch\/svmep\/#organization"},"alternateName":"SVMEP","potentialAction":[{"@type":"SearchAction","target":{"@type":"EntryPoint","urlTemplate":"https:\/\/sud.svmep.ch\/svmep\/?s={search_term_string}"},"query-input":{"@type":"PropertyValueSpecification","valueRequired":true,"valueName":"search_term_string"}}],"inLanguage":"fr-FR"},{"@type":"Organization","@id":"https:\/\/sud.svmep.ch\/svmep\/#organization","name":"Syndicat vaudois des ma\u00eetres.ses de l'enseignement professionnel SVMEP","alternateName":"SVMEP","url":"https:\/\/sud.svmep.ch\/svmep\/","logo":{"@type":"ImageObject","inLanguage":"fr-FR","@id":"https:\/\/sud.svmep.ch\/svmep\/#\/schema\/logo\/image\/","url":"https:\/\/sud.svmep.ch\/svmep\/wp-content\/uploads\/2024\/09\/svmep150x260.jpg","contentUrl":"https:\/\/sud.svmep.ch\/svmep\/wp-content\/uploads\/2024\/09\/svmep150x260.jpg","width":226,"height":127,"caption":"Syndicat vaudois des ma\u00eetres.ses de l'enseignement professionnel SVMEP"},"image":{"@id":"https:\/\/sud.svmep.ch\/svmep\/#\/schema\/logo\/image\/"}},{"@type":"Person","@id":"https:\/\/sud.svmep.ch\/svmep\/#\/schema\/person\/c89c46f48a039b5e5bc4a8eeeab1aece","name":"svmep-webmaster","image":{"@type":"ImageObject","inLanguage":"fr-FR","@id":"https:\/\/secure.gravatar.com\/avatar\/75b5925b5ca4f3df48f6bb05f81ad13dab8238efffb28bf26c5f1682dff96ea6?s=96&d=mm&r=g","url":"https:\/\/secure.gravatar.com\/avatar\/75b5925b5ca4f3df48f6bb05f81ad13dab8238efffb28bf26c5f1682dff96ea6?s=96&d=mm&r=g","contentUrl":"https:\/\/secure.gravatar.com\/avatar\/75b5925b5ca4f3df48f6bb05f81ad13dab8238efffb28bf26c5f1682dff96ea6?s=96&d=mm&r=g","caption":"svmep-webmaster"}}]}},"_links":{"self":[{"href":"https:\/\/sud.svmep.ch\/svmep\/wp-json\/wp\/v2\/posts\/1890","targetHints":{"allow":["GET"]}}],"collection":[{"href":"https:\/\/sud.svmep.ch\/svmep\/wp-json\/wp\/v2\/posts"}],"about":[{"href":"https:\/\/sud.svmep.ch\/svmep\/wp-json\/wp\/v2\/types\/post"}],"author":[{"embeddable":true,"href":"https:\/\/sud.svmep.ch\/svmep\/wp-json\/wp\/v2\/users\/4"}],"replies":[{"embeddable":true,"href":"https:\/\/sud.svmep.ch\/svmep\/wp-json\/wp\/v2\/comments?post=1890"}],"version-history":[{"count":0,"href":"https:\/\/sud.svmep.ch\/svmep\/wp-json\/wp\/v2\/posts\/1890\/revisions"}],"wp:featuredmedia":[{"embeddable":true,"href":"https:\/\/sud.svmep.ch\/svmep\/wp-json\/wp\/v2\/media\/1087"}],"wp:attachment":[{"href":"https:\/\/sud.svmep.ch\/svmep\/wp-json\/wp\/v2\/media?parent=1890"}],"wp:term":[{"taxonomy":"category","embeddable":true,"href":"https:\/\/sud.svmep.ch\/svmep\/wp-json\/wp\/v2\/categories?post=1890"},{"taxonomy":"post_tag","embeddable":true,"href":"https:\/\/sud.svmep.ch\/svmep\/wp-json\/wp\/v2\/tags?post=1890"}],"curies":[{"name":"wp","href":"https:\/\/api.w.org\/{rel}","templated":true}]}}