{"id":1990,"date":"2025-03-06T12:00:00","date_gmt":"2025-03-06T11:00:00","guid":{"rendered":"https:\/\/sud.svmep.ch\/svmep\/?p=1990"},"modified":"2025-03-12T22:08:28","modified_gmt":"2025-03-12T21:08:28","slug":"quest-ce-qui-ne-va-pas-a-lepsic","status":"publish","type":"post","link":"https:\/\/sud.svmep.ch\/svmep\/quest-ce-qui-ne-va-pas-a-lepsic\/","title":{"rendered":"Qu&rsquo;est-ce qui ne va pas \u00e0 l&rsquo;Epsic ?"},"content":{"rendered":"<div class=\"wp-block-post-date\"><time datetime=\"2025-03-06T12:00:00+01:00\">6 mars 2025<\/time><\/div>\n\n\n<p><strong>Produite \u00e0 partir d&rsquo;un groupe d&rsquo;enseignant.e.s de l&rsquo;Epsic<img loading=\"lazy\" decoding=\"async\" class=\"alignright size-thumbnail wp-image-1994\" src=\"https:\/\/sud.svmep.ch\/svmep\/wp-content\/uploads\/epsic_facade-copie-150x150.png\" alt=\"\" width=\"150\" height=\"150\" \/>, la <em>Gazette<\/em> que vous pouvez t\u00e9l\u00e9charger ci-dessous fait \u00e9tat d\u2019une situation professionnelle qui s\u2019empire progressivement dans cette \u00e9cole, en termes de respect du dispositif l\u00e9gal ainsi que de reconnaissance d\u2019une autorit\u00e9 enseignante.<\/strong> Elle rend compte notamment d\u2019une absence de possibilit\u00e9 de dialogue entre le corps enseignant et la direction, qui n\u00e9glige l\u2019expertise p\u00e9dagogique et ne prend pas au s\u00e9rieux la collaboration au sein de l\u2019\u00e9tablissement. L\u2019Assembl\u00e9e du personnel enseignant a constat\u00e9 cette situation d\u00e9l\u00e9t\u00e8re (lire sa r\u00e9solution en page 7) et a souhait\u00e9 la d\u00e9noncer publiquement.<\/p>\n\n\n\n<div data-wp-interactive=\"core\/file\" class=\"wp-block-file\"><object data-wp-bind--hidden=\"!state.hasPdfPreview\" hidden class=\"wp-block-file__embed\" data=\"https:\/\/sud.svmep.ch\/svmep\/wp-content\/uploads\/Gazette_EPSIC.pdf\" type=\"application\/pdf\" style=\"width:100%;height:800px\" aria-label=\"Contenu embarqu\u00e9 Gazette EPSIC.\"><\/object><a id=\"wp-block-file--media-aefd786d-a200-47ae-9b7a-37cda08fce2e\" href=\"https:\/\/sud.svmep.ch\/svmep\/wp-content\/uploads\/Gazette_EPSIC.pdf\" target=\"_blank\" rel=\"noreferrer noopener\">Gazette EPSIC<\/a><a href=\"https:\/\/sud.svmep.ch\/svmep\/wp-content\/uploads\/Gazette_EPSIC.pdf\" class=\"wp-block-file__button wp-element-button\" download aria-describedby=\"wp-block-file--media-aefd786d-a200-47ae-9b7a-37cda08fce2e\">T\u00e9l\u00e9charger<\/a><\/div>\n","protected":false},"excerpt":{"rendered":"<p>6 mars 2025 Produite \u00e0 partir d&rsquo;un groupe d&rsquo;enseignant.e.s de l&rsquo;Epsic, la Gazette que vous pouvez t\u00e9l\u00e9charger ci-dessous fait \u00e9tat d\u2019une situation professionnelle qui s\u2019empire progressivement dans cette \u00e9cole, en [&hellip;]<\/p>\n","protected":false},"author":4,"featured_media":354,"comment_status":"closed","ping_status":"closed","sticky":false,"template":"","format":"standard","meta":{"footnotes":""},"categories":[21,4],"tags":[45,33],"class_list":["post-1990","post","type-post","status-publish","format-standard","has-post-thumbnail","hentry","category-ecole-en-situation-de-crise","category-gazette-svmep","tag-enseignement","tag-epsic"],"yoast_head":"<!-- This site is optimized with the Yoast SEO plugin v27.4 - https:\/\/yoast.com\/product\/yoast-seo-wordpress\/ -->\n<title>Qu&#039;est-ce qui ne va pas \u00e0 l&#039;Epsic ? - svmep.ch<\/title>\n<meta name=\"description\" content=\"Gazette du SVMEP qui d\u00e9taille une s\u00e9lection de probl\u00e8mes p\u00e9dagogiques et de dysfonctionnements structurels \u00e0 l&#039;EPSIC.\" \/>\n<meta name=\"robots\" content=\"index, follow, max-snippet:-1, max-image-preview:large, max-video-preview:-1\" \/>\n<link rel=\"canonical\" href=\"https:\/\/sud.svmep.ch\/svmep\/quest-ce-qui-ne-va-pas-a-lepsic\/\" \/>\n<meta property=\"og:locale\" content=\"fr_FR\" \/>\n<meta property=\"og:type\" content=\"article\" \/>\n<meta property=\"og:title\" content=\"Qu&#039;est-ce qui ne va pas \u00e0 l&#039;Epsic ? - svmep.ch\" \/>\n<meta property=\"og:description\" content=\"Gazette du SVMEP qui d\u00e9taille une s\u00e9lection de probl\u00e8mes p\u00e9dagogiques et de dysfonctionnements structurels \u00e0 l&#039;EPSIC.\" \/>\n<meta property=\"og:url\" content=\"https:\/\/sud.svmep.ch\/svmep\/quest-ce-qui-ne-va-pas-a-lepsic\/\" \/>\n<meta property=\"og:site_name\" content=\"svmep.ch\" \/>\n<meta property=\"article:published_time\" content=\"2025-03-06T11:00:00+00:00\" \/>\n<meta property=\"article:modified_time\" content=\"2025-03-12T21:08:28+00:00\" \/>\n<meta property=\"og:image\" content=\"https:\/\/sud.svmep.ch\/svmep\/wp-content\/uploads\/2005\/09\/jpg_logo2.jpg\" \/>\n\t<meta property=\"og:image:width\" content=\"100\" \/>\n\t<meta property=\"og:image:height\" content=\"100\" \/>\n\t<meta property=\"og:image:type\" content=\"image\/jpeg\" \/>\n<meta name=\"author\" content=\"svmep-webmaster\" \/>\n<meta name=\"twitter:card\" content=\"summary_large_image\" \/>\n<script type=\"application\/ld+json\" class=\"yoast-schema-graph\">{\"@context\":\"https:\\\/\\\/schema.org\",\"@graph\":[{\"@type\":\"Article\",\"@id\":\"https:\\\/\\\/sud.svmep.ch\\\/svmep\\\/quest-ce-qui-ne-va-pas-a-lepsic\\\/#article\",\"isPartOf\":{\"@id\":\"https:\\\/\\\/sud.svmep.ch\\\/svmep\\\/quest-ce-qui-ne-va-pas-a-lepsic\\\/\"},\"author\":{\"name\":\"svmep-webmaster\",\"@id\":\"https:\\\/\\\/sud.svmep.ch\\\/svmep\\\/#\\\/schema\\\/person\\\/c89c46f48a039b5e5bc4a8eeeab1aece\"},\"headline\":\"Qu&rsquo;est-ce qui ne va pas \u00e0 l&rsquo;Epsic ?\",\"datePublished\":\"2025-03-06T11:00:00+00:00\",\"dateModified\":\"2025-03-12T21:08:28+00:00\",\"mainEntityOfPage\":{\"@id\":\"https:\\\/\\\/sud.svmep.ch\\\/svmep\\\/quest-ce-qui-ne-va-pas-a-lepsic\\\/\"},\"wordCount\":124,\"publisher\":{\"@id\":\"https:\\\/\\\/sud.svmep.ch\\\/svmep\\\/#organization\"},\"image\":{\"@id\":\"https:\\\/\\\/sud.svmep.ch\\\/svmep\\\/quest-ce-qui-ne-va-pas-a-lepsic\\\/#primaryimage\"},\"thumbnailUrl\":\"https:\\\/\\\/sud.svmep.ch\\\/svmep\\\/wp-content\\\/uploads\\\/2005\\\/09\\\/jpg_logo2.jpg\",\"keywords\":[\"enseignement\",\"epsic\"],\"articleSection\":[\"\u00c9coles en situation de crise\",\"Gazette SVMEP\"],\"inLanguage\":\"fr-FR\"},{\"@type\":\"WebPage\",\"@id\":\"https:\\\/\\\/sud.svmep.ch\\\/svmep\\\/quest-ce-qui-ne-va-pas-a-lepsic\\\/\",\"url\":\"https:\\\/\\\/sud.svmep.ch\\\/svmep\\\/quest-ce-qui-ne-va-pas-a-lepsic\\\/\",\"name\":\"Qu'est-ce qui ne va pas \u00e0 l'Epsic ? - svmep.ch\",\"isPartOf\":{\"@id\":\"https:\\\/\\\/sud.svmep.ch\\\/svmep\\\/#website\"},\"primaryImageOfPage\":{\"@id\":\"https:\\\/\\\/sud.svmep.ch\\\/svmep\\\/quest-ce-qui-ne-va-pas-a-lepsic\\\/#primaryimage\"},\"image\":{\"@id\":\"https:\\\/\\\/sud.svmep.ch\\\/svmep\\\/quest-ce-qui-ne-va-pas-a-lepsic\\\/#primaryimage\"},\"thumbnailUrl\":\"https:\\\/\\\/sud.svmep.ch\\\/svmep\\\/wp-content\\\/uploads\\\/2005\\\/09\\\/jpg_logo2.jpg\",\"datePublished\":\"2025-03-06T11:00:00+00:00\",\"dateModified\":\"2025-03-12T21:08:28+00:00\",\"description\":\"Gazette du SVMEP qui d\u00e9taille une s\u00e9lection de probl\u00e8mes p\u00e9dagogiques et de dysfonctionnements structurels \u00e0 l'EPSIC.\",\"breadcrumb\":{\"@id\":\"https:\\\/\\\/sud.svmep.ch\\\/svmep\\\/quest-ce-qui-ne-va-pas-a-lepsic\\\/#breadcrumb\"},\"inLanguage\":\"fr-FR\",\"potentialAction\":[{\"@type\":\"ReadAction\",\"target\":[\"https:\\\/\\\/sud.svmep.ch\\\/svmep\\\/quest-ce-qui-ne-va-pas-a-lepsic\\\/\"]}]},{\"@type\":\"ImageObject\",\"inLanguage\":\"fr-FR\",\"@id\":\"https:\\\/\\\/sud.svmep.ch\\\/svmep\\\/quest-ce-qui-ne-va-pas-a-lepsic\\\/#primaryimage\",\"url\":\"https:\\\/\\\/sud.svmep.ch\\\/svmep\\\/wp-content\\\/uploads\\\/2005\\\/09\\\/jpg_logo2.jpg\",\"contentUrl\":\"https:\\\/\\\/sud.svmep.ch\\\/svmep\\\/wp-content\\\/uploads\\\/2005\\\/09\\\/jpg_logo2.jpg\",\"width\":100,\"height\":100},{\"@type\":\"BreadcrumbList\",\"@id\":\"https:\\\/\\\/sud.svmep.ch\\\/svmep\\\/quest-ce-qui-ne-va-pas-a-lepsic\\\/#breadcrumb\",\"itemListElement\":[{\"@type\":\"ListItem\",\"position\":1,\"name\":\"Accueil\",\"item\":\"https:\\\/\\\/sud.svmep.ch\\\/svmep\\\/\"},{\"@type\":\"ListItem\",\"position\":2,\"name\":\"Gazette SVMEP\",\"item\":\"https:\\\/\\\/sud.svmep.ch\\\/svmep\\\/category\\\/gazette-svmep\\\/\"},{\"@type\":\"ListItem\",\"position\":3,\"name\":\"Qu&rsquo;est-ce qui ne va pas \u00e0 l&rsquo;Epsic ?\"}]},{\"@type\":\"WebSite\",\"@id\":\"https:\\\/\\\/sud.svmep.ch\\\/svmep\\\/#website\",\"url\":\"https:\\\/\\\/sud.svmep.ch\\\/svmep\\\/\",\"name\":\"Syndicat vaudois des ma\u00eetres.ses de l'enseignement professionnel\",\"description\":\"\",\"publisher\":{\"@id\":\"https:\\\/\\\/sud.svmep.ch\\\/svmep\\\/#organization\"},\"alternateName\":\"SVMEP\",\"potentialAction\":[{\"@type\":\"SearchAction\",\"target\":{\"@type\":\"EntryPoint\",\"urlTemplate\":\"https:\\\/\\\/sud.svmep.ch\\\/svmep\\\/?s={search_term_string}\"},\"query-input\":{\"@type\":\"PropertyValueSpecification\",\"valueRequired\":true,\"valueName\":\"search_term_string\"}}],\"inLanguage\":\"fr-FR\"},{\"@type\":\"Organization\",\"@id\":\"https:\\\/\\\/sud.svmep.ch\\\/svmep\\\/#organization\",\"name\":\"Syndicat vaudois des ma\u00eetres.ses de l'enseignement professionnel SVMEP\",\"alternateName\":\"SVMEP\",\"url\":\"https:\\\/\\\/sud.svmep.ch\\\/svmep\\\/\",\"logo\":{\"@type\":\"ImageObject\",\"inLanguage\":\"fr-FR\",\"@id\":\"https:\\\/\\\/sud.svmep.ch\\\/svmep\\\/#\\\/schema\\\/logo\\\/image\\\/\",\"url\":\"https:\\\/\\\/sud.svmep.ch\\\/svmep\\\/wp-content\\\/uploads\\\/2024\\\/09\\\/svmep150x260.jpg\",\"contentUrl\":\"https:\\\/\\\/sud.svmep.ch\\\/svmep\\\/wp-content\\\/uploads\\\/2024\\\/09\\\/svmep150x260.jpg\",\"width\":226,\"height\":127,\"caption\":\"Syndicat vaudois des ma\u00eetres.ses de l'enseignement professionnel SVMEP\"},\"image\":{\"@id\":\"https:\\\/\\\/sud.svmep.ch\\\/svmep\\\/#\\\/schema\\\/logo\\\/image\\\/\"}},{\"@type\":\"Person\",\"@id\":\"https:\\\/\\\/sud.svmep.ch\\\/svmep\\\/#\\\/schema\\\/person\\\/c89c46f48a039b5e5bc4a8eeeab1aece\",\"name\":\"svmep-webmaster\",\"image\":{\"@type\":\"ImageObject\",\"inLanguage\":\"fr-FR\",\"@id\":\"https:\\\/\\\/secure.gravatar.com\\\/avatar\\\/75b5925b5ca4f3df48f6bb05f81ad13dab8238efffb28bf26c5f1682dff96ea6?s=96&d=mm&r=g\",\"url\":\"https:\\\/\\\/secure.gravatar.com\\\/avatar\\\/75b5925b5ca4f3df48f6bb05f81ad13dab8238efffb28bf26c5f1682dff96ea6?s=96&d=mm&r=g\",\"contentUrl\":\"https:\\\/\\\/secure.gravatar.com\\\/avatar\\\/75b5925b5ca4f3df48f6bb05f81ad13dab8238efffb28bf26c5f1682dff96ea6?s=96&d=mm&r=g\",\"caption\":\"svmep-webmaster\"}}]}<\/script>\n<!-- \/ Yoast SEO plugin. -->","yoast_head_json":{"title":"Qu'est-ce qui ne va pas \u00e0 l'Epsic ? - svmep.ch","description":"Gazette du SVMEP qui d\u00e9taille une s\u00e9lection de probl\u00e8mes p\u00e9dagogiques et de dysfonctionnements structurels \u00e0 l'EPSIC.","robots":{"index":"index","follow":"follow","max-snippet":"max-snippet:-1","max-image-preview":"max-image-preview:large","max-video-preview":"max-video-preview:-1"},"canonical":"https:\/\/sud.svmep.ch\/svmep\/quest-ce-qui-ne-va-pas-a-lepsic\/","og_locale":"fr_FR","og_type":"article","og_title":"Qu'est-ce qui ne va pas \u00e0 l'Epsic ? - svmep.ch","og_description":"Gazette du SVMEP qui d\u00e9taille une s\u00e9lection de probl\u00e8mes p\u00e9dagogiques et de dysfonctionnements structurels \u00e0 l'EPSIC.","og_url":"https:\/\/sud.svmep.ch\/svmep\/quest-ce-qui-ne-va-pas-a-lepsic\/","og_site_name":"svmep.ch","article_published_time":"2025-03-06T11:00:00+00:00","article_modified_time":"2025-03-12T21:08:28+00:00","og_image":[{"width":100,"height":100,"url":"https:\/\/sud.svmep.ch\/svmep\/wp-content\/uploads\/2005\/09\/jpg_logo2.jpg","type":"image\/jpeg"}],"author":"svmep-webmaster","twitter_card":"summary_large_image","schema":{"@context":"https:\/\/schema.org","@graph":[{"@type":"Article","@id":"https:\/\/sud.svmep.ch\/svmep\/quest-ce-qui-ne-va-pas-a-lepsic\/#article","isPartOf":{"@id":"https:\/\/sud.svmep.ch\/svmep\/quest-ce-qui-ne-va-pas-a-lepsic\/"},"author":{"name":"svmep-webmaster","@id":"https:\/\/sud.svmep.ch\/svmep\/#\/schema\/person\/c89c46f48a039b5e5bc4a8eeeab1aece"},"headline":"Qu&rsquo;est-ce qui ne va pas \u00e0 l&rsquo;Epsic ?","datePublished":"2025-03-06T11:00:00+00:00","dateModified":"2025-03-12T21:08:28+00:00","mainEntityOfPage":{"@id":"https:\/\/sud.svmep.ch\/svmep\/quest-ce-qui-ne-va-pas-a-lepsic\/"},"wordCount":124,"publisher":{"@id":"https:\/\/sud.svmep.ch\/svmep\/#organization"},"image":{"@id":"https:\/\/sud.svmep.ch\/svmep\/quest-ce-qui-ne-va-pas-a-lepsic\/#primaryimage"},"thumbnailUrl":"https:\/\/sud.svmep.ch\/svmep\/wp-content\/uploads\/2005\/09\/jpg_logo2.jpg","keywords":["enseignement","epsic"],"articleSection":["\u00c9coles en situation de crise","Gazette SVMEP"],"inLanguage":"fr-FR"},{"@type":"WebPage","@id":"https:\/\/sud.svmep.ch\/svmep\/quest-ce-qui-ne-va-pas-a-lepsic\/","url":"https:\/\/sud.svmep.ch\/svmep\/quest-ce-qui-ne-va-pas-a-lepsic\/","name":"Qu'est-ce qui ne va pas \u00e0 l'Epsic ? - svmep.ch","isPartOf":{"@id":"https:\/\/sud.svmep.ch\/svmep\/#website"},"primaryImageOfPage":{"@id":"https:\/\/sud.svmep.ch\/svmep\/quest-ce-qui-ne-va-pas-a-lepsic\/#primaryimage"},"image":{"@id":"https:\/\/sud.svmep.ch\/svmep\/quest-ce-qui-ne-va-pas-a-lepsic\/#primaryimage"},"thumbnailUrl":"https:\/\/sud.svmep.ch\/svmep\/wp-content\/uploads\/2005\/09\/jpg_logo2.jpg","datePublished":"2025-03-06T11:00:00+00:00","dateModified":"2025-03-12T21:08:28+00:00","description":"Gazette du SVMEP qui d\u00e9taille une s\u00e9lection de probl\u00e8mes p\u00e9dagogiques et de dysfonctionnements structurels \u00e0 l'EPSIC.","breadcrumb":{"@id":"https:\/\/sud.svmep.ch\/svmep\/quest-ce-qui-ne-va-pas-a-lepsic\/#breadcrumb"},"inLanguage":"fr-FR","potentialAction":[{"@type":"ReadAction","target":["https:\/\/sud.svmep.ch\/svmep\/quest-ce-qui-ne-va-pas-a-lepsic\/"]}]},{"@type":"ImageObject","inLanguage":"fr-FR","@id":"https:\/\/sud.svmep.ch\/svmep\/quest-ce-qui-ne-va-pas-a-lepsic\/#primaryimage","url":"https:\/\/sud.svmep.ch\/svmep\/wp-content\/uploads\/2005\/09\/jpg_logo2.jpg","contentUrl":"https:\/\/sud.svmep.ch\/svmep\/wp-content\/uploads\/2005\/09\/jpg_logo2.jpg","width":100,"height":100},{"@type":"BreadcrumbList","@id":"https:\/\/sud.svmep.ch\/svmep\/quest-ce-qui-ne-va-pas-a-lepsic\/#breadcrumb","itemListElement":[{"@type":"ListItem","position":1,"name":"Accueil","item":"https:\/\/sud.svmep.ch\/svmep\/"},{"@type":"ListItem","position":2,"name":"Gazette SVMEP","item":"https:\/\/sud.svmep.ch\/svmep\/category\/gazette-svmep\/"},{"@type":"ListItem","position":3,"name":"Qu&rsquo;est-ce qui ne va pas \u00e0 l&rsquo;Epsic ?"}]},{"@type":"WebSite","@id":"https:\/\/sud.svmep.ch\/svmep\/#website","url":"https:\/\/sud.svmep.ch\/svmep\/","name":"Syndicat vaudois des ma\u00eetres.ses de l'enseignement professionnel","description":"","publisher":{"@id":"https:\/\/sud.svmep.ch\/svmep\/#organization"},"alternateName":"SVMEP","potentialAction":[{"@type":"SearchAction","target":{"@type":"EntryPoint","urlTemplate":"https:\/\/sud.svmep.ch\/svmep\/?s={search_term_string}"},"query-input":{"@type":"PropertyValueSpecification","valueRequired":true,"valueName":"search_term_string"}}],"inLanguage":"fr-FR"},{"@type":"Organization","@id":"https:\/\/sud.svmep.ch\/svmep\/#organization","name":"Syndicat vaudois des ma\u00eetres.ses de l'enseignement professionnel SVMEP","alternateName":"SVMEP","url":"https:\/\/sud.svmep.ch\/svmep\/","logo":{"@type":"ImageObject","inLanguage":"fr-FR","@id":"https:\/\/sud.svmep.ch\/svmep\/#\/schema\/logo\/image\/","url":"https:\/\/sud.svmep.ch\/svmep\/wp-content\/uploads\/2024\/09\/svmep150x260.jpg","contentUrl":"https:\/\/sud.svmep.ch\/svmep\/wp-content\/uploads\/2024\/09\/svmep150x260.jpg","width":226,"height":127,"caption":"Syndicat vaudois des ma\u00eetres.ses de l'enseignement professionnel SVMEP"},"image":{"@id":"https:\/\/sud.svmep.ch\/svmep\/#\/schema\/logo\/image\/"}},{"@type":"Person","@id":"https:\/\/sud.svmep.ch\/svmep\/#\/schema\/person\/c89c46f48a039b5e5bc4a8eeeab1aece","name":"svmep-webmaster","image":{"@type":"ImageObject","inLanguage":"fr-FR","@id":"https:\/\/secure.gravatar.com\/avatar\/75b5925b5ca4f3df48f6bb05f81ad13dab8238efffb28bf26c5f1682dff96ea6?s=96&d=mm&r=g","url":"https:\/\/secure.gravatar.com\/avatar\/75b5925b5ca4f3df48f6bb05f81ad13dab8238efffb28bf26c5f1682dff96ea6?s=96&d=mm&r=g","contentUrl":"https:\/\/secure.gravatar.com\/avatar\/75b5925b5ca4f3df48f6bb05f81ad13dab8238efffb28bf26c5f1682dff96ea6?s=96&d=mm&r=g","caption":"svmep-webmaster"}}]}},"_links":{"self":[{"href":"https:\/\/sud.svmep.ch\/svmep\/wp-json\/wp\/v2\/posts\/1990","targetHints":{"allow":["GET"]}}],"collection":[{"href":"https:\/\/sud.svmep.ch\/svmep\/wp-json\/wp\/v2\/posts"}],"about":[{"href":"https:\/\/sud.svmep.ch\/svmep\/wp-json\/wp\/v2\/types\/post"}],"author":[{"embeddable":true,"href":"https:\/\/sud.svmep.ch\/svmep\/wp-json\/wp\/v2\/users\/4"}],"replies":[{"embeddable":true,"href":"https:\/\/sud.svmep.ch\/svmep\/wp-json\/wp\/v2\/comments?post=1990"}],"version-history":[{"count":0,"href":"https:\/\/sud.svmep.ch\/svmep\/wp-json\/wp\/v2\/posts\/1990\/revisions"}],"wp:featuredmedia":[{"embeddable":true,"href":"https:\/\/sud.svmep.ch\/svmep\/wp-json\/wp\/v2\/media\/354"}],"wp:attachment":[{"href":"https:\/\/sud.svmep.ch\/svmep\/wp-json\/wp\/v2\/media?parent=1990"}],"wp:term":[{"taxonomy":"category","embeddable":true,"href":"https:\/\/sud.svmep.ch\/svmep\/wp-json\/wp\/v2\/categories?post=1990"},{"taxonomy":"post_tag","embeddable":true,"href":"https:\/\/sud.svmep.ch\/svmep\/wp-json\/wp\/v2\/tags?post=1990"}],"curies":[{"name":"wp","href":"https:\/\/api.w.org\/{rel}","templated":true}]}}