{"id":2027,"date":"2025-03-18T09:00:00","date_gmt":"2025-03-18T08:00:00","guid":{"rendered":"https:\/\/sud.svmep.ch\/svmep\/?p=2027"},"modified":"2025-09-24T18:58:51","modified_gmt":"2025-09-24T17:58:51","slug":"chasse-aux-sorcieres-a-lepsic","status":"publish","type":"post","link":"https:\/\/sud.svmep.ch\/svmep\/chasse-aux-sorcieres-a-lepsic\/","title":{"rendered":"Chasse aux sorci\u00e8res \u00e0 l&rsquo;Epsic !"},"content":{"rendered":"<div class=\"wp-block-post-date\"><time datetime=\"2025-03-18T09:00:00+01:00\">18 mars 2025<\/time><\/div>\n\n\n<blockquote class=\"wp-block-quote has-small-font-size is-layout-flow wp-block-quote-is-layout-flow\">\n<p class=\"has-text-align-right\">\u00abIl existe deux ensembles de principes : les principes de pouvoir et de privil\u00e8ge et les principes de v\u00e9rit\u00e9 et de justice.&nbsp;Si vous courez apr\u00e8s le pouvoir et les privil\u00e8ges, ce sera toujours au d\u00e9triment de la v\u00e9rit\u00e9 et de la justice.\u00bb \u2014 Noam Chomsky<\/p>\n<\/blockquote>\n\n\n\n<p><strong>Dans <a href=\"https:\/\/sud.svmep.ch\/svmep\/quest-ce-qui-ne-va-pas-a-lepsic\/\" target=\"_blank\" rel=\"noopener\">la crise qui touche l&rsquo;Epsic<\/a>, la direction semble s&rsquo;\u00e9vertuer \u00e0 envenimer la situation.<img loading=\"lazy\" decoding=\"async\" class=\"alignright wp-image-957 size-medium\" src=\"https:\/\/sud.svmep.ch\/svmep\/wp-content\/uploads\/2024\/02\/syndicat-pour-quoi-faire-noir-et-blanc-original-LIGHT-SMALL-300x262.jpg\" alt=\"\" width=\"300\" height=\"262\" srcset=\"https:\/\/sud.svmep.ch\/svmep\/wp-content\/uploads\/2024\/02\/syndicat-pour-quoi-faire-noir-et-blanc-original-LIGHT-SMALL-300x262.jpg 300w, https:\/\/sud.svmep.ch\/svmep\/wp-content\/uploads\/2024\/02\/syndicat-pour-quoi-faire-noir-et-blanc-original-LIGHT-SMALL.jpg 354w\" sizes=\"auto, (max-width: 300px) 100vw, 300px\" \/><\/strong> En effet, nos membres nous ont rapport\u00e9 que, d\u00e8s la publication de notre <em>Gazette<\/em> sur ce sujet, une \u201cchasse aux sorci\u00e8res\u201d s&rsquo;est mise en place dans cette \u00e9cole : qui a donc os\u00e9 mettre noir sur blanc les probl\u00e8mes ?! Ces pratiques d&rsquo;un autre temps, qui rel\u00e8vent de l&rsquo;intimidation, sont inacceptables et le SVMEP l&rsquo;a fait savoir au Directeur g\u00e9n\u00e9ral. <strong>Vous pouvez lire notre courrier ci-dessous.<\/strong><\/p>\n<p>C&rsquo;est l&rsquo;occasion pour nous de rappeler que les libert\u00e9s syndicales sont fermement garanties par le droit, y compris sur les lieux de travail et y compris dans les \u00e9coles. <a href=\"https:\/\/sud.svmep.ch\/svmep\/libertes-syndicales-dans-les-ecoles\/\" target=\"_blank\" rel=\"noopener\">(Re)lire \u00e0 ce sujet la publication de SUD-\u00c9ducation de mai 2024.<\/a><\/p>\n<p>Le comit\u00e9 du SVMEP<\/p>\n\n\n\n<div data-wp-interactive=\"core\/file\" class=\"wp-block-file\"><object data-wp-bind--hidden=\"!state.hasPdfPreview\" hidden class=\"wp-block-file__embed\" data=\"https:\/\/sud.svmep.ch\/svmep\/wp-content\/uploads\/2025-03-14_Epsic_chasse_aux_sorcieres.pdf\" type=\"application\/pdf\" style=\"width:100%;height:600px\" aria-label=\"Contenu embarqu\u00e9 Courrier Epsic du 14 mars 2025.\"><\/object><a id=\"wp-block-file--media-1f340167-9890-46db-abfc-9ce3571aad1a\" href=\"https:\/\/sud.svmep.ch\/svmep\/wp-content\/uploads\/2025-03-14_Epsic_chasse_aux_sorcieres.pdf\">Courrier Epsic du 14 mars 2025<\/a><a href=\"https:\/\/sud.svmep.ch\/svmep\/wp-content\/uploads\/2025-03-14_Epsic_chasse_aux_sorcieres.pdf\" class=\"wp-block-file__button wp-element-button\" download aria-describedby=\"wp-block-file--media-1f340167-9890-46db-abfc-9ce3571aad1a\">T\u00e9l\u00e9charger<\/a><\/div>\n","protected":false},"excerpt":{"rendered":"<p>18 mars 2025 \u00abIl existe deux ensembles de principes : les principes de pouvoir et de privil\u00e8ge et les principes de v\u00e9rit\u00e9 et de justice.&nbsp;Si vous courez apr\u00e8s le pouvoir [&hellip;]<\/p>\n","protected":false},"author":4,"featured_media":1918,"comment_status":"closed","ping_status":"closed","sticky":false,"template":"","format":"standard","meta":{"footnotes":""},"categories":[21,5],"tags":[33],"class_list":["post-2027","post","type-post","status-publish","format-standard","has-post-thumbnail","hentry","category-ecole-en-situation-de-crise","category-sud-education","tag-epsic"],"yoast_head":"<!-- This site is optimized with the Yoast SEO plugin v27.4 - https:\/\/yoast.com\/product\/yoast-seo-wordpress\/ -->\n<title>Chasse aux sorci\u00e8res \u00e0 l&#039;Epsic ! - svmep.ch<\/title>\n<meta name=\"robots\" content=\"index, follow, max-snippet:-1, max-image-preview:large, max-video-preview:-1\" \/>\n<link rel=\"canonical\" href=\"https:\/\/sud.svmep.ch\/svmep\/chasse-aux-sorcieres-a-lepsic\/\" \/>\n<meta property=\"og:locale\" content=\"fr_FR\" \/>\n<meta property=\"og:type\" content=\"article\" \/>\n<meta property=\"og:title\" content=\"Chasse aux sorci\u00e8res \u00e0 l&#039;Epsic ! - svmep.ch\" \/>\n<meta property=\"og:description\" content=\"18 mars 2025 \u00abIl existe deux ensembles de principes : les principes de pouvoir et de privil\u00e8ge et les principes de v\u00e9rit\u00e9 et de justice.&nbsp;Si vous courez apr\u00e8s le pouvoir [&hellip;]\" \/>\n<meta property=\"og:url\" content=\"https:\/\/sud.svmep.ch\/svmep\/chasse-aux-sorcieres-a-lepsic\/\" \/>\n<meta property=\"og:site_name\" content=\"svmep.ch\" \/>\n<meta property=\"article:published_time\" content=\"2025-03-18T08:00:00+00:00\" \/>\n<meta property=\"article:modified_time\" content=\"2025-09-24T17:58:51+00:00\" \/>\n<meta property=\"og:image\" content=\"https:\/\/sud.svmep.ch\/svmep\/wp-content\/uploads\/sud-mega-noir-carre.jpg\" \/>\n\t<meta property=\"og:image:width\" content=\"1851\" \/>\n\t<meta property=\"og:image:height\" content=\"1851\" \/>\n\t<meta property=\"og:image:type\" content=\"image\/jpeg\" \/>\n<meta name=\"author\" content=\"svmep-webmaster\" \/>\n<meta name=\"twitter:card\" content=\"summary_large_image\" \/>\n<script type=\"application\/ld+json\" class=\"yoast-schema-graph\">{\"@context\":\"https:\\\/\\\/schema.org\",\"@graph\":[{\"@type\":\"Article\",\"@id\":\"https:\\\/\\\/sud.svmep.ch\\\/svmep\\\/chasse-aux-sorcieres-a-lepsic\\\/#article\",\"isPartOf\":{\"@id\":\"https:\\\/\\\/sud.svmep.ch\\\/svmep\\\/chasse-aux-sorcieres-a-lepsic\\\/\"},\"author\":{\"name\":\"svmep-webmaster\",\"@id\":\"https:\\\/\\\/sud.svmep.ch\\\/svmep\\\/#\\\/schema\\\/person\\\/c89c46f48a039b5e5bc4a8eeeab1aece\"},\"headline\":\"Chasse aux sorci\u00e8res \u00e0 l&rsquo;Epsic !\",\"datePublished\":\"2025-03-18T08:00:00+00:00\",\"dateModified\":\"2025-09-24T17:58:51+00:00\",\"mainEntityOfPage\":{\"@id\":\"https:\\\/\\\/sud.svmep.ch\\\/svmep\\\/chasse-aux-sorcieres-a-lepsic\\\/\"},\"wordCount\":192,\"publisher\":{\"@id\":\"https:\\\/\\\/sud.svmep.ch\\\/svmep\\\/#organization\"},\"image\":{\"@id\":\"https:\\\/\\\/sud.svmep.ch\\\/svmep\\\/chasse-aux-sorcieres-a-lepsic\\\/#primaryimage\"},\"thumbnailUrl\":\"https:\\\/\\\/sud.svmep.ch\\\/svmep\\\/wp-content\\\/uploads\\\/sud-mega-noir-carre.jpg\",\"keywords\":[\"epsic\"],\"articleSection\":[\"\u00c9coles en situation de crise\",\"SUD-\u00c9ducation\"],\"inLanguage\":\"fr-FR\"},{\"@type\":\"WebPage\",\"@id\":\"https:\\\/\\\/sud.svmep.ch\\\/svmep\\\/chasse-aux-sorcieres-a-lepsic\\\/\",\"url\":\"https:\\\/\\\/sud.svmep.ch\\\/svmep\\\/chasse-aux-sorcieres-a-lepsic\\\/\",\"name\":\"Chasse aux sorci\u00e8res \u00e0 l'Epsic ! - svmep.ch\",\"isPartOf\":{\"@id\":\"https:\\\/\\\/sud.svmep.ch\\\/svmep\\\/#website\"},\"primaryImageOfPage\":{\"@id\":\"https:\\\/\\\/sud.svmep.ch\\\/svmep\\\/chasse-aux-sorcieres-a-lepsic\\\/#primaryimage\"},\"image\":{\"@id\":\"https:\\\/\\\/sud.svmep.ch\\\/svmep\\\/chasse-aux-sorcieres-a-lepsic\\\/#primaryimage\"},\"thumbnailUrl\":\"https:\\\/\\\/sud.svmep.ch\\\/svmep\\\/wp-content\\\/uploads\\\/sud-mega-noir-carre.jpg\",\"datePublished\":\"2025-03-18T08:00:00+00:00\",\"dateModified\":\"2025-09-24T17:58:51+00:00\",\"breadcrumb\":{\"@id\":\"https:\\\/\\\/sud.svmep.ch\\\/svmep\\\/chasse-aux-sorcieres-a-lepsic\\\/#breadcrumb\"},\"inLanguage\":\"fr-FR\",\"potentialAction\":[{\"@type\":\"ReadAction\",\"target\":[\"https:\\\/\\\/sud.svmep.ch\\\/svmep\\\/chasse-aux-sorcieres-a-lepsic\\\/\"]}]},{\"@type\":\"ImageObject\",\"inLanguage\":\"fr-FR\",\"@id\":\"https:\\\/\\\/sud.svmep.ch\\\/svmep\\\/chasse-aux-sorcieres-a-lepsic\\\/#primaryimage\",\"url\":\"https:\\\/\\\/sud.svmep.ch\\\/svmep\\\/wp-content\\\/uploads\\\/sud-mega-noir-carre.jpg\",\"contentUrl\":\"https:\\\/\\\/sud.svmep.ch\\\/svmep\\\/wp-content\\\/uploads\\\/sud-mega-noir-carre.jpg\",\"width\":1851,\"height\":1851},{\"@type\":\"BreadcrumbList\",\"@id\":\"https:\\\/\\\/sud.svmep.ch\\\/svmep\\\/chasse-aux-sorcieres-a-lepsic\\\/#breadcrumb\",\"itemListElement\":[{\"@type\":\"ListItem\",\"position\":1,\"name\":\"Accueil\",\"item\":\"https:\\\/\\\/sud.svmep.ch\\\/svmep\\\/\"},{\"@type\":\"ListItem\",\"position\":2,\"name\":\"\u00c9coles en situation de crise\",\"item\":\"https:\\\/\\\/sud.svmep.ch\\\/svmep\\\/category\\\/ecole-en-situation-de-crise\\\/\"},{\"@type\":\"ListItem\",\"position\":3,\"name\":\"Chasse aux sorci\u00e8res \u00e0 l&rsquo;Epsic !\"}]},{\"@type\":\"WebSite\",\"@id\":\"https:\\\/\\\/sud.svmep.ch\\\/svmep\\\/#website\",\"url\":\"https:\\\/\\\/sud.svmep.ch\\\/svmep\\\/\",\"name\":\"Syndicat vaudois des ma\u00eetres.ses de l'enseignement professionnel\",\"description\":\"\",\"publisher\":{\"@id\":\"https:\\\/\\\/sud.svmep.ch\\\/svmep\\\/#organization\"},\"alternateName\":\"SVMEP\",\"potentialAction\":[{\"@type\":\"SearchAction\",\"target\":{\"@type\":\"EntryPoint\",\"urlTemplate\":\"https:\\\/\\\/sud.svmep.ch\\\/svmep\\\/?s={search_term_string}\"},\"query-input\":{\"@type\":\"PropertyValueSpecification\",\"valueRequired\":true,\"valueName\":\"search_term_string\"}}],\"inLanguage\":\"fr-FR\"},{\"@type\":\"Organization\",\"@id\":\"https:\\\/\\\/sud.svmep.ch\\\/svmep\\\/#organization\",\"name\":\"Syndicat vaudois des ma\u00eetres.ses de l'enseignement professionnel SVMEP\",\"alternateName\":\"SVMEP\",\"url\":\"https:\\\/\\\/sud.svmep.ch\\\/svmep\\\/\",\"logo\":{\"@type\":\"ImageObject\",\"inLanguage\":\"fr-FR\",\"@id\":\"https:\\\/\\\/sud.svmep.ch\\\/svmep\\\/#\\\/schema\\\/logo\\\/image\\\/\",\"url\":\"https:\\\/\\\/sud.svmep.ch\\\/svmep\\\/wp-content\\\/uploads\\\/2024\\\/09\\\/svmep150x260.jpg\",\"contentUrl\":\"https:\\\/\\\/sud.svmep.ch\\\/svmep\\\/wp-content\\\/uploads\\\/2024\\\/09\\\/svmep150x260.jpg\",\"width\":226,\"height\":127,\"caption\":\"Syndicat vaudois des ma\u00eetres.ses de l'enseignement professionnel SVMEP\"},\"image\":{\"@id\":\"https:\\\/\\\/sud.svmep.ch\\\/svmep\\\/#\\\/schema\\\/logo\\\/image\\\/\"}},{\"@type\":\"Person\",\"@id\":\"https:\\\/\\\/sud.svmep.ch\\\/svmep\\\/#\\\/schema\\\/person\\\/c89c46f48a039b5e5bc4a8eeeab1aece\",\"name\":\"svmep-webmaster\",\"image\":{\"@type\":\"ImageObject\",\"inLanguage\":\"fr-FR\",\"@id\":\"https:\\\/\\\/secure.gravatar.com\\\/avatar\\\/75b5925b5ca4f3df48f6bb05f81ad13dab8238efffb28bf26c5f1682dff96ea6?s=96&d=mm&r=g\",\"url\":\"https:\\\/\\\/secure.gravatar.com\\\/avatar\\\/75b5925b5ca4f3df48f6bb05f81ad13dab8238efffb28bf26c5f1682dff96ea6?s=96&d=mm&r=g\",\"contentUrl\":\"https:\\\/\\\/secure.gravatar.com\\\/avatar\\\/75b5925b5ca4f3df48f6bb05f81ad13dab8238efffb28bf26c5f1682dff96ea6?s=96&d=mm&r=g\",\"caption\":\"svmep-webmaster\"}}]}<\/script>\n<!-- \/ Yoast SEO plugin. -->","yoast_head_json":{"title":"Chasse aux sorci\u00e8res \u00e0 l'Epsic ! - svmep.ch","robots":{"index":"index","follow":"follow","max-snippet":"max-snippet:-1","max-image-preview":"max-image-preview:large","max-video-preview":"max-video-preview:-1"},"canonical":"https:\/\/sud.svmep.ch\/svmep\/chasse-aux-sorcieres-a-lepsic\/","og_locale":"fr_FR","og_type":"article","og_title":"Chasse aux sorci\u00e8res \u00e0 l'Epsic ! - svmep.ch","og_description":"18 mars 2025 \u00abIl existe deux ensembles de principes : les principes de pouvoir et de privil\u00e8ge et les principes de v\u00e9rit\u00e9 et de justice.&nbsp;Si vous courez apr\u00e8s le pouvoir [&hellip;]","og_url":"https:\/\/sud.svmep.ch\/svmep\/chasse-aux-sorcieres-a-lepsic\/","og_site_name":"svmep.ch","article_published_time":"2025-03-18T08:00:00+00:00","article_modified_time":"2025-09-24T17:58:51+00:00","og_image":[{"width":1851,"height":1851,"url":"https:\/\/sud.svmep.ch\/svmep\/wp-content\/uploads\/sud-mega-noir-carre.jpg","type":"image\/jpeg"}],"author":"svmep-webmaster","twitter_card":"summary_large_image","schema":{"@context":"https:\/\/schema.org","@graph":[{"@type":"Article","@id":"https:\/\/sud.svmep.ch\/svmep\/chasse-aux-sorcieres-a-lepsic\/#article","isPartOf":{"@id":"https:\/\/sud.svmep.ch\/svmep\/chasse-aux-sorcieres-a-lepsic\/"},"author":{"name":"svmep-webmaster","@id":"https:\/\/sud.svmep.ch\/svmep\/#\/schema\/person\/c89c46f48a039b5e5bc4a8eeeab1aece"},"headline":"Chasse aux sorci\u00e8res \u00e0 l&rsquo;Epsic !","datePublished":"2025-03-18T08:00:00+00:00","dateModified":"2025-09-24T17:58:51+00:00","mainEntityOfPage":{"@id":"https:\/\/sud.svmep.ch\/svmep\/chasse-aux-sorcieres-a-lepsic\/"},"wordCount":192,"publisher":{"@id":"https:\/\/sud.svmep.ch\/svmep\/#organization"},"image":{"@id":"https:\/\/sud.svmep.ch\/svmep\/chasse-aux-sorcieres-a-lepsic\/#primaryimage"},"thumbnailUrl":"https:\/\/sud.svmep.ch\/svmep\/wp-content\/uploads\/sud-mega-noir-carre.jpg","keywords":["epsic"],"articleSection":["\u00c9coles en situation de crise","SUD-\u00c9ducation"],"inLanguage":"fr-FR"},{"@type":"WebPage","@id":"https:\/\/sud.svmep.ch\/svmep\/chasse-aux-sorcieres-a-lepsic\/","url":"https:\/\/sud.svmep.ch\/svmep\/chasse-aux-sorcieres-a-lepsic\/","name":"Chasse aux sorci\u00e8res \u00e0 l'Epsic ! - svmep.ch","isPartOf":{"@id":"https:\/\/sud.svmep.ch\/svmep\/#website"},"primaryImageOfPage":{"@id":"https:\/\/sud.svmep.ch\/svmep\/chasse-aux-sorcieres-a-lepsic\/#primaryimage"},"image":{"@id":"https:\/\/sud.svmep.ch\/svmep\/chasse-aux-sorcieres-a-lepsic\/#primaryimage"},"thumbnailUrl":"https:\/\/sud.svmep.ch\/svmep\/wp-content\/uploads\/sud-mega-noir-carre.jpg","datePublished":"2025-03-18T08:00:00+00:00","dateModified":"2025-09-24T17:58:51+00:00","breadcrumb":{"@id":"https:\/\/sud.svmep.ch\/svmep\/chasse-aux-sorcieres-a-lepsic\/#breadcrumb"},"inLanguage":"fr-FR","potentialAction":[{"@type":"ReadAction","target":["https:\/\/sud.svmep.ch\/svmep\/chasse-aux-sorcieres-a-lepsic\/"]}]},{"@type":"ImageObject","inLanguage":"fr-FR","@id":"https:\/\/sud.svmep.ch\/svmep\/chasse-aux-sorcieres-a-lepsic\/#primaryimage","url":"https:\/\/sud.svmep.ch\/svmep\/wp-content\/uploads\/sud-mega-noir-carre.jpg","contentUrl":"https:\/\/sud.svmep.ch\/svmep\/wp-content\/uploads\/sud-mega-noir-carre.jpg","width":1851,"height":1851},{"@type":"BreadcrumbList","@id":"https:\/\/sud.svmep.ch\/svmep\/chasse-aux-sorcieres-a-lepsic\/#breadcrumb","itemListElement":[{"@type":"ListItem","position":1,"name":"Accueil","item":"https:\/\/sud.svmep.ch\/svmep\/"},{"@type":"ListItem","position":2,"name":"\u00c9coles en situation de crise","item":"https:\/\/sud.svmep.ch\/svmep\/category\/ecole-en-situation-de-crise\/"},{"@type":"ListItem","position":3,"name":"Chasse aux sorci\u00e8res \u00e0 l&rsquo;Epsic !"}]},{"@type":"WebSite","@id":"https:\/\/sud.svmep.ch\/svmep\/#website","url":"https:\/\/sud.svmep.ch\/svmep\/","name":"Syndicat vaudois des ma\u00eetres.ses de l'enseignement professionnel","description":"","publisher":{"@id":"https:\/\/sud.svmep.ch\/svmep\/#organization"},"alternateName":"SVMEP","potentialAction":[{"@type":"SearchAction","target":{"@type":"EntryPoint","urlTemplate":"https:\/\/sud.svmep.ch\/svmep\/?s={search_term_string}"},"query-input":{"@type":"PropertyValueSpecification","valueRequired":true,"valueName":"search_term_string"}}],"inLanguage":"fr-FR"},{"@type":"Organization","@id":"https:\/\/sud.svmep.ch\/svmep\/#organization","name":"Syndicat vaudois des ma\u00eetres.ses de l'enseignement professionnel SVMEP","alternateName":"SVMEP","url":"https:\/\/sud.svmep.ch\/svmep\/","logo":{"@type":"ImageObject","inLanguage":"fr-FR","@id":"https:\/\/sud.svmep.ch\/svmep\/#\/schema\/logo\/image\/","url":"https:\/\/sud.svmep.ch\/svmep\/wp-content\/uploads\/2024\/09\/svmep150x260.jpg","contentUrl":"https:\/\/sud.svmep.ch\/svmep\/wp-content\/uploads\/2024\/09\/svmep150x260.jpg","width":226,"height":127,"caption":"Syndicat vaudois des ma\u00eetres.ses de l'enseignement professionnel SVMEP"},"image":{"@id":"https:\/\/sud.svmep.ch\/svmep\/#\/schema\/logo\/image\/"}},{"@type":"Person","@id":"https:\/\/sud.svmep.ch\/svmep\/#\/schema\/person\/c89c46f48a039b5e5bc4a8eeeab1aece","name":"svmep-webmaster","image":{"@type":"ImageObject","inLanguage":"fr-FR","@id":"https:\/\/secure.gravatar.com\/avatar\/75b5925b5ca4f3df48f6bb05f81ad13dab8238efffb28bf26c5f1682dff96ea6?s=96&d=mm&r=g","url":"https:\/\/secure.gravatar.com\/avatar\/75b5925b5ca4f3df48f6bb05f81ad13dab8238efffb28bf26c5f1682dff96ea6?s=96&d=mm&r=g","contentUrl":"https:\/\/secure.gravatar.com\/avatar\/75b5925b5ca4f3df48f6bb05f81ad13dab8238efffb28bf26c5f1682dff96ea6?s=96&d=mm&r=g","caption":"svmep-webmaster"}}]}},"_links":{"self":[{"href":"https:\/\/sud.svmep.ch\/svmep\/wp-json\/wp\/v2\/posts\/2027","targetHints":{"allow":["GET"]}}],"collection":[{"href":"https:\/\/sud.svmep.ch\/svmep\/wp-json\/wp\/v2\/posts"}],"about":[{"href":"https:\/\/sud.svmep.ch\/svmep\/wp-json\/wp\/v2\/types\/post"}],"author":[{"embeddable":true,"href":"https:\/\/sud.svmep.ch\/svmep\/wp-json\/wp\/v2\/users\/4"}],"replies":[{"embeddable":true,"href":"https:\/\/sud.svmep.ch\/svmep\/wp-json\/wp\/v2\/comments?post=2027"}],"version-history":[{"count":0,"href":"https:\/\/sud.svmep.ch\/svmep\/wp-json\/wp\/v2\/posts\/2027\/revisions"}],"wp:featuredmedia":[{"embeddable":true,"href":"https:\/\/sud.svmep.ch\/svmep\/wp-json\/wp\/v2\/media\/1918"}],"wp:attachment":[{"href":"https:\/\/sud.svmep.ch\/svmep\/wp-json\/wp\/v2\/media?parent=2027"}],"wp:term":[{"taxonomy":"category","embeddable":true,"href":"https:\/\/sud.svmep.ch\/svmep\/wp-json\/wp\/v2\/categories?post=2027"},{"taxonomy":"post_tag","embeddable":true,"href":"https:\/\/sud.svmep.ch\/svmep\/wp-json\/wp\/v2\/tags?post=2027"}],"curies":[{"name":"wp","href":"https:\/\/api.w.org\/{rel}","templated":true}]}}