{"id":2065,"date":"2025-04-03T11:05:58","date_gmt":"2025-04-03T10:05:58","guid":{"rendered":"https:\/\/sud.svmep.ch\/svmep\/?p=2065"},"modified":"2025-04-29T14:21:51","modified_gmt":"2025-04-29T13:21:51","slug":"situation-a-lepsic-et-faux-fuyants-de-la-dgep","status":"publish","type":"post","link":"https:\/\/sud.svmep.ch\/svmep\/situation-a-lepsic-et-faux-fuyants-de-la-dgep\/","title":{"rendered":"Situation \u00e0 l&rsquo;Epsic et faux-fuyants de la DGEP"},"content":{"rendered":"<div class=\"wp-block-post-date\"><time datetime=\"2025-04-03T11:05:58+02:00\">3 avril 2025<\/time><\/div>\n\n\n<p><strong>Mandat\u00e9 par l&rsquo;Assembl\u00e9e du personnel enseignant de l&rsquo;Epsic et second\u00e9 par un groupe de travail compos\u00e9 de membres concern\u00e9.e.s, notre syndicat a \u00e9crit au Directeur g\u00e9n\u00e9ral, le 27 f\u00e9vrier, un courrier d\u00e9taill\u00e9, disponible ci-apr\u00e8s, concernant la <a href=\"https:\/\/sud.svmep.ch\/svmep\/chasse-aux-sorcieres-a-lepsic\/\" target=\"_blank\" rel=\"noopener\">situation d\u00e9l\u00e9t\u00e8re qui s&rsquo;est install\u00e9e \u00e0 l&rsquo;Epsic<\/a>.<\/strong><\/p>\n\n\n\n<div data-wp-interactive=\"core\/file\" class=\"wp-block-file\"><object data-wp-bind--hidden=\"!state.hasPdfPreview\" hidden class=\"wp-block-file__embed\" data=\"https:\/\/sud.svmep.ch\/svmep\/wp-content\/uploads\/2025-02-26_EPSIC_courrier_DGEP2.pdf\" type=\"application\/pdf\" style=\"width:100%;height:800px\" aria-label=\"Contenu embarqu\u00e9 Courrier \u00e0 la DGEP : situation \u00e0 l&#039;Epsic.\"><\/object><a id=\"wp-block-file--media-621900f6-a081-49c1-906e-d4d1d1b99d61\" href=\"https:\/\/sud.svmep.ch\/svmep\/wp-content\/uploads\/2025-02-26_EPSIC_courrier_DGEP2.pdf\" target=\"_blank\" rel=\"noreferrer noopener\">Courrier \u00e0 la DGEP : situation \u00e0 l&rsquo;Epsic<\/a><a href=\"https:\/\/sud.svmep.ch\/svmep\/wp-content\/uploads\/2025-02-26_EPSIC_courrier_DGEP2.pdf\" class=\"wp-block-file__button wp-element-button\" download aria-describedby=\"wp-block-file--media-621900f6-a081-49c1-906e-d4d1d1b99d61\">T\u00e9l\u00e9charger<\/a><\/div>\n\n\n\n<div>\u00a0<\/div>\n<div><strong>Le 27 mars, nous avons re\u00e7u une r\u00e9ponse absolument d\u00e9cevante, que vous pouvez lire ci-dessous. Nous sommes carr\u00e9ment sid\u00e9r\u00e9.e.s par le d\u00e9calage patent entre le s\u00e9rieux de notre demande et la d\u00e9sinvolture avec laquelle celle-ci est balay\u00e9e.<\/strong><\/div>\n<div>\u00a0<\/div>\n<div>Les t\u00e9moignages concordant que nous avons re\u00e7us et qui ont \u00e9t\u00e9 discut\u00e9s en assembl\u00e9e ne peuvent \u00eatre r\u00e9duits \u00e0 \u00abune compilation d&rsquo;\u00e9v\u00e9nements parfois isol\u00e9s, souvent pr\u00e9sent\u00e9s hors de la mise en contexte n\u00e9cessaire\u00bb, comme l&rsquo;avance le Directeur g\u00e9n\u00e9ral. Par ailleurs, l&rsquo;historique des demandes du personnel depuis 2022 d\u00e9montre que c&rsquo;est du c\u00f4t\u00e9 de la hi\u00e9rarchie que la \u00abvolont\u00e9 de dialogue\u00bb fait d\u00e9faut.<\/div>\n<div>\u00a0<\/div>\n<div><img loading=\"lazy\" decoding=\"async\" class=\"alignleft size-medium wp-image-1570\" src=\"https:\/\/sud.svmep.ch\/svmep\/wp-content\/uploads\/2024\/11\/tenir-les-coudes-copie-300x93.jpg\" alt=\"\" width=\"300\" height=\"93\" srcset=\"https:\/\/sud.svmep.ch\/svmep\/wp-content\/uploads\/2024\/11\/tenir-les-coudes-copie-300x93.jpg 300w, https:\/\/sud.svmep.ch\/svmep\/wp-content\/uploads\/2024\/11\/tenir-les-coudes-copie-768x238.jpg 768w, https:\/\/sud.svmep.ch\/svmep\/wp-content\/uploads\/2024\/11\/tenir-les-coudes-copie.jpg 847w\" sizes=\"auto, (max-width: 300px) 100vw, 300px\" \/>Le SVMEP avance, malgr\u00e9 tout, dans le mandat qui lui a \u00e9t\u00e9 confi\u00e9 et continuera \u00e0 assurer, \u00e0 l&rsquo;Epsic comme ailleurs, son r\u00f4le de protection du personnel et de pr\u00e9servation des conditions de travail.<\/div>\n<div>\u00a0<\/div>\n<div>Afin de discuter de la r\u00e9ponse re\u00e7ue et de faire un point de la situation collectivement, une nouvelle <strong>assembl\u00e9e du personnel enseignant de l&rsquo;Epsic<\/strong>, \u00e9galement ouverte aux non-membres du SVMEP, se tiendra le<\/div>\n<div style=\"text-align: center;\"><strong>mardi 6 mai, de 16h \u00e0 17h<\/strong><\/div>\n<div style=\"text-align: center;\"><strong>\u00e0 la salle 305 de l&rsquo;Epsic<\/strong><\/div>\n<div>\u00a0<\/div>\n\n\n\n<div data-wp-interactive=\"core\/file\" class=\"wp-block-file\"><object data-wp-bind--hidden=\"!state.hasPdfPreview\" hidden class=\"wp-block-file__embed\" data=\"https:\/\/sud.svmep.ch\/svmep\/wp-content\/uploads\/2025-03-26_EPSIC_reponse_DGEP.pdf\" type=\"application\/pdf\" style=\"width:100%;height:600px\" aria-label=\"Contenu embarqu\u00e9 Situation EPSIC - r\u00e9ponse de la DGEP.\"><\/object><a id=\"wp-block-file--media-c5f9f808-7736-4a55-ba21-cbc5e414067c\" href=\"https:\/\/sud.svmep.ch\/svmep\/wp-content\/uploads\/2025-03-26_EPSIC_reponse_DGEP.pdf\" target=\"_blank\" rel=\"noreferrer noopener\">Situation EPSIC &#8211; r\u00e9ponse de la DGEP<\/a><a href=\"https:\/\/sud.svmep.ch\/svmep\/wp-content\/uploads\/2025-03-26_EPSIC_reponse_DGEP.pdf\" class=\"wp-block-file__button wp-element-button\" download aria-describedby=\"wp-block-file--media-c5f9f808-7736-4a55-ba21-cbc5e414067c\">T\u00e9l\u00e9charger<\/a><\/div>\n","protected":false},"excerpt":{"rendered":"<p>3 avril 2025 Mandat\u00e9 par l&rsquo;Assembl\u00e9e du personnel enseignant de l&rsquo;Epsic et second\u00e9 par un groupe de travail compos\u00e9 de membres concern\u00e9.e.s, notre syndicat a \u00e9crit au Directeur g\u00e9n\u00e9ral, le [&hellip;]<\/p>\n","protected":false},"author":4,"featured_media":1335,"comment_status":"closed","ping_status":"closed","sticky":false,"template":"","format":"standard","meta":{"footnotes":""},"categories":[21],"tags":[33],"class_list":["post-2065","post","type-post","status-publish","format-standard","has-post-thumbnail","hentry","category-ecole-en-situation-de-crise","tag-epsic"],"yoast_head":"<!-- This site is optimized with the Yoast SEO plugin v27.4 - https:\/\/yoast.com\/product\/yoast-seo-wordpress\/ -->\n<title>Situation \u00e0 l&#039;Epsic et faux-fuyants de la DGEP - svmep.ch<\/title>\n<meta name=\"robots\" content=\"index, follow, max-snippet:-1, max-image-preview:large, max-video-preview:-1\" \/>\n<link rel=\"canonical\" href=\"https:\/\/sud.svmep.ch\/svmep\/situation-a-lepsic-et-faux-fuyants-de-la-dgep\/\" \/>\n<meta property=\"og:locale\" content=\"fr_FR\" \/>\n<meta property=\"og:type\" content=\"article\" \/>\n<meta property=\"og:title\" content=\"Situation \u00e0 l&#039;Epsic et faux-fuyants de la DGEP - svmep.ch\" \/>\n<meta property=\"og:description\" content=\"3 avril 2025 Mandat\u00e9 par l&rsquo;Assembl\u00e9e du personnel enseignant de l&rsquo;Epsic et second\u00e9 par un groupe de travail compos\u00e9 de membres concern\u00e9.e.s, notre syndicat a \u00e9crit au Directeur g\u00e9n\u00e9ral, le [&hellip;]\" \/>\n<meta property=\"og:url\" content=\"https:\/\/sud.svmep.ch\/svmep\/situation-a-lepsic-et-faux-fuyants-de-la-dgep\/\" \/>\n<meta property=\"og:site_name\" content=\"svmep.ch\" \/>\n<meta property=\"article:published_time\" content=\"2025-04-03T10:05:58+00:00\" \/>\n<meta property=\"article:modified_time\" content=\"2025-04-29T13:21:51+00:00\" \/>\n<meta property=\"og:image\" content=\"https:\/\/sud.svmep.ch\/svmep\/wp-content\/uploads\/2024\/10\/barre-copie.jpg\" \/>\n\t<meta property=\"og:image:width\" content=\"1200\" \/>\n\t<meta property=\"og:image:height\" content=\"800\" \/>\n\t<meta property=\"og:image:type\" content=\"image\/jpeg\" \/>\n<meta name=\"author\" content=\"svmep-webmaster\" \/>\n<meta name=\"twitter:card\" content=\"summary_large_image\" \/>\n<script type=\"application\/ld+json\" class=\"yoast-schema-graph\">{\"@context\":\"https:\\\/\\\/schema.org\",\"@graph\":[{\"@type\":\"Article\",\"@id\":\"https:\\\/\\\/sud.svmep.ch\\\/svmep\\\/situation-a-lepsic-et-faux-fuyants-de-la-dgep\\\/#article\",\"isPartOf\":{\"@id\":\"https:\\\/\\\/sud.svmep.ch\\\/svmep\\\/situation-a-lepsic-et-faux-fuyants-de-la-dgep\\\/\"},\"author\":{\"name\":\"svmep-webmaster\",\"@id\":\"https:\\\/\\\/sud.svmep.ch\\\/svmep\\\/#\\\/schema\\\/person\\\/c89c46f48a039b5e5bc4a8eeeab1aece\"},\"headline\":\"Situation \u00e0 l&rsquo;Epsic et faux-fuyants de la DGEP\",\"datePublished\":\"2025-04-03T10:05:58+00:00\",\"dateModified\":\"2025-04-29T13:21:51+00:00\",\"mainEntityOfPage\":{\"@id\":\"https:\\\/\\\/sud.svmep.ch\\\/svmep\\\/situation-a-lepsic-et-faux-fuyants-de-la-dgep\\\/\"},\"wordCount\":282,\"publisher\":{\"@id\":\"https:\\\/\\\/sud.svmep.ch\\\/svmep\\\/#organization\"},\"image\":{\"@id\":\"https:\\\/\\\/sud.svmep.ch\\\/svmep\\\/situation-a-lepsic-et-faux-fuyants-de-la-dgep\\\/#primaryimage\"},\"thumbnailUrl\":\"https:\\\/\\\/sud.svmep.ch\\\/svmep\\\/wp-content\\\/uploads\\\/2024\\\/10\\\/barre-copie.jpg\",\"keywords\":[\"epsic\"],\"articleSection\":[\"\u00c9coles en situation de crise\"],\"inLanguage\":\"fr-FR\"},{\"@type\":\"WebPage\",\"@id\":\"https:\\\/\\\/sud.svmep.ch\\\/svmep\\\/situation-a-lepsic-et-faux-fuyants-de-la-dgep\\\/\",\"url\":\"https:\\\/\\\/sud.svmep.ch\\\/svmep\\\/situation-a-lepsic-et-faux-fuyants-de-la-dgep\\\/\",\"name\":\"Situation \u00e0 l'Epsic et faux-fuyants de la DGEP - svmep.ch\",\"isPartOf\":{\"@id\":\"https:\\\/\\\/sud.svmep.ch\\\/svmep\\\/#website\"},\"primaryImageOfPage\":{\"@id\":\"https:\\\/\\\/sud.svmep.ch\\\/svmep\\\/situation-a-lepsic-et-faux-fuyants-de-la-dgep\\\/#primaryimage\"},\"image\":{\"@id\":\"https:\\\/\\\/sud.svmep.ch\\\/svmep\\\/situation-a-lepsic-et-faux-fuyants-de-la-dgep\\\/#primaryimage\"},\"thumbnailUrl\":\"https:\\\/\\\/sud.svmep.ch\\\/svmep\\\/wp-content\\\/uploads\\\/2024\\\/10\\\/barre-copie.jpg\",\"datePublished\":\"2025-04-03T10:05:58+00:00\",\"dateModified\":\"2025-04-29T13:21:51+00:00\",\"breadcrumb\":{\"@id\":\"https:\\\/\\\/sud.svmep.ch\\\/svmep\\\/situation-a-lepsic-et-faux-fuyants-de-la-dgep\\\/#breadcrumb\"},\"inLanguage\":\"fr-FR\",\"potentialAction\":[{\"@type\":\"ReadAction\",\"target\":[\"https:\\\/\\\/sud.svmep.ch\\\/svmep\\\/situation-a-lepsic-et-faux-fuyants-de-la-dgep\\\/\"]}]},{\"@type\":\"ImageObject\",\"inLanguage\":\"fr-FR\",\"@id\":\"https:\\\/\\\/sud.svmep.ch\\\/svmep\\\/situation-a-lepsic-et-faux-fuyants-de-la-dgep\\\/#primaryimage\",\"url\":\"https:\\\/\\\/sud.svmep.ch\\\/svmep\\\/wp-content\\\/uploads\\\/2024\\\/10\\\/barre-copie.jpg\",\"contentUrl\":\"https:\\\/\\\/sud.svmep.ch\\\/svmep\\\/wp-content\\\/uploads\\\/2024\\\/10\\\/barre-copie.jpg\",\"width\":1200,\"height\":800,\"caption\":\"Manifestation du 11 mars 2020 devant le DFJC, organis\u00e9e par le SVMEP\"},{\"@type\":\"BreadcrumbList\",\"@id\":\"https:\\\/\\\/sud.svmep.ch\\\/svmep\\\/situation-a-lepsic-et-faux-fuyants-de-la-dgep\\\/#breadcrumb\",\"itemListElement\":[{\"@type\":\"ListItem\",\"position\":1,\"name\":\"Accueil\",\"item\":\"https:\\\/\\\/sud.svmep.ch\\\/svmep\\\/\"},{\"@type\":\"ListItem\",\"position\":2,\"name\":\"\u00c9coles en situation de crise\",\"item\":\"https:\\\/\\\/sud.svmep.ch\\\/svmep\\\/category\\\/ecole-en-situation-de-crise\\\/\"},{\"@type\":\"ListItem\",\"position\":3,\"name\":\"Situation \u00e0 l&rsquo;Epsic et faux-fuyants de la DGEP\"}]},{\"@type\":\"WebSite\",\"@id\":\"https:\\\/\\\/sud.svmep.ch\\\/svmep\\\/#website\",\"url\":\"https:\\\/\\\/sud.svmep.ch\\\/svmep\\\/\",\"name\":\"Syndicat vaudois des ma\u00eetres.ses de l'enseignement professionnel\",\"description\":\"\",\"publisher\":{\"@id\":\"https:\\\/\\\/sud.svmep.ch\\\/svmep\\\/#organization\"},\"alternateName\":\"SVMEP\",\"potentialAction\":[{\"@type\":\"SearchAction\",\"target\":{\"@type\":\"EntryPoint\",\"urlTemplate\":\"https:\\\/\\\/sud.svmep.ch\\\/svmep\\\/?s={search_term_string}\"},\"query-input\":{\"@type\":\"PropertyValueSpecification\",\"valueRequired\":true,\"valueName\":\"search_term_string\"}}],\"inLanguage\":\"fr-FR\"},{\"@type\":\"Organization\",\"@id\":\"https:\\\/\\\/sud.svmep.ch\\\/svmep\\\/#organization\",\"name\":\"Syndicat vaudois des ma\u00eetres.ses de l'enseignement professionnel SVMEP\",\"alternateName\":\"SVMEP\",\"url\":\"https:\\\/\\\/sud.svmep.ch\\\/svmep\\\/\",\"logo\":{\"@type\":\"ImageObject\",\"inLanguage\":\"fr-FR\",\"@id\":\"https:\\\/\\\/sud.svmep.ch\\\/svmep\\\/#\\\/schema\\\/logo\\\/image\\\/\",\"url\":\"https:\\\/\\\/sud.svmep.ch\\\/svmep\\\/wp-content\\\/uploads\\\/2024\\\/09\\\/svmep150x260.jpg\",\"contentUrl\":\"https:\\\/\\\/sud.svmep.ch\\\/svmep\\\/wp-content\\\/uploads\\\/2024\\\/09\\\/svmep150x260.jpg\",\"width\":226,\"height\":127,\"caption\":\"Syndicat vaudois des ma\u00eetres.ses de l'enseignement professionnel SVMEP\"},\"image\":{\"@id\":\"https:\\\/\\\/sud.svmep.ch\\\/svmep\\\/#\\\/schema\\\/logo\\\/image\\\/\"}},{\"@type\":\"Person\",\"@id\":\"https:\\\/\\\/sud.svmep.ch\\\/svmep\\\/#\\\/schema\\\/person\\\/c89c46f48a039b5e5bc4a8eeeab1aece\",\"name\":\"svmep-webmaster\",\"image\":{\"@type\":\"ImageObject\",\"inLanguage\":\"fr-FR\",\"@id\":\"https:\\\/\\\/secure.gravatar.com\\\/avatar\\\/75b5925b5ca4f3df48f6bb05f81ad13dab8238efffb28bf26c5f1682dff96ea6?s=96&d=mm&r=g\",\"url\":\"https:\\\/\\\/secure.gravatar.com\\\/avatar\\\/75b5925b5ca4f3df48f6bb05f81ad13dab8238efffb28bf26c5f1682dff96ea6?s=96&d=mm&r=g\",\"contentUrl\":\"https:\\\/\\\/secure.gravatar.com\\\/avatar\\\/75b5925b5ca4f3df48f6bb05f81ad13dab8238efffb28bf26c5f1682dff96ea6?s=96&d=mm&r=g\",\"caption\":\"svmep-webmaster\"}}]}<\/script>\n<!-- \/ Yoast SEO plugin. -->","yoast_head_json":{"title":"Situation \u00e0 l'Epsic et faux-fuyants de la DGEP - svmep.ch","robots":{"index":"index","follow":"follow","max-snippet":"max-snippet:-1","max-image-preview":"max-image-preview:large","max-video-preview":"max-video-preview:-1"},"canonical":"https:\/\/sud.svmep.ch\/svmep\/situation-a-lepsic-et-faux-fuyants-de-la-dgep\/","og_locale":"fr_FR","og_type":"article","og_title":"Situation \u00e0 l'Epsic et faux-fuyants de la DGEP - svmep.ch","og_description":"3 avril 2025 Mandat\u00e9 par l&rsquo;Assembl\u00e9e du personnel enseignant de l&rsquo;Epsic et second\u00e9 par un groupe de travail compos\u00e9 de membres concern\u00e9.e.s, notre syndicat a \u00e9crit au Directeur g\u00e9n\u00e9ral, le [&hellip;]","og_url":"https:\/\/sud.svmep.ch\/svmep\/situation-a-lepsic-et-faux-fuyants-de-la-dgep\/","og_site_name":"svmep.ch","article_published_time":"2025-04-03T10:05:58+00:00","article_modified_time":"2025-04-29T13:21:51+00:00","og_image":[{"width":1200,"height":800,"url":"https:\/\/sud.svmep.ch\/svmep\/wp-content\/uploads\/2024\/10\/barre-copie.jpg","type":"image\/jpeg"}],"author":"svmep-webmaster","twitter_card":"summary_large_image","schema":{"@context":"https:\/\/schema.org","@graph":[{"@type":"Article","@id":"https:\/\/sud.svmep.ch\/svmep\/situation-a-lepsic-et-faux-fuyants-de-la-dgep\/#article","isPartOf":{"@id":"https:\/\/sud.svmep.ch\/svmep\/situation-a-lepsic-et-faux-fuyants-de-la-dgep\/"},"author":{"name":"svmep-webmaster","@id":"https:\/\/sud.svmep.ch\/svmep\/#\/schema\/person\/c89c46f48a039b5e5bc4a8eeeab1aece"},"headline":"Situation \u00e0 l&rsquo;Epsic et faux-fuyants de la DGEP","datePublished":"2025-04-03T10:05:58+00:00","dateModified":"2025-04-29T13:21:51+00:00","mainEntityOfPage":{"@id":"https:\/\/sud.svmep.ch\/svmep\/situation-a-lepsic-et-faux-fuyants-de-la-dgep\/"},"wordCount":282,"publisher":{"@id":"https:\/\/sud.svmep.ch\/svmep\/#organization"},"image":{"@id":"https:\/\/sud.svmep.ch\/svmep\/situation-a-lepsic-et-faux-fuyants-de-la-dgep\/#primaryimage"},"thumbnailUrl":"https:\/\/sud.svmep.ch\/svmep\/wp-content\/uploads\/2024\/10\/barre-copie.jpg","keywords":["epsic"],"articleSection":["\u00c9coles en situation de crise"],"inLanguage":"fr-FR"},{"@type":"WebPage","@id":"https:\/\/sud.svmep.ch\/svmep\/situation-a-lepsic-et-faux-fuyants-de-la-dgep\/","url":"https:\/\/sud.svmep.ch\/svmep\/situation-a-lepsic-et-faux-fuyants-de-la-dgep\/","name":"Situation \u00e0 l'Epsic et faux-fuyants de la DGEP - svmep.ch","isPartOf":{"@id":"https:\/\/sud.svmep.ch\/svmep\/#website"},"primaryImageOfPage":{"@id":"https:\/\/sud.svmep.ch\/svmep\/situation-a-lepsic-et-faux-fuyants-de-la-dgep\/#primaryimage"},"image":{"@id":"https:\/\/sud.svmep.ch\/svmep\/situation-a-lepsic-et-faux-fuyants-de-la-dgep\/#primaryimage"},"thumbnailUrl":"https:\/\/sud.svmep.ch\/svmep\/wp-content\/uploads\/2024\/10\/barre-copie.jpg","datePublished":"2025-04-03T10:05:58+00:00","dateModified":"2025-04-29T13:21:51+00:00","breadcrumb":{"@id":"https:\/\/sud.svmep.ch\/svmep\/situation-a-lepsic-et-faux-fuyants-de-la-dgep\/#breadcrumb"},"inLanguage":"fr-FR","potentialAction":[{"@type":"ReadAction","target":["https:\/\/sud.svmep.ch\/svmep\/situation-a-lepsic-et-faux-fuyants-de-la-dgep\/"]}]},{"@type":"ImageObject","inLanguage":"fr-FR","@id":"https:\/\/sud.svmep.ch\/svmep\/situation-a-lepsic-et-faux-fuyants-de-la-dgep\/#primaryimage","url":"https:\/\/sud.svmep.ch\/svmep\/wp-content\/uploads\/2024\/10\/barre-copie.jpg","contentUrl":"https:\/\/sud.svmep.ch\/svmep\/wp-content\/uploads\/2024\/10\/barre-copie.jpg","width":1200,"height":800,"caption":"Manifestation du 11 mars 2020 devant le DFJC, organis\u00e9e par le SVMEP"},{"@type":"BreadcrumbList","@id":"https:\/\/sud.svmep.ch\/svmep\/situation-a-lepsic-et-faux-fuyants-de-la-dgep\/#breadcrumb","itemListElement":[{"@type":"ListItem","position":1,"name":"Accueil","item":"https:\/\/sud.svmep.ch\/svmep\/"},{"@type":"ListItem","position":2,"name":"\u00c9coles en situation de crise","item":"https:\/\/sud.svmep.ch\/svmep\/category\/ecole-en-situation-de-crise\/"},{"@type":"ListItem","position":3,"name":"Situation \u00e0 l&rsquo;Epsic et faux-fuyants de la DGEP"}]},{"@type":"WebSite","@id":"https:\/\/sud.svmep.ch\/svmep\/#website","url":"https:\/\/sud.svmep.ch\/svmep\/","name":"Syndicat vaudois des ma\u00eetres.ses de l'enseignement professionnel","description":"","publisher":{"@id":"https:\/\/sud.svmep.ch\/svmep\/#organization"},"alternateName":"SVMEP","potentialAction":[{"@type":"SearchAction","target":{"@type":"EntryPoint","urlTemplate":"https:\/\/sud.svmep.ch\/svmep\/?s={search_term_string}"},"query-input":{"@type":"PropertyValueSpecification","valueRequired":true,"valueName":"search_term_string"}}],"inLanguage":"fr-FR"},{"@type":"Organization","@id":"https:\/\/sud.svmep.ch\/svmep\/#organization","name":"Syndicat vaudois des ma\u00eetres.ses de l'enseignement professionnel SVMEP","alternateName":"SVMEP","url":"https:\/\/sud.svmep.ch\/svmep\/","logo":{"@type":"ImageObject","inLanguage":"fr-FR","@id":"https:\/\/sud.svmep.ch\/svmep\/#\/schema\/logo\/image\/","url":"https:\/\/sud.svmep.ch\/svmep\/wp-content\/uploads\/2024\/09\/svmep150x260.jpg","contentUrl":"https:\/\/sud.svmep.ch\/svmep\/wp-content\/uploads\/2024\/09\/svmep150x260.jpg","width":226,"height":127,"caption":"Syndicat vaudois des ma\u00eetres.ses de l'enseignement professionnel SVMEP"},"image":{"@id":"https:\/\/sud.svmep.ch\/svmep\/#\/schema\/logo\/image\/"}},{"@type":"Person","@id":"https:\/\/sud.svmep.ch\/svmep\/#\/schema\/person\/c89c46f48a039b5e5bc4a8eeeab1aece","name":"svmep-webmaster","image":{"@type":"ImageObject","inLanguage":"fr-FR","@id":"https:\/\/secure.gravatar.com\/avatar\/75b5925b5ca4f3df48f6bb05f81ad13dab8238efffb28bf26c5f1682dff96ea6?s=96&d=mm&r=g","url":"https:\/\/secure.gravatar.com\/avatar\/75b5925b5ca4f3df48f6bb05f81ad13dab8238efffb28bf26c5f1682dff96ea6?s=96&d=mm&r=g","contentUrl":"https:\/\/secure.gravatar.com\/avatar\/75b5925b5ca4f3df48f6bb05f81ad13dab8238efffb28bf26c5f1682dff96ea6?s=96&d=mm&r=g","caption":"svmep-webmaster"}}]}},"_links":{"self":[{"href":"https:\/\/sud.svmep.ch\/svmep\/wp-json\/wp\/v2\/posts\/2065","targetHints":{"allow":["GET"]}}],"collection":[{"href":"https:\/\/sud.svmep.ch\/svmep\/wp-json\/wp\/v2\/posts"}],"about":[{"href":"https:\/\/sud.svmep.ch\/svmep\/wp-json\/wp\/v2\/types\/post"}],"author":[{"embeddable":true,"href":"https:\/\/sud.svmep.ch\/svmep\/wp-json\/wp\/v2\/users\/4"}],"replies":[{"embeddable":true,"href":"https:\/\/sud.svmep.ch\/svmep\/wp-json\/wp\/v2\/comments?post=2065"}],"version-history":[{"count":0,"href":"https:\/\/sud.svmep.ch\/svmep\/wp-json\/wp\/v2\/posts\/2065\/revisions"}],"wp:featuredmedia":[{"embeddable":true,"href":"https:\/\/sud.svmep.ch\/svmep\/wp-json\/wp\/v2\/media\/1335"}],"wp:attachment":[{"href":"https:\/\/sud.svmep.ch\/svmep\/wp-json\/wp\/v2\/media?parent=2065"}],"wp:term":[{"taxonomy":"category","embeddable":true,"href":"https:\/\/sud.svmep.ch\/svmep\/wp-json\/wp\/v2\/categories?post=2065"},{"taxonomy":"post_tag","embeddable":true,"href":"https:\/\/sud.svmep.ch\/svmep\/wp-json\/wp\/v2\/tags?post=2065"}],"curies":[{"name":"wp","href":"https:\/\/api.w.org\/{rel}","templated":true}]}}