{"id":2096,"date":"2025-03-05T10:35:02","date_gmt":"2025-03-05T09:35:02","guid":{"rendered":"https:\/\/sud.svmep.ch\/svmep\/?p=2096"},"modified":"2025-04-26T11:48:23","modified_gmt":"2025-04-26T10:48:23","slug":"revision-de-lordonnance-pour-la-culture-generale","status":"publish","type":"post","link":"https:\/\/sud.svmep.ch\/svmep\/revision-de-lordonnance-pour-la-culture-generale\/","title":{"rendered":"R\u00e9vision de l&rsquo;ordonnance pour la culture g\u00e9n\u00e9rale"},"content":{"rendered":"<div class=\"wp-block-post-date\"><time datetime=\"2025-03-05T10:35:02+01:00\">5 mars 2025<\/time><\/div>\n\n\n<p><strong>Le comit\u00e9 du SVMEP a pris acte avec satisfaction du r\u00e9cent <a href=\"https:\/\/www.news.admin.ch\/fr\/nsb?id=104346\" target=\"_blank\" rel=\"noopener\">communiqu\u00e9 du Secr\u00e9tariat d\u2019\u00c9tat \u00e0 la formation, \u00e0 la recherche et \u00e0 l\u2019innovation<\/a>, qui annonce qu&rsquo;un examen final sera maintenu dans le domaine de qualification de la culture g\u00e9n\u00e9rale, en voie CFC.<\/strong><\/p>\n<p>Lors de la <a href=\"https:\/\/fedlex.data.admin.ch\/eli\/dl\/proj\/2024\/16\/cons_1\" target=\"_blank\" rel=\"noopener\">proc\u00e9dure de consultation f\u00e9d\u00e9rale<\/a>, nous nous \u00e9tions prononc\u00e9.e.s pour ce maintien, car un tel examen final joue, selon de nombreuses et nombreux coll\u00e8gues, un r\u00f4le essentiel dans la valorisation de l&rsquo;Enseignement de la culture g\u00e9n\u00e9rale au sein de la formation professionnelle initiale.<\/p>\n<p><strong>Vous trouverez ci-dessous notre prise de position compl\u00e8te.<\/strong><\/p>\n\n\n\n<div data-wp-interactive=\"core\/file\" class=\"wp-block-file\"><object data-wp-bind--hidden=\"!state.hasPdfPreview\" hidden class=\"wp-block-file__embed\" data=\"https:\/\/sud.svmep.ch\/svmep\/wp-content\/uploads\/2024-07-01_SVMEP_position_eCG.pdf\" type=\"application\/pdf\" style=\"width:100%;height:600px\" aria-label=\"Contenu embarqu\u00e9 R\u00e9vision ordonnance CG : prise de position du SVMEP.\"><\/object><a id=\"wp-block-file--media-7c7d5d8a-e612-48a3-aea9-0b309e75978f\" href=\"https:\/\/sud.svmep.ch\/svmep\/wp-content\/uploads\/2024-07-01_SVMEP_position_eCG.pdf\" target=\"_blank\" rel=\"noreferrer noopener\">R\u00e9vision ordonnance CG : prise de position du SVMEP<\/a><a href=\"https:\/\/sud.svmep.ch\/svmep\/wp-content\/uploads\/2024-07-01_SVMEP_position_eCG.pdf\" class=\"wp-block-file__button wp-element-button\" download aria-describedby=\"wp-block-file--media-7c7d5d8a-e612-48a3-aea9-0b309e75978f\">T\u00e9l\u00e9charger<\/a><\/div>\n","protected":false},"excerpt":{"rendered":"<p>5 mars 2025 Le comit\u00e9 du SVMEP a pris acte avec satisfaction du r\u00e9cent communiqu\u00e9 du Secr\u00e9tariat d\u2019\u00c9tat \u00e0 la formation, \u00e0 la recherche et \u00e0 l\u2019innovation, qui annonce qu&rsquo;un [&hellip;]<\/p>\n","protected":false},"author":4,"featured_media":1087,"comment_status":"closed","ping_status":"closed","sticky":false,"template":"","format":"standard","meta":{"footnotes":""},"categories":[40],"tags":[29,45],"class_list":["post-2096","post","type-post","status-publish","format-standard","has-post-thumbnail","hentry","category-positions-sur-lecole-publique-et-la-formation-professionnelle","tag-apprenti-e-s","tag-enseignement"],"yoast_head":"<!-- This site is optimized with the Yoast SEO plugin v27.4 - https:\/\/yoast.com\/product\/yoast-seo-wordpress\/ -->\n<title>R\u00e9vision de l&#039;ordonnance pour la culture g\u00e9n\u00e9rale - svmep.ch<\/title>\n<meta name=\"description\" content=\"Le SVMEP r\u00e9agit au communiqu\u00e9 du SEFRI, qui annonce qu&#039;un examen final sera maintenu en culture g\u00e9n\u00e9rale, voie CFC.\" \/>\n<meta name=\"robots\" content=\"index, follow, max-snippet:-1, max-image-preview:large, max-video-preview:-1\" \/>\n<link rel=\"canonical\" href=\"https:\/\/sud.svmep.ch\/svmep\/revision-de-lordonnance-pour-la-culture-generale\/\" \/>\n<meta property=\"og:locale\" content=\"fr_FR\" \/>\n<meta property=\"og:type\" content=\"article\" \/>\n<meta property=\"og:title\" content=\"R\u00e9vision de l&#039;ordonnance pour la culture g\u00e9n\u00e9rale - svmep.ch\" \/>\n<meta property=\"og:description\" content=\"Le SVMEP r\u00e9agit au communiqu\u00e9 du SEFRI, qui annonce qu&#039;un examen final sera maintenu en culture g\u00e9n\u00e9rale, voie CFC.\" \/>\n<meta property=\"og:url\" content=\"https:\/\/sud.svmep.ch\/svmep\/revision-de-lordonnance-pour-la-culture-generale\/\" \/>\n<meta property=\"og:site_name\" content=\"svmep.ch\" \/>\n<meta property=\"article:published_time\" content=\"2025-03-05T09:35:02+00:00\" \/>\n<meta property=\"article:modified_time\" content=\"2025-04-26T10:48:23+00:00\" \/>\n<meta property=\"og:image\" content=\"https:\/\/sud.svmep.ch\/svmep\/wp-content\/uploads\/2024\/09\/taylor_nb.png\" \/>\n\t<meta property=\"og:image:width\" content=\"245\" \/>\n\t<meta property=\"og:image:height\" content=\"184\" \/>\n\t<meta property=\"og:image:type\" content=\"image\/png\" \/>\n<meta name=\"author\" content=\"svmep-webmaster\" \/>\n<meta name=\"twitter:card\" content=\"summary_large_image\" \/>\n<script type=\"application\/ld+json\" class=\"yoast-schema-graph\">{\"@context\":\"https:\\\/\\\/schema.org\",\"@graph\":[{\"@type\":\"Article\",\"@id\":\"https:\\\/\\\/sud.svmep.ch\\\/svmep\\\/revision-de-lordonnance-pour-la-culture-generale\\\/#article\",\"isPartOf\":{\"@id\":\"https:\\\/\\\/sud.svmep.ch\\\/svmep\\\/revision-de-lordonnance-pour-la-culture-generale\\\/\"},\"author\":{\"name\":\"svmep-webmaster\",\"@id\":\"https:\\\/\\\/sud.svmep.ch\\\/svmep\\\/#\\\/schema\\\/person\\\/c89c46f48a039b5e5bc4a8eeeab1aece\"},\"headline\":\"R\u00e9vision de l&rsquo;ordonnance pour la culture g\u00e9n\u00e9rale\",\"datePublished\":\"2025-03-05T09:35:02+00:00\",\"dateModified\":\"2025-04-26T10:48:23+00:00\",\"mainEntityOfPage\":{\"@id\":\"https:\\\/\\\/sud.svmep.ch\\\/svmep\\\/revision-de-lordonnance-pour-la-culture-generale\\\/\"},\"wordCount\":131,\"publisher\":{\"@id\":\"https:\\\/\\\/sud.svmep.ch\\\/svmep\\\/#organization\"},\"image\":{\"@id\":\"https:\\\/\\\/sud.svmep.ch\\\/svmep\\\/revision-de-lordonnance-pour-la-culture-generale\\\/#primaryimage\"},\"thumbnailUrl\":\"https:\\\/\\\/sud.svmep.ch\\\/svmep\\\/wp-content\\\/uploads\\\/2024\\\/09\\\/taylor_nb.png\",\"keywords\":[\"apprenti.e.s\",\"enseignement\"],\"articleSection\":[\"Positions sur l'\u00e9cole publique et la formation professionnelle\"],\"inLanguage\":\"fr-FR\"},{\"@type\":\"WebPage\",\"@id\":\"https:\\\/\\\/sud.svmep.ch\\\/svmep\\\/revision-de-lordonnance-pour-la-culture-generale\\\/\",\"url\":\"https:\\\/\\\/sud.svmep.ch\\\/svmep\\\/revision-de-lordonnance-pour-la-culture-generale\\\/\",\"name\":\"R\u00e9vision de l'ordonnance pour la culture g\u00e9n\u00e9rale - svmep.ch\",\"isPartOf\":{\"@id\":\"https:\\\/\\\/sud.svmep.ch\\\/svmep\\\/#website\"},\"primaryImageOfPage\":{\"@id\":\"https:\\\/\\\/sud.svmep.ch\\\/svmep\\\/revision-de-lordonnance-pour-la-culture-generale\\\/#primaryimage\"},\"image\":{\"@id\":\"https:\\\/\\\/sud.svmep.ch\\\/svmep\\\/revision-de-lordonnance-pour-la-culture-generale\\\/#primaryimage\"},\"thumbnailUrl\":\"https:\\\/\\\/sud.svmep.ch\\\/svmep\\\/wp-content\\\/uploads\\\/2024\\\/09\\\/taylor_nb.png\",\"datePublished\":\"2025-03-05T09:35:02+00:00\",\"dateModified\":\"2025-04-26T10:48:23+00:00\",\"description\":\"Le SVMEP r\u00e9agit au communiqu\u00e9 du SEFRI, qui annonce qu'un examen final sera maintenu en culture g\u00e9n\u00e9rale, voie CFC.\",\"breadcrumb\":{\"@id\":\"https:\\\/\\\/sud.svmep.ch\\\/svmep\\\/revision-de-lordonnance-pour-la-culture-generale\\\/#breadcrumb\"},\"inLanguage\":\"fr-FR\",\"potentialAction\":[{\"@type\":\"ReadAction\",\"target\":[\"https:\\\/\\\/sud.svmep.ch\\\/svmep\\\/revision-de-lordonnance-pour-la-culture-generale\\\/\"]}]},{\"@type\":\"ImageObject\",\"inLanguage\":\"fr-FR\",\"@id\":\"https:\\\/\\\/sud.svmep.ch\\\/svmep\\\/revision-de-lordonnance-pour-la-culture-generale\\\/#primaryimage\",\"url\":\"https:\\\/\\\/sud.svmep.ch\\\/svmep\\\/wp-content\\\/uploads\\\/2024\\\/09\\\/taylor_nb.png\",\"contentUrl\":\"https:\\\/\\\/sud.svmep.ch\\\/svmep\\\/wp-content\\\/uploads\\\/2024\\\/09\\\/taylor_nb.png\",\"width\":245,\"height\":184},{\"@type\":\"BreadcrumbList\",\"@id\":\"https:\\\/\\\/sud.svmep.ch\\\/svmep\\\/revision-de-lordonnance-pour-la-culture-generale\\\/#breadcrumb\",\"itemListElement\":[{\"@type\":\"ListItem\",\"position\":1,\"name\":\"Accueil\",\"item\":\"https:\\\/\\\/sud.svmep.ch\\\/svmep\\\/\"},{\"@type\":\"ListItem\",\"position\":2,\"name\":\"Positions sur l'\u00e9cole publique et la formation professionnelle\",\"item\":\"https:\\\/\\\/sud.svmep.ch\\\/svmep\\\/category\\\/positions-sur-lecole-publique-et-la-formation-professionnelle\\\/\"},{\"@type\":\"ListItem\",\"position\":3,\"name\":\"R\u00e9vision de l&rsquo;ordonnance pour la culture g\u00e9n\u00e9rale\"}]},{\"@type\":\"WebSite\",\"@id\":\"https:\\\/\\\/sud.svmep.ch\\\/svmep\\\/#website\",\"url\":\"https:\\\/\\\/sud.svmep.ch\\\/svmep\\\/\",\"name\":\"Syndicat vaudois des ma\u00eetres.ses de l'enseignement professionnel\",\"description\":\"\",\"publisher\":{\"@id\":\"https:\\\/\\\/sud.svmep.ch\\\/svmep\\\/#organization\"},\"alternateName\":\"SVMEP\",\"potentialAction\":[{\"@type\":\"SearchAction\",\"target\":{\"@type\":\"EntryPoint\",\"urlTemplate\":\"https:\\\/\\\/sud.svmep.ch\\\/svmep\\\/?s={search_term_string}\"},\"query-input\":{\"@type\":\"PropertyValueSpecification\",\"valueRequired\":true,\"valueName\":\"search_term_string\"}}],\"inLanguage\":\"fr-FR\"},{\"@type\":\"Organization\",\"@id\":\"https:\\\/\\\/sud.svmep.ch\\\/svmep\\\/#organization\",\"name\":\"Syndicat vaudois des ma\u00eetres.ses de l'enseignement professionnel SVMEP\",\"alternateName\":\"SVMEP\",\"url\":\"https:\\\/\\\/sud.svmep.ch\\\/svmep\\\/\",\"logo\":{\"@type\":\"ImageObject\",\"inLanguage\":\"fr-FR\",\"@id\":\"https:\\\/\\\/sud.svmep.ch\\\/svmep\\\/#\\\/schema\\\/logo\\\/image\\\/\",\"url\":\"https:\\\/\\\/sud.svmep.ch\\\/svmep\\\/wp-content\\\/uploads\\\/2024\\\/09\\\/svmep150x260.jpg\",\"contentUrl\":\"https:\\\/\\\/sud.svmep.ch\\\/svmep\\\/wp-content\\\/uploads\\\/2024\\\/09\\\/svmep150x260.jpg\",\"width\":226,\"height\":127,\"caption\":\"Syndicat vaudois des ma\u00eetres.ses de l'enseignement professionnel SVMEP\"},\"image\":{\"@id\":\"https:\\\/\\\/sud.svmep.ch\\\/svmep\\\/#\\\/schema\\\/logo\\\/image\\\/\"}},{\"@type\":\"Person\",\"@id\":\"https:\\\/\\\/sud.svmep.ch\\\/svmep\\\/#\\\/schema\\\/person\\\/c89c46f48a039b5e5bc4a8eeeab1aece\",\"name\":\"svmep-webmaster\",\"image\":{\"@type\":\"ImageObject\",\"inLanguage\":\"fr-FR\",\"@id\":\"https:\\\/\\\/secure.gravatar.com\\\/avatar\\\/75b5925b5ca4f3df48f6bb05f81ad13dab8238efffb28bf26c5f1682dff96ea6?s=96&d=mm&r=g\",\"url\":\"https:\\\/\\\/secure.gravatar.com\\\/avatar\\\/75b5925b5ca4f3df48f6bb05f81ad13dab8238efffb28bf26c5f1682dff96ea6?s=96&d=mm&r=g\",\"contentUrl\":\"https:\\\/\\\/secure.gravatar.com\\\/avatar\\\/75b5925b5ca4f3df48f6bb05f81ad13dab8238efffb28bf26c5f1682dff96ea6?s=96&d=mm&r=g\",\"caption\":\"svmep-webmaster\"}}]}<\/script>\n<!-- \/ Yoast SEO plugin. -->","yoast_head_json":{"title":"R\u00e9vision de l'ordonnance pour la culture g\u00e9n\u00e9rale - svmep.ch","description":"Le SVMEP r\u00e9agit au communiqu\u00e9 du SEFRI, qui annonce qu'un examen final sera maintenu en culture g\u00e9n\u00e9rale, voie CFC.","robots":{"index":"index","follow":"follow","max-snippet":"max-snippet:-1","max-image-preview":"max-image-preview:large","max-video-preview":"max-video-preview:-1"},"canonical":"https:\/\/sud.svmep.ch\/svmep\/revision-de-lordonnance-pour-la-culture-generale\/","og_locale":"fr_FR","og_type":"article","og_title":"R\u00e9vision de l'ordonnance pour la culture g\u00e9n\u00e9rale - svmep.ch","og_description":"Le SVMEP r\u00e9agit au communiqu\u00e9 du SEFRI, qui annonce qu'un examen final sera maintenu en culture g\u00e9n\u00e9rale, voie CFC.","og_url":"https:\/\/sud.svmep.ch\/svmep\/revision-de-lordonnance-pour-la-culture-generale\/","og_site_name":"svmep.ch","article_published_time":"2025-03-05T09:35:02+00:00","article_modified_time":"2025-04-26T10:48:23+00:00","og_image":[{"width":245,"height":184,"url":"https:\/\/sud.svmep.ch\/svmep\/wp-content\/uploads\/2024\/09\/taylor_nb.png","type":"image\/png"}],"author":"svmep-webmaster","twitter_card":"summary_large_image","schema":{"@context":"https:\/\/schema.org","@graph":[{"@type":"Article","@id":"https:\/\/sud.svmep.ch\/svmep\/revision-de-lordonnance-pour-la-culture-generale\/#article","isPartOf":{"@id":"https:\/\/sud.svmep.ch\/svmep\/revision-de-lordonnance-pour-la-culture-generale\/"},"author":{"name":"svmep-webmaster","@id":"https:\/\/sud.svmep.ch\/svmep\/#\/schema\/person\/c89c46f48a039b5e5bc4a8eeeab1aece"},"headline":"R\u00e9vision de l&rsquo;ordonnance pour la culture g\u00e9n\u00e9rale","datePublished":"2025-03-05T09:35:02+00:00","dateModified":"2025-04-26T10:48:23+00:00","mainEntityOfPage":{"@id":"https:\/\/sud.svmep.ch\/svmep\/revision-de-lordonnance-pour-la-culture-generale\/"},"wordCount":131,"publisher":{"@id":"https:\/\/sud.svmep.ch\/svmep\/#organization"},"image":{"@id":"https:\/\/sud.svmep.ch\/svmep\/revision-de-lordonnance-pour-la-culture-generale\/#primaryimage"},"thumbnailUrl":"https:\/\/sud.svmep.ch\/svmep\/wp-content\/uploads\/2024\/09\/taylor_nb.png","keywords":["apprenti.e.s","enseignement"],"articleSection":["Positions sur l'\u00e9cole publique et la formation professionnelle"],"inLanguage":"fr-FR"},{"@type":"WebPage","@id":"https:\/\/sud.svmep.ch\/svmep\/revision-de-lordonnance-pour-la-culture-generale\/","url":"https:\/\/sud.svmep.ch\/svmep\/revision-de-lordonnance-pour-la-culture-generale\/","name":"R\u00e9vision de l'ordonnance pour la culture g\u00e9n\u00e9rale - svmep.ch","isPartOf":{"@id":"https:\/\/sud.svmep.ch\/svmep\/#website"},"primaryImageOfPage":{"@id":"https:\/\/sud.svmep.ch\/svmep\/revision-de-lordonnance-pour-la-culture-generale\/#primaryimage"},"image":{"@id":"https:\/\/sud.svmep.ch\/svmep\/revision-de-lordonnance-pour-la-culture-generale\/#primaryimage"},"thumbnailUrl":"https:\/\/sud.svmep.ch\/svmep\/wp-content\/uploads\/2024\/09\/taylor_nb.png","datePublished":"2025-03-05T09:35:02+00:00","dateModified":"2025-04-26T10:48:23+00:00","description":"Le SVMEP r\u00e9agit au communiqu\u00e9 du SEFRI, qui annonce qu'un examen final sera maintenu en culture g\u00e9n\u00e9rale, voie CFC.","breadcrumb":{"@id":"https:\/\/sud.svmep.ch\/svmep\/revision-de-lordonnance-pour-la-culture-generale\/#breadcrumb"},"inLanguage":"fr-FR","potentialAction":[{"@type":"ReadAction","target":["https:\/\/sud.svmep.ch\/svmep\/revision-de-lordonnance-pour-la-culture-generale\/"]}]},{"@type":"ImageObject","inLanguage":"fr-FR","@id":"https:\/\/sud.svmep.ch\/svmep\/revision-de-lordonnance-pour-la-culture-generale\/#primaryimage","url":"https:\/\/sud.svmep.ch\/svmep\/wp-content\/uploads\/2024\/09\/taylor_nb.png","contentUrl":"https:\/\/sud.svmep.ch\/svmep\/wp-content\/uploads\/2024\/09\/taylor_nb.png","width":245,"height":184},{"@type":"BreadcrumbList","@id":"https:\/\/sud.svmep.ch\/svmep\/revision-de-lordonnance-pour-la-culture-generale\/#breadcrumb","itemListElement":[{"@type":"ListItem","position":1,"name":"Accueil","item":"https:\/\/sud.svmep.ch\/svmep\/"},{"@type":"ListItem","position":2,"name":"Positions sur l'\u00e9cole publique et la formation professionnelle","item":"https:\/\/sud.svmep.ch\/svmep\/category\/positions-sur-lecole-publique-et-la-formation-professionnelle\/"},{"@type":"ListItem","position":3,"name":"R\u00e9vision de l&rsquo;ordonnance pour la culture g\u00e9n\u00e9rale"}]},{"@type":"WebSite","@id":"https:\/\/sud.svmep.ch\/svmep\/#website","url":"https:\/\/sud.svmep.ch\/svmep\/","name":"Syndicat vaudois des ma\u00eetres.ses de l'enseignement professionnel","description":"","publisher":{"@id":"https:\/\/sud.svmep.ch\/svmep\/#organization"},"alternateName":"SVMEP","potentialAction":[{"@type":"SearchAction","target":{"@type":"EntryPoint","urlTemplate":"https:\/\/sud.svmep.ch\/svmep\/?s={search_term_string}"},"query-input":{"@type":"PropertyValueSpecification","valueRequired":true,"valueName":"search_term_string"}}],"inLanguage":"fr-FR"},{"@type":"Organization","@id":"https:\/\/sud.svmep.ch\/svmep\/#organization","name":"Syndicat vaudois des ma\u00eetres.ses de l'enseignement professionnel SVMEP","alternateName":"SVMEP","url":"https:\/\/sud.svmep.ch\/svmep\/","logo":{"@type":"ImageObject","inLanguage":"fr-FR","@id":"https:\/\/sud.svmep.ch\/svmep\/#\/schema\/logo\/image\/","url":"https:\/\/sud.svmep.ch\/svmep\/wp-content\/uploads\/2024\/09\/svmep150x260.jpg","contentUrl":"https:\/\/sud.svmep.ch\/svmep\/wp-content\/uploads\/2024\/09\/svmep150x260.jpg","width":226,"height":127,"caption":"Syndicat vaudois des ma\u00eetres.ses de l'enseignement professionnel SVMEP"},"image":{"@id":"https:\/\/sud.svmep.ch\/svmep\/#\/schema\/logo\/image\/"}},{"@type":"Person","@id":"https:\/\/sud.svmep.ch\/svmep\/#\/schema\/person\/c89c46f48a039b5e5bc4a8eeeab1aece","name":"svmep-webmaster","image":{"@type":"ImageObject","inLanguage":"fr-FR","@id":"https:\/\/secure.gravatar.com\/avatar\/75b5925b5ca4f3df48f6bb05f81ad13dab8238efffb28bf26c5f1682dff96ea6?s=96&d=mm&r=g","url":"https:\/\/secure.gravatar.com\/avatar\/75b5925b5ca4f3df48f6bb05f81ad13dab8238efffb28bf26c5f1682dff96ea6?s=96&d=mm&r=g","contentUrl":"https:\/\/secure.gravatar.com\/avatar\/75b5925b5ca4f3df48f6bb05f81ad13dab8238efffb28bf26c5f1682dff96ea6?s=96&d=mm&r=g","caption":"svmep-webmaster"}}]}},"_links":{"self":[{"href":"https:\/\/sud.svmep.ch\/svmep\/wp-json\/wp\/v2\/posts\/2096","targetHints":{"allow":["GET"]}}],"collection":[{"href":"https:\/\/sud.svmep.ch\/svmep\/wp-json\/wp\/v2\/posts"}],"about":[{"href":"https:\/\/sud.svmep.ch\/svmep\/wp-json\/wp\/v2\/types\/post"}],"author":[{"embeddable":true,"href":"https:\/\/sud.svmep.ch\/svmep\/wp-json\/wp\/v2\/users\/4"}],"replies":[{"embeddable":true,"href":"https:\/\/sud.svmep.ch\/svmep\/wp-json\/wp\/v2\/comments?post=2096"}],"version-history":[{"count":0,"href":"https:\/\/sud.svmep.ch\/svmep\/wp-json\/wp\/v2\/posts\/2096\/revisions"}],"wp:featuredmedia":[{"embeddable":true,"href":"https:\/\/sud.svmep.ch\/svmep\/wp-json\/wp\/v2\/media\/1087"}],"wp:attachment":[{"href":"https:\/\/sud.svmep.ch\/svmep\/wp-json\/wp\/v2\/media?parent=2096"}],"wp:term":[{"taxonomy":"category","embeddable":true,"href":"https:\/\/sud.svmep.ch\/svmep\/wp-json\/wp\/v2\/categories?post=2096"},{"taxonomy":"post_tag","embeddable":true,"href":"https:\/\/sud.svmep.ch\/svmep\/wp-json\/wp\/v2\/tags?post=2096"}],"curies":[{"name":"wp","href":"https:\/\/api.w.org\/{rel}","templated":true}]}}