{"id":216,"date":"2014-09-10T13:44:34","date_gmt":"2014-09-10T12:44:34","guid":{"rendered":"http:\/\/sud.svmep.ch\/?p=216"},"modified":"2024-10-22T10:27:06","modified_gmt":"2024-10-22T09:27:06","slug":"cahier-charges-retour","status":"publish","type":"post","link":"https:\/\/sud.svmep.ch\/svmep\/cahier-charges-retour\/","title":{"rendered":"Cahier des charges : le retour !"},"content":{"rendered":"<div class=\"wp-block-post-date\"><time datetime=\"2014-09-10T13:44:34+02:00\">10 septembre 2014<\/time><\/div>\n\n<h4><span lang=\"FR\">Les cahiers des charges avaient disparu de la circulation. Ils sont de retour <a href=\"http:\/\/www.vd.ch\/autorites\/departements\/dfjc\/actualites\/dossiers-en-cours\/cahiers-des-charges-des-fonctions-denseignement\/\" target=\"_blank\" rel=\"noopener\">sur le site du d\u00e9partement<\/a>.<\/span><\/h4>\n<p><span lang=\"FR\">Les modifications sont minimes par rapport \u00e0 la version du mois de <span id=\"OBJ_PREFIX_DWT49\">septembre<\/span> 2013. Cela dit, il y a un recul significatif de l&#8217;employeur, puisque la fameuse disposition sur la compensation \u00e0 l&rsquo;infini des p\u00e9riodes non donn\u00e9es a disparu. Il n&rsquo;est pr\u00e9vu qu&rsquo;une compensation au moment m\u00eame de la p\u00e9riode non donn\u00e9e. Sur ce probl\u00e8me du temps de travail, SUD-\u00c9ducation <a href=\"http:\/\/sud.svmep.ch\/svmep\/wp-content\/uploads\/2014\/09\/Lettre-\u00e0-la-Cheffe-du-Dpt-du-16-janv-2014-sur-le-d\u00e9compte-des-p\u00e9riodes-denseignement.pdf\" target=\"_blank\" rel=\"noopener\">a \u00e9crit en janvier \u00e0 la cheffe du d\u00e9partement<\/a>.<\/span><\/p>\n<p><span lang=\"FR\">Sur le fond, SUD-\u00c9ducation <a href=\"http:\/\/sud.svmep.ch\/svmep\/wp-content\/uploads\/2014\/09\/SUD-education-septembre-2013.pdf\" target=\"_blank\" rel=\"noopener\">rappelle son opposition au cahier des charges<\/a>. <\/span><\/p>","protected":false},"excerpt":{"rendered":"<p>10 septembre 2014 Les cahiers des charges avaient disparu de la circulation. Ils sont de retour sur le site du d\u00e9partement. Les modifications sont minimes par rapport \u00e0 la version [&hellip;]<\/p>\n","protected":false},"author":2,"featured_media":0,"comment_status":"closed","ping_status":"closed","sticky":false,"template":"","format":"standard","meta":{"footnotes":""},"categories":[10,5],"tags":[41],"class_list":["post-216","post","type-post","status-publish","format-standard","hentry","category-cdc","category-sud-education","tag-contrat-de-travail"],"yoast_head":"<!-- This site is optimized with the Yoast SEO plugin v27.4 - https:\/\/yoast.com\/product\/yoast-seo-wordpress\/ -->\n<title>Cahier des charges : le retour ! - svmep.ch<\/title>\n<meta name=\"robots\" content=\"index, follow, max-snippet:-1, max-image-preview:large, max-video-preview:-1\" \/>\n<link rel=\"canonical\" href=\"https:\/\/sud.svmep.ch\/svmep\/cahier-charges-retour\/\" \/>\n<meta property=\"og:locale\" content=\"fr_FR\" \/>\n<meta property=\"og:type\" content=\"article\" \/>\n<meta property=\"og:title\" content=\"Cahier des charges : le retour ! - svmep.ch\" \/>\n<meta property=\"og:description\" content=\"10 septembre 2014 Les cahiers des charges avaient disparu de la circulation. Ils sont de retour sur le site du d\u00e9partement. Les modifications sont minimes par rapport \u00e0 la version [&hellip;]\" \/>\n<meta property=\"og:url\" content=\"https:\/\/sud.svmep.ch\/svmep\/cahier-charges-retour\/\" \/>\n<meta property=\"og:site_name\" content=\"svmep.ch\" \/>\n<meta property=\"article:published_time\" content=\"2014-09-10T12:44:34+00:00\" \/>\n<meta property=\"article:modified_time\" content=\"2024-10-22T09:27:06+00:00\" \/>\n<meta name=\"twitter:card\" content=\"summary_large_image\" \/>\n<script type=\"application\/ld+json\" class=\"yoast-schema-graph\">{\"@context\":\"https:\\\/\\\/schema.org\",\"@graph\":[{\"@type\":\"Article\",\"@id\":\"https:\\\/\\\/sud.svmep.ch\\\/svmep\\\/cahier-charges-retour\\\/#article\",\"isPartOf\":{\"@id\":\"https:\\\/\\\/sud.svmep.ch\\\/svmep\\\/cahier-charges-retour\\\/\"},\"author\":{\"name\":\"\",\"@id\":\"\"},\"headline\":\"Cahier des charges : le retour !\",\"datePublished\":\"2014-09-10T12:44:34+00:00\",\"dateModified\":\"2024-10-22T09:27:06+00:00\",\"mainEntityOfPage\":{\"@id\":\"https:\\\/\\\/sud.svmep.ch\\\/svmep\\\/cahier-charges-retour\\\/\"},\"wordCount\":110,\"publisher\":{\"@id\":\"https:\\\/\\\/sud.svmep.ch\\\/svmep\\\/#organization\"},\"keywords\":[\"contrat de travail\"],\"articleSection\":[\"Cahier des charges\",\"SUD-\u00c9ducation\"],\"inLanguage\":\"fr-FR\"},{\"@type\":\"WebPage\",\"@id\":\"https:\\\/\\\/sud.svmep.ch\\\/svmep\\\/cahier-charges-retour\\\/\",\"url\":\"https:\\\/\\\/sud.svmep.ch\\\/svmep\\\/cahier-charges-retour\\\/\",\"name\":\"Cahier des charges : le retour ! - svmep.ch\",\"isPartOf\":{\"@id\":\"https:\\\/\\\/sud.svmep.ch\\\/svmep\\\/#website\"},\"datePublished\":\"2014-09-10T12:44:34+00:00\",\"dateModified\":\"2024-10-22T09:27:06+00:00\",\"breadcrumb\":{\"@id\":\"https:\\\/\\\/sud.svmep.ch\\\/svmep\\\/cahier-charges-retour\\\/#breadcrumb\"},\"inLanguage\":\"fr-FR\",\"potentialAction\":[{\"@type\":\"ReadAction\",\"target\":[\"https:\\\/\\\/sud.svmep.ch\\\/svmep\\\/cahier-charges-retour\\\/\"]}]},{\"@type\":\"BreadcrumbList\",\"@id\":\"https:\\\/\\\/sud.svmep.ch\\\/svmep\\\/cahier-charges-retour\\\/#breadcrumb\",\"itemListElement\":[{\"@type\":\"ListItem\",\"position\":1,\"name\":\"Accueil\",\"item\":\"https:\\\/\\\/sud.svmep.ch\\\/svmep\\\/\"},{\"@type\":\"ListItem\",\"position\":2,\"name\":\"SUD-\u00c9ducation\",\"item\":\"https:\\\/\\\/sud.svmep.ch\\\/svmep\\\/category\\\/sud-education\\\/\"},{\"@type\":\"ListItem\",\"position\":3,\"name\":\"Cahier des charges : le retour !\"}]},{\"@type\":\"WebSite\",\"@id\":\"https:\\\/\\\/sud.svmep.ch\\\/svmep\\\/#website\",\"url\":\"https:\\\/\\\/sud.svmep.ch\\\/svmep\\\/\",\"name\":\"Syndicat vaudois des ma\u00eetres.ses de l'enseignement professionnel\",\"description\":\"\",\"publisher\":{\"@id\":\"https:\\\/\\\/sud.svmep.ch\\\/svmep\\\/#organization\"},\"alternateName\":\"SVMEP\",\"potentialAction\":[{\"@type\":\"SearchAction\",\"target\":{\"@type\":\"EntryPoint\",\"urlTemplate\":\"https:\\\/\\\/sud.svmep.ch\\\/svmep\\\/?s={search_term_string}\"},\"query-input\":{\"@type\":\"PropertyValueSpecification\",\"valueRequired\":true,\"valueName\":\"search_term_string\"}}],\"inLanguage\":\"fr-FR\"},{\"@type\":\"Organization\",\"@id\":\"https:\\\/\\\/sud.svmep.ch\\\/svmep\\\/#organization\",\"name\":\"Syndicat vaudois des ma\u00eetres.ses de l'enseignement professionnel SVMEP\",\"alternateName\":\"SVMEP\",\"url\":\"https:\\\/\\\/sud.svmep.ch\\\/svmep\\\/\",\"logo\":{\"@type\":\"ImageObject\",\"inLanguage\":\"fr-FR\",\"@id\":\"https:\\\/\\\/sud.svmep.ch\\\/svmep\\\/#\\\/schema\\\/logo\\\/image\\\/\",\"url\":\"https:\\\/\\\/sud.svmep.ch\\\/svmep\\\/wp-content\\\/uploads\\\/2024\\\/09\\\/svmep150x260.jpg\",\"contentUrl\":\"https:\\\/\\\/sud.svmep.ch\\\/svmep\\\/wp-content\\\/uploads\\\/2024\\\/09\\\/svmep150x260.jpg\",\"width\":226,\"height\":127,\"caption\":\"Syndicat vaudois des ma\u00eetres.ses de l'enseignement professionnel SVMEP\"},\"image\":{\"@id\":\"https:\\\/\\\/sud.svmep.ch\\\/svmep\\\/#\\\/schema\\\/logo\\\/image\\\/\"}},{\"@type\":\"Person\",\"@id\":\"\"}]}<\/script>\n<!-- \/ Yoast SEO plugin. -->","yoast_head_json":{"title":"Cahier des charges : le retour ! - svmep.ch","robots":{"index":"index","follow":"follow","max-snippet":"max-snippet:-1","max-image-preview":"max-image-preview:large","max-video-preview":"max-video-preview:-1"},"canonical":"https:\/\/sud.svmep.ch\/svmep\/cahier-charges-retour\/","og_locale":"fr_FR","og_type":"article","og_title":"Cahier des charges : le retour ! - svmep.ch","og_description":"10 septembre 2014 Les cahiers des charges avaient disparu de la circulation. Ils sont de retour sur le site du d\u00e9partement. Les modifications sont minimes par rapport \u00e0 la version [&hellip;]","og_url":"https:\/\/sud.svmep.ch\/svmep\/cahier-charges-retour\/","og_site_name":"svmep.ch","article_published_time":"2014-09-10T12:44:34+00:00","article_modified_time":"2024-10-22T09:27:06+00:00","twitter_card":"summary_large_image","schema":{"@context":"https:\/\/schema.org","@graph":[{"@type":"Article","@id":"https:\/\/sud.svmep.ch\/svmep\/cahier-charges-retour\/#article","isPartOf":{"@id":"https:\/\/sud.svmep.ch\/svmep\/cahier-charges-retour\/"},"author":{"name":"","@id":""},"headline":"Cahier des charges : le retour !","datePublished":"2014-09-10T12:44:34+00:00","dateModified":"2024-10-22T09:27:06+00:00","mainEntityOfPage":{"@id":"https:\/\/sud.svmep.ch\/svmep\/cahier-charges-retour\/"},"wordCount":110,"publisher":{"@id":"https:\/\/sud.svmep.ch\/svmep\/#organization"},"keywords":["contrat de travail"],"articleSection":["Cahier des charges","SUD-\u00c9ducation"],"inLanguage":"fr-FR"},{"@type":"WebPage","@id":"https:\/\/sud.svmep.ch\/svmep\/cahier-charges-retour\/","url":"https:\/\/sud.svmep.ch\/svmep\/cahier-charges-retour\/","name":"Cahier des charges : le retour ! - svmep.ch","isPartOf":{"@id":"https:\/\/sud.svmep.ch\/svmep\/#website"},"datePublished":"2014-09-10T12:44:34+00:00","dateModified":"2024-10-22T09:27:06+00:00","breadcrumb":{"@id":"https:\/\/sud.svmep.ch\/svmep\/cahier-charges-retour\/#breadcrumb"},"inLanguage":"fr-FR","potentialAction":[{"@type":"ReadAction","target":["https:\/\/sud.svmep.ch\/svmep\/cahier-charges-retour\/"]}]},{"@type":"BreadcrumbList","@id":"https:\/\/sud.svmep.ch\/svmep\/cahier-charges-retour\/#breadcrumb","itemListElement":[{"@type":"ListItem","position":1,"name":"Accueil","item":"https:\/\/sud.svmep.ch\/svmep\/"},{"@type":"ListItem","position":2,"name":"SUD-\u00c9ducation","item":"https:\/\/sud.svmep.ch\/svmep\/category\/sud-education\/"},{"@type":"ListItem","position":3,"name":"Cahier des charges : le retour !"}]},{"@type":"WebSite","@id":"https:\/\/sud.svmep.ch\/svmep\/#website","url":"https:\/\/sud.svmep.ch\/svmep\/","name":"Syndicat vaudois des ma\u00eetres.ses de l'enseignement professionnel","description":"","publisher":{"@id":"https:\/\/sud.svmep.ch\/svmep\/#organization"},"alternateName":"SVMEP","potentialAction":[{"@type":"SearchAction","target":{"@type":"EntryPoint","urlTemplate":"https:\/\/sud.svmep.ch\/svmep\/?s={search_term_string}"},"query-input":{"@type":"PropertyValueSpecification","valueRequired":true,"valueName":"search_term_string"}}],"inLanguage":"fr-FR"},{"@type":"Organization","@id":"https:\/\/sud.svmep.ch\/svmep\/#organization","name":"Syndicat vaudois des ma\u00eetres.ses de l'enseignement professionnel SVMEP","alternateName":"SVMEP","url":"https:\/\/sud.svmep.ch\/svmep\/","logo":{"@type":"ImageObject","inLanguage":"fr-FR","@id":"https:\/\/sud.svmep.ch\/svmep\/#\/schema\/logo\/image\/","url":"https:\/\/sud.svmep.ch\/svmep\/wp-content\/uploads\/2024\/09\/svmep150x260.jpg","contentUrl":"https:\/\/sud.svmep.ch\/svmep\/wp-content\/uploads\/2024\/09\/svmep150x260.jpg","width":226,"height":127,"caption":"Syndicat vaudois des ma\u00eetres.ses de l'enseignement professionnel SVMEP"},"image":{"@id":"https:\/\/sud.svmep.ch\/svmep\/#\/schema\/logo\/image\/"}},{"@type":"Person","@id":""}]}},"_links":{"self":[{"href":"https:\/\/sud.svmep.ch\/svmep\/wp-json\/wp\/v2\/posts\/216","targetHints":{"allow":["GET"]}}],"collection":[{"href":"https:\/\/sud.svmep.ch\/svmep\/wp-json\/wp\/v2\/posts"}],"about":[{"href":"https:\/\/sud.svmep.ch\/svmep\/wp-json\/wp\/v2\/types\/post"}],"author":[{"embeddable":true,"href":"https:\/\/sud.svmep.ch\/svmep\/wp-json\/wp\/v2\/users\/2"}],"replies":[{"embeddable":true,"href":"https:\/\/sud.svmep.ch\/svmep\/wp-json\/wp\/v2\/comments?post=216"}],"version-history":[{"count":0,"href":"https:\/\/sud.svmep.ch\/svmep\/wp-json\/wp\/v2\/posts\/216\/revisions"}],"wp:attachment":[{"href":"https:\/\/sud.svmep.ch\/svmep\/wp-json\/wp\/v2\/media?parent=216"}],"wp:term":[{"taxonomy":"category","embeddable":true,"href":"https:\/\/sud.svmep.ch\/svmep\/wp-json\/wp\/v2\/categories?post=216"},{"taxonomy":"post_tag","embeddable":true,"href":"https:\/\/sud.svmep.ch\/svmep\/wp-json\/wp\/v2\/tags?post=216"}],"curies":[{"name":"wp","href":"https:\/\/api.w.org\/{rel}","templated":true}]}}