{"id":2269,"date":"2025-03-20T16:46:30","date_gmt":"2025-03-20T15:46:30","guid":{"rendered":"https:\/\/sud.svmep.ch\/svmep\/?p=2269"},"modified":"2025-09-28T16:57:53","modified_gmt":"2025-09-28T15:57:53","slug":"quelle-est-la-strategie-deducation-numerique-de-la-dgep","status":"publish","type":"post","link":"https:\/\/sud.svmep.ch\/svmep\/quelle-est-la-strategie-deducation-numerique-de-la-dgep\/","title":{"rendered":"Quelle est la strat\u00e9gie d&rsquo;\u00e9ducation num\u00e9rique de la DGEP ?"},"content":{"rendered":"<div class=\"wp-block-post-date\"><time datetime=\"2025-03-20T16:46:30+01:00\">20 mars 2025<\/time><\/div>\n\n\n<p><strong>L&rsquo;Assembl\u00e9e des d\u00e9l\u00e9gu\u00e9.e.s (AD) du SVMEP a souhait\u00e9 interpeler les autorit\u00e9s cantonales au sujet de la strat\u00e9gie d&rsquo;\u00e9ducation num\u00e9rique qu&rsquo;elles sont en train de d\u00e9ployer.<\/strong><\/p>\n<p>Vous pouvez lire ci-dessous la r\u00e9solution vot\u00e9e par l&rsquo;AD lors de sa derni\u00e8re s\u00e9ance, le 23 janvier 2025, et que nous avons soumise, ce jour, \u00e0 la DGEP, \u00e0 l&rsquo;occasion de la \u00abPlateforme th\u00e9matique DGEP\u2013syndicats sur l\u2019\u00e9ducation num\u00e9rique\u00bb.<\/p>\n\n\n\n<div data-wp-interactive=\"core\/file\" class=\"wp-block-file\"><object data-wp-bind--hidden=\"!state.hasPdfPreview\" hidden class=\"wp-block-file__embed\" data=\"https:\/\/sud.svmep.ch\/svmep\/wp-content\/uploads\/2025-01-23_AD_resolution_numerique.pdf\" type=\"application\/pdf\" style=\"width:100%;height:600px\" aria-label=\"Contenu embarqu\u00e9 R\u00e9solution de l&#039;Assembl\u00e9e des d\u00e9l\u00e9gu\u00e9.e.s du 23 janvier 2025.\"><\/object><a id=\"wp-block-file--media-593a9d8f-208c-40c0-85c4-7234a8feeef3\" href=\"https:\/\/sud.svmep.ch\/svmep\/wp-content\/uploads\/2025-01-23_AD_resolution_numerique.pdf\" target=\"_blank\" rel=\"noreferrer noopener\">R\u00e9solution de l&rsquo;Assembl\u00e9e des d\u00e9l\u00e9gu\u00e9.e.s du 23 janvier 2025<\/a><a href=\"https:\/\/sud.svmep.ch\/svmep\/wp-content\/uploads\/2025-01-23_AD_resolution_numerique.pdf\" class=\"wp-block-file__button wp-element-button\" download aria-describedby=\"wp-block-file--media-593a9d8f-208c-40c0-85c4-7234a8feeef3\">T\u00e9l\u00e9charger<\/a><\/div>\n","protected":false},"excerpt":{"rendered":"<p>20 mars 2025 L&rsquo;Assembl\u00e9e des d\u00e9l\u00e9gu\u00e9.e.s (AD) du SVMEP a souhait\u00e9 interpeler les autorit\u00e9s cantonales au sujet de la strat\u00e9gie d&rsquo;\u00e9ducation num\u00e9rique qu&rsquo;elles sont en train de d\u00e9ployer. Vous pouvez [&hellip;]<\/p>\n","protected":false},"author":4,"featured_media":1904,"comment_status":"closed","ping_status":"closed","sticky":false,"template":"","format":"standard","meta":{"footnotes":""},"categories":[1],"tags":[27],"class_list":["post-2269","post","type-post","status-publish","format-standard","has-post-thumbnail","hentry","category-non-classe","tag-numerique"],"yoast_head":"<!-- This site is optimized with the Yoast SEO plugin v27.4 - https:\/\/yoast.com\/product\/yoast-seo-wordpress\/ -->\n<title>Quelle est la strat\u00e9gie d&#039;\u00e9ducation num\u00e9rique de la DGEP ? - svmep.ch<\/title>\n<meta name=\"description\" content=\"Le SVMEP interpelle la DGEP au sujet de la strat\u00e9gie d&#039;\u00e9ducation num\u00e9rique qu&#039;elle est en train de d\u00e9ployer.\" \/>\n<meta name=\"robots\" content=\"index, follow, max-snippet:-1, max-image-preview:large, max-video-preview:-1\" \/>\n<link rel=\"canonical\" href=\"https:\/\/sud.svmep.ch\/svmep\/quelle-est-la-strategie-deducation-numerique-de-la-dgep\/\" \/>\n<meta property=\"og:locale\" content=\"fr_FR\" \/>\n<meta property=\"og:type\" content=\"article\" \/>\n<meta property=\"og:title\" content=\"Quelle est la strat\u00e9gie d&#039;\u00e9ducation num\u00e9rique de la DGEP ? - svmep.ch\" \/>\n<meta property=\"og:description\" content=\"Le SVMEP interpelle la DGEP au sujet de la strat\u00e9gie d&#039;\u00e9ducation num\u00e9rique qu&#039;elle est en train de d\u00e9ployer.\" \/>\n<meta property=\"og:url\" content=\"https:\/\/sud.svmep.ch\/svmep\/quelle-est-la-strategie-deducation-numerique-de-la-dgep\/\" \/>\n<meta property=\"og:site_name\" content=\"svmep.ch\" \/>\n<meta property=\"article:published_time\" content=\"2025-03-20T15:46:30+00:00\" \/>\n<meta property=\"article:modified_time\" content=\"2025-09-28T15:57:53+00:00\" \/>\n<meta property=\"og:image\" content=\"https:\/\/sud.svmep.ch\/svmep\/wp-content\/uploads\/clavier-copie.png\" \/>\n\t<meta property=\"og:image:width\" content=\"426\" \/>\n\t<meta property=\"og:image:height\" content=\"458\" \/>\n\t<meta property=\"og:image:type\" content=\"image\/png\" \/>\n<meta name=\"author\" content=\"svmep-webmaster\" \/>\n<meta name=\"twitter:card\" content=\"summary_large_image\" \/>\n<script type=\"application\/ld+json\" class=\"yoast-schema-graph\">{\"@context\":\"https:\\\/\\\/schema.org\",\"@graph\":[{\"@type\":\"Article\",\"@id\":\"https:\\\/\\\/sud.svmep.ch\\\/svmep\\\/quelle-est-la-strategie-deducation-numerique-de-la-dgep\\\/#article\",\"isPartOf\":{\"@id\":\"https:\\\/\\\/sud.svmep.ch\\\/svmep\\\/quelle-est-la-strategie-deducation-numerique-de-la-dgep\\\/\"},\"author\":{\"name\":\"svmep-webmaster\",\"@id\":\"https:\\\/\\\/sud.svmep.ch\\\/svmep\\\/#\\\/schema\\\/person\\\/c89c46f48a039b5e5bc4a8eeeab1aece\"},\"headline\":\"Quelle est la strat\u00e9gie d&rsquo;\u00e9ducation num\u00e9rique de la DGEP ?\",\"datePublished\":\"2025-03-20T15:46:30+00:00\",\"dateModified\":\"2025-09-28T15:57:53+00:00\",\"mainEntityOfPage\":{\"@id\":\"https:\\\/\\\/sud.svmep.ch\\\/svmep\\\/quelle-est-la-strategie-deducation-numerique-de-la-dgep\\\/\"},\"wordCount\":105,\"publisher\":{\"@id\":\"https:\\\/\\\/sud.svmep.ch\\\/svmep\\\/#organization\"},\"image\":{\"@id\":\"https:\\\/\\\/sud.svmep.ch\\\/svmep\\\/quelle-est-la-strategie-deducation-numerique-de-la-dgep\\\/#primaryimage\"},\"thumbnailUrl\":\"https:\\\/\\\/sud.svmep.ch\\\/svmep\\\/wp-content\\\/uploads\\\/clavier-copie.png\",\"keywords\":[\"num\u00e9rique\"],\"inLanguage\":\"fr-FR\"},{\"@type\":\"WebPage\",\"@id\":\"https:\\\/\\\/sud.svmep.ch\\\/svmep\\\/quelle-est-la-strategie-deducation-numerique-de-la-dgep\\\/\",\"url\":\"https:\\\/\\\/sud.svmep.ch\\\/svmep\\\/quelle-est-la-strategie-deducation-numerique-de-la-dgep\\\/\",\"name\":\"Quelle est la strat\u00e9gie d'\u00e9ducation num\u00e9rique de la DGEP ? - svmep.ch\",\"isPartOf\":{\"@id\":\"https:\\\/\\\/sud.svmep.ch\\\/svmep\\\/#website\"},\"primaryImageOfPage\":{\"@id\":\"https:\\\/\\\/sud.svmep.ch\\\/svmep\\\/quelle-est-la-strategie-deducation-numerique-de-la-dgep\\\/#primaryimage\"},\"image\":{\"@id\":\"https:\\\/\\\/sud.svmep.ch\\\/svmep\\\/quelle-est-la-strategie-deducation-numerique-de-la-dgep\\\/#primaryimage\"},\"thumbnailUrl\":\"https:\\\/\\\/sud.svmep.ch\\\/svmep\\\/wp-content\\\/uploads\\\/clavier-copie.png\",\"datePublished\":\"2025-03-20T15:46:30+00:00\",\"dateModified\":\"2025-09-28T15:57:53+00:00\",\"description\":\"Le SVMEP interpelle la DGEP au sujet de la strat\u00e9gie d'\u00e9ducation num\u00e9rique qu'elle est en train de d\u00e9ployer.\",\"breadcrumb\":{\"@id\":\"https:\\\/\\\/sud.svmep.ch\\\/svmep\\\/quelle-est-la-strategie-deducation-numerique-de-la-dgep\\\/#breadcrumb\"},\"inLanguage\":\"fr-FR\",\"potentialAction\":[{\"@type\":\"ReadAction\",\"target\":[\"https:\\\/\\\/sud.svmep.ch\\\/svmep\\\/quelle-est-la-strategie-deducation-numerique-de-la-dgep\\\/\"]}]},{\"@type\":\"ImageObject\",\"inLanguage\":\"fr-FR\",\"@id\":\"https:\\\/\\\/sud.svmep.ch\\\/svmep\\\/quelle-est-la-strategie-deducation-numerique-de-la-dgep\\\/#primaryimage\",\"url\":\"https:\\\/\\\/sud.svmep.ch\\\/svmep\\\/wp-content\\\/uploads\\\/clavier-copie.png\",\"contentUrl\":\"https:\\\/\\\/sud.svmep.ch\\\/svmep\\\/wp-content\\\/uploads\\\/clavier-copie.png\",\"width\":426,\"height\":458},{\"@type\":\"BreadcrumbList\",\"@id\":\"https:\\\/\\\/sud.svmep.ch\\\/svmep\\\/quelle-est-la-strategie-deducation-numerique-de-la-dgep\\\/#breadcrumb\",\"itemListElement\":[{\"@type\":\"ListItem\",\"position\":1,\"name\":\"Accueil\",\"item\":\"https:\\\/\\\/sud.svmep.ch\\\/svmep\\\/\"},{\"@type\":\"ListItem\",\"position\":2,\"name\":\"Non class\u00e9\",\"item\":\"https:\\\/\\\/sud.svmep.ch\\\/svmep\\\/category\\\/non-classe\\\/\"},{\"@type\":\"ListItem\",\"position\":3,\"name\":\"Quelle est la strat\u00e9gie d&rsquo;\u00e9ducation num\u00e9rique de la DGEP ?\"}]},{\"@type\":\"WebSite\",\"@id\":\"https:\\\/\\\/sud.svmep.ch\\\/svmep\\\/#website\",\"url\":\"https:\\\/\\\/sud.svmep.ch\\\/svmep\\\/\",\"name\":\"Syndicat vaudois des ma\u00eetres.ses de l'enseignement professionnel\",\"description\":\"\",\"publisher\":{\"@id\":\"https:\\\/\\\/sud.svmep.ch\\\/svmep\\\/#organization\"},\"alternateName\":\"SVMEP\",\"potentialAction\":[{\"@type\":\"SearchAction\",\"target\":{\"@type\":\"EntryPoint\",\"urlTemplate\":\"https:\\\/\\\/sud.svmep.ch\\\/svmep\\\/?s={search_term_string}\"},\"query-input\":{\"@type\":\"PropertyValueSpecification\",\"valueRequired\":true,\"valueName\":\"search_term_string\"}}],\"inLanguage\":\"fr-FR\"},{\"@type\":\"Organization\",\"@id\":\"https:\\\/\\\/sud.svmep.ch\\\/svmep\\\/#organization\",\"name\":\"Syndicat vaudois des ma\u00eetres.ses de l'enseignement professionnel SVMEP\",\"alternateName\":\"SVMEP\",\"url\":\"https:\\\/\\\/sud.svmep.ch\\\/svmep\\\/\",\"logo\":{\"@type\":\"ImageObject\",\"inLanguage\":\"fr-FR\",\"@id\":\"https:\\\/\\\/sud.svmep.ch\\\/svmep\\\/#\\\/schema\\\/logo\\\/image\\\/\",\"url\":\"https:\\\/\\\/sud.svmep.ch\\\/svmep\\\/wp-content\\\/uploads\\\/2024\\\/09\\\/svmep150x260.jpg\",\"contentUrl\":\"https:\\\/\\\/sud.svmep.ch\\\/svmep\\\/wp-content\\\/uploads\\\/2024\\\/09\\\/svmep150x260.jpg\",\"width\":226,\"height\":127,\"caption\":\"Syndicat vaudois des ma\u00eetres.ses de l'enseignement professionnel SVMEP\"},\"image\":{\"@id\":\"https:\\\/\\\/sud.svmep.ch\\\/svmep\\\/#\\\/schema\\\/logo\\\/image\\\/\"}},{\"@type\":\"Person\",\"@id\":\"https:\\\/\\\/sud.svmep.ch\\\/svmep\\\/#\\\/schema\\\/person\\\/c89c46f48a039b5e5bc4a8eeeab1aece\",\"name\":\"svmep-webmaster\",\"image\":{\"@type\":\"ImageObject\",\"inLanguage\":\"fr-FR\",\"@id\":\"https:\\\/\\\/secure.gravatar.com\\\/avatar\\\/75b5925b5ca4f3df48f6bb05f81ad13dab8238efffb28bf26c5f1682dff96ea6?s=96&d=mm&r=g\",\"url\":\"https:\\\/\\\/secure.gravatar.com\\\/avatar\\\/75b5925b5ca4f3df48f6bb05f81ad13dab8238efffb28bf26c5f1682dff96ea6?s=96&d=mm&r=g\",\"contentUrl\":\"https:\\\/\\\/secure.gravatar.com\\\/avatar\\\/75b5925b5ca4f3df48f6bb05f81ad13dab8238efffb28bf26c5f1682dff96ea6?s=96&d=mm&r=g\",\"caption\":\"svmep-webmaster\"}}]}<\/script>\n<!-- \/ Yoast SEO plugin. -->","yoast_head_json":{"title":"Quelle est la strat\u00e9gie d'\u00e9ducation num\u00e9rique de la DGEP ? - svmep.ch","description":"Le SVMEP interpelle la DGEP au sujet de la strat\u00e9gie d'\u00e9ducation num\u00e9rique qu'elle est en train de d\u00e9ployer.","robots":{"index":"index","follow":"follow","max-snippet":"max-snippet:-1","max-image-preview":"max-image-preview:large","max-video-preview":"max-video-preview:-1"},"canonical":"https:\/\/sud.svmep.ch\/svmep\/quelle-est-la-strategie-deducation-numerique-de-la-dgep\/","og_locale":"fr_FR","og_type":"article","og_title":"Quelle est la strat\u00e9gie d'\u00e9ducation num\u00e9rique de la DGEP ? - svmep.ch","og_description":"Le SVMEP interpelle la DGEP au sujet de la strat\u00e9gie d'\u00e9ducation num\u00e9rique qu'elle est en train de d\u00e9ployer.","og_url":"https:\/\/sud.svmep.ch\/svmep\/quelle-est-la-strategie-deducation-numerique-de-la-dgep\/","og_site_name":"svmep.ch","article_published_time":"2025-03-20T15:46:30+00:00","article_modified_time":"2025-09-28T15:57:53+00:00","og_image":[{"width":426,"height":458,"url":"https:\/\/sud.svmep.ch\/svmep\/wp-content\/uploads\/clavier-copie.png","type":"image\/png"}],"author":"svmep-webmaster","twitter_card":"summary_large_image","schema":{"@context":"https:\/\/schema.org","@graph":[{"@type":"Article","@id":"https:\/\/sud.svmep.ch\/svmep\/quelle-est-la-strategie-deducation-numerique-de-la-dgep\/#article","isPartOf":{"@id":"https:\/\/sud.svmep.ch\/svmep\/quelle-est-la-strategie-deducation-numerique-de-la-dgep\/"},"author":{"name":"svmep-webmaster","@id":"https:\/\/sud.svmep.ch\/svmep\/#\/schema\/person\/c89c46f48a039b5e5bc4a8eeeab1aece"},"headline":"Quelle est la strat\u00e9gie d&rsquo;\u00e9ducation num\u00e9rique de la DGEP ?","datePublished":"2025-03-20T15:46:30+00:00","dateModified":"2025-09-28T15:57:53+00:00","mainEntityOfPage":{"@id":"https:\/\/sud.svmep.ch\/svmep\/quelle-est-la-strategie-deducation-numerique-de-la-dgep\/"},"wordCount":105,"publisher":{"@id":"https:\/\/sud.svmep.ch\/svmep\/#organization"},"image":{"@id":"https:\/\/sud.svmep.ch\/svmep\/quelle-est-la-strategie-deducation-numerique-de-la-dgep\/#primaryimage"},"thumbnailUrl":"https:\/\/sud.svmep.ch\/svmep\/wp-content\/uploads\/clavier-copie.png","keywords":["num\u00e9rique"],"inLanguage":"fr-FR"},{"@type":"WebPage","@id":"https:\/\/sud.svmep.ch\/svmep\/quelle-est-la-strategie-deducation-numerique-de-la-dgep\/","url":"https:\/\/sud.svmep.ch\/svmep\/quelle-est-la-strategie-deducation-numerique-de-la-dgep\/","name":"Quelle est la strat\u00e9gie d'\u00e9ducation num\u00e9rique de la DGEP ? - svmep.ch","isPartOf":{"@id":"https:\/\/sud.svmep.ch\/svmep\/#website"},"primaryImageOfPage":{"@id":"https:\/\/sud.svmep.ch\/svmep\/quelle-est-la-strategie-deducation-numerique-de-la-dgep\/#primaryimage"},"image":{"@id":"https:\/\/sud.svmep.ch\/svmep\/quelle-est-la-strategie-deducation-numerique-de-la-dgep\/#primaryimage"},"thumbnailUrl":"https:\/\/sud.svmep.ch\/svmep\/wp-content\/uploads\/clavier-copie.png","datePublished":"2025-03-20T15:46:30+00:00","dateModified":"2025-09-28T15:57:53+00:00","description":"Le SVMEP interpelle la DGEP au sujet de la strat\u00e9gie d'\u00e9ducation num\u00e9rique qu'elle est en train de d\u00e9ployer.","breadcrumb":{"@id":"https:\/\/sud.svmep.ch\/svmep\/quelle-est-la-strategie-deducation-numerique-de-la-dgep\/#breadcrumb"},"inLanguage":"fr-FR","potentialAction":[{"@type":"ReadAction","target":["https:\/\/sud.svmep.ch\/svmep\/quelle-est-la-strategie-deducation-numerique-de-la-dgep\/"]}]},{"@type":"ImageObject","inLanguage":"fr-FR","@id":"https:\/\/sud.svmep.ch\/svmep\/quelle-est-la-strategie-deducation-numerique-de-la-dgep\/#primaryimage","url":"https:\/\/sud.svmep.ch\/svmep\/wp-content\/uploads\/clavier-copie.png","contentUrl":"https:\/\/sud.svmep.ch\/svmep\/wp-content\/uploads\/clavier-copie.png","width":426,"height":458},{"@type":"BreadcrumbList","@id":"https:\/\/sud.svmep.ch\/svmep\/quelle-est-la-strategie-deducation-numerique-de-la-dgep\/#breadcrumb","itemListElement":[{"@type":"ListItem","position":1,"name":"Accueil","item":"https:\/\/sud.svmep.ch\/svmep\/"},{"@type":"ListItem","position":2,"name":"Non class\u00e9","item":"https:\/\/sud.svmep.ch\/svmep\/category\/non-classe\/"},{"@type":"ListItem","position":3,"name":"Quelle est la strat\u00e9gie d&rsquo;\u00e9ducation num\u00e9rique de la DGEP ?"}]},{"@type":"WebSite","@id":"https:\/\/sud.svmep.ch\/svmep\/#website","url":"https:\/\/sud.svmep.ch\/svmep\/","name":"Syndicat vaudois des ma\u00eetres.ses de l'enseignement professionnel","description":"","publisher":{"@id":"https:\/\/sud.svmep.ch\/svmep\/#organization"},"alternateName":"SVMEP","potentialAction":[{"@type":"SearchAction","target":{"@type":"EntryPoint","urlTemplate":"https:\/\/sud.svmep.ch\/svmep\/?s={search_term_string}"},"query-input":{"@type":"PropertyValueSpecification","valueRequired":true,"valueName":"search_term_string"}}],"inLanguage":"fr-FR"},{"@type":"Organization","@id":"https:\/\/sud.svmep.ch\/svmep\/#organization","name":"Syndicat vaudois des ma\u00eetres.ses de l'enseignement professionnel SVMEP","alternateName":"SVMEP","url":"https:\/\/sud.svmep.ch\/svmep\/","logo":{"@type":"ImageObject","inLanguage":"fr-FR","@id":"https:\/\/sud.svmep.ch\/svmep\/#\/schema\/logo\/image\/","url":"https:\/\/sud.svmep.ch\/svmep\/wp-content\/uploads\/2024\/09\/svmep150x260.jpg","contentUrl":"https:\/\/sud.svmep.ch\/svmep\/wp-content\/uploads\/2024\/09\/svmep150x260.jpg","width":226,"height":127,"caption":"Syndicat vaudois des ma\u00eetres.ses de l'enseignement professionnel SVMEP"},"image":{"@id":"https:\/\/sud.svmep.ch\/svmep\/#\/schema\/logo\/image\/"}},{"@type":"Person","@id":"https:\/\/sud.svmep.ch\/svmep\/#\/schema\/person\/c89c46f48a039b5e5bc4a8eeeab1aece","name":"svmep-webmaster","image":{"@type":"ImageObject","inLanguage":"fr-FR","@id":"https:\/\/secure.gravatar.com\/avatar\/75b5925b5ca4f3df48f6bb05f81ad13dab8238efffb28bf26c5f1682dff96ea6?s=96&d=mm&r=g","url":"https:\/\/secure.gravatar.com\/avatar\/75b5925b5ca4f3df48f6bb05f81ad13dab8238efffb28bf26c5f1682dff96ea6?s=96&d=mm&r=g","contentUrl":"https:\/\/secure.gravatar.com\/avatar\/75b5925b5ca4f3df48f6bb05f81ad13dab8238efffb28bf26c5f1682dff96ea6?s=96&d=mm&r=g","caption":"svmep-webmaster"}}]}},"_links":{"self":[{"href":"https:\/\/sud.svmep.ch\/svmep\/wp-json\/wp\/v2\/posts\/2269","targetHints":{"allow":["GET"]}}],"collection":[{"href":"https:\/\/sud.svmep.ch\/svmep\/wp-json\/wp\/v2\/posts"}],"about":[{"href":"https:\/\/sud.svmep.ch\/svmep\/wp-json\/wp\/v2\/types\/post"}],"author":[{"embeddable":true,"href":"https:\/\/sud.svmep.ch\/svmep\/wp-json\/wp\/v2\/users\/4"}],"replies":[{"embeddable":true,"href":"https:\/\/sud.svmep.ch\/svmep\/wp-json\/wp\/v2\/comments?post=2269"}],"version-history":[{"count":0,"href":"https:\/\/sud.svmep.ch\/svmep\/wp-json\/wp\/v2\/posts\/2269\/revisions"}],"wp:featuredmedia":[{"embeddable":true,"href":"https:\/\/sud.svmep.ch\/svmep\/wp-json\/wp\/v2\/media\/1904"}],"wp:attachment":[{"href":"https:\/\/sud.svmep.ch\/svmep\/wp-json\/wp\/v2\/media?parent=2269"}],"wp:term":[{"taxonomy":"category","embeddable":true,"href":"https:\/\/sud.svmep.ch\/svmep\/wp-json\/wp\/v2\/categories?post=2269"},{"taxonomy":"post_tag","embeddable":true,"href":"https:\/\/sud.svmep.ch\/svmep\/wp-json\/wp\/v2\/tags?post=2269"}],"curies":[{"name":"wp","href":"https:\/\/api.w.org\/{rel}","templated":true}]}}