{"id":2276,"date":"2025-09-30T15:19:23","date_gmt":"2025-09-30T14:19:23","guid":{"rendered":"https:\/\/sud.svmep.ch\/svmep\/?p=2276"},"modified":"2025-10-02T15:35:04","modified_gmt":"2025-10-02T14:35:04","slug":"suppression-des-decharges-de-fin-de-carriere-un-tour-de-passe-passe-qui-ne-berne-personne","status":"publish","type":"post","link":"https:\/\/sud.svmep.ch\/svmep\/suppression-des-decharges-de-fin-de-carriere-un-tour-de-passe-passe-qui-ne-berne-personne\/","title":{"rendered":"Suppression des d\u00e9charges de fin de carri\u00e8re : un tour de passe-passe qui ne berne personne"},"content":{"rendered":"<div class=\"wp-block-post-date\"><time datetime=\"2025-09-30T15:19:23+02:00\">30 septembre 2025<\/time><\/div>\n\n\n<p><strong>Le Conseil d\u2019\u00c9tat, en plus de sa communication destin\u00e9e \u00e0 l\u2019ensemble du personnel de la fonction publique, a fait parvenir au corps enseignant, par les Directions g\u00e9n\u00e9rales de l\u2019enseignement (DGEO et DGEP), un message dont l\u2019intention est de justifier la suppression des 6 p\u00e9riodes de d\u00e9charge de fin de carri\u00e8re, pr\u00e9tendant que la suppression de ces d\u00e9charges permettrait de placer l\u2019ensemble du personnel de l\u2019\u00c9tat de Vaud sur un pied d\u2019\u00e9galit\u00e9.<\/strong><\/p>\n<p>C\u2019est d\u00e9loyal et cela ne r\u00e9siste pas \u00e0 l\u2019\u00e9preuve des faits.<\/p>\n<p>Historiquement, les d\u00e9charges de fin de carri\u00e8re constituent une des mesures compensatoires obtenues de haute lutte par les enseignant.e.s suite \u00e0 l\u2019introduction de la Loi sur le personnel (LPers-VD), au d\u00e9but des ann\u00e9es 2000. Lire le <a href=\"https:\/\/www.vd.ch\/actualites\/communiques-de-presse-de-letat-de-vaud\/detail\/communique\/dispositions-particulieres-pour-les-enseignants-1032886243\" target=\"_blank\" rel=\"noopener\">communiqu\u00e9 de presse de l&rsquo;\u00c9tat de Vaud du 24 septembre 2002<\/a> \u00e0 ce sujet\u00a0(il faut porter une attention particuli\u00e8re \u00e0 la derni\u00e8re phrase).<\/p>\n<p>Les enseignant.e.s ne pouvaient en effet pas b\u00e9n\u00e9ficier directement de la 5e semaine de vacances et de la r\u00e9duction de l\u2019horaire hebdomadaire de travail d\u2019une heure, attribu\u00e9es \u00e0 l\u2019ensemble des employ\u00e9.e.s de l\u2019\u00c9tat (41h30 au lieu de 42h30). Le nombre de p\u00e9riodes des diff\u00e9rents statuts horaire des enseignant.e.s (22, 25, 28, etc.) n\u2019ont pas \u00e9t\u00e9 r\u00e9duites.<\/p>\n<p>D\u2019\u00e2pres n\u00e9gociations ont conduit \u00e0 la mise en oeuvre de mesures compensatoires (p\u00e9riodes de d\u00e9charges de fin de carri\u00e8re, jours de non-\u00e9cole suppl\u00e9mentaire \u00e0 P\u00e2ques, cong\u00e9 sabbatique \u2013 lequel, faut-il le rappeler, n\u2019est pas g\u00e9n\u00e9ralis\u00e9).<\/p>\n<p>Mais l\u2019employeur n\u2019a pas g\u00e9n\u00e9reusement offert ces am\u00e9liorations pour les un\u00b7es et compensations pour les autres: c\u2019est le personnel lui-m\u00eame qui les a financ\u00e9es! En effet, la cotisation des salari\u00e9\u00b7es \u00e0 la CPEV est alors pass\u00e9e de 8% \u00e0 9% (actuellement 10%), pendant que celle de l\u2019employeur \u00e9tait r\u00e9duite de 16 % \u00e0 15%. Dans le m\u00eame temps, la progression salariale \u00e9tait \u00e9tal\u00e9e sur 20 ans (contre 14 ans auparavant, 26 ans aujourd\u2019hui).<\/p>\n<p><strong>En cons\u00e9quence, la suppression des 6 p\u00e9riodes de d\u00e9charge en fin de carri\u00e8re ne r\u00e9tablit aucunement une soi-disant \u00e9galit\u00e9 mais, \u00e0 l\u2019inverse, r\u00e9pond \u00e0 une volont\u00e9 politique de faire toujours payer plus cher les enseignant\u00b7es en faisant croire qu\u2019elles.ils sont privil\u00e9gi\u00e9\u00b7es. La v\u00e9rit\u00e9 du pouvoir ne r\u00e9siste pas au pouvoir de la v\u00e9rit\u00e9.<\/strong><\/p>\n<p>Les Directions g\u00e9n\u00e9rales annoncent une maigre compensation de la suppression des p\u00e9riodes de d\u00e9charges avec une \u00ab\u00a06e semaine de vacances\u00a0\u00bb d\u00e8s 60 ans, qui prendrait la forme \u00e0 la DGEP d\u2019une d\u00e9charge de 0,5 p\u00e9riodes par an entre 60 et 65 ans. La mesure de la d\u00e9gradation est vite faite. \u00c0 la DGEO, en l\u2019\u00e9tat, aucune pr\u00e9cision n&rsquo;est donn\u00e9e sur les modalit\u00e9s. Faudra-t-il prendre cette \u00ab\u00a06e semaine\u00a0\u00bb sur son temps de travail librement g\u00e9r\u00e9 ?<\/p>\n<p>Nous faire les poches pour financer les imp\u00f4ts non-pay\u00e9s par quelques nantis au b\u00e9n\u00e9fice des largesses du bouclier fiscal? \u00c7a suffit! <a href=\"https:\/\/sud.svmep.ch\/svmep\/event\/manifestation-unitaire-contre-les-coupes-budgetaires\/\" target=\"_blank\" rel=\"noopener\"><strong>Toutes et tous dans la rue le 2 octobre!<\/strong><\/a><\/p>\n","protected":false},"excerpt":{"rendered":"<p>30 septembre 2025 Le Conseil d\u2019\u00c9tat, en plus de sa communication destin\u00e9e \u00e0 l\u2019ensemble du personnel de la fonction publique, a fait parvenir au corps enseignant, par les Directions g\u00e9n\u00e9rales [&hellip;]<\/p>\n","protected":false},"author":4,"featured_media":1542,"comment_status":"closed","ping_status":"closed","sticky":false,"template":"","format":"standard","meta":{"footnotes":""},"categories":[5],"tags":[31,24],"class_list":["post-2276","post","type-post","status-publish","format-standard","has-post-thumbnail","hentry","category-sud-education","tag-mobilisation","tag-temps-de-travail-enseignant"],"yoast_head":"<!-- This site is optimized with the Yoast SEO plugin v27.4 - https:\/\/yoast.com\/product\/yoast-seo-wordpress\/ -->\n<title>Suppression des d\u00e9charges de fin de carri\u00e8re : un tour de passe-passe qui ne berne personne - svmep.ch<\/title>\n<meta name=\"description\" content=\"Suppression des d\u00e9charges de fin de carri\u00e8re pour le corps enseignant de la DGEO et de la DGEP.\" \/>\n<meta name=\"robots\" content=\"index, follow, max-snippet:-1, max-image-preview:large, max-video-preview:-1\" \/>\n<link rel=\"canonical\" href=\"https:\/\/sud.svmep.ch\/svmep\/suppression-des-decharges-de-fin-de-carriere-un-tour-de-passe-passe-qui-ne-berne-personne\/\" \/>\n<meta property=\"og:locale\" content=\"fr_FR\" \/>\n<meta property=\"og:type\" content=\"article\" \/>\n<meta property=\"og:title\" content=\"Suppression des d\u00e9charges de fin de carri\u00e8re : un tour de passe-passe qui ne berne personne - svmep.ch\" \/>\n<meta property=\"og:description\" content=\"Suppression des d\u00e9charges de fin de carri\u00e8re pour le corps enseignant de la DGEO et de la DGEP.\" \/>\n<meta property=\"og:url\" content=\"https:\/\/sud.svmep.ch\/svmep\/suppression-des-decharges-de-fin-de-carriere-un-tour-de-passe-passe-qui-ne-berne-personne\/\" \/>\n<meta property=\"og:site_name\" content=\"svmep.ch\" \/>\n<meta property=\"article:published_time\" content=\"2025-09-30T14:19:23+00:00\" \/>\n<meta property=\"article:modified_time\" content=\"2025-10-02T14:35:04+00:00\" \/>\n<meta property=\"og:image\" content=\"https:\/\/sud.svmep.ch\/svmep\/wp-content\/uploads\/2024\/11\/logo_SUD-educ-copie.png\" \/>\n\t<meta property=\"og:image:width\" content=\"212\" \/>\n\t<meta property=\"og:image:height\" content=\"211\" \/>\n\t<meta property=\"og:image:type\" content=\"image\/png\" \/>\n<meta name=\"author\" content=\"svmep-webmaster\" \/>\n<meta name=\"twitter:card\" content=\"summary_large_image\" \/>\n<script type=\"application\/ld+json\" class=\"yoast-schema-graph\">{\"@context\":\"https:\\\/\\\/schema.org\",\"@graph\":[{\"@type\":\"Article\",\"@id\":\"https:\\\/\\\/sud.svmep.ch\\\/svmep\\\/suppression-des-decharges-de-fin-de-carriere-un-tour-de-passe-passe-qui-ne-berne-personne\\\/#article\",\"isPartOf\":{\"@id\":\"https:\\\/\\\/sud.svmep.ch\\\/svmep\\\/suppression-des-decharges-de-fin-de-carriere-un-tour-de-passe-passe-qui-ne-berne-personne\\\/\"},\"author\":{\"name\":\"svmep-webmaster\",\"@id\":\"https:\\\/\\\/sud.svmep.ch\\\/svmep\\\/#\\\/schema\\\/person\\\/c89c46f48a039b5e5bc4a8eeeab1aece\"},\"headline\":\"Suppression des d\u00e9charges de fin de carri\u00e8re : un tour de passe-passe qui ne berne personne\",\"datePublished\":\"2025-09-30T14:19:23+00:00\",\"dateModified\":\"2025-10-02T14:35:04+00:00\",\"mainEntityOfPage\":{\"@id\":\"https:\\\/\\\/sud.svmep.ch\\\/svmep\\\/suppression-des-decharges-de-fin-de-carriere-un-tour-de-passe-passe-qui-ne-berne-personne\\\/\"},\"wordCount\":549,\"publisher\":{\"@id\":\"https:\\\/\\\/sud.svmep.ch\\\/svmep\\\/#organization\"},\"image\":{\"@id\":\"https:\\\/\\\/sud.svmep.ch\\\/svmep\\\/suppression-des-decharges-de-fin-de-carriere-un-tour-de-passe-passe-qui-ne-berne-personne\\\/#primaryimage\"},\"thumbnailUrl\":\"https:\\\/\\\/sud.svmep.ch\\\/svmep\\\/wp-content\\\/uploads\\\/2024\\\/11\\\/logo_SUD-educ-copie.png\",\"keywords\":[\"mobilisation\",\"temps de travail\"],\"articleSection\":[\"SUD-\u00c9ducation\"],\"inLanguage\":\"fr-FR\"},{\"@type\":\"WebPage\",\"@id\":\"https:\\\/\\\/sud.svmep.ch\\\/svmep\\\/suppression-des-decharges-de-fin-de-carriere-un-tour-de-passe-passe-qui-ne-berne-personne\\\/\",\"url\":\"https:\\\/\\\/sud.svmep.ch\\\/svmep\\\/suppression-des-decharges-de-fin-de-carriere-un-tour-de-passe-passe-qui-ne-berne-personne\\\/\",\"name\":\"Suppression des d\u00e9charges de fin de carri\u00e8re : un tour de passe-passe qui ne berne personne - svmep.ch\",\"isPartOf\":{\"@id\":\"https:\\\/\\\/sud.svmep.ch\\\/svmep\\\/#website\"},\"primaryImageOfPage\":{\"@id\":\"https:\\\/\\\/sud.svmep.ch\\\/svmep\\\/suppression-des-decharges-de-fin-de-carriere-un-tour-de-passe-passe-qui-ne-berne-personne\\\/#primaryimage\"},\"image\":{\"@id\":\"https:\\\/\\\/sud.svmep.ch\\\/svmep\\\/suppression-des-decharges-de-fin-de-carriere-un-tour-de-passe-passe-qui-ne-berne-personne\\\/#primaryimage\"},\"thumbnailUrl\":\"https:\\\/\\\/sud.svmep.ch\\\/svmep\\\/wp-content\\\/uploads\\\/2024\\\/11\\\/logo_SUD-educ-copie.png\",\"datePublished\":\"2025-09-30T14:19:23+00:00\",\"dateModified\":\"2025-10-02T14:35:04+00:00\",\"description\":\"Suppression des d\u00e9charges de fin de carri\u00e8re pour le corps enseignant de la DGEO et de la DGEP.\",\"breadcrumb\":{\"@id\":\"https:\\\/\\\/sud.svmep.ch\\\/svmep\\\/suppression-des-decharges-de-fin-de-carriere-un-tour-de-passe-passe-qui-ne-berne-personne\\\/#breadcrumb\"},\"inLanguage\":\"fr-FR\",\"potentialAction\":[{\"@type\":\"ReadAction\",\"target\":[\"https:\\\/\\\/sud.svmep.ch\\\/svmep\\\/suppression-des-decharges-de-fin-de-carriere-un-tour-de-passe-passe-qui-ne-berne-personne\\\/\"]}]},{\"@type\":\"ImageObject\",\"inLanguage\":\"fr-FR\",\"@id\":\"https:\\\/\\\/sud.svmep.ch\\\/svmep\\\/suppression-des-decharges-de-fin-de-carriere-un-tour-de-passe-passe-qui-ne-berne-personne\\\/#primaryimage\",\"url\":\"https:\\\/\\\/sud.svmep.ch\\\/svmep\\\/wp-content\\\/uploads\\\/2024\\\/11\\\/logo_SUD-educ-copie.png\",\"contentUrl\":\"https:\\\/\\\/sud.svmep.ch\\\/svmep\\\/wp-content\\\/uploads\\\/2024\\\/11\\\/logo_SUD-educ-copie.png\",\"width\":212,\"height\":211},{\"@type\":\"BreadcrumbList\",\"@id\":\"https:\\\/\\\/sud.svmep.ch\\\/svmep\\\/suppression-des-decharges-de-fin-de-carriere-un-tour-de-passe-passe-qui-ne-berne-personne\\\/#breadcrumb\",\"itemListElement\":[{\"@type\":\"ListItem\",\"position\":1,\"name\":\"Accueil\",\"item\":\"https:\\\/\\\/sud.svmep.ch\\\/svmep\\\/\"},{\"@type\":\"ListItem\",\"position\":2,\"name\":\"SUD-\u00c9ducation\",\"item\":\"https:\\\/\\\/sud.svmep.ch\\\/svmep\\\/category\\\/sud-education\\\/\"},{\"@type\":\"ListItem\",\"position\":3,\"name\":\"Suppression des d\u00e9charges de fin de carri\u00e8re : un tour de passe-passe qui ne berne personne\"}]},{\"@type\":\"WebSite\",\"@id\":\"https:\\\/\\\/sud.svmep.ch\\\/svmep\\\/#website\",\"url\":\"https:\\\/\\\/sud.svmep.ch\\\/svmep\\\/\",\"name\":\"Syndicat vaudois des ma\u00eetres.ses de l'enseignement professionnel\",\"description\":\"\",\"publisher\":{\"@id\":\"https:\\\/\\\/sud.svmep.ch\\\/svmep\\\/#organization\"},\"alternateName\":\"SVMEP\",\"potentialAction\":[{\"@type\":\"SearchAction\",\"target\":{\"@type\":\"EntryPoint\",\"urlTemplate\":\"https:\\\/\\\/sud.svmep.ch\\\/svmep\\\/?s={search_term_string}\"},\"query-input\":{\"@type\":\"PropertyValueSpecification\",\"valueRequired\":true,\"valueName\":\"search_term_string\"}}],\"inLanguage\":\"fr-FR\"},{\"@type\":\"Organization\",\"@id\":\"https:\\\/\\\/sud.svmep.ch\\\/svmep\\\/#organization\",\"name\":\"Syndicat vaudois des ma\u00eetres.ses de l'enseignement professionnel SVMEP\",\"alternateName\":\"SVMEP\",\"url\":\"https:\\\/\\\/sud.svmep.ch\\\/svmep\\\/\",\"logo\":{\"@type\":\"ImageObject\",\"inLanguage\":\"fr-FR\",\"@id\":\"https:\\\/\\\/sud.svmep.ch\\\/svmep\\\/#\\\/schema\\\/logo\\\/image\\\/\",\"url\":\"https:\\\/\\\/sud.svmep.ch\\\/svmep\\\/wp-content\\\/uploads\\\/2024\\\/09\\\/svmep150x260.jpg\",\"contentUrl\":\"https:\\\/\\\/sud.svmep.ch\\\/svmep\\\/wp-content\\\/uploads\\\/2024\\\/09\\\/svmep150x260.jpg\",\"width\":226,\"height\":127,\"caption\":\"Syndicat vaudois des ma\u00eetres.ses de l'enseignement professionnel SVMEP\"},\"image\":{\"@id\":\"https:\\\/\\\/sud.svmep.ch\\\/svmep\\\/#\\\/schema\\\/logo\\\/image\\\/\"}},{\"@type\":\"Person\",\"@id\":\"https:\\\/\\\/sud.svmep.ch\\\/svmep\\\/#\\\/schema\\\/person\\\/c89c46f48a039b5e5bc4a8eeeab1aece\",\"name\":\"svmep-webmaster\",\"image\":{\"@type\":\"ImageObject\",\"inLanguage\":\"fr-FR\",\"@id\":\"https:\\\/\\\/secure.gravatar.com\\\/avatar\\\/75b5925b5ca4f3df48f6bb05f81ad13dab8238efffb28bf26c5f1682dff96ea6?s=96&d=mm&r=g\",\"url\":\"https:\\\/\\\/secure.gravatar.com\\\/avatar\\\/75b5925b5ca4f3df48f6bb05f81ad13dab8238efffb28bf26c5f1682dff96ea6?s=96&d=mm&r=g\",\"contentUrl\":\"https:\\\/\\\/secure.gravatar.com\\\/avatar\\\/75b5925b5ca4f3df48f6bb05f81ad13dab8238efffb28bf26c5f1682dff96ea6?s=96&d=mm&r=g\",\"caption\":\"svmep-webmaster\"}}]}<\/script>\n<!-- \/ Yoast SEO plugin. -->","yoast_head_json":{"title":"Suppression des d\u00e9charges de fin de carri\u00e8re : un tour de passe-passe qui ne berne personne - svmep.ch","description":"Suppression des d\u00e9charges de fin de carri\u00e8re pour le corps enseignant de la DGEO et de la DGEP.","robots":{"index":"index","follow":"follow","max-snippet":"max-snippet:-1","max-image-preview":"max-image-preview:large","max-video-preview":"max-video-preview:-1"},"canonical":"https:\/\/sud.svmep.ch\/svmep\/suppression-des-decharges-de-fin-de-carriere-un-tour-de-passe-passe-qui-ne-berne-personne\/","og_locale":"fr_FR","og_type":"article","og_title":"Suppression des d\u00e9charges de fin de carri\u00e8re : un tour de passe-passe qui ne berne personne - svmep.ch","og_description":"Suppression des d\u00e9charges de fin de carri\u00e8re pour le corps enseignant de la DGEO et de la DGEP.","og_url":"https:\/\/sud.svmep.ch\/svmep\/suppression-des-decharges-de-fin-de-carriere-un-tour-de-passe-passe-qui-ne-berne-personne\/","og_site_name":"svmep.ch","article_published_time":"2025-09-30T14:19:23+00:00","article_modified_time":"2025-10-02T14:35:04+00:00","og_image":[{"width":212,"height":211,"url":"https:\/\/sud.svmep.ch\/svmep\/wp-content\/uploads\/2024\/11\/logo_SUD-educ-copie.png","type":"image\/png"}],"author":"svmep-webmaster","twitter_card":"summary_large_image","schema":{"@context":"https:\/\/schema.org","@graph":[{"@type":"Article","@id":"https:\/\/sud.svmep.ch\/svmep\/suppression-des-decharges-de-fin-de-carriere-un-tour-de-passe-passe-qui-ne-berne-personne\/#article","isPartOf":{"@id":"https:\/\/sud.svmep.ch\/svmep\/suppression-des-decharges-de-fin-de-carriere-un-tour-de-passe-passe-qui-ne-berne-personne\/"},"author":{"name":"svmep-webmaster","@id":"https:\/\/sud.svmep.ch\/svmep\/#\/schema\/person\/c89c46f48a039b5e5bc4a8eeeab1aece"},"headline":"Suppression des d\u00e9charges de fin de carri\u00e8re : un tour de passe-passe qui ne berne personne","datePublished":"2025-09-30T14:19:23+00:00","dateModified":"2025-10-02T14:35:04+00:00","mainEntityOfPage":{"@id":"https:\/\/sud.svmep.ch\/svmep\/suppression-des-decharges-de-fin-de-carriere-un-tour-de-passe-passe-qui-ne-berne-personne\/"},"wordCount":549,"publisher":{"@id":"https:\/\/sud.svmep.ch\/svmep\/#organization"},"image":{"@id":"https:\/\/sud.svmep.ch\/svmep\/suppression-des-decharges-de-fin-de-carriere-un-tour-de-passe-passe-qui-ne-berne-personne\/#primaryimage"},"thumbnailUrl":"https:\/\/sud.svmep.ch\/svmep\/wp-content\/uploads\/2024\/11\/logo_SUD-educ-copie.png","keywords":["mobilisation","temps de travail"],"articleSection":["SUD-\u00c9ducation"],"inLanguage":"fr-FR"},{"@type":"WebPage","@id":"https:\/\/sud.svmep.ch\/svmep\/suppression-des-decharges-de-fin-de-carriere-un-tour-de-passe-passe-qui-ne-berne-personne\/","url":"https:\/\/sud.svmep.ch\/svmep\/suppression-des-decharges-de-fin-de-carriere-un-tour-de-passe-passe-qui-ne-berne-personne\/","name":"Suppression des d\u00e9charges de fin de carri\u00e8re : un tour de passe-passe qui ne berne personne - svmep.ch","isPartOf":{"@id":"https:\/\/sud.svmep.ch\/svmep\/#website"},"primaryImageOfPage":{"@id":"https:\/\/sud.svmep.ch\/svmep\/suppression-des-decharges-de-fin-de-carriere-un-tour-de-passe-passe-qui-ne-berne-personne\/#primaryimage"},"image":{"@id":"https:\/\/sud.svmep.ch\/svmep\/suppression-des-decharges-de-fin-de-carriere-un-tour-de-passe-passe-qui-ne-berne-personne\/#primaryimage"},"thumbnailUrl":"https:\/\/sud.svmep.ch\/svmep\/wp-content\/uploads\/2024\/11\/logo_SUD-educ-copie.png","datePublished":"2025-09-30T14:19:23+00:00","dateModified":"2025-10-02T14:35:04+00:00","description":"Suppression des d\u00e9charges de fin de carri\u00e8re pour le corps enseignant de la DGEO et de la DGEP.","breadcrumb":{"@id":"https:\/\/sud.svmep.ch\/svmep\/suppression-des-decharges-de-fin-de-carriere-un-tour-de-passe-passe-qui-ne-berne-personne\/#breadcrumb"},"inLanguage":"fr-FR","potentialAction":[{"@type":"ReadAction","target":["https:\/\/sud.svmep.ch\/svmep\/suppression-des-decharges-de-fin-de-carriere-un-tour-de-passe-passe-qui-ne-berne-personne\/"]}]},{"@type":"ImageObject","inLanguage":"fr-FR","@id":"https:\/\/sud.svmep.ch\/svmep\/suppression-des-decharges-de-fin-de-carriere-un-tour-de-passe-passe-qui-ne-berne-personne\/#primaryimage","url":"https:\/\/sud.svmep.ch\/svmep\/wp-content\/uploads\/2024\/11\/logo_SUD-educ-copie.png","contentUrl":"https:\/\/sud.svmep.ch\/svmep\/wp-content\/uploads\/2024\/11\/logo_SUD-educ-copie.png","width":212,"height":211},{"@type":"BreadcrumbList","@id":"https:\/\/sud.svmep.ch\/svmep\/suppression-des-decharges-de-fin-de-carriere-un-tour-de-passe-passe-qui-ne-berne-personne\/#breadcrumb","itemListElement":[{"@type":"ListItem","position":1,"name":"Accueil","item":"https:\/\/sud.svmep.ch\/svmep\/"},{"@type":"ListItem","position":2,"name":"SUD-\u00c9ducation","item":"https:\/\/sud.svmep.ch\/svmep\/category\/sud-education\/"},{"@type":"ListItem","position":3,"name":"Suppression des d\u00e9charges de fin de carri\u00e8re : un tour de passe-passe qui ne berne personne"}]},{"@type":"WebSite","@id":"https:\/\/sud.svmep.ch\/svmep\/#website","url":"https:\/\/sud.svmep.ch\/svmep\/","name":"Syndicat vaudois des ma\u00eetres.ses de l'enseignement professionnel","description":"","publisher":{"@id":"https:\/\/sud.svmep.ch\/svmep\/#organization"},"alternateName":"SVMEP","potentialAction":[{"@type":"SearchAction","target":{"@type":"EntryPoint","urlTemplate":"https:\/\/sud.svmep.ch\/svmep\/?s={search_term_string}"},"query-input":{"@type":"PropertyValueSpecification","valueRequired":true,"valueName":"search_term_string"}}],"inLanguage":"fr-FR"},{"@type":"Organization","@id":"https:\/\/sud.svmep.ch\/svmep\/#organization","name":"Syndicat vaudois des ma\u00eetres.ses de l'enseignement professionnel SVMEP","alternateName":"SVMEP","url":"https:\/\/sud.svmep.ch\/svmep\/","logo":{"@type":"ImageObject","inLanguage":"fr-FR","@id":"https:\/\/sud.svmep.ch\/svmep\/#\/schema\/logo\/image\/","url":"https:\/\/sud.svmep.ch\/svmep\/wp-content\/uploads\/2024\/09\/svmep150x260.jpg","contentUrl":"https:\/\/sud.svmep.ch\/svmep\/wp-content\/uploads\/2024\/09\/svmep150x260.jpg","width":226,"height":127,"caption":"Syndicat vaudois des ma\u00eetres.ses de l'enseignement professionnel SVMEP"},"image":{"@id":"https:\/\/sud.svmep.ch\/svmep\/#\/schema\/logo\/image\/"}},{"@type":"Person","@id":"https:\/\/sud.svmep.ch\/svmep\/#\/schema\/person\/c89c46f48a039b5e5bc4a8eeeab1aece","name":"svmep-webmaster","image":{"@type":"ImageObject","inLanguage":"fr-FR","@id":"https:\/\/secure.gravatar.com\/avatar\/75b5925b5ca4f3df48f6bb05f81ad13dab8238efffb28bf26c5f1682dff96ea6?s=96&d=mm&r=g","url":"https:\/\/secure.gravatar.com\/avatar\/75b5925b5ca4f3df48f6bb05f81ad13dab8238efffb28bf26c5f1682dff96ea6?s=96&d=mm&r=g","contentUrl":"https:\/\/secure.gravatar.com\/avatar\/75b5925b5ca4f3df48f6bb05f81ad13dab8238efffb28bf26c5f1682dff96ea6?s=96&d=mm&r=g","caption":"svmep-webmaster"}}]}},"_links":{"self":[{"href":"https:\/\/sud.svmep.ch\/svmep\/wp-json\/wp\/v2\/posts\/2276","targetHints":{"allow":["GET"]}}],"collection":[{"href":"https:\/\/sud.svmep.ch\/svmep\/wp-json\/wp\/v2\/posts"}],"about":[{"href":"https:\/\/sud.svmep.ch\/svmep\/wp-json\/wp\/v2\/types\/post"}],"author":[{"embeddable":true,"href":"https:\/\/sud.svmep.ch\/svmep\/wp-json\/wp\/v2\/users\/4"}],"replies":[{"embeddable":true,"href":"https:\/\/sud.svmep.ch\/svmep\/wp-json\/wp\/v2\/comments?post=2276"}],"version-history":[{"count":0,"href":"https:\/\/sud.svmep.ch\/svmep\/wp-json\/wp\/v2\/posts\/2276\/revisions"}],"wp:featuredmedia":[{"embeddable":true,"href":"https:\/\/sud.svmep.ch\/svmep\/wp-json\/wp\/v2\/media\/1542"}],"wp:attachment":[{"href":"https:\/\/sud.svmep.ch\/svmep\/wp-json\/wp\/v2\/media?parent=2276"}],"wp:term":[{"taxonomy":"category","embeddable":true,"href":"https:\/\/sud.svmep.ch\/svmep\/wp-json\/wp\/v2\/categories?post=2276"},{"taxonomy":"post_tag","embeddable":true,"href":"https:\/\/sud.svmep.ch\/svmep\/wp-json\/wp\/v2\/tags?post=2276"}],"curies":[{"name":"wp","href":"https:\/\/api.w.org\/{rel}","templated":true}]}}