{"id":284,"date":"2014-12-17T18:34:23","date_gmt":"2014-12-17T17:34:23","guid":{"rendered":"http:\/\/sud.svmep.ch\/?p=284"},"modified":"2024-10-22T10:24:03","modified_gmt":"2024-10-22T09:24:03","slug":"evaluation-enseignant-e-s-les-eleves","status":"publish","type":"post","link":"https:\/\/sud.svmep.ch\/svmep\/evaluation-enseignant-e-s-les-eleves\/","title":{"rendered":"\u00c9valuation des enseignant-e-s par les \u00e9leves"},"content":{"rendered":"<div class=\"wp-block-post-date\"><time datetime=\"2014-12-17T18:34:23+01:00\">17 d\u00e9cembre 2014<\/time><\/div>\n\n<p>Comme vous le savez, les d\u00e9marches d\u2019\u00e9valuation des enseignant-e-s fleurissent et se multiplient. Beaucoup de monde est sur les rangs pour qualifier notre travail, le noter, le critiquer, mais pas tr\u00e8s souvent pour le reconna\u00eetre ni nous en remercier.<\/p>\n<p>Lisez <a href=\"http:\/\/sud.svmep.ch\/svmep\/wp-content\/uploads\/2014\/12\/2014-12-16-evaluation_enseignants.pdf\" target=\"_blank\" rel=\"noopener\">le courrier<\/a>\u00a0\u00a0que le SVMEP a\u00a0envoy\u00e9 \u00e0 la Chef de D\u00e9partement concernant \u00a0une inacceptable \u00e9valuation de notre travail par les \u00e9l\u00e8ves jointe \u00e0 une application arbitraire de l\u2019entretien d\u2019\u00e9valuation et des visites p\u00e9dagogiques. Certaines directions font d\u00e9cid\u00e9ment tout pour ne pas faire leur m\u00e9tier et ne pas prendre leurs responsabilit\u00e9s. Le SVMEP en tout cas prend les siennes pour faire retirer cette d\u00e9marche irrecevable.<\/p>","protected":false},"excerpt":{"rendered":"<p>17 d\u00e9cembre 2014 Comme vous le savez, les d\u00e9marches d\u2019\u00e9valuation des enseignant-e-s fleurissent et se multiplient. Beaucoup de monde est sur les rangs pour qualifier notre travail, le noter, le [&hellip;]<\/p>\n","protected":false},"author":2,"featured_media":0,"comment_status":"closed","ping_status":"closed","sticky":false,"template":"","format":"standard","meta":{"footnotes":""},"categories":[15,5],"tags":[45],"class_list":["post-284","post","type-post","status-publish","format-standard","hentry","category-evaluation-des-enseignant-e-s","category-sud-education","tag-enseignement"],"yoast_head":"<!-- This site is optimized with the Yoast SEO plugin v27.4 - https:\/\/yoast.com\/product\/yoast-seo-wordpress\/ -->\n<title>\u00c9valuation des enseignant-e-s par les \u00e9leves - svmep.ch<\/title>\n<meta name=\"robots\" content=\"index, follow, max-snippet:-1, max-image-preview:large, max-video-preview:-1\" \/>\n<link rel=\"canonical\" href=\"https:\/\/sud.svmep.ch\/svmep\/evaluation-enseignant-e-s-les-eleves\/\" \/>\n<meta property=\"og:locale\" content=\"fr_FR\" \/>\n<meta property=\"og:type\" content=\"article\" \/>\n<meta property=\"og:title\" content=\"\u00c9valuation des enseignant-e-s par les \u00e9leves - svmep.ch\" \/>\n<meta property=\"og:description\" content=\"17 d\u00e9cembre 2014 Comme vous le savez, les d\u00e9marches d\u2019\u00e9valuation des enseignant-e-s fleurissent et se multiplient. Beaucoup de monde est sur les rangs pour qualifier notre travail, le noter, le [&hellip;]\" \/>\n<meta property=\"og:url\" content=\"https:\/\/sud.svmep.ch\/svmep\/evaluation-enseignant-e-s-les-eleves\/\" \/>\n<meta property=\"og:site_name\" content=\"svmep.ch\" \/>\n<meta property=\"article:published_time\" content=\"2014-12-17T17:34:23+00:00\" \/>\n<meta property=\"article:modified_time\" content=\"2024-10-22T09:24:03+00:00\" \/>\n<meta name=\"twitter:card\" content=\"summary_large_image\" \/>\n<script type=\"application\/ld+json\" class=\"yoast-schema-graph\">{\"@context\":\"https:\\\/\\\/schema.org\",\"@graph\":[{\"@type\":\"Article\",\"@id\":\"https:\\\/\\\/sud.svmep.ch\\\/svmep\\\/evaluation-enseignant-e-s-les-eleves\\\/#article\",\"isPartOf\":{\"@id\":\"https:\\\/\\\/sud.svmep.ch\\\/svmep\\\/evaluation-enseignant-e-s-les-eleves\\\/\"},\"author\":{\"name\":\"\",\"@id\":\"\"},\"headline\":\"\u00c9valuation des enseignant-e-s par les \u00e9leves\",\"datePublished\":\"2014-12-17T17:34:23+00:00\",\"dateModified\":\"2024-10-22T09:24:03+00:00\",\"mainEntityOfPage\":{\"@id\":\"https:\\\/\\\/sud.svmep.ch\\\/svmep\\\/evaluation-enseignant-e-s-les-eleves\\\/\"},\"wordCount\":123,\"publisher\":{\"@id\":\"https:\\\/\\\/sud.svmep.ch\\\/svmep\\\/#organization\"},\"keywords\":[\"enseignement\"],\"articleSection\":[\"\u00c9valuation des enseignant.e.s\",\"SUD-\u00c9ducation\"],\"inLanguage\":\"fr-FR\"},{\"@type\":\"WebPage\",\"@id\":\"https:\\\/\\\/sud.svmep.ch\\\/svmep\\\/evaluation-enseignant-e-s-les-eleves\\\/\",\"url\":\"https:\\\/\\\/sud.svmep.ch\\\/svmep\\\/evaluation-enseignant-e-s-les-eleves\\\/\",\"name\":\"\u00c9valuation des enseignant-e-s par les \u00e9leves - svmep.ch\",\"isPartOf\":{\"@id\":\"https:\\\/\\\/sud.svmep.ch\\\/svmep\\\/#website\"},\"datePublished\":\"2014-12-17T17:34:23+00:00\",\"dateModified\":\"2024-10-22T09:24:03+00:00\",\"breadcrumb\":{\"@id\":\"https:\\\/\\\/sud.svmep.ch\\\/svmep\\\/evaluation-enseignant-e-s-les-eleves\\\/#breadcrumb\"},\"inLanguage\":\"fr-FR\",\"potentialAction\":[{\"@type\":\"ReadAction\",\"target\":[\"https:\\\/\\\/sud.svmep.ch\\\/svmep\\\/evaluation-enseignant-e-s-les-eleves\\\/\"]}]},{\"@type\":\"BreadcrumbList\",\"@id\":\"https:\\\/\\\/sud.svmep.ch\\\/svmep\\\/evaluation-enseignant-e-s-les-eleves\\\/#breadcrumb\",\"itemListElement\":[{\"@type\":\"ListItem\",\"position\":1,\"name\":\"Accueil\",\"item\":\"https:\\\/\\\/sud.svmep.ch\\\/svmep\\\/\"},{\"@type\":\"ListItem\",\"position\":2,\"name\":\"\u00c9valuation des enseignant.e.s\",\"item\":\"https:\\\/\\\/sud.svmep.ch\\\/svmep\\\/category\\\/evaluation-des-enseignant-e-s\\\/\"},{\"@type\":\"ListItem\",\"position\":3,\"name\":\"\u00c9valuation des enseignant-e-s par les \u00e9leves\"}]},{\"@type\":\"WebSite\",\"@id\":\"https:\\\/\\\/sud.svmep.ch\\\/svmep\\\/#website\",\"url\":\"https:\\\/\\\/sud.svmep.ch\\\/svmep\\\/\",\"name\":\"Syndicat vaudois des ma\u00eetres.ses de l'enseignement professionnel\",\"description\":\"\",\"publisher\":{\"@id\":\"https:\\\/\\\/sud.svmep.ch\\\/svmep\\\/#organization\"},\"alternateName\":\"SVMEP\",\"potentialAction\":[{\"@type\":\"SearchAction\",\"target\":{\"@type\":\"EntryPoint\",\"urlTemplate\":\"https:\\\/\\\/sud.svmep.ch\\\/svmep\\\/?s={search_term_string}\"},\"query-input\":{\"@type\":\"PropertyValueSpecification\",\"valueRequired\":true,\"valueName\":\"search_term_string\"}}],\"inLanguage\":\"fr-FR\"},{\"@type\":\"Organization\",\"@id\":\"https:\\\/\\\/sud.svmep.ch\\\/svmep\\\/#organization\",\"name\":\"Syndicat vaudois des ma\u00eetres.ses de l'enseignement professionnel SVMEP\",\"alternateName\":\"SVMEP\",\"url\":\"https:\\\/\\\/sud.svmep.ch\\\/svmep\\\/\",\"logo\":{\"@type\":\"ImageObject\",\"inLanguage\":\"fr-FR\",\"@id\":\"https:\\\/\\\/sud.svmep.ch\\\/svmep\\\/#\\\/schema\\\/logo\\\/image\\\/\",\"url\":\"https:\\\/\\\/sud.svmep.ch\\\/svmep\\\/wp-content\\\/uploads\\\/2024\\\/09\\\/svmep150x260.jpg\",\"contentUrl\":\"https:\\\/\\\/sud.svmep.ch\\\/svmep\\\/wp-content\\\/uploads\\\/2024\\\/09\\\/svmep150x260.jpg\",\"width\":226,\"height\":127,\"caption\":\"Syndicat vaudois des ma\u00eetres.ses de l'enseignement professionnel SVMEP\"},\"image\":{\"@id\":\"https:\\\/\\\/sud.svmep.ch\\\/svmep\\\/#\\\/schema\\\/logo\\\/image\\\/\"}},{\"@type\":\"Person\",\"@id\":\"\"}]}<\/script>\n<!-- \/ Yoast SEO plugin. -->","yoast_head_json":{"title":"\u00c9valuation des enseignant-e-s par les \u00e9leves - svmep.ch","robots":{"index":"index","follow":"follow","max-snippet":"max-snippet:-1","max-image-preview":"max-image-preview:large","max-video-preview":"max-video-preview:-1"},"canonical":"https:\/\/sud.svmep.ch\/svmep\/evaluation-enseignant-e-s-les-eleves\/","og_locale":"fr_FR","og_type":"article","og_title":"\u00c9valuation des enseignant-e-s par les \u00e9leves - svmep.ch","og_description":"17 d\u00e9cembre 2014 Comme vous le savez, les d\u00e9marches d\u2019\u00e9valuation des enseignant-e-s fleurissent et se multiplient. Beaucoup de monde est sur les rangs pour qualifier notre travail, le noter, le [&hellip;]","og_url":"https:\/\/sud.svmep.ch\/svmep\/evaluation-enseignant-e-s-les-eleves\/","og_site_name":"svmep.ch","article_published_time":"2014-12-17T17:34:23+00:00","article_modified_time":"2024-10-22T09:24:03+00:00","twitter_card":"summary_large_image","schema":{"@context":"https:\/\/schema.org","@graph":[{"@type":"Article","@id":"https:\/\/sud.svmep.ch\/svmep\/evaluation-enseignant-e-s-les-eleves\/#article","isPartOf":{"@id":"https:\/\/sud.svmep.ch\/svmep\/evaluation-enseignant-e-s-les-eleves\/"},"author":{"name":"","@id":""},"headline":"\u00c9valuation des enseignant-e-s par les \u00e9leves","datePublished":"2014-12-17T17:34:23+00:00","dateModified":"2024-10-22T09:24:03+00:00","mainEntityOfPage":{"@id":"https:\/\/sud.svmep.ch\/svmep\/evaluation-enseignant-e-s-les-eleves\/"},"wordCount":123,"publisher":{"@id":"https:\/\/sud.svmep.ch\/svmep\/#organization"},"keywords":["enseignement"],"articleSection":["\u00c9valuation des enseignant.e.s","SUD-\u00c9ducation"],"inLanguage":"fr-FR"},{"@type":"WebPage","@id":"https:\/\/sud.svmep.ch\/svmep\/evaluation-enseignant-e-s-les-eleves\/","url":"https:\/\/sud.svmep.ch\/svmep\/evaluation-enseignant-e-s-les-eleves\/","name":"\u00c9valuation des enseignant-e-s par les \u00e9leves - svmep.ch","isPartOf":{"@id":"https:\/\/sud.svmep.ch\/svmep\/#website"},"datePublished":"2014-12-17T17:34:23+00:00","dateModified":"2024-10-22T09:24:03+00:00","breadcrumb":{"@id":"https:\/\/sud.svmep.ch\/svmep\/evaluation-enseignant-e-s-les-eleves\/#breadcrumb"},"inLanguage":"fr-FR","potentialAction":[{"@type":"ReadAction","target":["https:\/\/sud.svmep.ch\/svmep\/evaluation-enseignant-e-s-les-eleves\/"]}]},{"@type":"BreadcrumbList","@id":"https:\/\/sud.svmep.ch\/svmep\/evaluation-enseignant-e-s-les-eleves\/#breadcrumb","itemListElement":[{"@type":"ListItem","position":1,"name":"Accueil","item":"https:\/\/sud.svmep.ch\/svmep\/"},{"@type":"ListItem","position":2,"name":"\u00c9valuation des enseignant.e.s","item":"https:\/\/sud.svmep.ch\/svmep\/category\/evaluation-des-enseignant-e-s\/"},{"@type":"ListItem","position":3,"name":"\u00c9valuation des enseignant-e-s par les \u00e9leves"}]},{"@type":"WebSite","@id":"https:\/\/sud.svmep.ch\/svmep\/#website","url":"https:\/\/sud.svmep.ch\/svmep\/","name":"Syndicat vaudois des ma\u00eetres.ses de l'enseignement professionnel","description":"","publisher":{"@id":"https:\/\/sud.svmep.ch\/svmep\/#organization"},"alternateName":"SVMEP","potentialAction":[{"@type":"SearchAction","target":{"@type":"EntryPoint","urlTemplate":"https:\/\/sud.svmep.ch\/svmep\/?s={search_term_string}"},"query-input":{"@type":"PropertyValueSpecification","valueRequired":true,"valueName":"search_term_string"}}],"inLanguage":"fr-FR"},{"@type":"Organization","@id":"https:\/\/sud.svmep.ch\/svmep\/#organization","name":"Syndicat vaudois des ma\u00eetres.ses de l'enseignement professionnel SVMEP","alternateName":"SVMEP","url":"https:\/\/sud.svmep.ch\/svmep\/","logo":{"@type":"ImageObject","inLanguage":"fr-FR","@id":"https:\/\/sud.svmep.ch\/svmep\/#\/schema\/logo\/image\/","url":"https:\/\/sud.svmep.ch\/svmep\/wp-content\/uploads\/2024\/09\/svmep150x260.jpg","contentUrl":"https:\/\/sud.svmep.ch\/svmep\/wp-content\/uploads\/2024\/09\/svmep150x260.jpg","width":226,"height":127,"caption":"Syndicat vaudois des ma\u00eetres.ses de l'enseignement professionnel SVMEP"},"image":{"@id":"https:\/\/sud.svmep.ch\/svmep\/#\/schema\/logo\/image\/"}},{"@type":"Person","@id":""}]}},"_links":{"self":[{"href":"https:\/\/sud.svmep.ch\/svmep\/wp-json\/wp\/v2\/posts\/284","targetHints":{"allow":["GET"]}}],"collection":[{"href":"https:\/\/sud.svmep.ch\/svmep\/wp-json\/wp\/v2\/posts"}],"about":[{"href":"https:\/\/sud.svmep.ch\/svmep\/wp-json\/wp\/v2\/types\/post"}],"author":[{"embeddable":true,"href":"https:\/\/sud.svmep.ch\/svmep\/wp-json\/wp\/v2\/users\/2"}],"replies":[{"embeddable":true,"href":"https:\/\/sud.svmep.ch\/svmep\/wp-json\/wp\/v2\/comments?post=284"}],"version-history":[{"count":0,"href":"https:\/\/sud.svmep.ch\/svmep\/wp-json\/wp\/v2\/posts\/284\/revisions"}],"wp:attachment":[{"href":"https:\/\/sud.svmep.ch\/svmep\/wp-json\/wp\/v2\/media?parent=284"}],"wp:term":[{"taxonomy":"category","embeddable":true,"href":"https:\/\/sud.svmep.ch\/svmep\/wp-json\/wp\/v2\/categories?post=284"},{"taxonomy":"post_tag","embeddable":true,"href":"https:\/\/sud.svmep.ch\/svmep\/wp-json\/wp\/v2\/tags?post=284"}],"curies":[{"name":"wp","href":"https:\/\/api.w.org\/{rel}","templated":true}]}}