{"id":294,"date":"2015-02-26T17:16:20","date_gmt":"2015-02-26T16:16:20","guid":{"rendered":"http:\/\/sud.svmep.ch\/?p=294"},"modified":"2025-09-21T17:39:11","modified_gmt":"2025-09-21T16:39:11","slug":"responsabilites-des-enseignant-e-s-cadre-legal-idees-preconcues-et-realite","status":"publish","type":"post","link":"https:\/\/sud.svmep.ch\/svmep\/responsabilites-des-enseignant-e-s-cadre-legal-idees-preconcues-et-realite\/","title":{"rendered":"Responsabilit\u00e9s des enseignant.e.s : cadre l\u00e9gal, id\u00e9es pr\u00e9con\u00e7ues et r\u00e9alit\u00e9"},"content":{"rendered":"<p><strong>\u00c0 chaque nouvel \u00e9v\u00e8nement tragique, le dernier en date \u00e9tant celui du voyage d\u2019\u00e9tude des classes de l\u2019Elys\u00e9e \u00e0 Rome, la question tr\u00e8s sensible de la responsabilit\u00e9 des enseignant.e.s refait surface.<\/strong> En amont, nos comit\u00e9s sont r\u00e9guli\u00e8rement saisis de questions relatives aux obligations professionnelles en rapport avec des activit\u00e9s hors des b\u00e2timents scolaires, mais \u00e9galement \u00e0 l\u2019int\u00e9rieur de ceux-ci (par exemple, devant les comportements dangereux qu\u2019il arrive \u00e0 certains \u00e9l\u00e8ves d\u2019adopter).<\/p>\n<p>Pour vous informer et en discuter, les organisations de SUD-\u00c9ducation (AVMG, EAV, SVMEP et SVMS) vous invitent \u00e0 une soir\u00e9e le<\/p>\n<p style=\"text-align: center;\"><strong>mercredi 18 mars 2015, de 18h \u00e0 20h<\/strong><br \/>\n<strong>\u00e0 la salle Jean-Villard Gilles de la Maison du Peuple<\/strong><br \/>\nplace Chauderon 5, \u00e0 Lausanne<\/p>\n<p>Vous pourrez assister \u00e0 une pr\u00e9sentation assur\u00e9e par M<sup>e<\/sup> Christophe Tafelmacher et M<sup>e<\/sup> Yann Vincze, avocats \u00e0 Lausanne, avec qui nous collaborons r\u00e9guli\u00e8rement.<\/p>\n<p><strong>Sommaire de la pr\u00e9sentation<\/strong><\/p>\n<p style=\"padding-left: 30px;\">1. Diff\u00e9rents types de responsabilit\u00e9\u00a0: a) Responsabilit\u00e9 p\u00e9nale, b) Responsabilit\u00e9 civile, c) Responsabilit\u00e9 administrative, d) Responsabilit\u00e9 de l\u2019employeur \/ la direction<\/p>\n<p style=\"padding-left: 30px;\">2. Examen de quelques activit\u00e9s sp\u00e9cifiques\u00a0: a) Camps \/ sorties, b) Activit\u00e9s sportives, c) Ateliers<\/p>\n<p style=\"padding-left: 30px;\">3. Droit de retrait<\/p>\n<p style=\"padding-left: 30px;\">4. Quelques cas particuliers\u00a0: a) Risque de suicide, b) El\u00e8ve victime de violence, c) El\u00e8ve bless\u00e9 \/ malade \/ incarc\u00e9r\u00e9 durant un camp, d) Passage de fronti\u00e8re, e) Objets illicites, f) Hors de l\u2019\u00e9cole, g) Transports, j) Internet<\/p>\n<p>Une place sera laiss\u00e9e aux questions.<\/p>\n<p>Cette soir\u00e9e est r\u00e9serv\u00e9e aux membres. Vous \u00eates pri\u00e9-e-s de vous inscrire par mail \u00e0 <a href=\"mailto:info@svms.ch\">info@svms.ch<\/a> ou au 021 616 19 93 en indiquant \u00e0 quelle organisation vous \u00eates affili\u00e9.e.s.<\/p>\n<p>Possibilit\u00e9 pour des personnes int\u00e9ress\u00e9es par le sujet mais encore non-membres d&rsquo;adh\u00e9rer sur place.<\/p>\n<p>Au plaisir de vous rencontrer,<\/p>\n<p>SUD-\u00c9ducation<\/p>\n<p><strong>\u00a0<\/strong><\/p>\n","protected":false},"excerpt":{"rendered":"<p>\u00c0 chaque nouvel \u00e9v\u00e8nement tragique, le dernier en date \u00e9tant celui du voyage d\u2019\u00e9tude des classes de l\u2019Elys\u00e9e \u00e0 Rome, la question tr\u00e8s sensible de la responsabilit\u00e9 des enseignant.e.s refait [&hellip;]<\/p>\n","protected":false},"author":2,"featured_media":1542,"comment_status":"closed","ping_status":"closed","sticky":false,"template":"","format":"standard","meta":{"footnotes":""},"categories":[5],"tags":[26],"class_list":["post-294","post","type-post","status-publish","format-standard","has-post-thumbnail","hentry","category-sud-education","tag-lois-et-reglements"],"yoast_head":"<!-- This site is optimized with the Yoast SEO plugin v27.4 - https:\/\/yoast.com\/product\/yoast-seo-wordpress\/ -->\n<title>Responsabilit\u00e9s des enseignant.e.s : cadre l\u00e9gal, id\u00e9es pr\u00e9con\u00e7ues et r\u00e9alit\u00e9 - svmep.ch<\/title>\n<meta name=\"description\" content=\"Soir\u00e9e d&#039;information de SUD-\u00c9ducation sur la responsabilit\u00e9 des enseignants : cadre l\u00e9gal, id\u00e9es pr\u00e9con\u00e7ues et r\u00e9alit\u00e9.\" \/>\n<meta name=\"robots\" content=\"index, follow, max-snippet:-1, max-image-preview:large, max-video-preview:-1\" \/>\n<link rel=\"canonical\" href=\"https:\/\/sud.svmep.ch\/svmep\/responsabilites-des-enseignant-e-s-cadre-legal-idees-preconcues-et-realite\/\" \/>\n<meta property=\"og:locale\" content=\"fr_FR\" \/>\n<meta property=\"og:type\" content=\"article\" \/>\n<meta property=\"og:title\" content=\"Responsabilit\u00e9s des enseignant.e.s : cadre l\u00e9gal, id\u00e9es pr\u00e9con\u00e7ues et r\u00e9alit\u00e9 - svmep.ch\" \/>\n<meta property=\"og:description\" content=\"Soir\u00e9e d&#039;information de SUD-\u00c9ducation sur la responsabilit\u00e9 des enseignants : cadre l\u00e9gal, id\u00e9es pr\u00e9con\u00e7ues et r\u00e9alit\u00e9.\" \/>\n<meta property=\"og:url\" content=\"https:\/\/sud.svmep.ch\/svmep\/responsabilites-des-enseignant-e-s-cadre-legal-idees-preconcues-et-realite\/\" \/>\n<meta property=\"og:site_name\" content=\"svmep.ch\" \/>\n<meta property=\"article:published_time\" content=\"2015-02-26T16:16:20+00:00\" \/>\n<meta property=\"article:modified_time\" content=\"2025-09-21T16:39:11+00:00\" \/>\n<meta property=\"og:image\" content=\"https:\/\/sud.svmep.ch\/svmep\/wp-content\/uploads\/2024\/11\/logo_SUD-educ-copie.png\" \/>\n\t<meta property=\"og:image:width\" content=\"212\" \/>\n\t<meta property=\"og:image:height\" content=\"211\" \/>\n\t<meta property=\"og:image:type\" content=\"image\/png\" \/>\n<meta name=\"twitter:card\" content=\"summary_large_image\" \/>\n<script type=\"application\/ld+json\" class=\"yoast-schema-graph\">{\"@context\":\"https:\\\/\\\/schema.org\",\"@graph\":[{\"@type\":\"Article\",\"@id\":\"https:\\\/\\\/sud.svmep.ch\\\/svmep\\\/responsabilites-des-enseignant-e-s-cadre-legal-idees-preconcues-et-realite\\\/#article\",\"isPartOf\":{\"@id\":\"https:\\\/\\\/sud.svmep.ch\\\/svmep\\\/responsabilites-des-enseignant-e-s-cadre-legal-idees-preconcues-et-realite\\\/\"},\"author\":{\"name\":\"\",\"@id\":\"\"},\"headline\":\"Responsabilit\u00e9s des enseignant.e.s : cadre l\u00e9gal, id\u00e9es pr\u00e9con\u00e7ues et r\u00e9alit\u00e9\",\"datePublished\":\"2015-02-26T16:16:20+00:00\",\"dateModified\":\"2025-09-21T16:39:11+00:00\",\"mainEntityOfPage\":{\"@id\":\"https:\\\/\\\/sud.svmep.ch\\\/svmep\\\/responsabilites-des-enseignant-e-s-cadre-legal-idees-preconcues-et-realite\\\/\"},\"wordCount\":314,\"publisher\":{\"@id\":\"https:\\\/\\\/sud.svmep.ch\\\/svmep\\\/#organization\"},\"image\":{\"@id\":\"https:\\\/\\\/sud.svmep.ch\\\/svmep\\\/responsabilites-des-enseignant-e-s-cadre-legal-idees-preconcues-et-realite\\\/#primaryimage\"},\"thumbnailUrl\":\"https:\\\/\\\/sud.svmep.ch\\\/svmep\\\/wp-content\\\/uploads\\\/2024\\\/11\\\/logo_SUD-educ-copie.png\",\"keywords\":[\"lois et r\u00e8glements\"],\"articleSection\":[\"SUD-\u00c9ducation\"],\"inLanguage\":\"fr-FR\"},{\"@type\":\"WebPage\",\"@id\":\"https:\\\/\\\/sud.svmep.ch\\\/svmep\\\/responsabilites-des-enseignant-e-s-cadre-legal-idees-preconcues-et-realite\\\/\",\"url\":\"https:\\\/\\\/sud.svmep.ch\\\/svmep\\\/responsabilites-des-enseignant-e-s-cadre-legal-idees-preconcues-et-realite\\\/\",\"name\":\"Responsabilit\u00e9s des enseignant.e.s : cadre l\u00e9gal, id\u00e9es pr\u00e9con\u00e7ues et r\u00e9alit\u00e9 - svmep.ch\",\"isPartOf\":{\"@id\":\"https:\\\/\\\/sud.svmep.ch\\\/svmep\\\/#website\"},\"primaryImageOfPage\":{\"@id\":\"https:\\\/\\\/sud.svmep.ch\\\/svmep\\\/responsabilites-des-enseignant-e-s-cadre-legal-idees-preconcues-et-realite\\\/#primaryimage\"},\"image\":{\"@id\":\"https:\\\/\\\/sud.svmep.ch\\\/svmep\\\/responsabilites-des-enseignant-e-s-cadre-legal-idees-preconcues-et-realite\\\/#primaryimage\"},\"thumbnailUrl\":\"https:\\\/\\\/sud.svmep.ch\\\/svmep\\\/wp-content\\\/uploads\\\/2024\\\/11\\\/logo_SUD-educ-copie.png\",\"datePublished\":\"2015-02-26T16:16:20+00:00\",\"dateModified\":\"2025-09-21T16:39:11+00:00\",\"description\":\"Soir\u00e9e d'information de SUD-\u00c9ducation sur la responsabilit\u00e9 des enseignants : cadre l\u00e9gal, id\u00e9es pr\u00e9con\u00e7ues et r\u00e9alit\u00e9.\",\"breadcrumb\":{\"@id\":\"https:\\\/\\\/sud.svmep.ch\\\/svmep\\\/responsabilites-des-enseignant-e-s-cadre-legal-idees-preconcues-et-realite\\\/#breadcrumb\"},\"inLanguage\":\"fr-FR\",\"potentialAction\":[{\"@type\":\"ReadAction\",\"target\":[\"https:\\\/\\\/sud.svmep.ch\\\/svmep\\\/responsabilites-des-enseignant-e-s-cadre-legal-idees-preconcues-et-realite\\\/\"]}]},{\"@type\":\"ImageObject\",\"inLanguage\":\"fr-FR\",\"@id\":\"https:\\\/\\\/sud.svmep.ch\\\/svmep\\\/responsabilites-des-enseignant-e-s-cadre-legal-idees-preconcues-et-realite\\\/#primaryimage\",\"url\":\"https:\\\/\\\/sud.svmep.ch\\\/svmep\\\/wp-content\\\/uploads\\\/2024\\\/11\\\/logo_SUD-educ-copie.png\",\"contentUrl\":\"https:\\\/\\\/sud.svmep.ch\\\/svmep\\\/wp-content\\\/uploads\\\/2024\\\/11\\\/logo_SUD-educ-copie.png\",\"width\":212,\"height\":211},{\"@type\":\"BreadcrumbList\",\"@id\":\"https:\\\/\\\/sud.svmep.ch\\\/svmep\\\/responsabilites-des-enseignant-e-s-cadre-legal-idees-preconcues-et-realite\\\/#breadcrumb\",\"itemListElement\":[{\"@type\":\"ListItem\",\"position\":1,\"name\":\"Accueil\",\"item\":\"https:\\\/\\\/sud.svmep.ch\\\/svmep\\\/\"},{\"@type\":\"ListItem\",\"position\":2,\"name\":\"SUD-\u00c9ducation\",\"item\":\"https:\\\/\\\/sud.svmep.ch\\\/svmep\\\/category\\\/sud-education\\\/\"},{\"@type\":\"ListItem\",\"position\":3,\"name\":\"Responsabilit\u00e9s des enseignant.e.s : cadre l\u00e9gal, id\u00e9es pr\u00e9con\u00e7ues et r\u00e9alit\u00e9\"}]},{\"@type\":\"WebSite\",\"@id\":\"https:\\\/\\\/sud.svmep.ch\\\/svmep\\\/#website\",\"url\":\"https:\\\/\\\/sud.svmep.ch\\\/svmep\\\/\",\"name\":\"Syndicat vaudois des ma\u00eetres.ses de l'enseignement professionnel\",\"description\":\"\",\"publisher\":{\"@id\":\"https:\\\/\\\/sud.svmep.ch\\\/svmep\\\/#organization\"},\"alternateName\":\"SVMEP\",\"potentialAction\":[{\"@type\":\"SearchAction\",\"target\":{\"@type\":\"EntryPoint\",\"urlTemplate\":\"https:\\\/\\\/sud.svmep.ch\\\/svmep\\\/?s={search_term_string}\"},\"query-input\":{\"@type\":\"PropertyValueSpecification\",\"valueRequired\":true,\"valueName\":\"search_term_string\"}}],\"inLanguage\":\"fr-FR\"},{\"@type\":\"Organization\",\"@id\":\"https:\\\/\\\/sud.svmep.ch\\\/svmep\\\/#organization\",\"name\":\"Syndicat vaudois des ma\u00eetres.ses de l'enseignement professionnel SVMEP\",\"alternateName\":\"SVMEP\",\"url\":\"https:\\\/\\\/sud.svmep.ch\\\/svmep\\\/\",\"logo\":{\"@type\":\"ImageObject\",\"inLanguage\":\"fr-FR\",\"@id\":\"https:\\\/\\\/sud.svmep.ch\\\/svmep\\\/#\\\/schema\\\/logo\\\/image\\\/\",\"url\":\"https:\\\/\\\/sud.svmep.ch\\\/svmep\\\/wp-content\\\/uploads\\\/2024\\\/09\\\/svmep150x260.jpg\",\"contentUrl\":\"https:\\\/\\\/sud.svmep.ch\\\/svmep\\\/wp-content\\\/uploads\\\/2024\\\/09\\\/svmep150x260.jpg\",\"width\":226,\"height\":127,\"caption\":\"Syndicat vaudois des ma\u00eetres.ses de l'enseignement professionnel SVMEP\"},\"image\":{\"@id\":\"https:\\\/\\\/sud.svmep.ch\\\/svmep\\\/#\\\/schema\\\/logo\\\/image\\\/\"}},{\"@type\":\"Person\",\"@id\":\"\"}]}<\/script>\n<!-- \/ Yoast SEO plugin. -->","yoast_head_json":{"title":"Responsabilit\u00e9s des enseignant.e.s : cadre l\u00e9gal, id\u00e9es pr\u00e9con\u00e7ues et r\u00e9alit\u00e9 - svmep.ch","description":"Soir\u00e9e d'information de SUD-\u00c9ducation sur la responsabilit\u00e9 des enseignants : cadre l\u00e9gal, id\u00e9es pr\u00e9con\u00e7ues et r\u00e9alit\u00e9.","robots":{"index":"index","follow":"follow","max-snippet":"max-snippet:-1","max-image-preview":"max-image-preview:large","max-video-preview":"max-video-preview:-1"},"canonical":"https:\/\/sud.svmep.ch\/svmep\/responsabilites-des-enseignant-e-s-cadre-legal-idees-preconcues-et-realite\/","og_locale":"fr_FR","og_type":"article","og_title":"Responsabilit\u00e9s des enseignant.e.s : cadre l\u00e9gal, id\u00e9es pr\u00e9con\u00e7ues et r\u00e9alit\u00e9 - svmep.ch","og_description":"Soir\u00e9e d'information de SUD-\u00c9ducation sur la responsabilit\u00e9 des enseignants : cadre l\u00e9gal, id\u00e9es pr\u00e9con\u00e7ues et r\u00e9alit\u00e9.","og_url":"https:\/\/sud.svmep.ch\/svmep\/responsabilites-des-enseignant-e-s-cadre-legal-idees-preconcues-et-realite\/","og_site_name":"svmep.ch","article_published_time":"2015-02-26T16:16:20+00:00","article_modified_time":"2025-09-21T16:39:11+00:00","og_image":[{"width":212,"height":211,"url":"https:\/\/sud.svmep.ch\/svmep\/wp-content\/uploads\/2024\/11\/logo_SUD-educ-copie.png","type":"image\/png"}],"twitter_card":"summary_large_image","schema":{"@context":"https:\/\/schema.org","@graph":[{"@type":"Article","@id":"https:\/\/sud.svmep.ch\/svmep\/responsabilites-des-enseignant-e-s-cadre-legal-idees-preconcues-et-realite\/#article","isPartOf":{"@id":"https:\/\/sud.svmep.ch\/svmep\/responsabilites-des-enseignant-e-s-cadre-legal-idees-preconcues-et-realite\/"},"author":{"name":"","@id":""},"headline":"Responsabilit\u00e9s des enseignant.e.s : cadre l\u00e9gal, id\u00e9es pr\u00e9con\u00e7ues et r\u00e9alit\u00e9","datePublished":"2015-02-26T16:16:20+00:00","dateModified":"2025-09-21T16:39:11+00:00","mainEntityOfPage":{"@id":"https:\/\/sud.svmep.ch\/svmep\/responsabilites-des-enseignant-e-s-cadre-legal-idees-preconcues-et-realite\/"},"wordCount":314,"publisher":{"@id":"https:\/\/sud.svmep.ch\/svmep\/#organization"},"image":{"@id":"https:\/\/sud.svmep.ch\/svmep\/responsabilites-des-enseignant-e-s-cadre-legal-idees-preconcues-et-realite\/#primaryimage"},"thumbnailUrl":"https:\/\/sud.svmep.ch\/svmep\/wp-content\/uploads\/2024\/11\/logo_SUD-educ-copie.png","keywords":["lois et r\u00e8glements"],"articleSection":["SUD-\u00c9ducation"],"inLanguage":"fr-FR"},{"@type":"WebPage","@id":"https:\/\/sud.svmep.ch\/svmep\/responsabilites-des-enseignant-e-s-cadre-legal-idees-preconcues-et-realite\/","url":"https:\/\/sud.svmep.ch\/svmep\/responsabilites-des-enseignant-e-s-cadre-legal-idees-preconcues-et-realite\/","name":"Responsabilit\u00e9s des enseignant.e.s : cadre l\u00e9gal, id\u00e9es pr\u00e9con\u00e7ues et r\u00e9alit\u00e9 - svmep.ch","isPartOf":{"@id":"https:\/\/sud.svmep.ch\/svmep\/#website"},"primaryImageOfPage":{"@id":"https:\/\/sud.svmep.ch\/svmep\/responsabilites-des-enseignant-e-s-cadre-legal-idees-preconcues-et-realite\/#primaryimage"},"image":{"@id":"https:\/\/sud.svmep.ch\/svmep\/responsabilites-des-enseignant-e-s-cadre-legal-idees-preconcues-et-realite\/#primaryimage"},"thumbnailUrl":"https:\/\/sud.svmep.ch\/svmep\/wp-content\/uploads\/2024\/11\/logo_SUD-educ-copie.png","datePublished":"2015-02-26T16:16:20+00:00","dateModified":"2025-09-21T16:39:11+00:00","description":"Soir\u00e9e d'information de SUD-\u00c9ducation sur la responsabilit\u00e9 des enseignants : cadre l\u00e9gal, id\u00e9es pr\u00e9con\u00e7ues et r\u00e9alit\u00e9.","breadcrumb":{"@id":"https:\/\/sud.svmep.ch\/svmep\/responsabilites-des-enseignant-e-s-cadre-legal-idees-preconcues-et-realite\/#breadcrumb"},"inLanguage":"fr-FR","potentialAction":[{"@type":"ReadAction","target":["https:\/\/sud.svmep.ch\/svmep\/responsabilites-des-enseignant-e-s-cadre-legal-idees-preconcues-et-realite\/"]}]},{"@type":"ImageObject","inLanguage":"fr-FR","@id":"https:\/\/sud.svmep.ch\/svmep\/responsabilites-des-enseignant-e-s-cadre-legal-idees-preconcues-et-realite\/#primaryimage","url":"https:\/\/sud.svmep.ch\/svmep\/wp-content\/uploads\/2024\/11\/logo_SUD-educ-copie.png","contentUrl":"https:\/\/sud.svmep.ch\/svmep\/wp-content\/uploads\/2024\/11\/logo_SUD-educ-copie.png","width":212,"height":211},{"@type":"BreadcrumbList","@id":"https:\/\/sud.svmep.ch\/svmep\/responsabilites-des-enseignant-e-s-cadre-legal-idees-preconcues-et-realite\/#breadcrumb","itemListElement":[{"@type":"ListItem","position":1,"name":"Accueil","item":"https:\/\/sud.svmep.ch\/svmep\/"},{"@type":"ListItem","position":2,"name":"SUD-\u00c9ducation","item":"https:\/\/sud.svmep.ch\/svmep\/category\/sud-education\/"},{"@type":"ListItem","position":3,"name":"Responsabilit\u00e9s des enseignant.e.s : cadre l\u00e9gal, id\u00e9es pr\u00e9con\u00e7ues et r\u00e9alit\u00e9"}]},{"@type":"WebSite","@id":"https:\/\/sud.svmep.ch\/svmep\/#website","url":"https:\/\/sud.svmep.ch\/svmep\/","name":"Syndicat vaudois des ma\u00eetres.ses de l'enseignement professionnel","description":"","publisher":{"@id":"https:\/\/sud.svmep.ch\/svmep\/#organization"},"alternateName":"SVMEP","potentialAction":[{"@type":"SearchAction","target":{"@type":"EntryPoint","urlTemplate":"https:\/\/sud.svmep.ch\/svmep\/?s={search_term_string}"},"query-input":{"@type":"PropertyValueSpecification","valueRequired":true,"valueName":"search_term_string"}}],"inLanguage":"fr-FR"},{"@type":"Organization","@id":"https:\/\/sud.svmep.ch\/svmep\/#organization","name":"Syndicat vaudois des ma\u00eetres.ses de l'enseignement professionnel SVMEP","alternateName":"SVMEP","url":"https:\/\/sud.svmep.ch\/svmep\/","logo":{"@type":"ImageObject","inLanguage":"fr-FR","@id":"https:\/\/sud.svmep.ch\/svmep\/#\/schema\/logo\/image\/","url":"https:\/\/sud.svmep.ch\/svmep\/wp-content\/uploads\/2024\/09\/svmep150x260.jpg","contentUrl":"https:\/\/sud.svmep.ch\/svmep\/wp-content\/uploads\/2024\/09\/svmep150x260.jpg","width":226,"height":127,"caption":"Syndicat vaudois des ma\u00eetres.ses de l'enseignement professionnel SVMEP"},"image":{"@id":"https:\/\/sud.svmep.ch\/svmep\/#\/schema\/logo\/image\/"}},{"@type":"Person","@id":""}]}},"_links":{"self":[{"href":"https:\/\/sud.svmep.ch\/svmep\/wp-json\/wp\/v2\/posts\/294","targetHints":{"allow":["GET"]}}],"collection":[{"href":"https:\/\/sud.svmep.ch\/svmep\/wp-json\/wp\/v2\/posts"}],"about":[{"href":"https:\/\/sud.svmep.ch\/svmep\/wp-json\/wp\/v2\/types\/post"}],"author":[{"embeddable":true,"href":"https:\/\/sud.svmep.ch\/svmep\/wp-json\/wp\/v2\/users\/2"}],"replies":[{"embeddable":true,"href":"https:\/\/sud.svmep.ch\/svmep\/wp-json\/wp\/v2\/comments?post=294"}],"version-history":[{"count":0,"href":"https:\/\/sud.svmep.ch\/svmep\/wp-json\/wp\/v2\/posts\/294\/revisions"}],"wp:featuredmedia":[{"embeddable":true,"href":"https:\/\/sud.svmep.ch\/svmep\/wp-json\/wp\/v2\/media\/1542"}],"wp:attachment":[{"href":"https:\/\/sud.svmep.ch\/svmep\/wp-json\/wp\/v2\/media?parent=294"}],"wp:term":[{"taxonomy":"category","embeddable":true,"href":"https:\/\/sud.svmep.ch\/svmep\/wp-json\/wp\/v2\/categories?post=294"},{"taxonomy":"post_tag","embeddable":true,"href":"https:\/\/sud.svmep.ch\/svmep\/wp-json\/wp\/v2\/tags?post=294"}],"curies":[{"name":"wp","href":"https:\/\/api.w.org\/{rel}","templated":true}]}}