{"id":302,"date":"2015-03-02T20:23:19","date_gmt":"2015-03-02T19:23:19","guid":{"rendered":"http:\/\/sud.svmep.ch\/?p=302"},"modified":"2025-02-08T09:49:11","modified_gmt":"2025-02-08T08:49:11","slug":"charte-informatique","status":"publish","type":"post","link":"https:\/\/sud.svmep.ch\/svmep\/charte-informatique\/","title":{"rendered":"Charte informatique inqui\u00e9tante"},"content":{"rendered":"<div class=\"wp-block-post-date\"><time datetime=\"2015-03-02T20:23:19+01:00\">2 mars 2015<\/time><\/div>\n\n<p>Ch\u00e8res et chers coll\u00e8gues,<\/p>\n<p style=\"text-align: justify;\">Une charte informatique hautement probl\u00e9matique circule dans plusieurs \u00e9coles professionnelles et gymnases du canton. Cette charte informatique provient de l&rsquo;USIP (Unit\u00e9 de Service Informatique P\u00e9dagogique). Nous l&rsquo;avons faite expertiser par la pr\u00e9pos\u00e9e cantonale \u00e0 la protection des donn\u00e9es qui confirme nos craintes. En effet, <strong>cette charte permettrait des contr\u00f4les illicites et une surveillance excessive des collaborateurs<\/strong>. Ainsi, cette charte nourrit chez nous de s\u00e9rieuses inqui\u00e9tudes quant au respect de nos libert\u00e9s individuelles fondamentales et au pouvoir que conf\u00e8re ce document \u00e0 la hi\u00e9rarchie administrative.<\/p>\n<div>\n<p>Sur ce sujet, voici la lettre que nous avons envoy\u00e9e \u00e0 M. Bez, Directeur g\u00e9n\u00e9ral de l&rsquo;enseignement postobligatoire :<\/p>\n<\/div>\n\n\n<div data-wp-interactive=\"core\/file\" class=\"wp-block-file\"><object data-wp-bind--hidden=\"!state.hasPdfPreview\" hidden class=\"wp-block-file__embed\" data=\"https:\/\/sud.svmep.ch\/svmep\/wp-content\/uploads\/2015\/03\/lettre-Bez-charte-info.pdf\" type=\"application\/pdf\" style=\"width:100%;height:600px\" aria-label=\"Contenu embarqu\u00e9 Charte info - lettre \u00e0 la DGEP.\"><\/object><a id=\"wp-block-file--media-f717c365-03e2-4231-9fe1-bb47db55d9dc\" href=\"https:\/\/sud.svmep.ch\/svmep\/wp-content\/uploads\/2015\/03\/lettre-Bez-charte-info.pdf\" target=\"_blank\" rel=\"noreferrer noopener\">Charte info &#8211; lettre \u00e0 la DGEP<\/a><a href=\"https:\/\/sud.svmep.ch\/svmep\/wp-content\/uploads\/2015\/03\/lettre-Bez-charte-info.pdf\" class=\"wp-block-file__button wp-element-button\" download aria-describedby=\"wp-block-file--media-f717c365-03e2-4231-9fe1-bb47db55d9dc\">T\u00e9l\u00e9charger<\/a><\/div>\n","protected":false},"excerpt":{"rendered":"<p>2 mars 2015 Ch\u00e8res et chers coll\u00e8gues, Une charte informatique hautement probl\u00e9matique circule dans plusieurs \u00e9coles professionnelles et gymnases du canton. Cette charte informatique provient de l&rsquo;USIP (Unit\u00e9 de Service [&hellip;]<\/p>\n","protected":false},"author":2,"featured_media":1904,"comment_status":"closed","ping_status":"closed","sticky":false,"template":"","format":"standard","meta":{"footnotes":""},"categories":[5],"tags":[27],"class_list":["post-302","post","type-post","status-publish","format-standard","has-post-thumbnail","hentry","category-sud-education","tag-numerique"],"yoast_head":"<!-- This site is optimized with the Yoast SEO plugin v27.4 - https:\/\/yoast.com\/product\/yoast-seo-wordpress\/ -->\n<title>Charte informatique inqui\u00e9tante - svmep.ch<\/title>\n<meta name=\"robots\" content=\"index, follow, max-snippet:-1, max-image-preview:large, max-video-preview:-1\" \/>\n<link rel=\"canonical\" href=\"https:\/\/sud.svmep.ch\/svmep\/charte-informatique\/\" \/>\n<meta property=\"og:locale\" content=\"fr_FR\" \/>\n<meta property=\"og:type\" content=\"article\" \/>\n<meta property=\"og:title\" content=\"Charte informatique inqui\u00e9tante - svmep.ch\" \/>\n<meta property=\"og:description\" content=\"2 mars 2015 Ch\u00e8res et chers coll\u00e8gues, Une charte informatique hautement probl\u00e9matique circule dans plusieurs \u00e9coles professionnelles et gymnases du canton. Cette charte informatique provient de l&rsquo;USIP (Unit\u00e9 de Service [&hellip;]\" \/>\n<meta property=\"og:url\" content=\"https:\/\/sud.svmep.ch\/svmep\/charte-informatique\/\" \/>\n<meta property=\"og:site_name\" content=\"svmep.ch\" \/>\n<meta property=\"article:published_time\" content=\"2015-03-02T19:23:19+00:00\" \/>\n<meta property=\"article:modified_time\" content=\"2025-02-08T08:49:11+00:00\" \/>\n<meta property=\"og:image\" content=\"https:\/\/sud.svmep.ch\/svmep\/wp-content\/uploads\/clavier-copie.png\" \/>\n\t<meta property=\"og:image:width\" content=\"426\" \/>\n\t<meta property=\"og:image:height\" content=\"458\" \/>\n\t<meta property=\"og:image:type\" content=\"image\/png\" \/>\n<meta name=\"twitter:card\" content=\"summary_large_image\" \/>\n<script type=\"application\/ld+json\" class=\"yoast-schema-graph\">{\"@context\":\"https:\\\/\\\/schema.org\",\"@graph\":[{\"@type\":\"Article\",\"@id\":\"https:\\\/\\\/sud.svmep.ch\\\/svmep\\\/charte-informatique\\\/#article\",\"isPartOf\":{\"@id\":\"https:\\\/\\\/sud.svmep.ch\\\/svmep\\\/charte-informatique\\\/\"},\"author\":{\"name\":\"\",\"@id\":\"\"},\"headline\":\"Charte informatique inqui\u00e9tante\",\"datePublished\":\"2015-03-02T19:23:19+00:00\",\"dateModified\":\"2025-02-08T08:49:11+00:00\",\"mainEntityOfPage\":{\"@id\":\"https:\\\/\\\/sud.svmep.ch\\\/svmep\\\/charte-informatique\\\/\"},\"wordCount\":132,\"publisher\":{\"@id\":\"https:\\\/\\\/sud.svmep.ch\\\/svmep\\\/#organization\"},\"image\":{\"@id\":\"https:\\\/\\\/sud.svmep.ch\\\/svmep\\\/charte-informatique\\\/#primaryimage\"},\"thumbnailUrl\":\"https:\\\/\\\/sud.svmep.ch\\\/svmep\\\/wp-content\\\/uploads\\\/clavier-copie.png\",\"keywords\":[\"num\u00e9rique\"],\"articleSection\":[\"SUD-\u00c9ducation\"],\"inLanguage\":\"fr-FR\"},{\"@type\":\"WebPage\",\"@id\":\"https:\\\/\\\/sud.svmep.ch\\\/svmep\\\/charte-informatique\\\/\",\"url\":\"https:\\\/\\\/sud.svmep.ch\\\/svmep\\\/charte-informatique\\\/\",\"name\":\"Charte informatique inqui\u00e9tante - svmep.ch\",\"isPartOf\":{\"@id\":\"https:\\\/\\\/sud.svmep.ch\\\/svmep\\\/#website\"},\"primaryImageOfPage\":{\"@id\":\"https:\\\/\\\/sud.svmep.ch\\\/svmep\\\/charte-informatique\\\/#primaryimage\"},\"image\":{\"@id\":\"https:\\\/\\\/sud.svmep.ch\\\/svmep\\\/charte-informatique\\\/#primaryimage\"},\"thumbnailUrl\":\"https:\\\/\\\/sud.svmep.ch\\\/svmep\\\/wp-content\\\/uploads\\\/clavier-copie.png\",\"datePublished\":\"2015-03-02T19:23:19+00:00\",\"dateModified\":\"2025-02-08T08:49:11+00:00\",\"breadcrumb\":{\"@id\":\"https:\\\/\\\/sud.svmep.ch\\\/svmep\\\/charte-informatique\\\/#breadcrumb\"},\"inLanguage\":\"fr-FR\",\"potentialAction\":[{\"@type\":\"ReadAction\",\"target\":[\"https:\\\/\\\/sud.svmep.ch\\\/svmep\\\/charte-informatique\\\/\"]}]},{\"@type\":\"ImageObject\",\"inLanguage\":\"fr-FR\",\"@id\":\"https:\\\/\\\/sud.svmep.ch\\\/svmep\\\/charte-informatique\\\/#primaryimage\",\"url\":\"https:\\\/\\\/sud.svmep.ch\\\/svmep\\\/wp-content\\\/uploads\\\/clavier-copie.png\",\"contentUrl\":\"https:\\\/\\\/sud.svmep.ch\\\/svmep\\\/wp-content\\\/uploads\\\/clavier-copie.png\",\"width\":426,\"height\":458},{\"@type\":\"BreadcrumbList\",\"@id\":\"https:\\\/\\\/sud.svmep.ch\\\/svmep\\\/charte-informatique\\\/#breadcrumb\",\"itemListElement\":[{\"@type\":\"ListItem\",\"position\":1,\"name\":\"Accueil\",\"item\":\"https:\\\/\\\/sud.svmep.ch\\\/svmep\\\/\"},{\"@type\":\"ListItem\",\"position\":2,\"name\":\"SUD-\u00c9ducation\",\"item\":\"https:\\\/\\\/sud.svmep.ch\\\/svmep\\\/category\\\/sud-education\\\/\"},{\"@type\":\"ListItem\",\"position\":3,\"name\":\"Charte informatique inqui\u00e9tante\"}]},{\"@type\":\"WebSite\",\"@id\":\"https:\\\/\\\/sud.svmep.ch\\\/svmep\\\/#website\",\"url\":\"https:\\\/\\\/sud.svmep.ch\\\/svmep\\\/\",\"name\":\"Syndicat vaudois des ma\u00eetres.ses de l'enseignement professionnel\",\"description\":\"\",\"publisher\":{\"@id\":\"https:\\\/\\\/sud.svmep.ch\\\/svmep\\\/#organization\"},\"alternateName\":\"SVMEP\",\"potentialAction\":[{\"@type\":\"SearchAction\",\"target\":{\"@type\":\"EntryPoint\",\"urlTemplate\":\"https:\\\/\\\/sud.svmep.ch\\\/svmep\\\/?s={search_term_string}\"},\"query-input\":{\"@type\":\"PropertyValueSpecification\",\"valueRequired\":true,\"valueName\":\"search_term_string\"}}],\"inLanguage\":\"fr-FR\"},{\"@type\":\"Organization\",\"@id\":\"https:\\\/\\\/sud.svmep.ch\\\/svmep\\\/#organization\",\"name\":\"Syndicat vaudois des ma\u00eetres.ses de l'enseignement professionnel SVMEP\",\"alternateName\":\"SVMEP\",\"url\":\"https:\\\/\\\/sud.svmep.ch\\\/svmep\\\/\",\"logo\":{\"@type\":\"ImageObject\",\"inLanguage\":\"fr-FR\",\"@id\":\"https:\\\/\\\/sud.svmep.ch\\\/svmep\\\/#\\\/schema\\\/logo\\\/image\\\/\",\"url\":\"https:\\\/\\\/sud.svmep.ch\\\/svmep\\\/wp-content\\\/uploads\\\/2024\\\/09\\\/svmep150x260.jpg\",\"contentUrl\":\"https:\\\/\\\/sud.svmep.ch\\\/svmep\\\/wp-content\\\/uploads\\\/2024\\\/09\\\/svmep150x260.jpg\",\"width\":226,\"height\":127,\"caption\":\"Syndicat vaudois des ma\u00eetres.ses de l'enseignement professionnel SVMEP\"},\"image\":{\"@id\":\"https:\\\/\\\/sud.svmep.ch\\\/svmep\\\/#\\\/schema\\\/logo\\\/image\\\/\"}},{\"@type\":\"Person\",\"@id\":\"\"}]}<\/script>\n<!-- \/ Yoast SEO plugin. -->","yoast_head_json":{"title":"Charte informatique inqui\u00e9tante - svmep.ch","robots":{"index":"index","follow":"follow","max-snippet":"max-snippet:-1","max-image-preview":"max-image-preview:large","max-video-preview":"max-video-preview:-1"},"canonical":"https:\/\/sud.svmep.ch\/svmep\/charte-informatique\/","og_locale":"fr_FR","og_type":"article","og_title":"Charte informatique inqui\u00e9tante - svmep.ch","og_description":"2 mars 2015 Ch\u00e8res et chers coll\u00e8gues, Une charte informatique hautement probl\u00e9matique circule dans plusieurs \u00e9coles professionnelles et gymnases du canton. Cette charte informatique provient de l&rsquo;USIP (Unit\u00e9 de Service [&hellip;]","og_url":"https:\/\/sud.svmep.ch\/svmep\/charte-informatique\/","og_site_name":"svmep.ch","article_published_time":"2015-03-02T19:23:19+00:00","article_modified_time":"2025-02-08T08:49:11+00:00","og_image":[{"width":426,"height":458,"url":"https:\/\/sud.svmep.ch\/svmep\/wp-content\/uploads\/clavier-copie.png","type":"image\/png"}],"twitter_card":"summary_large_image","schema":{"@context":"https:\/\/schema.org","@graph":[{"@type":"Article","@id":"https:\/\/sud.svmep.ch\/svmep\/charte-informatique\/#article","isPartOf":{"@id":"https:\/\/sud.svmep.ch\/svmep\/charte-informatique\/"},"author":{"name":"","@id":""},"headline":"Charte informatique inqui\u00e9tante","datePublished":"2015-03-02T19:23:19+00:00","dateModified":"2025-02-08T08:49:11+00:00","mainEntityOfPage":{"@id":"https:\/\/sud.svmep.ch\/svmep\/charte-informatique\/"},"wordCount":132,"publisher":{"@id":"https:\/\/sud.svmep.ch\/svmep\/#organization"},"image":{"@id":"https:\/\/sud.svmep.ch\/svmep\/charte-informatique\/#primaryimage"},"thumbnailUrl":"https:\/\/sud.svmep.ch\/svmep\/wp-content\/uploads\/clavier-copie.png","keywords":["num\u00e9rique"],"articleSection":["SUD-\u00c9ducation"],"inLanguage":"fr-FR"},{"@type":"WebPage","@id":"https:\/\/sud.svmep.ch\/svmep\/charte-informatique\/","url":"https:\/\/sud.svmep.ch\/svmep\/charte-informatique\/","name":"Charte informatique inqui\u00e9tante - svmep.ch","isPartOf":{"@id":"https:\/\/sud.svmep.ch\/svmep\/#website"},"primaryImageOfPage":{"@id":"https:\/\/sud.svmep.ch\/svmep\/charte-informatique\/#primaryimage"},"image":{"@id":"https:\/\/sud.svmep.ch\/svmep\/charte-informatique\/#primaryimage"},"thumbnailUrl":"https:\/\/sud.svmep.ch\/svmep\/wp-content\/uploads\/clavier-copie.png","datePublished":"2015-03-02T19:23:19+00:00","dateModified":"2025-02-08T08:49:11+00:00","breadcrumb":{"@id":"https:\/\/sud.svmep.ch\/svmep\/charte-informatique\/#breadcrumb"},"inLanguage":"fr-FR","potentialAction":[{"@type":"ReadAction","target":["https:\/\/sud.svmep.ch\/svmep\/charte-informatique\/"]}]},{"@type":"ImageObject","inLanguage":"fr-FR","@id":"https:\/\/sud.svmep.ch\/svmep\/charte-informatique\/#primaryimage","url":"https:\/\/sud.svmep.ch\/svmep\/wp-content\/uploads\/clavier-copie.png","contentUrl":"https:\/\/sud.svmep.ch\/svmep\/wp-content\/uploads\/clavier-copie.png","width":426,"height":458},{"@type":"BreadcrumbList","@id":"https:\/\/sud.svmep.ch\/svmep\/charte-informatique\/#breadcrumb","itemListElement":[{"@type":"ListItem","position":1,"name":"Accueil","item":"https:\/\/sud.svmep.ch\/svmep\/"},{"@type":"ListItem","position":2,"name":"SUD-\u00c9ducation","item":"https:\/\/sud.svmep.ch\/svmep\/category\/sud-education\/"},{"@type":"ListItem","position":3,"name":"Charte informatique inqui\u00e9tante"}]},{"@type":"WebSite","@id":"https:\/\/sud.svmep.ch\/svmep\/#website","url":"https:\/\/sud.svmep.ch\/svmep\/","name":"Syndicat vaudois des ma\u00eetres.ses de l'enseignement professionnel","description":"","publisher":{"@id":"https:\/\/sud.svmep.ch\/svmep\/#organization"},"alternateName":"SVMEP","potentialAction":[{"@type":"SearchAction","target":{"@type":"EntryPoint","urlTemplate":"https:\/\/sud.svmep.ch\/svmep\/?s={search_term_string}"},"query-input":{"@type":"PropertyValueSpecification","valueRequired":true,"valueName":"search_term_string"}}],"inLanguage":"fr-FR"},{"@type":"Organization","@id":"https:\/\/sud.svmep.ch\/svmep\/#organization","name":"Syndicat vaudois des ma\u00eetres.ses de l'enseignement professionnel SVMEP","alternateName":"SVMEP","url":"https:\/\/sud.svmep.ch\/svmep\/","logo":{"@type":"ImageObject","inLanguage":"fr-FR","@id":"https:\/\/sud.svmep.ch\/svmep\/#\/schema\/logo\/image\/","url":"https:\/\/sud.svmep.ch\/svmep\/wp-content\/uploads\/2024\/09\/svmep150x260.jpg","contentUrl":"https:\/\/sud.svmep.ch\/svmep\/wp-content\/uploads\/2024\/09\/svmep150x260.jpg","width":226,"height":127,"caption":"Syndicat vaudois des ma\u00eetres.ses de l'enseignement professionnel SVMEP"},"image":{"@id":"https:\/\/sud.svmep.ch\/svmep\/#\/schema\/logo\/image\/"}},{"@type":"Person","@id":""}]}},"_links":{"self":[{"href":"https:\/\/sud.svmep.ch\/svmep\/wp-json\/wp\/v2\/posts\/302","targetHints":{"allow":["GET"]}}],"collection":[{"href":"https:\/\/sud.svmep.ch\/svmep\/wp-json\/wp\/v2\/posts"}],"about":[{"href":"https:\/\/sud.svmep.ch\/svmep\/wp-json\/wp\/v2\/types\/post"}],"author":[{"embeddable":true,"href":"https:\/\/sud.svmep.ch\/svmep\/wp-json\/wp\/v2\/users\/2"}],"replies":[{"embeddable":true,"href":"https:\/\/sud.svmep.ch\/svmep\/wp-json\/wp\/v2\/comments?post=302"}],"version-history":[{"count":0,"href":"https:\/\/sud.svmep.ch\/svmep\/wp-json\/wp\/v2\/posts\/302\/revisions"}],"wp:featuredmedia":[{"embeddable":true,"href":"https:\/\/sud.svmep.ch\/svmep\/wp-json\/wp\/v2\/media\/1904"}],"wp:attachment":[{"href":"https:\/\/sud.svmep.ch\/svmep\/wp-json\/wp\/v2\/media?parent=302"}],"wp:term":[{"taxonomy":"category","embeddable":true,"href":"https:\/\/sud.svmep.ch\/svmep\/wp-json\/wp\/v2\/categories?post=302"},{"taxonomy":"post_tag","embeddable":true,"href":"https:\/\/sud.svmep.ch\/svmep\/wp-json\/wp\/v2\/tags?post=302"}],"curies":[{"name":"wp","href":"https:\/\/api.w.org\/{rel}","templated":true}]}}