{"id":316,"date":"2015-03-16T17:30:51","date_gmt":"2015-03-16T16:30:51","guid":{"rendered":"http:\/\/sud.svmep.ch\/?p=316"},"modified":"2024-10-14T06:41:16","modified_gmt":"2024-10-14T05:41:16","slug":"appel-a-soutenir-les-enseignant-e-s-de-culture-generale-de-lepsic","status":"publish","type":"post","link":"https:\/\/sud.svmep.ch\/svmep\/appel-a-soutenir-les-enseignant-e-s-de-culture-generale-de-lepsic\/","title":{"rendered":"Appel \u00e0 soutenir les enseignant-e-s de culture g\u00e9n\u00e9rale de l&rsquo;EPSIC"},"content":{"rendered":"<div class=\"wp-block-post-date\"><time datetime=\"2015-03-16T17:30:51+01:00\">16 mars 2015<\/time><\/div>\n\n<h4 style=\"text-align: left;\" align=\"center\">Enseignantes et enseignants, le SVMEP a besoin de votre soutien et en appelle \u00e0 votre solidarit\u00e9 !<\/h4>\n<p>Nous sommes indign\u00e9-e-s de l&rsquo;attaque faite contre la libert\u00e9 p\u00e9dagogique, du traitement de l&rsquo;attaque par le DFJC et de son hyperm\u00e9diatisation. Il est inacceptable que les politiciens se m\u00ealent des contenus des cours\u00a0de nos \u00e9coles. C&rsquo;est une tentative de politisation de l&rsquo;enseignement et une volont\u00e9 tr\u00e8s forte de remettre en cause notre ind\u00e9pendance et notre libert\u00e9 p\u00e9dagogique.<\/p>\n<p>Nous avons fait par de notre indignation \u00e0 la Conseill\u00e8re d&rsquo;\u00c9tat Anne-Catherine Lyon, Cheffe du DFJC, <a href=\"https:\/\/sud.svmep.ch\/svmep\/wp-content\/uploads\/2015\/03\/2015-02-23-lettreepsic_vf.pdf\" target=\"_blank\" rel=\"noopener\">dans une lettre du 23 f\u00e9vrier<\/a>.<\/p>\n<p>Face \u00e0 cette attaque, tout le corps enseignant du canton se doit de r\u00e9agir. Nous vous invitons, d&rsquo;une part, \u00e0 prendre connaissance d&rsquo;un <a href=\"http:\/\/sud.svmep.ch\/svmep\/wp-content\/uploads\/2015\/03\/EPSIC-ECG-Lettre-dinformation-et-de-revendication-16.3.15.pdf\" target=\"_blank\" rel=\"noopener\">texte informatif et revendicatif<\/a> qui revient sur cet \u00e9v\u00e9nement majeur et, d&rsquo;autre part, \u00e0 signer et faire signer la <a href=\"http:\/\/sud.svmep.ch\/svmep\/wp-content\/uploads\/2015\/03\/Lettre-p\u00e9titon-\u00e0-lattention-de-Madame-Anne-Catherine-Lyon.pdf\" target=\"_blank\" rel=\"noopener\">lettre-p\u00e9tition<\/a>\u00a0\u00e0 l&rsquo;attention de la Cheffe de d\u00e9partement, Madame Anne-Catherine Lyon.<\/p>\n<p>Retournez-nous les lettres-p\u00e9tition sign\u00e9es \u00e0 l&rsquo;adresse du SVMEP d&rsquo;ici \u00e0 la fin du mois de <span id=\"OBJ_PREFIX_DWT28\">mars<\/span>, ou faites-nous part de votre appui par un simple courriel. Nous ferons le point sur la situation lors de notre AG du 26 <span id=\"OBJ_PREFIX_DWT29\">mars<\/span>.<\/p>\n<p><strong>D\u00e9fendons toutes et tous notre libert\u00e9 p\u00e9dagogique\u00a0!<\/strong><\/p>\n<p>Le comit\u00e9 du SVMEP<\/p>","protected":false},"excerpt":{"rendered":"<p>16 mars 2015 Enseignantes et enseignants, le SVMEP a besoin de votre soutien et en appelle \u00e0 votre solidarit\u00e9 ! Nous sommes indign\u00e9-e-s de l&rsquo;attaque faite contre la libert\u00e9 p\u00e9dagogique, [&hellip;]<\/p>\n","protected":false},"author":2,"featured_media":0,"comment_status":"closed","ping_status":"closed","sticky":false,"template":"","format":"standard","meta":{"footnotes":""},"categories":[21],"tags":[45,33],"class_list":["post-316","post","type-post","status-publish","format-standard","hentry","category-ecole-en-situation-de-crise","tag-enseignement","tag-epsic"],"yoast_head":"<!-- This site is optimized with the Yoast SEO plugin v27.4 - https:\/\/yoast.com\/product\/yoast-seo-wordpress\/ -->\n<title>Appel \u00e0 soutenir les enseignant-e-s de culture g\u00e9n\u00e9rale de l&#039;EPSIC - svmep.ch<\/title>\n<meta name=\"robots\" content=\"index, follow, max-snippet:-1, max-image-preview:large, max-video-preview:-1\" \/>\n<link rel=\"canonical\" href=\"https:\/\/sud.svmep.ch\/svmep\/appel-a-soutenir-les-enseignant-e-s-de-culture-generale-de-lepsic\/\" \/>\n<meta property=\"og:locale\" content=\"fr_FR\" \/>\n<meta property=\"og:type\" content=\"article\" \/>\n<meta property=\"og:title\" content=\"Appel \u00e0 soutenir les enseignant-e-s de culture g\u00e9n\u00e9rale de l&#039;EPSIC - svmep.ch\" \/>\n<meta property=\"og:description\" content=\"16 mars 2015 Enseignantes et enseignants, le SVMEP a besoin de votre soutien et en appelle \u00e0 votre solidarit\u00e9 ! Nous sommes indign\u00e9-e-s de l&rsquo;attaque faite contre la libert\u00e9 p\u00e9dagogique, [&hellip;]\" \/>\n<meta property=\"og:url\" content=\"https:\/\/sud.svmep.ch\/svmep\/appel-a-soutenir-les-enseignant-e-s-de-culture-generale-de-lepsic\/\" \/>\n<meta property=\"og:site_name\" content=\"svmep.ch\" \/>\n<meta property=\"article:published_time\" content=\"2015-03-16T16:30:51+00:00\" \/>\n<meta property=\"article:modified_time\" content=\"2024-10-14T05:41:16+00:00\" \/>\n<meta name=\"twitter:card\" content=\"summary_large_image\" \/>\n<script type=\"application\/ld+json\" class=\"yoast-schema-graph\">{\"@context\":\"https:\\\/\\\/schema.org\",\"@graph\":[{\"@type\":\"Article\",\"@id\":\"https:\\\/\\\/sud.svmep.ch\\\/svmep\\\/appel-a-soutenir-les-enseignant-e-s-de-culture-generale-de-lepsic\\\/#article\",\"isPartOf\":{\"@id\":\"https:\\\/\\\/sud.svmep.ch\\\/svmep\\\/appel-a-soutenir-les-enseignant-e-s-de-culture-generale-de-lepsic\\\/\"},\"author\":{\"name\":\"\",\"@id\":\"\"},\"headline\":\"Appel \u00e0 soutenir les enseignant-e-s de culture g\u00e9n\u00e9rale de l&rsquo;EPSIC\",\"datePublished\":\"2015-03-16T16:30:51+00:00\",\"dateModified\":\"2024-10-14T05:41:16+00:00\",\"mainEntityOfPage\":{\"@id\":\"https:\\\/\\\/sud.svmep.ch\\\/svmep\\\/appel-a-soutenir-les-enseignant-e-s-de-culture-generale-de-lepsic\\\/\"},\"wordCount\":219,\"publisher\":{\"@id\":\"https:\\\/\\\/sud.svmep.ch\\\/svmep\\\/#organization\"},\"keywords\":[\"enseignement\",\"epsic\"],\"articleSection\":[\"\u00c9coles en situation de crise\"],\"inLanguage\":\"fr-FR\"},{\"@type\":\"WebPage\",\"@id\":\"https:\\\/\\\/sud.svmep.ch\\\/svmep\\\/appel-a-soutenir-les-enseignant-e-s-de-culture-generale-de-lepsic\\\/\",\"url\":\"https:\\\/\\\/sud.svmep.ch\\\/svmep\\\/appel-a-soutenir-les-enseignant-e-s-de-culture-generale-de-lepsic\\\/\",\"name\":\"Appel \u00e0 soutenir les enseignant-e-s de culture g\u00e9n\u00e9rale de l'EPSIC - svmep.ch\",\"isPartOf\":{\"@id\":\"https:\\\/\\\/sud.svmep.ch\\\/svmep\\\/#website\"},\"datePublished\":\"2015-03-16T16:30:51+00:00\",\"dateModified\":\"2024-10-14T05:41:16+00:00\",\"breadcrumb\":{\"@id\":\"https:\\\/\\\/sud.svmep.ch\\\/svmep\\\/appel-a-soutenir-les-enseignant-e-s-de-culture-generale-de-lepsic\\\/#breadcrumb\"},\"inLanguage\":\"fr-FR\",\"potentialAction\":[{\"@type\":\"ReadAction\",\"target\":[\"https:\\\/\\\/sud.svmep.ch\\\/svmep\\\/appel-a-soutenir-les-enseignant-e-s-de-culture-generale-de-lepsic\\\/\"]}]},{\"@type\":\"BreadcrumbList\",\"@id\":\"https:\\\/\\\/sud.svmep.ch\\\/svmep\\\/appel-a-soutenir-les-enseignant-e-s-de-culture-generale-de-lepsic\\\/#breadcrumb\",\"itemListElement\":[{\"@type\":\"ListItem\",\"position\":1,\"name\":\"Accueil\",\"item\":\"https:\\\/\\\/sud.svmep.ch\\\/svmep\\\/\"},{\"@type\":\"ListItem\",\"position\":2,\"name\":\"\u00c9coles en situation de crise\",\"item\":\"https:\\\/\\\/sud.svmep.ch\\\/svmep\\\/category\\\/ecole-en-situation-de-crise\\\/\"},{\"@type\":\"ListItem\",\"position\":3,\"name\":\"Appel \u00e0 soutenir les enseignant-e-s de culture g\u00e9n\u00e9rale de l&rsquo;EPSIC\"}]},{\"@type\":\"WebSite\",\"@id\":\"https:\\\/\\\/sud.svmep.ch\\\/svmep\\\/#website\",\"url\":\"https:\\\/\\\/sud.svmep.ch\\\/svmep\\\/\",\"name\":\"Syndicat vaudois des ma\u00eetres.ses de l'enseignement professionnel\",\"description\":\"\",\"publisher\":{\"@id\":\"https:\\\/\\\/sud.svmep.ch\\\/svmep\\\/#organization\"},\"alternateName\":\"SVMEP\",\"potentialAction\":[{\"@type\":\"SearchAction\",\"target\":{\"@type\":\"EntryPoint\",\"urlTemplate\":\"https:\\\/\\\/sud.svmep.ch\\\/svmep\\\/?s={search_term_string}\"},\"query-input\":{\"@type\":\"PropertyValueSpecification\",\"valueRequired\":true,\"valueName\":\"search_term_string\"}}],\"inLanguage\":\"fr-FR\"},{\"@type\":\"Organization\",\"@id\":\"https:\\\/\\\/sud.svmep.ch\\\/svmep\\\/#organization\",\"name\":\"Syndicat vaudois des ma\u00eetres.ses de l'enseignement professionnel SVMEP\",\"alternateName\":\"SVMEP\",\"url\":\"https:\\\/\\\/sud.svmep.ch\\\/svmep\\\/\",\"logo\":{\"@type\":\"ImageObject\",\"inLanguage\":\"fr-FR\",\"@id\":\"https:\\\/\\\/sud.svmep.ch\\\/svmep\\\/#\\\/schema\\\/logo\\\/image\\\/\",\"url\":\"https:\\\/\\\/sud.svmep.ch\\\/svmep\\\/wp-content\\\/uploads\\\/2024\\\/09\\\/svmep150x260.jpg\",\"contentUrl\":\"https:\\\/\\\/sud.svmep.ch\\\/svmep\\\/wp-content\\\/uploads\\\/2024\\\/09\\\/svmep150x260.jpg\",\"width\":226,\"height\":127,\"caption\":\"Syndicat vaudois des ma\u00eetres.ses de l'enseignement professionnel SVMEP\"},\"image\":{\"@id\":\"https:\\\/\\\/sud.svmep.ch\\\/svmep\\\/#\\\/schema\\\/logo\\\/image\\\/\"}},{\"@type\":\"Person\",\"@id\":\"\"}]}<\/script>\n<!-- \/ Yoast SEO plugin. -->","yoast_head_json":{"title":"Appel \u00e0 soutenir les enseignant-e-s de culture g\u00e9n\u00e9rale de l'EPSIC - svmep.ch","robots":{"index":"index","follow":"follow","max-snippet":"max-snippet:-1","max-image-preview":"max-image-preview:large","max-video-preview":"max-video-preview:-1"},"canonical":"https:\/\/sud.svmep.ch\/svmep\/appel-a-soutenir-les-enseignant-e-s-de-culture-generale-de-lepsic\/","og_locale":"fr_FR","og_type":"article","og_title":"Appel \u00e0 soutenir les enseignant-e-s de culture g\u00e9n\u00e9rale de l'EPSIC - svmep.ch","og_description":"16 mars 2015 Enseignantes et enseignants, le SVMEP a besoin de votre soutien et en appelle \u00e0 votre solidarit\u00e9 ! Nous sommes indign\u00e9-e-s de l&rsquo;attaque faite contre la libert\u00e9 p\u00e9dagogique, [&hellip;]","og_url":"https:\/\/sud.svmep.ch\/svmep\/appel-a-soutenir-les-enseignant-e-s-de-culture-generale-de-lepsic\/","og_site_name":"svmep.ch","article_published_time":"2015-03-16T16:30:51+00:00","article_modified_time":"2024-10-14T05:41:16+00:00","twitter_card":"summary_large_image","schema":{"@context":"https:\/\/schema.org","@graph":[{"@type":"Article","@id":"https:\/\/sud.svmep.ch\/svmep\/appel-a-soutenir-les-enseignant-e-s-de-culture-generale-de-lepsic\/#article","isPartOf":{"@id":"https:\/\/sud.svmep.ch\/svmep\/appel-a-soutenir-les-enseignant-e-s-de-culture-generale-de-lepsic\/"},"author":{"name":"","@id":""},"headline":"Appel \u00e0 soutenir les enseignant-e-s de culture g\u00e9n\u00e9rale de l&rsquo;EPSIC","datePublished":"2015-03-16T16:30:51+00:00","dateModified":"2024-10-14T05:41:16+00:00","mainEntityOfPage":{"@id":"https:\/\/sud.svmep.ch\/svmep\/appel-a-soutenir-les-enseignant-e-s-de-culture-generale-de-lepsic\/"},"wordCount":219,"publisher":{"@id":"https:\/\/sud.svmep.ch\/svmep\/#organization"},"keywords":["enseignement","epsic"],"articleSection":["\u00c9coles en situation de crise"],"inLanguage":"fr-FR"},{"@type":"WebPage","@id":"https:\/\/sud.svmep.ch\/svmep\/appel-a-soutenir-les-enseignant-e-s-de-culture-generale-de-lepsic\/","url":"https:\/\/sud.svmep.ch\/svmep\/appel-a-soutenir-les-enseignant-e-s-de-culture-generale-de-lepsic\/","name":"Appel \u00e0 soutenir les enseignant-e-s de culture g\u00e9n\u00e9rale de l'EPSIC - svmep.ch","isPartOf":{"@id":"https:\/\/sud.svmep.ch\/svmep\/#website"},"datePublished":"2015-03-16T16:30:51+00:00","dateModified":"2024-10-14T05:41:16+00:00","breadcrumb":{"@id":"https:\/\/sud.svmep.ch\/svmep\/appel-a-soutenir-les-enseignant-e-s-de-culture-generale-de-lepsic\/#breadcrumb"},"inLanguage":"fr-FR","potentialAction":[{"@type":"ReadAction","target":["https:\/\/sud.svmep.ch\/svmep\/appel-a-soutenir-les-enseignant-e-s-de-culture-generale-de-lepsic\/"]}]},{"@type":"BreadcrumbList","@id":"https:\/\/sud.svmep.ch\/svmep\/appel-a-soutenir-les-enseignant-e-s-de-culture-generale-de-lepsic\/#breadcrumb","itemListElement":[{"@type":"ListItem","position":1,"name":"Accueil","item":"https:\/\/sud.svmep.ch\/svmep\/"},{"@type":"ListItem","position":2,"name":"\u00c9coles en situation de crise","item":"https:\/\/sud.svmep.ch\/svmep\/category\/ecole-en-situation-de-crise\/"},{"@type":"ListItem","position":3,"name":"Appel \u00e0 soutenir les enseignant-e-s de culture g\u00e9n\u00e9rale de l&rsquo;EPSIC"}]},{"@type":"WebSite","@id":"https:\/\/sud.svmep.ch\/svmep\/#website","url":"https:\/\/sud.svmep.ch\/svmep\/","name":"Syndicat vaudois des ma\u00eetres.ses de l'enseignement professionnel","description":"","publisher":{"@id":"https:\/\/sud.svmep.ch\/svmep\/#organization"},"alternateName":"SVMEP","potentialAction":[{"@type":"SearchAction","target":{"@type":"EntryPoint","urlTemplate":"https:\/\/sud.svmep.ch\/svmep\/?s={search_term_string}"},"query-input":{"@type":"PropertyValueSpecification","valueRequired":true,"valueName":"search_term_string"}}],"inLanguage":"fr-FR"},{"@type":"Organization","@id":"https:\/\/sud.svmep.ch\/svmep\/#organization","name":"Syndicat vaudois des ma\u00eetres.ses de l'enseignement professionnel SVMEP","alternateName":"SVMEP","url":"https:\/\/sud.svmep.ch\/svmep\/","logo":{"@type":"ImageObject","inLanguage":"fr-FR","@id":"https:\/\/sud.svmep.ch\/svmep\/#\/schema\/logo\/image\/","url":"https:\/\/sud.svmep.ch\/svmep\/wp-content\/uploads\/2024\/09\/svmep150x260.jpg","contentUrl":"https:\/\/sud.svmep.ch\/svmep\/wp-content\/uploads\/2024\/09\/svmep150x260.jpg","width":226,"height":127,"caption":"Syndicat vaudois des ma\u00eetres.ses de l'enseignement professionnel SVMEP"},"image":{"@id":"https:\/\/sud.svmep.ch\/svmep\/#\/schema\/logo\/image\/"}},{"@type":"Person","@id":""}]}},"_links":{"self":[{"href":"https:\/\/sud.svmep.ch\/svmep\/wp-json\/wp\/v2\/posts\/316","targetHints":{"allow":["GET"]}}],"collection":[{"href":"https:\/\/sud.svmep.ch\/svmep\/wp-json\/wp\/v2\/posts"}],"about":[{"href":"https:\/\/sud.svmep.ch\/svmep\/wp-json\/wp\/v2\/types\/post"}],"author":[{"embeddable":true,"href":"https:\/\/sud.svmep.ch\/svmep\/wp-json\/wp\/v2\/users\/2"}],"replies":[{"embeddable":true,"href":"https:\/\/sud.svmep.ch\/svmep\/wp-json\/wp\/v2\/comments?post=316"}],"version-history":[{"count":0,"href":"https:\/\/sud.svmep.ch\/svmep\/wp-json\/wp\/v2\/posts\/316\/revisions"}],"wp:attachment":[{"href":"https:\/\/sud.svmep.ch\/svmep\/wp-json\/wp\/v2\/media?parent=316"}],"wp:term":[{"taxonomy":"category","embeddable":true,"href":"https:\/\/sud.svmep.ch\/svmep\/wp-json\/wp\/v2\/categories?post=316"},{"taxonomy":"post_tag","embeddable":true,"href":"https:\/\/sud.svmep.ch\/svmep\/wp-json\/wp\/v2\/tags?post=316"}],"curies":[{"name":"wp","href":"https:\/\/api.w.org\/{rel}","templated":true}]}}