{"id":340,"date":"2015-06-12T18:18:24","date_gmt":"2015-06-12T17:18:24","guid":{"rendered":"http:\/\/sud.svmep.ch\/?p=340"},"modified":"2024-10-22T10:27:41","modified_gmt":"2024-10-22T09:27:41","slug":"arret-des-procedures-devaluation-des-enseignants-par-les-eleves","status":"publish","type":"post","link":"https:\/\/sud.svmep.ch\/svmep\/arret-des-procedures-devaluation-des-enseignants-par-les-eleves\/","title":{"rendered":"Arr\u00eat des proc\u00e9dures d\u2019\u00e9valuation des enseignant.e.s par les \u00e9l\u00e8ves"},"content":{"rendered":"<div class=\"wp-block-post-date\"><time datetime=\"2015-06-12T18:18:24+02:00\">12 juin 2015<\/time><\/div>\n\n<p style=\"text-align: justify;\">Nous avons interpell\u00e9 la cheffe du d\u00e9partement et la DGEP sur les proc\u00e9dures d\u2019\u00e9valuation des enseignant.e.s par les \u00e9l\u00e8ves, dans le cadre des d\u00e9marches qualit\u00e9s dans certaines \u00e9coles. Nous avons obtenu que toute proc\u00e9dure d\u2019\u00e9valuation des enseignant.e.s soit arr\u00eat\u00e9e, notamment celle par les \u00e9l\u00e8ves, que nous consid\u00e9rons comme totalement irrecevable.<\/p>\n<p style=\"text-align: justify;\">Vous vous souvenez sans doute que ces proc\u00e9dures \u00e9taient d\u2019autant plus graves qu\u2019elles venaient constituer une pi\u00e8ce essentielle du processus g\u00e9n\u00e9ral d\u2019\u00e9valuation des enseignant.e.s qui comprend les entretiens d\u2019\u00e9valuation et les possibles visites p\u00e9dagogiques.<\/p>\n<p style=\"text-align: justify;\"><strong>Plus largement, au-del\u00e0 de l\u2019\u00e9valuation des enseignant.e.s par les \u00e9l\u00e8ves, cette d\u00e9cision de la DGEP met un coup d\u2019arr\u00eat \u00e0 toutes les proc\u00e9dures concernant les ma\u00eetres.ses ou leur enseignement<\/strong>, sauf celle que peut mener le directeur dans le cadre l\u00e9gal de sa responsabilit\u00e9 de direction p\u00e9dagogique de l\u2019\u00e9cole ou encore celles pr\u00e9vues par les dispositions l\u00e9gales et r\u00e9glementaires \u00e9dict\u00e9es par le Canton.<\/p>\n<p style=\"text-align: justify;\">S\u2019il existe dans votre dossier personnel des documents li\u00e9s \u00e0 une \u00e9valuation de votre activit\u00e9 par les \u00e9l\u00e8ves, il faut en demander le retrait. N\u2019h\u00e9sitez pas \u00e0 nous contacter si n\u00e9cessaire.<\/p>\n<p>Le comit\u00e9 du SVMEP<\/p>","protected":false},"excerpt":{"rendered":"<p>12 juin 2015 Nous avons interpell\u00e9 la cheffe du d\u00e9partement et la DGEP sur les proc\u00e9dures d\u2019\u00e9valuation des enseignant.e.s par les \u00e9l\u00e8ves, dans le cadre des d\u00e9marches qualit\u00e9s dans certaines [&hellip;]<\/p>\n","protected":false},"author":2,"featured_media":0,"comment_status":"closed","ping_status":"closed","sticky":false,"template":"","format":"standard","meta":{"footnotes":""},"categories":[15],"tags":[45],"class_list":["post-340","post","type-post","status-publish","format-standard","hentry","category-evaluation-des-enseignant-e-s","tag-enseignement"],"yoast_head":"<!-- This site is optimized with the Yoast SEO plugin v27.4 - https:\/\/yoast.com\/product\/yoast-seo-wordpress\/ -->\n<title>Arr\u00eat des proc\u00e9dures d\u2019\u00e9valuation des enseignant.e.s par les \u00e9l\u00e8ves - svmep.ch<\/title>\n<meta name=\"robots\" content=\"index, follow, max-snippet:-1, max-image-preview:large, max-video-preview:-1\" \/>\n<link rel=\"canonical\" href=\"https:\/\/sud.svmep.ch\/svmep\/arret-des-procedures-devaluation-des-enseignants-par-les-eleves\/\" \/>\n<meta property=\"og:locale\" content=\"fr_FR\" \/>\n<meta property=\"og:type\" content=\"article\" \/>\n<meta property=\"og:title\" content=\"Arr\u00eat des proc\u00e9dures d\u2019\u00e9valuation des enseignant.e.s par les \u00e9l\u00e8ves - svmep.ch\" \/>\n<meta property=\"og:description\" content=\"12 juin 2015 Nous avons interpell\u00e9 la cheffe du d\u00e9partement et la DGEP sur les proc\u00e9dures d\u2019\u00e9valuation des enseignant.e.s par les \u00e9l\u00e8ves, dans le cadre des d\u00e9marches qualit\u00e9s dans certaines [&hellip;]\" \/>\n<meta property=\"og:url\" content=\"https:\/\/sud.svmep.ch\/svmep\/arret-des-procedures-devaluation-des-enseignants-par-les-eleves\/\" \/>\n<meta property=\"og:site_name\" content=\"svmep.ch\" \/>\n<meta property=\"article:published_time\" content=\"2015-06-12T17:18:24+00:00\" \/>\n<meta property=\"article:modified_time\" content=\"2024-10-22T09:27:41+00:00\" \/>\n<meta name=\"twitter:card\" content=\"summary_large_image\" \/>\n<script type=\"application\/ld+json\" class=\"yoast-schema-graph\">{\"@context\":\"https:\\\/\\\/schema.org\",\"@graph\":[{\"@type\":\"Article\",\"@id\":\"https:\\\/\\\/sud.svmep.ch\\\/svmep\\\/arret-des-procedures-devaluation-des-enseignants-par-les-eleves\\\/#article\",\"isPartOf\":{\"@id\":\"https:\\\/\\\/sud.svmep.ch\\\/svmep\\\/arret-des-procedures-devaluation-des-enseignants-par-les-eleves\\\/\"},\"author\":{\"name\":\"\",\"@id\":\"\"},\"headline\":\"Arr\u00eat des proc\u00e9dures d\u2019\u00e9valuation des enseignant.e.s par les \u00e9l\u00e8ves\",\"datePublished\":\"2015-06-12T17:18:24+00:00\",\"dateModified\":\"2024-10-22T09:27:41+00:00\",\"mainEntityOfPage\":{\"@id\":\"https:\\\/\\\/sud.svmep.ch\\\/svmep\\\/arret-des-procedures-devaluation-des-enseignants-par-les-eleves\\\/\"},\"wordCount\":243,\"publisher\":{\"@id\":\"https:\\\/\\\/sud.svmep.ch\\\/svmep\\\/#organization\"},\"keywords\":[\"enseignement\"],\"articleSection\":[\"\u00c9valuation des enseignant.e.s\"],\"inLanguage\":\"fr-FR\"},{\"@type\":\"WebPage\",\"@id\":\"https:\\\/\\\/sud.svmep.ch\\\/svmep\\\/arret-des-procedures-devaluation-des-enseignants-par-les-eleves\\\/\",\"url\":\"https:\\\/\\\/sud.svmep.ch\\\/svmep\\\/arret-des-procedures-devaluation-des-enseignants-par-les-eleves\\\/\",\"name\":\"Arr\u00eat des proc\u00e9dures d\u2019\u00e9valuation des enseignant.e.s par les \u00e9l\u00e8ves - svmep.ch\",\"isPartOf\":{\"@id\":\"https:\\\/\\\/sud.svmep.ch\\\/svmep\\\/#website\"},\"datePublished\":\"2015-06-12T17:18:24+00:00\",\"dateModified\":\"2024-10-22T09:27:41+00:00\",\"breadcrumb\":{\"@id\":\"https:\\\/\\\/sud.svmep.ch\\\/svmep\\\/arret-des-procedures-devaluation-des-enseignants-par-les-eleves\\\/#breadcrumb\"},\"inLanguage\":\"fr-FR\",\"potentialAction\":[{\"@type\":\"ReadAction\",\"target\":[\"https:\\\/\\\/sud.svmep.ch\\\/svmep\\\/arret-des-procedures-devaluation-des-enseignants-par-les-eleves\\\/\"]}]},{\"@type\":\"BreadcrumbList\",\"@id\":\"https:\\\/\\\/sud.svmep.ch\\\/svmep\\\/arret-des-procedures-devaluation-des-enseignants-par-les-eleves\\\/#breadcrumb\",\"itemListElement\":[{\"@type\":\"ListItem\",\"position\":1,\"name\":\"Accueil\",\"item\":\"https:\\\/\\\/sud.svmep.ch\\\/svmep\\\/\"},{\"@type\":\"ListItem\",\"position\":2,\"name\":\"\u00c9valuation des enseignant.e.s\",\"item\":\"https:\\\/\\\/sud.svmep.ch\\\/svmep\\\/category\\\/evaluation-des-enseignant-e-s\\\/\"},{\"@type\":\"ListItem\",\"position\":3,\"name\":\"Arr\u00eat des proc\u00e9dures d\u2019\u00e9valuation des enseignant.e.s par les \u00e9l\u00e8ves\"}]},{\"@type\":\"WebSite\",\"@id\":\"https:\\\/\\\/sud.svmep.ch\\\/svmep\\\/#website\",\"url\":\"https:\\\/\\\/sud.svmep.ch\\\/svmep\\\/\",\"name\":\"Syndicat vaudois des ma\u00eetres.ses de l'enseignement professionnel\",\"description\":\"\",\"publisher\":{\"@id\":\"https:\\\/\\\/sud.svmep.ch\\\/svmep\\\/#organization\"},\"alternateName\":\"SVMEP\",\"potentialAction\":[{\"@type\":\"SearchAction\",\"target\":{\"@type\":\"EntryPoint\",\"urlTemplate\":\"https:\\\/\\\/sud.svmep.ch\\\/svmep\\\/?s={search_term_string}\"},\"query-input\":{\"@type\":\"PropertyValueSpecification\",\"valueRequired\":true,\"valueName\":\"search_term_string\"}}],\"inLanguage\":\"fr-FR\"},{\"@type\":\"Organization\",\"@id\":\"https:\\\/\\\/sud.svmep.ch\\\/svmep\\\/#organization\",\"name\":\"Syndicat vaudois des ma\u00eetres.ses de l'enseignement professionnel SVMEP\",\"alternateName\":\"SVMEP\",\"url\":\"https:\\\/\\\/sud.svmep.ch\\\/svmep\\\/\",\"logo\":{\"@type\":\"ImageObject\",\"inLanguage\":\"fr-FR\",\"@id\":\"https:\\\/\\\/sud.svmep.ch\\\/svmep\\\/#\\\/schema\\\/logo\\\/image\\\/\",\"url\":\"https:\\\/\\\/sud.svmep.ch\\\/svmep\\\/wp-content\\\/uploads\\\/2024\\\/09\\\/svmep150x260.jpg\",\"contentUrl\":\"https:\\\/\\\/sud.svmep.ch\\\/svmep\\\/wp-content\\\/uploads\\\/2024\\\/09\\\/svmep150x260.jpg\",\"width\":226,\"height\":127,\"caption\":\"Syndicat vaudois des ma\u00eetres.ses de l'enseignement professionnel SVMEP\"},\"image\":{\"@id\":\"https:\\\/\\\/sud.svmep.ch\\\/svmep\\\/#\\\/schema\\\/logo\\\/image\\\/\"}},{\"@type\":\"Person\",\"@id\":\"\"}]}<\/script>\n<!-- \/ Yoast SEO plugin. -->","yoast_head_json":{"title":"Arr\u00eat des proc\u00e9dures d\u2019\u00e9valuation des enseignant.e.s par les \u00e9l\u00e8ves - svmep.ch","robots":{"index":"index","follow":"follow","max-snippet":"max-snippet:-1","max-image-preview":"max-image-preview:large","max-video-preview":"max-video-preview:-1"},"canonical":"https:\/\/sud.svmep.ch\/svmep\/arret-des-procedures-devaluation-des-enseignants-par-les-eleves\/","og_locale":"fr_FR","og_type":"article","og_title":"Arr\u00eat des proc\u00e9dures d\u2019\u00e9valuation des enseignant.e.s par les \u00e9l\u00e8ves - svmep.ch","og_description":"12 juin 2015 Nous avons interpell\u00e9 la cheffe du d\u00e9partement et la DGEP sur les proc\u00e9dures d\u2019\u00e9valuation des enseignant.e.s par les \u00e9l\u00e8ves, dans le cadre des d\u00e9marches qualit\u00e9s dans certaines [&hellip;]","og_url":"https:\/\/sud.svmep.ch\/svmep\/arret-des-procedures-devaluation-des-enseignants-par-les-eleves\/","og_site_name":"svmep.ch","article_published_time":"2015-06-12T17:18:24+00:00","article_modified_time":"2024-10-22T09:27:41+00:00","twitter_card":"summary_large_image","schema":{"@context":"https:\/\/schema.org","@graph":[{"@type":"Article","@id":"https:\/\/sud.svmep.ch\/svmep\/arret-des-procedures-devaluation-des-enseignants-par-les-eleves\/#article","isPartOf":{"@id":"https:\/\/sud.svmep.ch\/svmep\/arret-des-procedures-devaluation-des-enseignants-par-les-eleves\/"},"author":{"name":"","@id":""},"headline":"Arr\u00eat des proc\u00e9dures d\u2019\u00e9valuation des enseignant.e.s par les \u00e9l\u00e8ves","datePublished":"2015-06-12T17:18:24+00:00","dateModified":"2024-10-22T09:27:41+00:00","mainEntityOfPage":{"@id":"https:\/\/sud.svmep.ch\/svmep\/arret-des-procedures-devaluation-des-enseignants-par-les-eleves\/"},"wordCount":243,"publisher":{"@id":"https:\/\/sud.svmep.ch\/svmep\/#organization"},"keywords":["enseignement"],"articleSection":["\u00c9valuation des enseignant.e.s"],"inLanguage":"fr-FR"},{"@type":"WebPage","@id":"https:\/\/sud.svmep.ch\/svmep\/arret-des-procedures-devaluation-des-enseignants-par-les-eleves\/","url":"https:\/\/sud.svmep.ch\/svmep\/arret-des-procedures-devaluation-des-enseignants-par-les-eleves\/","name":"Arr\u00eat des proc\u00e9dures d\u2019\u00e9valuation des enseignant.e.s par les \u00e9l\u00e8ves - svmep.ch","isPartOf":{"@id":"https:\/\/sud.svmep.ch\/svmep\/#website"},"datePublished":"2015-06-12T17:18:24+00:00","dateModified":"2024-10-22T09:27:41+00:00","breadcrumb":{"@id":"https:\/\/sud.svmep.ch\/svmep\/arret-des-procedures-devaluation-des-enseignants-par-les-eleves\/#breadcrumb"},"inLanguage":"fr-FR","potentialAction":[{"@type":"ReadAction","target":["https:\/\/sud.svmep.ch\/svmep\/arret-des-procedures-devaluation-des-enseignants-par-les-eleves\/"]}]},{"@type":"BreadcrumbList","@id":"https:\/\/sud.svmep.ch\/svmep\/arret-des-procedures-devaluation-des-enseignants-par-les-eleves\/#breadcrumb","itemListElement":[{"@type":"ListItem","position":1,"name":"Accueil","item":"https:\/\/sud.svmep.ch\/svmep\/"},{"@type":"ListItem","position":2,"name":"\u00c9valuation des enseignant.e.s","item":"https:\/\/sud.svmep.ch\/svmep\/category\/evaluation-des-enseignant-e-s\/"},{"@type":"ListItem","position":3,"name":"Arr\u00eat des proc\u00e9dures d\u2019\u00e9valuation des enseignant.e.s par les \u00e9l\u00e8ves"}]},{"@type":"WebSite","@id":"https:\/\/sud.svmep.ch\/svmep\/#website","url":"https:\/\/sud.svmep.ch\/svmep\/","name":"Syndicat vaudois des ma\u00eetres.ses de l'enseignement professionnel","description":"","publisher":{"@id":"https:\/\/sud.svmep.ch\/svmep\/#organization"},"alternateName":"SVMEP","potentialAction":[{"@type":"SearchAction","target":{"@type":"EntryPoint","urlTemplate":"https:\/\/sud.svmep.ch\/svmep\/?s={search_term_string}"},"query-input":{"@type":"PropertyValueSpecification","valueRequired":true,"valueName":"search_term_string"}}],"inLanguage":"fr-FR"},{"@type":"Organization","@id":"https:\/\/sud.svmep.ch\/svmep\/#organization","name":"Syndicat vaudois des ma\u00eetres.ses de l'enseignement professionnel SVMEP","alternateName":"SVMEP","url":"https:\/\/sud.svmep.ch\/svmep\/","logo":{"@type":"ImageObject","inLanguage":"fr-FR","@id":"https:\/\/sud.svmep.ch\/svmep\/#\/schema\/logo\/image\/","url":"https:\/\/sud.svmep.ch\/svmep\/wp-content\/uploads\/2024\/09\/svmep150x260.jpg","contentUrl":"https:\/\/sud.svmep.ch\/svmep\/wp-content\/uploads\/2024\/09\/svmep150x260.jpg","width":226,"height":127,"caption":"Syndicat vaudois des ma\u00eetres.ses de l'enseignement professionnel SVMEP"},"image":{"@id":"https:\/\/sud.svmep.ch\/svmep\/#\/schema\/logo\/image\/"}},{"@type":"Person","@id":""}]}},"_links":{"self":[{"href":"https:\/\/sud.svmep.ch\/svmep\/wp-json\/wp\/v2\/posts\/340","targetHints":{"allow":["GET"]}}],"collection":[{"href":"https:\/\/sud.svmep.ch\/svmep\/wp-json\/wp\/v2\/posts"}],"about":[{"href":"https:\/\/sud.svmep.ch\/svmep\/wp-json\/wp\/v2\/types\/post"}],"author":[{"embeddable":true,"href":"https:\/\/sud.svmep.ch\/svmep\/wp-json\/wp\/v2\/users\/2"}],"replies":[{"embeddable":true,"href":"https:\/\/sud.svmep.ch\/svmep\/wp-json\/wp\/v2\/comments?post=340"}],"version-history":[{"count":0,"href":"https:\/\/sud.svmep.ch\/svmep\/wp-json\/wp\/v2\/posts\/340\/revisions"}],"wp:attachment":[{"href":"https:\/\/sud.svmep.ch\/svmep\/wp-json\/wp\/v2\/media?parent=340"}],"wp:term":[{"taxonomy":"category","embeddable":true,"href":"https:\/\/sud.svmep.ch\/svmep\/wp-json\/wp\/v2\/categories?post=340"},{"taxonomy":"post_tag","embeddable":true,"href":"https:\/\/sud.svmep.ch\/svmep\/wp-json\/wp\/v2\/tags?post=340"}],"curies":[{"name":"wp","href":"https:\/\/api.w.org\/{rel}","templated":true}]}}