{"id":366,"date":"2016-02-17T18:36:52","date_gmt":"2016-02-17T17:36:52","guid":{"rendered":"http:\/\/sud.svmep.ch\/?p=366"},"modified":"2025-09-21T17:31:09","modified_gmt":"2025-09-21T16:31:09","slug":"reconnaissance-du-titre-hefp-ex-iffp-notre-engagement-paie","status":"publish","type":"post","link":"https:\/\/sud.svmep.ch\/svmep\/reconnaissance-du-titre-hefp-ex-iffp-notre-engagement-paie\/","title":{"rendered":"Reconnaissance du titre HEFP (ex-IFFP) : notre engagement paie !"},"content":{"rendered":"<div data-canvas-width=\"114.80000000000001\">\n<p><strong>Ouverture de l&rsquo;acc\u00e8s \u00e0 l&rsquo;enseignement gymnasial pour les titulaires d&rsquo;un master dans une branche enseignable et du titre DFAP de la HEFP (ex-IFFP)<\/strong><\/p>\n<p>Apr\u00e8s des ann\u00e9es de pers\u00e9v\u00e9rance, le SVMEP a r\u00e9ussi \u00e0 n\u00e9gocier et \u00e0 obtenir de la part de la DGEP et de la HEP la cr\u00e9ation d&rsquo;une passerelle qui permet aux titulaires d&rsquo;un master dans une branche enseignable et d&rsquo;un titre p\u00e9dagogique d\u00e9livr\u00e9 par l&rsquo;IFFP (DFAP) de postuler dans les gymnases vaudois, alors qu&rsquo;ils.elles n&rsquo;auraient pas encore le titre HEP requis par la CDIP.<\/p>\n<p>Le titre HEP est indispensable pour enseigner dans les gymnases vaudois. Toutefois, \u00e0 partir de maintenant, avec un master et un titre IFFP vous pouvez postuler dans un gymnase. Si votre candidature est retenue par l&rsquo;un-e des directeurs-trices, vous disposez de la premi\u00e8re ann\u00e9e d\u2019engagement pour compl\u00e9ter votre formation p\u00e9dagogique menant au titre \u00ab\u00a0Master of Advanced Studies \/ Dipl\u00f4me d&rsquo;enseignement pour le secondaire II\u00a0\u00bb \u00e0 la HEP. Cela correspond \u00e0 des cours de didactique d&rsquo;une demi-journ\u00e9e sur un semestre, \u00e0 la r\u00e9daction d&rsquo;un travail didactique et \u00e0 l&rsquo;enseignement d&rsquo;au minimum 4 p\u00e9riodes dans votre branche enseignable au niveau gymnasial.<\/p>\n<p>Cela est valable d\u00e8s la publication par la DGEP de la mise au concours des heures d&rsquo;enseignement dans les gymnases \u00e0 la mi-mars 2016. La passerelle pour enseigner au niveau gymnasial offerte par la HEP commence d\u00e8s ao\u00fbt 2016.<\/p>\n<p>Contactez-nous si vous avez besoin d&rsquo;informations suppl\u00e9mentaires.<\/p>\n<\/div>\n<div data-canvas-width=\"114.80000000000001\">\u00c0 lire :<\/div>\n<div data-canvas-width=\"114.80000000000001\"><a href=\"http:\/\/sud.svmep.ch\/svmep\/wp-content\/uploads\/2016\/02\/formation-iffp-hep-courrier-de-la-DGEP.pdf\" target=\"_blank\" rel=\"noopener\">Copie du courriel envoy\u00e9 le 10 f\u00e9vrier 2016 par le Directeur g\u00e9n\u00e9ral de l\u2019enseignement postobligatoire aux directrices et directeurs des gymnases et des \u00e9coles professionnelles du canton de Vaud<\/a><\/div>\n","protected":false},"excerpt":{"rendered":"<p>Ouverture de l&rsquo;acc\u00e8s \u00e0 l&rsquo;enseignement gymnasial pour les titulaires d&rsquo;un master dans une branche enseignable et du titre DFAP de la HEFP (ex-IFFP) Apr\u00e8s des ann\u00e9es de pers\u00e9v\u00e9rance, le SVMEP [&hellip;]<\/p>\n","protected":false},"author":2,"featured_media":0,"comment_status":"closed","ping_status":"closed","sticky":false,"template":"","format":"standard","meta":{"footnotes":""},"categories":[1],"tags":[25],"class_list":["post-366","post","type-post","status-publish","format-standard","hentry","category-non-classe","tag-formation-pedagogique"],"yoast_head":"<!-- This site is optimized with the Yoast SEO plugin v27.4 - https:\/\/yoast.com\/product\/yoast-seo-wordpress\/ -->\n<title>Reconnaissance du titre HEFP (ex-IFFP) : notre engagement paie ! - svmep.ch<\/title>\n<meta name=\"description\" content=\"Reconnaissance du titre de la HEFP (ex-IFFP) pour enseigner au gymnase, pour les titulaires d&#039;un master dans une branche enseignable.\" \/>\n<meta name=\"robots\" content=\"index, follow, max-snippet:-1, max-image-preview:large, max-video-preview:-1\" \/>\n<link rel=\"canonical\" href=\"https:\/\/sud.svmep.ch\/svmep\/reconnaissance-du-titre-hefp-ex-iffp-notre-engagement-paie\/\" \/>\n<meta property=\"og:locale\" content=\"fr_FR\" \/>\n<meta property=\"og:type\" content=\"article\" \/>\n<meta property=\"og:title\" content=\"Reconnaissance du titre HEFP (ex-IFFP) : notre engagement paie ! - svmep.ch\" \/>\n<meta property=\"og:description\" content=\"Reconnaissance du titre de la HEFP (ex-IFFP) pour enseigner au gymnase, pour les titulaires d&#039;un master dans une branche enseignable.\" \/>\n<meta property=\"og:url\" content=\"https:\/\/sud.svmep.ch\/svmep\/reconnaissance-du-titre-hefp-ex-iffp-notre-engagement-paie\/\" \/>\n<meta property=\"og:site_name\" content=\"svmep.ch\" \/>\n<meta property=\"article:published_time\" content=\"2016-02-17T17:36:52+00:00\" \/>\n<meta property=\"article:modified_time\" content=\"2025-09-21T16:31:09+00:00\" \/>\n<meta name=\"twitter:card\" content=\"summary_large_image\" \/>\n<script type=\"application\/ld+json\" class=\"yoast-schema-graph\">{\"@context\":\"https:\\\/\\\/schema.org\",\"@graph\":[{\"@type\":\"Article\",\"@id\":\"https:\\\/\\\/sud.svmep.ch\\\/svmep\\\/reconnaissance-du-titre-hefp-ex-iffp-notre-engagement-paie\\\/#article\",\"isPartOf\":{\"@id\":\"https:\\\/\\\/sud.svmep.ch\\\/svmep\\\/reconnaissance-du-titre-hefp-ex-iffp-notre-engagement-paie\\\/\"},\"author\":{\"name\":\"\",\"@id\":\"\"},\"headline\":\"Reconnaissance du titre HEFP (ex-IFFP) : notre engagement paie !\",\"datePublished\":\"2016-02-17T17:36:52+00:00\",\"dateModified\":\"2025-09-21T16:31:09+00:00\",\"mainEntityOfPage\":{\"@id\":\"https:\\\/\\\/sud.svmep.ch\\\/svmep\\\/reconnaissance-du-titre-hefp-ex-iffp-notre-engagement-paie\\\/\"},\"wordCount\":283,\"publisher\":{\"@id\":\"https:\\\/\\\/sud.svmep.ch\\\/svmep\\\/#organization\"},\"keywords\":[\"formation p\u00e9dagogique\"],\"inLanguage\":\"fr-FR\"},{\"@type\":\"WebPage\",\"@id\":\"https:\\\/\\\/sud.svmep.ch\\\/svmep\\\/reconnaissance-du-titre-hefp-ex-iffp-notre-engagement-paie\\\/\",\"url\":\"https:\\\/\\\/sud.svmep.ch\\\/svmep\\\/reconnaissance-du-titre-hefp-ex-iffp-notre-engagement-paie\\\/\",\"name\":\"Reconnaissance du titre HEFP (ex-IFFP) : notre engagement paie ! - svmep.ch\",\"isPartOf\":{\"@id\":\"https:\\\/\\\/sud.svmep.ch\\\/svmep\\\/#website\"},\"datePublished\":\"2016-02-17T17:36:52+00:00\",\"dateModified\":\"2025-09-21T16:31:09+00:00\",\"description\":\"Reconnaissance du titre de la HEFP (ex-IFFP) pour enseigner au gymnase, pour les titulaires d'un master dans une branche enseignable.\",\"breadcrumb\":{\"@id\":\"https:\\\/\\\/sud.svmep.ch\\\/svmep\\\/reconnaissance-du-titre-hefp-ex-iffp-notre-engagement-paie\\\/#breadcrumb\"},\"inLanguage\":\"fr-FR\",\"potentialAction\":[{\"@type\":\"ReadAction\",\"target\":[\"https:\\\/\\\/sud.svmep.ch\\\/svmep\\\/reconnaissance-du-titre-hefp-ex-iffp-notre-engagement-paie\\\/\"]}]},{\"@type\":\"BreadcrumbList\",\"@id\":\"https:\\\/\\\/sud.svmep.ch\\\/svmep\\\/reconnaissance-du-titre-hefp-ex-iffp-notre-engagement-paie\\\/#breadcrumb\",\"itemListElement\":[{\"@type\":\"ListItem\",\"position\":1,\"name\":\"Accueil\",\"item\":\"https:\\\/\\\/sud.svmep.ch\\\/svmep\\\/\"},{\"@type\":\"ListItem\",\"position\":2,\"name\":\"Non class\u00e9\",\"item\":\"https:\\\/\\\/sud.svmep.ch\\\/svmep\\\/category\\\/non-classe\\\/\"},{\"@type\":\"ListItem\",\"position\":3,\"name\":\"Reconnaissance du titre HEFP (ex-IFFP) : notre engagement paie !\"}]},{\"@type\":\"WebSite\",\"@id\":\"https:\\\/\\\/sud.svmep.ch\\\/svmep\\\/#website\",\"url\":\"https:\\\/\\\/sud.svmep.ch\\\/svmep\\\/\",\"name\":\"Syndicat vaudois des ma\u00eetres.ses de l'enseignement professionnel\",\"description\":\"\",\"publisher\":{\"@id\":\"https:\\\/\\\/sud.svmep.ch\\\/svmep\\\/#organization\"},\"alternateName\":\"SVMEP\",\"potentialAction\":[{\"@type\":\"SearchAction\",\"target\":{\"@type\":\"EntryPoint\",\"urlTemplate\":\"https:\\\/\\\/sud.svmep.ch\\\/svmep\\\/?s={search_term_string}\"},\"query-input\":{\"@type\":\"PropertyValueSpecification\",\"valueRequired\":true,\"valueName\":\"search_term_string\"}}],\"inLanguage\":\"fr-FR\"},{\"@type\":\"Organization\",\"@id\":\"https:\\\/\\\/sud.svmep.ch\\\/svmep\\\/#organization\",\"name\":\"Syndicat vaudois des ma\u00eetres.ses de l'enseignement professionnel SVMEP\",\"alternateName\":\"SVMEP\",\"url\":\"https:\\\/\\\/sud.svmep.ch\\\/svmep\\\/\",\"logo\":{\"@type\":\"ImageObject\",\"inLanguage\":\"fr-FR\",\"@id\":\"https:\\\/\\\/sud.svmep.ch\\\/svmep\\\/#\\\/schema\\\/logo\\\/image\\\/\",\"url\":\"https:\\\/\\\/sud.svmep.ch\\\/svmep\\\/wp-content\\\/uploads\\\/2024\\\/09\\\/svmep150x260.jpg\",\"contentUrl\":\"https:\\\/\\\/sud.svmep.ch\\\/svmep\\\/wp-content\\\/uploads\\\/2024\\\/09\\\/svmep150x260.jpg\",\"width\":226,\"height\":127,\"caption\":\"Syndicat vaudois des ma\u00eetres.ses de l'enseignement professionnel SVMEP\"},\"image\":{\"@id\":\"https:\\\/\\\/sud.svmep.ch\\\/svmep\\\/#\\\/schema\\\/logo\\\/image\\\/\"}},{\"@type\":\"Person\",\"@id\":\"\"}]}<\/script>\n<!-- \/ Yoast SEO plugin. -->","yoast_head_json":{"title":"Reconnaissance du titre HEFP (ex-IFFP) : notre engagement paie ! - svmep.ch","description":"Reconnaissance du titre de la HEFP (ex-IFFP) pour enseigner au gymnase, pour les titulaires d'un master dans une branche enseignable.","robots":{"index":"index","follow":"follow","max-snippet":"max-snippet:-1","max-image-preview":"max-image-preview:large","max-video-preview":"max-video-preview:-1"},"canonical":"https:\/\/sud.svmep.ch\/svmep\/reconnaissance-du-titre-hefp-ex-iffp-notre-engagement-paie\/","og_locale":"fr_FR","og_type":"article","og_title":"Reconnaissance du titre HEFP (ex-IFFP) : notre engagement paie ! - svmep.ch","og_description":"Reconnaissance du titre de la HEFP (ex-IFFP) pour enseigner au gymnase, pour les titulaires d'un master dans une branche enseignable.","og_url":"https:\/\/sud.svmep.ch\/svmep\/reconnaissance-du-titre-hefp-ex-iffp-notre-engagement-paie\/","og_site_name":"svmep.ch","article_published_time":"2016-02-17T17:36:52+00:00","article_modified_time":"2025-09-21T16:31:09+00:00","twitter_card":"summary_large_image","schema":{"@context":"https:\/\/schema.org","@graph":[{"@type":"Article","@id":"https:\/\/sud.svmep.ch\/svmep\/reconnaissance-du-titre-hefp-ex-iffp-notre-engagement-paie\/#article","isPartOf":{"@id":"https:\/\/sud.svmep.ch\/svmep\/reconnaissance-du-titre-hefp-ex-iffp-notre-engagement-paie\/"},"author":{"name":"","@id":""},"headline":"Reconnaissance du titre HEFP (ex-IFFP) : notre engagement paie !","datePublished":"2016-02-17T17:36:52+00:00","dateModified":"2025-09-21T16:31:09+00:00","mainEntityOfPage":{"@id":"https:\/\/sud.svmep.ch\/svmep\/reconnaissance-du-titre-hefp-ex-iffp-notre-engagement-paie\/"},"wordCount":283,"publisher":{"@id":"https:\/\/sud.svmep.ch\/svmep\/#organization"},"keywords":["formation p\u00e9dagogique"],"inLanguage":"fr-FR"},{"@type":"WebPage","@id":"https:\/\/sud.svmep.ch\/svmep\/reconnaissance-du-titre-hefp-ex-iffp-notre-engagement-paie\/","url":"https:\/\/sud.svmep.ch\/svmep\/reconnaissance-du-titre-hefp-ex-iffp-notre-engagement-paie\/","name":"Reconnaissance du titre HEFP (ex-IFFP) : notre engagement paie ! - svmep.ch","isPartOf":{"@id":"https:\/\/sud.svmep.ch\/svmep\/#website"},"datePublished":"2016-02-17T17:36:52+00:00","dateModified":"2025-09-21T16:31:09+00:00","description":"Reconnaissance du titre de la HEFP (ex-IFFP) pour enseigner au gymnase, pour les titulaires d'un master dans une branche enseignable.","breadcrumb":{"@id":"https:\/\/sud.svmep.ch\/svmep\/reconnaissance-du-titre-hefp-ex-iffp-notre-engagement-paie\/#breadcrumb"},"inLanguage":"fr-FR","potentialAction":[{"@type":"ReadAction","target":["https:\/\/sud.svmep.ch\/svmep\/reconnaissance-du-titre-hefp-ex-iffp-notre-engagement-paie\/"]}]},{"@type":"BreadcrumbList","@id":"https:\/\/sud.svmep.ch\/svmep\/reconnaissance-du-titre-hefp-ex-iffp-notre-engagement-paie\/#breadcrumb","itemListElement":[{"@type":"ListItem","position":1,"name":"Accueil","item":"https:\/\/sud.svmep.ch\/svmep\/"},{"@type":"ListItem","position":2,"name":"Non class\u00e9","item":"https:\/\/sud.svmep.ch\/svmep\/category\/non-classe\/"},{"@type":"ListItem","position":3,"name":"Reconnaissance du titre HEFP (ex-IFFP) : notre engagement paie !"}]},{"@type":"WebSite","@id":"https:\/\/sud.svmep.ch\/svmep\/#website","url":"https:\/\/sud.svmep.ch\/svmep\/","name":"Syndicat vaudois des ma\u00eetres.ses de l'enseignement professionnel","description":"","publisher":{"@id":"https:\/\/sud.svmep.ch\/svmep\/#organization"},"alternateName":"SVMEP","potentialAction":[{"@type":"SearchAction","target":{"@type":"EntryPoint","urlTemplate":"https:\/\/sud.svmep.ch\/svmep\/?s={search_term_string}"},"query-input":{"@type":"PropertyValueSpecification","valueRequired":true,"valueName":"search_term_string"}}],"inLanguage":"fr-FR"},{"@type":"Organization","@id":"https:\/\/sud.svmep.ch\/svmep\/#organization","name":"Syndicat vaudois des ma\u00eetres.ses de l'enseignement professionnel SVMEP","alternateName":"SVMEP","url":"https:\/\/sud.svmep.ch\/svmep\/","logo":{"@type":"ImageObject","inLanguage":"fr-FR","@id":"https:\/\/sud.svmep.ch\/svmep\/#\/schema\/logo\/image\/","url":"https:\/\/sud.svmep.ch\/svmep\/wp-content\/uploads\/2024\/09\/svmep150x260.jpg","contentUrl":"https:\/\/sud.svmep.ch\/svmep\/wp-content\/uploads\/2024\/09\/svmep150x260.jpg","width":226,"height":127,"caption":"Syndicat vaudois des ma\u00eetres.ses de l'enseignement professionnel SVMEP"},"image":{"@id":"https:\/\/sud.svmep.ch\/svmep\/#\/schema\/logo\/image\/"}},{"@type":"Person","@id":""}]}},"_links":{"self":[{"href":"https:\/\/sud.svmep.ch\/svmep\/wp-json\/wp\/v2\/posts\/366","targetHints":{"allow":["GET"]}}],"collection":[{"href":"https:\/\/sud.svmep.ch\/svmep\/wp-json\/wp\/v2\/posts"}],"about":[{"href":"https:\/\/sud.svmep.ch\/svmep\/wp-json\/wp\/v2\/types\/post"}],"author":[{"embeddable":true,"href":"https:\/\/sud.svmep.ch\/svmep\/wp-json\/wp\/v2\/users\/2"}],"replies":[{"embeddable":true,"href":"https:\/\/sud.svmep.ch\/svmep\/wp-json\/wp\/v2\/comments?post=366"}],"version-history":[{"count":0,"href":"https:\/\/sud.svmep.ch\/svmep\/wp-json\/wp\/v2\/posts\/366\/revisions"}],"wp:attachment":[{"href":"https:\/\/sud.svmep.ch\/svmep\/wp-json\/wp\/v2\/media?parent=366"}],"wp:term":[{"taxonomy":"category","embeddable":true,"href":"https:\/\/sud.svmep.ch\/svmep\/wp-json\/wp\/v2\/categories?post=366"},{"taxonomy":"post_tag","embeddable":true,"href":"https:\/\/sud.svmep.ch\/svmep\/wp-json\/wp\/v2\/tags?post=366"}],"curies":[{"name":"wp","href":"https:\/\/api.w.org\/{rel}","templated":true}]}}