{"id":388,"date":"2016-06-13T20:02:12","date_gmt":"2016-06-13T19:02:12","guid":{"rendered":"http:\/\/sud.svmep.ch\/?p=388"},"modified":"2024-11-06T22:56:31","modified_gmt":"2024-11-06T21:56:31","slug":"directeur-decole-courroie-de-transmission-de-dgep","status":"publish","type":"post","link":"https:\/\/sud.svmep.ch\/svmep\/directeur-decole-courroie-de-transmission-de-dgep\/","title":{"rendered":"Eracom : directeur d\u2019\u00e9cole ou courroie de transmission de la DGEP ?"},"content":{"rendered":"<div class=\"wp-block-post-date\"><time datetime=\"2016-06-13T20:02:12+02:00\">13 juin 2016<\/time><\/div>\n\n<p>La nomination du nouveau directeur de l\u2019ERACOM soul\u00e8ve deux probl\u00e8mes. Primo, le Conseil d\u2019\u00c9tat, qui est l\u2019autorit\u00e9 d\u2019engagement des directeurs et directrices scolaires, n\u2019a pas respect\u00e9 le cadre l\u00e9gal dont il est garant : celui-ci exige un titre p\u00e9dagogique pour le secondaire II et, en principe, un master d\u2019une haute \u00e9cole. Secundo, le risque est grand de voir la DGEP placer \u00e0 la t\u00eate des \u00e9coles professionnelles de purs gestionnaires sans aucune exp\u00e9rience ni de l\u2019enseignement ni de l\u2019une au moins des formations d\u00e9livr\u00e9es dans l\u2019\u00e9tablissement.<\/p>\n<p>Le SVMEP interpelle le Conseil d\u2019\u00c9tat \u00e0 ce sujet : <a href=\"http:\/\/sud.svmep.ch\/svmep\/wp-content\/uploads\/2016\/06\/eracom-courrier-au-Conseil-dEtat.pdf\" target=\"_blank\" rel=\"noopener\">lisez la lettre et faite-la circuler<\/a>.<\/p>","protected":false},"excerpt":{"rendered":"<p>13 juin 2016 La nomination du nouveau directeur de l\u2019ERACOM soul\u00e8ve deux probl\u00e8mes. Primo, le Conseil d\u2019\u00c9tat, qui est l\u2019autorit\u00e9 d\u2019engagement des directeurs et directrices scolaires, n\u2019a pas respect\u00e9 le [&hellip;]<\/p>\n","protected":false},"author":2,"featured_media":0,"comment_status":"closed","ping_status":"closed","sticky":false,"template":"","format":"standard","meta":{"footnotes":""},"categories":[21],"tags":[34],"class_list":["post-388","post","type-post","status-publish","format-standard","hentry","category-ecole-en-situation-de-crise","tag-eracom"],"yoast_head":"<!-- This site is optimized with the Yoast SEO plugin v27.4 - https:\/\/yoast.com\/product\/yoast-seo-wordpress\/ -->\n<title>Eracom : directeur d\u2019\u00e9cole ou courroie de transmission de la DGEP ? - svmep.ch<\/title>\n<meta name=\"robots\" content=\"index, follow, max-snippet:-1, max-image-preview:large, max-video-preview:-1\" \/>\n<link rel=\"canonical\" href=\"https:\/\/sud.svmep.ch\/svmep\/directeur-decole-courroie-de-transmission-de-dgep\/\" \/>\n<meta property=\"og:locale\" content=\"fr_FR\" \/>\n<meta property=\"og:type\" content=\"article\" \/>\n<meta property=\"og:title\" content=\"Eracom : directeur d\u2019\u00e9cole ou courroie de transmission de la DGEP ? - svmep.ch\" \/>\n<meta property=\"og:description\" content=\"13 juin 2016 La nomination du nouveau directeur de l\u2019ERACOM soul\u00e8ve deux probl\u00e8mes. Primo, le Conseil d\u2019\u00c9tat, qui est l\u2019autorit\u00e9 d\u2019engagement des directeurs et directrices scolaires, n\u2019a pas respect\u00e9 le [&hellip;]\" \/>\n<meta property=\"og:url\" content=\"https:\/\/sud.svmep.ch\/svmep\/directeur-decole-courroie-de-transmission-de-dgep\/\" \/>\n<meta property=\"og:site_name\" content=\"svmep.ch\" \/>\n<meta property=\"article:published_time\" content=\"2016-06-13T19:02:12+00:00\" \/>\n<meta property=\"article:modified_time\" content=\"2024-11-06T21:56:31+00:00\" \/>\n<meta name=\"twitter:card\" content=\"summary_large_image\" \/>\n<script type=\"application\/ld+json\" class=\"yoast-schema-graph\">{\"@context\":\"https:\\\/\\\/schema.org\",\"@graph\":[{\"@type\":\"Article\",\"@id\":\"https:\\\/\\\/sud.svmep.ch\\\/svmep\\\/directeur-decole-courroie-de-transmission-de-dgep\\\/#article\",\"isPartOf\":{\"@id\":\"https:\\\/\\\/sud.svmep.ch\\\/svmep\\\/directeur-decole-courroie-de-transmission-de-dgep\\\/\"},\"author\":{\"name\":\"\",\"@id\":\"\"},\"headline\":\"Eracom : directeur d\u2019\u00e9cole ou courroie de transmission de la DGEP ?\",\"datePublished\":\"2016-06-13T19:02:12+00:00\",\"dateModified\":\"2024-11-06T21:56:31+00:00\",\"mainEntityOfPage\":{\"@id\":\"https:\\\/\\\/sud.svmep.ch\\\/svmep\\\/directeur-decole-courroie-de-transmission-de-dgep\\\/\"},\"wordCount\":127,\"publisher\":{\"@id\":\"https:\\\/\\\/sud.svmep.ch\\\/svmep\\\/#organization\"},\"keywords\":[\"eracom\"],\"articleSection\":[\"\u00c9coles en situation de crise\"],\"inLanguage\":\"fr-FR\"},{\"@type\":\"WebPage\",\"@id\":\"https:\\\/\\\/sud.svmep.ch\\\/svmep\\\/directeur-decole-courroie-de-transmission-de-dgep\\\/\",\"url\":\"https:\\\/\\\/sud.svmep.ch\\\/svmep\\\/directeur-decole-courroie-de-transmission-de-dgep\\\/\",\"name\":\"Eracom : directeur d\u2019\u00e9cole ou courroie de transmission de la DGEP ? - svmep.ch\",\"isPartOf\":{\"@id\":\"https:\\\/\\\/sud.svmep.ch\\\/svmep\\\/#website\"},\"datePublished\":\"2016-06-13T19:02:12+00:00\",\"dateModified\":\"2024-11-06T21:56:31+00:00\",\"breadcrumb\":{\"@id\":\"https:\\\/\\\/sud.svmep.ch\\\/svmep\\\/directeur-decole-courroie-de-transmission-de-dgep\\\/#breadcrumb\"},\"inLanguage\":\"fr-FR\",\"potentialAction\":[{\"@type\":\"ReadAction\",\"target\":[\"https:\\\/\\\/sud.svmep.ch\\\/svmep\\\/directeur-decole-courroie-de-transmission-de-dgep\\\/\"]}]},{\"@type\":\"BreadcrumbList\",\"@id\":\"https:\\\/\\\/sud.svmep.ch\\\/svmep\\\/directeur-decole-courroie-de-transmission-de-dgep\\\/#breadcrumb\",\"itemListElement\":[{\"@type\":\"ListItem\",\"position\":1,\"name\":\"Accueil\",\"item\":\"https:\\\/\\\/sud.svmep.ch\\\/svmep\\\/\"},{\"@type\":\"ListItem\",\"position\":2,\"name\":\"\u00c9coles en situation de crise\",\"item\":\"https:\\\/\\\/sud.svmep.ch\\\/svmep\\\/category\\\/ecole-en-situation-de-crise\\\/\"},{\"@type\":\"ListItem\",\"position\":3,\"name\":\"Eracom : directeur d\u2019\u00e9cole ou courroie de transmission de la DGEP ?\"}]},{\"@type\":\"WebSite\",\"@id\":\"https:\\\/\\\/sud.svmep.ch\\\/svmep\\\/#website\",\"url\":\"https:\\\/\\\/sud.svmep.ch\\\/svmep\\\/\",\"name\":\"Syndicat vaudois des ma\u00eetres.ses de l'enseignement professionnel\",\"description\":\"\",\"publisher\":{\"@id\":\"https:\\\/\\\/sud.svmep.ch\\\/svmep\\\/#organization\"},\"alternateName\":\"SVMEP\",\"potentialAction\":[{\"@type\":\"SearchAction\",\"target\":{\"@type\":\"EntryPoint\",\"urlTemplate\":\"https:\\\/\\\/sud.svmep.ch\\\/svmep\\\/?s={search_term_string}\"},\"query-input\":{\"@type\":\"PropertyValueSpecification\",\"valueRequired\":true,\"valueName\":\"search_term_string\"}}],\"inLanguage\":\"fr-FR\"},{\"@type\":\"Organization\",\"@id\":\"https:\\\/\\\/sud.svmep.ch\\\/svmep\\\/#organization\",\"name\":\"Syndicat vaudois des ma\u00eetres.ses de l'enseignement professionnel SVMEP\",\"alternateName\":\"SVMEP\",\"url\":\"https:\\\/\\\/sud.svmep.ch\\\/svmep\\\/\",\"logo\":{\"@type\":\"ImageObject\",\"inLanguage\":\"fr-FR\",\"@id\":\"https:\\\/\\\/sud.svmep.ch\\\/svmep\\\/#\\\/schema\\\/logo\\\/image\\\/\",\"url\":\"https:\\\/\\\/sud.svmep.ch\\\/svmep\\\/wp-content\\\/uploads\\\/2024\\\/09\\\/svmep150x260.jpg\",\"contentUrl\":\"https:\\\/\\\/sud.svmep.ch\\\/svmep\\\/wp-content\\\/uploads\\\/2024\\\/09\\\/svmep150x260.jpg\",\"width\":226,\"height\":127,\"caption\":\"Syndicat vaudois des ma\u00eetres.ses de l'enseignement professionnel SVMEP\"},\"image\":{\"@id\":\"https:\\\/\\\/sud.svmep.ch\\\/svmep\\\/#\\\/schema\\\/logo\\\/image\\\/\"}},{\"@type\":\"Person\",\"@id\":\"\"}]}<\/script>\n<!-- \/ Yoast SEO plugin. -->","yoast_head_json":{"title":"Eracom : directeur d\u2019\u00e9cole ou courroie de transmission de la DGEP ? - svmep.ch","robots":{"index":"index","follow":"follow","max-snippet":"max-snippet:-1","max-image-preview":"max-image-preview:large","max-video-preview":"max-video-preview:-1"},"canonical":"https:\/\/sud.svmep.ch\/svmep\/directeur-decole-courroie-de-transmission-de-dgep\/","og_locale":"fr_FR","og_type":"article","og_title":"Eracom : directeur d\u2019\u00e9cole ou courroie de transmission de la DGEP ? - svmep.ch","og_description":"13 juin 2016 La nomination du nouveau directeur de l\u2019ERACOM soul\u00e8ve deux probl\u00e8mes. Primo, le Conseil d\u2019\u00c9tat, qui est l\u2019autorit\u00e9 d\u2019engagement des directeurs et directrices scolaires, n\u2019a pas respect\u00e9 le [&hellip;]","og_url":"https:\/\/sud.svmep.ch\/svmep\/directeur-decole-courroie-de-transmission-de-dgep\/","og_site_name":"svmep.ch","article_published_time":"2016-06-13T19:02:12+00:00","article_modified_time":"2024-11-06T21:56:31+00:00","twitter_card":"summary_large_image","schema":{"@context":"https:\/\/schema.org","@graph":[{"@type":"Article","@id":"https:\/\/sud.svmep.ch\/svmep\/directeur-decole-courroie-de-transmission-de-dgep\/#article","isPartOf":{"@id":"https:\/\/sud.svmep.ch\/svmep\/directeur-decole-courroie-de-transmission-de-dgep\/"},"author":{"name":"","@id":""},"headline":"Eracom : directeur d\u2019\u00e9cole ou courroie de transmission de la DGEP ?","datePublished":"2016-06-13T19:02:12+00:00","dateModified":"2024-11-06T21:56:31+00:00","mainEntityOfPage":{"@id":"https:\/\/sud.svmep.ch\/svmep\/directeur-decole-courroie-de-transmission-de-dgep\/"},"wordCount":127,"publisher":{"@id":"https:\/\/sud.svmep.ch\/svmep\/#organization"},"keywords":["eracom"],"articleSection":["\u00c9coles en situation de crise"],"inLanguage":"fr-FR"},{"@type":"WebPage","@id":"https:\/\/sud.svmep.ch\/svmep\/directeur-decole-courroie-de-transmission-de-dgep\/","url":"https:\/\/sud.svmep.ch\/svmep\/directeur-decole-courroie-de-transmission-de-dgep\/","name":"Eracom : directeur d\u2019\u00e9cole ou courroie de transmission de la DGEP ? - svmep.ch","isPartOf":{"@id":"https:\/\/sud.svmep.ch\/svmep\/#website"},"datePublished":"2016-06-13T19:02:12+00:00","dateModified":"2024-11-06T21:56:31+00:00","breadcrumb":{"@id":"https:\/\/sud.svmep.ch\/svmep\/directeur-decole-courroie-de-transmission-de-dgep\/#breadcrumb"},"inLanguage":"fr-FR","potentialAction":[{"@type":"ReadAction","target":["https:\/\/sud.svmep.ch\/svmep\/directeur-decole-courroie-de-transmission-de-dgep\/"]}]},{"@type":"BreadcrumbList","@id":"https:\/\/sud.svmep.ch\/svmep\/directeur-decole-courroie-de-transmission-de-dgep\/#breadcrumb","itemListElement":[{"@type":"ListItem","position":1,"name":"Accueil","item":"https:\/\/sud.svmep.ch\/svmep\/"},{"@type":"ListItem","position":2,"name":"\u00c9coles en situation de crise","item":"https:\/\/sud.svmep.ch\/svmep\/category\/ecole-en-situation-de-crise\/"},{"@type":"ListItem","position":3,"name":"Eracom : directeur d\u2019\u00e9cole ou courroie de transmission de la DGEP ?"}]},{"@type":"WebSite","@id":"https:\/\/sud.svmep.ch\/svmep\/#website","url":"https:\/\/sud.svmep.ch\/svmep\/","name":"Syndicat vaudois des ma\u00eetres.ses de l'enseignement professionnel","description":"","publisher":{"@id":"https:\/\/sud.svmep.ch\/svmep\/#organization"},"alternateName":"SVMEP","potentialAction":[{"@type":"SearchAction","target":{"@type":"EntryPoint","urlTemplate":"https:\/\/sud.svmep.ch\/svmep\/?s={search_term_string}"},"query-input":{"@type":"PropertyValueSpecification","valueRequired":true,"valueName":"search_term_string"}}],"inLanguage":"fr-FR"},{"@type":"Organization","@id":"https:\/\/sud.svmep.ch\/svmep\/#organization","name":"Syndicat vaudois des ma\u00eetres.ses de l'enseignement professionnel SVMEP","alternateName":"SVMEP","url":"https:\/\/sud.svmep.ch\/svmep\/","logo":{"@type":"ImageObject","inLanguage":"fr-FR","@id":"https:\/\/sud.svmep.ch\/svmep\/#\/schema\/logo\/image\/","url":"https:\/\/sud.svmep.ch\/svmep\/wp-content\/uploads\/2024\/09\/svmep150x260.jpg","contentUrl":"https:\/\/sud.svmep.ch\/svmep\/wp-content\/uploads\/2024\/09\/svmep150x260.jpg","width":226,"height":127,"caption":"Syndicat vaudois des ma\u00eetres.ses de l'enseignement professionnel SVMEP"},"image":{"@id":"https:\/\/sud.svmep.ch\/svmep\/#\/schema\/logo\/image\/"}},{"@type":"Person","@id":""}]}},"_links":{"self":[{"href":"https:\/\/sud.svmep.ch\/svmep\/wp-json\/wp\/v2\/posts\/388","targetHints":{"allow":["GET"]}}],"collection":[{"href":"https:\/\/sud.svmep.ch\/svmep\/wp-json\/wp\/v2\/posts"}],"about":[{"href":"https:\/\/sud.svmep.ch\/svmep\/wp-json\/wp\/v2\/types\/post"}],"author":[{"embeddable":true,"href":"https:\/\/sud.svmep.ch\/svmep\/wp-json\/wp\/v2\/users\/2"}],"replies":[{"embeddable":true,"href":"https:\/\/sud.svmep.ch\/svmep\/wp-json\/wp\/v2\/comments?post=388"}],"version-history":[{"count":0,"href":"https:\/\/sud.svmep.ch\/svmep\/wp-json\/wp\/v2\/posts\/388\/revisions"}],"wp:attachment":[{"href":"https:\/\/sud.svmep.ch\/svmep\/wp-json\/wp\/v2\/media?parent=388"}],"wp:term":[{"taxonomy":"category","embeddable":true,"href":"https:\/\/sud.svmep.ch\/svmep\/wp-json\/wp\/v2\/categories?post=388"},{"taxonomy":"post_tag","embeddable":true,"href":"https:\/\/sud.svmep.ch\/svmep\/wp-json\/wp\/v2\/tags?post=388"}],"curies":[{"name":"wp","href":"https:\/\/api.w.org\/{rel}","templated":true}]}}