{"id":401,"date":"2016-10-09T17:09:22","date_gmt":"2016-10-09T16:09:22","guid":{"rendered":"http:\/\/sud.svmep.ch\/?p=401"},"modified":"2025-09-21T17:22:51","modified_gmt":"2025-09-21T16:22:51","slug":"des-dangers-de-levaluation-permanente","status":"publish","type":"post","link":"https:\/\/sud.svmep.ch\/svmep\/des-dangers-de-levaluation-permanente\/","title":{"rendered":"Des dangers de l\u2019\u00e9valuation permanente"},"content":{"rendered":"<p><strong>Nous vous invitons \u00e0 lire ci-dessous la derni\u00e8re <em>Lettre des gymnases,<\/em> publi\u00e9e par nos coll\u00e8gues de l\u2019AVMG. Partant du cas exemplaire du site <em>evaluetonprof<\/em>, elle traite de l&rsquo;\u00e9valuation dans toutes ses dimensions.<\/strong><\/p>\n\n\n<div data-wp-interactive=\"core\/file\" class=\"wp-block-file\"><object data-wp-bind--hidden=\"!state.hasPdfPreview\" hidden class=\"wp-block-file__embed\" data=\"https:\/\/sud.svmep.ch\/svmep\/wp-content\/uploads\/2016\/10\/lettre-77.pdf\" type=\"application\/pdf\" style=\"width:100%;height:600px\" aria-label=\"Contenu embarqu\u00e9 77e Lettre des gymnases.\"><\/object><a id=\"wp-block-file--media-87103e68-443c-4c3a-8f2b-dff8a2f59359\" href=\"https:\/\/sud.svmep.ch\/svmep\/wp-content\/uploads\/2016\/10\/lettre-77.pdf\" target=\"_blank\" rel=\"noreferrer noopener\">77e Lettre des gymnases<\/a><a href=\"https:\/\/sud.svmep.ch\/svmep\/wp-content\/uploads\/2016\/10\/lettre-77.pdf\" class=\"wp-block-file__button wp-element-button\" download aria-describedby=\"wp-block-file--media-87103e68-443c-4c3a-8f2b-dff8a2f59359\">T\u00e9l\u00e9charger<\/a><\/div>\n","protected":false},"excerpt":{"rendered":"<p>Nous vous invitons \u00e0 lire ci-dessous la derni\u00e8re Lettre des gymnases, publi\u00e9e par nos coll\u00e8gues de l\u2019AVMG. Partant du cas exemplaire du site evaluetonprof, elle traite de l&rsquo;\u00e9valuation dans toutes [&hellip;]<\/p>\n","protected":false},"author":4,"featured_media":0,"comment_status":"closed","ping_status":"closed","sticky":false,"template":"","format":"standard","meta":{"footnotes":""},"categories":[15,5],"tags":[45],"class_list":["post-401","post","type-post","status-publish","format-standard","hentry","category-evaluation-des-enseignant-e-s","category-sud-education","tag-enseignement"],"yoast_head":"<!-- This site is optimized with the Yoast SEO plugin v27.4 - https:\/\/yoast.com\/product\/yoast-seo-wordpress\/ -->\n<title>Des dangers de l\u2019\u00e9valuation permanente - svmep.ch<\/title>\n<meta name=\"description\" content=\"Cette Lettre des gymnases, publi\u00e9e par l\u2019AVMG, partant du cas exemplaire du site evaluetonprof, traite de l&#039;\u00e9valuation dans toutes ses dimensions.\" \/>\n<meta name=\"robots\" content=\"index, follow, max-snippet:-1, max-image-preview:large, max-video-preview:-1\" \/>\n<link rel=\"canonical\" href=\"https:\/\/sud.svmep.ch\/svmep\/77e-lettre-gymnases\/\" \/>\n<meta property=\"og:locale\" content=\"fr_FR\" \/>\n<meta property=\"og:type\" content=\"article\" \/>\n<meta property=\"og:title\" content=\"Des dangers de l\u2019\u00e9valuation permanente - svmep.ch\" \/>\n<meta property=\"og:description\" content=\"Cette Lettre des gymnases, publi\u00e9e par l\u2019AVMG, partant du cas exemplaire du site evaluetonprof, traite de l&#039;\u00e9valuation dans toutes ses dimensions.\" \/>\n<meta property=\"og:url\" content=\"https:\/\/sud.svmep.ch\/svmep\/77e-lettre-gymnases\/\" \/>\n<meta property=\"og:site_name\" content=\"svmep.ch\" \/>\n<meta property=\"article:published_time\" content=\"2016-10-09T16:09:22+00:00\" \/>\n<meta property=\"article:modified_time\" content=\"2025-09-21T16:22:51+00:00\" \/>\n<meta name=\"author\" content=\"svmep-webmaster\" \/>\n<meta name=\"twitter:card\" content=\"summary_large_image\" \/>\n<script type=\"application\/ld+json\" class=\"yoast-schema-graph\">{\"@context\":\"https:\\\/\\\/schema.org\",\"@graph\":[{\"@type\":\"Article\",\"@id\":\"https:\\\/\\\/sud.svmep.ch\\\/svmep\\\/77e-lettre-gymnases\\\/#article\",\"isPartOf\":{\"@id\":\"https:\\\/\\\/sud.svmep.ch\\\/svmep\\\/des-dangers-de-levaluation-permanente\\\/\"},\"author\":{\"name\":\"svmep-webmaster\",\"@id\":\"https:\\\/\\\/sud.svmep.ch\\\/svmep\\\/#\\\/schema\\\/person\\\/c89c46f48a039b5e5bc4a8eeeab1aece\"},\"headline\":\"Des dangers de l\u2019\u00e9valuation permanente\",\"datePublished\":\"2016-10-09T16:09:22+00:00\",\"dateModified\":\"2025-09-21T16:22:51+00:00\",\"mainEntityOfPage\":{\"@id\":\"https:\\\/\\\/sud.svmep.ch\\\/svmep\\\/des-dangers-de-levaluation-permanente\\\/\"},\"wordCount\":49,\"publisher\":{\"@id\":\"https:\\\/\\\/sud.svmep.ch\\\/svmep\\\/#organization\"},\"keywords\":[\"enseignement\"],\"articleSection\":[\"\u00c9valuation des enseignant.e.s\",\"SUD-\u00c9ducation\"],\"inLanguage\":\"fr-FR\"},{\"@type\":\"WebPage\",\"@id\":\"https:\\\/\\\/sud.svmep.ch\\\/svmep\\\/des-dangers-de-levaluation-permanente\\\/\",\"url\":\"https:\\\/\\\/sud.svmep.ch\\\/svmep\\\/77e-lettre-gymnases\\\/\",\"name\":\"Des dangers de l\u2019\u00e9valuation permanente - svmep.ch\",\"isPartOf\":{\"@id\":\"https:\\\/\\\/sud.svmep.ch\\\/svmep\\\/#website\"},\"datePublished\":\"2016-10-09T16:09:22+00:00\",\"dateModified\":\"2025-09-21T16:22:51+00:00\",\"description\":\"Cette Lettre des gymnases, publi\u00e9e par l\u2019AVMG, partant du cas exemplaire du site evaluetonprof, traite de l'\u00e9valuation dans toutes ses dimensions.\",\"breadcrumb\":{\"@id\":\"https:\\\/\\\/sud.svmep.ch\\\/svmep\\\/77e-lettre-gymnases\\\/#breadcrumb\"},\"inLanguage\":\"fr-FR\",\"potentialAction\":[{\"@type\":\"ReadAction\",\"target\":[\"https:\\\/\\\/sud.svmep.ch\\\/svmep\\\/77e-lettre-gymnases\\\/\"]}]},{\"@type\":\"BreadcrumbList\",\"@id\":\"https:\\\/\\\/sud.svmep.ch\\\/svmep\\\/77e-lettre-gymnases\\\/#breadcrumb\",\"itemListElement\":[{\"@type\":\"ListItem\",\"position\":1,\"name\":\"Accueil\",\"item\":\"https:\\\/\\\/sud.svmep.ch\\\/svmep\\\/\"},{\"@type\":\"ListItem\",\"position\":2,\"name\":\"\u00c9valuation des enseignant.e.s\",\"item\":\"https:\\\/\\\/sud.svmep.ch\\\/svmep\\\/category\\\/evaluation-des-enseignant-e-s\\\/\"},{\"@type\":\"ListItem\",\"position\":3,\"name\":\"Des dangers de l\u2019\u00e9valuation permanente\"}]},{\"@type\":\"WebSite\",\"@id\":\"https:\\\/\\\/sud.svmep.ch\\\/svmep\\\/#website\",\"url\":\"https:\\\/\\\/sud.svmep.ch\\\/svmep\\\/\",\"name\":\"Syndicat vaudois des ma\u00eetres.ses de l'enseignement professionnel\",\"description\":\"\",\"publisher\":{\"@id\":\"https:\\\/\\\/sud.svmep.ch\\\/svmep\\\/#organization\"},\"alternateName\":\"SVMEP\",\"potentialAction\":[{\"@type\":\"SearchAction\",\"target\":{\"@type\":\"EntryPoint\",\"urlTemplate\":\"https:\\\/\\\/sud.svmep.ch\\\/svmep\\\/?s={search_term_string}\"},\"query-input\":{\"@type\":\"PropertyValueSpecification\",\"valueRequired\":true,\"valueName\":\"search_term_string\"}}],\"inLanguage\":\"fr-FR\"},{\"@type\":\"Organization\",\"@id\":\"https:\\\/\\\/sud.svmep.ch\\\/svmep\\\/#organization\",\"name\":\"Syndicat vaudois des ma\u00eetres.ses de l'enseignement professionnel SVMEP\",\"alternateName\":\"SVMEP\",\"url\":\"https:\\\/\\\/sud.svmep.ch\\\/svmep\\\/\",\"logo\":{\"@type\":\"ImageObject\",\"inLanguage\":\"fr-FR\",\"@id\":\"https:\\\/\\\/sud.svmep.ch\\\/svmep\\\/#\\\/schema\\\/logo\\\/image\\\/\",\"url\":\"https:\\\/\\\/sud.svmep.ch\\\/svmep\\\/wp-content\\\/uploads\\\/2024\\\/09\\\/svmep150x260.jpg\",\"contentUrl\":\"https:\\\/\\\/sud.svmep.ch\\\/svmep\\\/wp-content\\\/uploads\\\/2024\\\/09\\\/svmep150x260.jpg\",\"width\":226,\"height\":127,\"caption\":\"Syndicat vaudois des ma\u00eetres.ses de l'enseignement professionnel SVMEP\"},\"image\":{\"@id\":\"https:\\\/\\\/sud.svmep.ch\\\/svmep\\\/#\\\/schema\\\/logo\\\/image\\\/\"}},{\"@type\":\"Person\",\"@id\":\"https:\\\/\\\/sud.svmep.ch\\\/svmep\\\/#\\\/schema\\\/person\\\/c89c46f48a039b5e5bc4a8eeeab1aece\",\"name\":\"svmep-webmaster\",\"image\":{\"@type\":\"ImageObject\",\"inLanguage\":\"fr-FR\",\"@id\":\"https:\\\/\\\/secure.gravatar.com\\\/avatar\\\/75b5925b5ca4f3df48f6bb05f81ad13dab8238efffb28bf26c5f1682dff96ea6?s=96&d=mm&r=g\",\"url\":\"https:\\\/\\\/secure.gravatar.com\\\/avatar\\\/75b5925b5ca4f3df48f6bb05f81ad13dab8238efffb28bf26c5f1682dff96ea6?s=96&d=mm&r=g\",\"contentUrl\":\"https:\\\/\\\/secure.gravatar.com\\\/avatar\\\/75b5925b5ca4f3df48f6bb05f81ad13dab8238efffb28bf26c5f1682dff96ea6?s=96&d=mm&r=g\",\"caption\":\"svmep-webmaster\"}}]}<\/script>\n<!-- \/ Yoast SEO plugin. -->","yoast_head_json":{"title":"Des dangers de l\u2019\u00e9valuation permanente - svmep.ch","description":"Cette Lettre des gymnases, publi\u00e9e par l\u2019AVMG, partant du cas exemplaire du site evaluetonprof, traite de l'\u00e9valuation dans toutes ses dimensions.","robots":{"index":"index","follow":"follow","max-snippet":"max-snippet:-1","max-image-preview":"max-image-preview:large","max-video-preview":"max-video-preview:-1"},"canonical":"https:\/\/sud.svmep.ch\/svmep\/77e-lettre-gymnases\/","og_locale":"fr_FR","og_type":"article","og_title":"Des dangers de l\u2019\u00e9valuation permanente - svmep.ch","og_description":"Cette Lettre des gymnases, publi\u00e9e par l\u2019AVMG, partant du cas exemplaire du site evaluetonprof, traite de l'\u00e9valuation dans toutes ses dimensions.","og_url":"https:\/\/sud.svmep.ch\/svmep\/77e-lettre-gymnases\/","og_site_name":"svmep.ch","article_published_time":"2016-10-09T16:09:22+00:00","article_modified_time":"2025-09-21T16:22:51+00:00","author":"svmep-webmaster","twitter_card":"summary_large_image","schema":{"@context":"https:\/\/schema.org","@graph":[{"@type":"Article","@id":"https:\/\/sud.svmep.ch\/svmep\/77e-lettre-gymnases\/#article","isPartOf":{"@id":"https:\/\/sud.svmep.ch\/svmep\/des-dangers-de-levaluation-permanente\/"},"author":{"name":"svmep-webmaster","@id":"https:\/\/sud.svmep.ch\/svmep\/#\/schema\/person\/c89c46f48a039b5e5bc4a8eeeab1aece"},"headline":"Des dangers de l\u2019\u00e9valuation permanente","datePublished":"2016-10-09T16:09:22+00:00","dateModified":"2025-09-21T16:22:51+00:00","mainEntityOfPage":{"@id":"https:\/\/sud.svmep.ch\/svmep\/des-dangers-de-levaluation-permanente\/"},"wordCount":49,"publisher":{"@id":"https:\/\/sud.svmep.ch\/svmep\/#organization"},"keywords":["enseignement"],"articleSection":["\u00c9valuation des enseignant.e.s","SUD-\u00c9ducation"],"inLanguage":"fr-FR"},{"@type":"WebPage","@id":"https:\/\/sud.svmep.ch\/svmep\/des-dangers-de-levaluation-permanente\/","url":"https:\/\/sud.svmep.ch\/svmep\/77e-lettre-gymnases\/","name":"Des dangers de l\u2019\u00e9valuation permanente - svmep.ch","isPartOf":{"@id":"https:\/\/sud.svmep.ch\/svmep\/#website"},"datePublished":"2016-10-09T16:09:22+00:00","dateModified":"2025-09-21T16:22:51+00:00","description":"Cette Lettre des gymnases, publi\u00e9e par l\u2019AVMG, partant du cas exemplaire du site evaluetonprof, traite de l'\u00e9valuation dans toutes ses dimensions.","breadcrumb":{"@id":"https:\/\/sud.svmep.ch\/svmep\/77e-lettre-gymnases\/#breadcrumb"},"inLanguage":"fr-FR","potentialAction":[{"@type":"ReadAction","target":["https:\/\/sud.svmep.ch\/svmep\/77e-lettre-gymnases\/"]}]},{"@type":"BreadcrumbList","@id":"https:\/\/sud.svmep.ch\/svmep\/77e-lettre-gymnases\/#breadcrumb","itemListElement":[{"@type":"ListItem","position":1,"name":"Accueil","item":"https:\/\/sud.svmep.ch\/svmep\/"},{"@type":"ListItem","position":2,"name":"\u00c9valuation des enseignant.e.s","item":"https:\/\/sud.svmep.ch\/svmep\/category\/evaluation-des-enseignant-e-s\/"},{"@type":"ListItem","position":3,"name":"Des dangers de l\u2019\u00e9valuation permanente"}]},{"@type":"WebSite","@id":"https:\/\/sud.svmep.ch\/svmep\/#website","url":"https:\/\/sud.svmep.ch\/svmep\/","name":"Syndicat vaudois des ma\u00eetres.ses de l'enseignement professionnel","description":"","publisher":{"@id":"https:\/\/sud.svmep.ch\/svmep\/#organization"},"alternateName":"SVMEP","potentialAction":[{"@type":"SearchAction","target":{"@type":"EntryPoint","urlTemplate":"https:\/\/sud.svmep.ch\/svmep\/?s={search_term_string}"},"query-input":{"@type":"PropertyValueSpecification","valueRequired":true,"valueName":"search_term_string"}}],"inLanguage":"fr-FR"},{"@type":"Organization","@id":"https:\/\/sud.svmep.ch\/svmep\/#organization","name":"Syndicat vaudois des ma\u00eetres.ses de l'enseignement professionnel SVMEP","alternateName":"SVMEP","url":"https:\/\/sud.svmep.ch\/svmep\/","logo":{"@type":"ImageObject","inLanguage":"fr-FR","@id":"https:\/\/sud.svmep.ch\/svmep\/#\/schema\/logo\/image\/","url":"https:\/\/sud.svmep.ch\/svmep\/wp-content\/uploads\/2024\/09\/svmep150x260.jpg","contentUrl":"https:\/\/sud.svmep.ch\/svmep\/wp-content\/uploads\/2024\/09\/svmep150x260.jpg","width":226,"height":127,"caption":"Syndicat vaudois des ma\u00eetres.ses de l'enseignement professionnel SVMEP"},"image":{"@id":"https:\/\/sud.svmep.ch\/svmep\/#\/schema\/logo\/image\/"}},{"@type":"Person","@id":"https:\/\/sud.svmep.ch\/svmep\/#\/schema\/person\/c89c46f48a039b5e5bc4a8eeeab1aece","name":"svmep-webmaster","image":{"@type":"ImageObject","inLanguage":"fr-FR","@id":"https:\/\/secure.gravatar.com\/avatar\/75b5925b5ca4f3df48f6bb05f81ad13dab8238efffb28bf26c5f1682dff96ea6?s=96&d=mm&r=g","url":"https:\/\/secure.gravatar.com\/avatar\/75b5925b5ca4f3df48f6bb05f81ad13dab8238efffb28bf26c5f1682dff96ea6?s=96&d=mm&r=g","contentUrl":"https:\/\/secure.gravatar.com\/avatar\/75b5925b5ca4f3df48f6bb05f81ad13dab8238efffb28bf26c5f1682dff96ea6?s=96&d=mm&r=g","caption":"svmep-webmaster"}}]}},"_links":{"self":[{"href":"https:\/\/sud.svmep.ch\/svmep\/wp-json\/wp\/v2\/posts\/401","targetHints":{"allow":["GET"]}}],"collection":[{"href":"https:\/\/sud.svmep.ch\/svmep\/wp-json\/wp\/v2\/posts"}],"about":[{"href":"https:\/\/sud.svmep.ch\/svmep\/wp-json\/wp\/v2\/types\/post"}],"author":[{"embeddable":true,"href":"https:\/\/sud.svmep.ch\/svmep\/wp-json\/wp\/v2\/users\/4"}],"replies":[{"embeddable":true,"href":"https:\/\/sud.svmep.ch\/svmep\/wp-json\/wp\/v2\/comments?post=401"}],"version-history":[{"count":0,"href":"https:\/\/sud.svmep.ch\/svmep\/wp-json\/wp\/v2\/posts\/401\/revisions"}],"wp:attachment":[{"href":"https:\/\/sud.svmep.ch\/svmep\/wp-json\/wp\/v2\/media?parent=401"}],"wp:term":[{"taxonomy":"category","embeddable":true,"href":"https:\/\/sud.svmep.ch\/svmep\/wp-json\/wp\/v2\/categories?post=401"},{"taxonomy":"post_tag","embeddable":true,"href":"https:\/\/sud.svmep.ch\/svmep\/wp-json\/wp\/v2\/tags?post=401"}],"curies":[{"name":"wp","href":"https:\/\/api.w.org\/{rel}","templated":true}]}}