{"id":422,"date":"2017-04-13T17:46:37","date_gmt":"2017-04-13T16:46:37","guid":{"rendered":"http:\/\/sud.svmep.ch\/?p=422"},"modified":"2025-01-03T15:09:51","modified_gmt":"2025-01-03T14:09:51","slug":"deduction-frais-de-repas","status":"publish","type":"post","link":"https:\/\/sud.svmep.ch\/svmep\/deduction-frais-de-repas\/","title":{"rendered":"Certificat de salaire 2016 et d\u00e9duction des frais de repas"},"content":{"rendered":"<div class=\"wp-block-post-date\"><time datetime=\"2017-04-13T17:46:37+02:00\">13 avril 2017<\/time><\/div>\n\n<p><strong>D\u00e9duction des frais de repas sur la d\u00e9claration d&rsquo;imp\u00f4t : de nombreux employ\u00e9-e-s de l\u2019\u00c9tat ont vu cocher la case \u00ab G \u00bb sur leur certificat de salaire 2016, alors qu\u2019elles-ils n\u2019ont pas acc\u00e8s \u00e0 une cantine ou caf\u00e9t\u00e9ria, ou que cette cantine ou caf\u00e9t\u00e9ria n\u2019offre pas de prix r\u00e9duit. Or, cette derni\u00e8re condition est essentielle. <a href=\"https:\/\/sud.svmep.ch\/svmep\/wp-content\/uploads\/2017\/04\/De\u0301duction-des-frais-de-repas.pdf\" target=\"_blank\" rel=\"noopener\">SUD a \u00e9crit au Conseil d\u2019\u00c9tat<\/a> pour d\u00e9noncer cette situation et demander la production de nouveaux certificats de salaire, ainsi qu\u2019une prolongation du d\u00e9lai pour le d\u00e9p\u00f4t de la d\u00e9claration d\u2019imp\u00f4t.<\/strong><\/p>\n<p>Pour parer \u00e0 toute \u00e9ventualit\u00e9, et si la case \u00ab G \u00bb est coch\u00e9e par erreur sur votre certificat de salaire, il faut suivre la proc\u00e9dure suivante :<\/p>\n<ol>\n<li>Vous avez d\u00e9j\u00e0 d\u00e9pos\u00e9 votre d\u00e9claration et le d\u00e9lai de modification de celle-ci est \u00e9chu. Dans ce cas, vous \u00e9crivez \u00e0 l\u2019ACI pour expliquer qu\u2019il y a une erreur manifeste de l\u2019employeur sur le certificat de salaire, que la case \u00ab G \u00bb ne doit pas \u00eatre coch\u00e9e car il n\u2019y a pas de cantine ou pas de prix r\u00e9duit, et que vous avez donc droit \u00e0 la pleine d\u00e9duction des frais de repas. Si n\u00e9cessaire, vous serez peut-\u00eatre appel\u00e9 \u00e0 contester la d\u00e9cision de taxation.<\/li>\n<li>Vous avez envoy\u00e9 votre d\u00e9claration mais le d\u00e9lai pour la modifier est encore ouvert, ou alors vous n\u2019avez pas encore rempli votre d\u00e9claration. Vous modifiez votre d\u00e9claration et vous ajoutez une note pour expliquer que la case \u00ab G \u00bb ne doit pas \u00eatre coch\u00e9e et que vous d\u00e9clarez donc une pleine d\u00e9duction des frais de repas.<\/li>\n<\/ol>\n\n\n<ul class=\"wp-block-social-links has-visible-labels has-icon-color has-icon-background-color is-content-justification-right is-nowrap is-layout-flex wp-container-core-social-links-is-layout-fd526d70 wp-block-social-links-is-layout-flex\"><li style=\"color: #ffffff; background-color: #cf2e2e; \" class=\"wp-social-link wp-social-link-facebook has-white-color has-vivid-red-background-color wp-block-social-link\"><a rel=\"noopener nofollow\" target=\"_blank\" href=\"https:\/\/www.facebook.com\/sudresiste\/\" class=\"wp-block-social-link-anchor\"><svg width=\"24\" height=\"24\" viewBox=\"0 0 24 24\" version=\"1.1\" xmlns=\"http:\/\/www.w3.org\/2000\/svg\" aria-hidden=\"true\" focusable=\"false\"><path d=\"M12 2C6.5 2 2 6.5 2 12c0 5 3.7 9.1 8.4 9.9v-7H7.9V12h2.5V9.8c0-2.5 1.5-3.9 3.8-3.9 1.1 0 2.2.2 2.2.2v2.5h-1.3c-1.2 0-1.6.8-1.6 1.6V12h2.8l-.4 2.9h-2.3v7C18.3 21.1 22 17 22 12c0-5.5-4.5-10-10-10z\"><\/path><\/svg><span class=\"wp-block-social-link-label\">SUD<\/span><\/a><\/li><\/ul>\n","protected":false},"excerpt":{"rendered":"<p>13 avril 2017 D\u00e9duction des frais de repas sur la d\u00e9claration d&rsquo;imp\u00f4t : de nombreux employ\u00e9-e-s de l\u2019\u00c9tat ont vu cocher la case \u00ab G \u00bb sur leur certificat de [&hellip;]<\/p>\n","protected":false},"author":4,"featured_media":1042,"comment_status":"closed","ping_status":"closed","sticky":false,"template":"","format":"standard","meta":{"footnotes":""},"categories":[49],"tags":[32],"class_list":["post-422","post","type-post","status-publish","format-standard","has-post-thumbnail","hentry","category-dossiers-generaux-sud","tag-salaire"],"yoast_head":"<!-- This site is optimized with the Yoast SEO plugin v27.4 - https:\/\/yoast.com\/product\/yoast-seo-wordpress\/ -->\n<title>Certificat de salaire 2016 et d\u00e9duction des frais de repas - svmep.ch<\/title>\n<meta name=\"description\" content=\"La case \u00ab G \u00bb est coch\u00e9e sur le certificat de salaire, ce qui ne permet qu&#039;une d\u00e9duction limit\u00e9e des frais de repas.\" \/>\n<meta name=\"robots\" content=\"index, follow, max-snippet:-1, max-image-preview:large, max-video-preview:-1\" \/>\n<link rel=\"canonical\" href=\"https:\/\/sud.svmep.ch\/svmep\/deduction-frais-de-repas\/\" \/>\n<meta property=\"og:locale\" content=\"fr_FR\" \/>\n<meta property=\"og:type\" content=\"article\" \/>\n<meta property=\"og:title\" content=\"Certificat de salaire 2016 et d\u00e9duction des frais de repas - svmep.ch\" \/>\n<meta property=\"og:description\" content=\"La case \u00ab G \u00bb est coch\u00e9e sur le certificat de salaire, ce qui ne permet qu&#039;une d\u00e9duction limit\u00e9e des frais de repas.\" \/>\n<meta property=\"og:url\" content=\"https:\/\/sud.svmep.ch\/svmep\/deduction-frais-de-repas\/\" \/>\n<meta property=\"og:site_name\" content=\"svmep.ch\" \/>\n<meta property=\"article:published_time\" content=\"2017-04-13T16:46:37+00:00\" \/>\n<meta property=\"article:modified_time\" content=\"2025-01-03T14:09:51+00:00\" \/>\n<meta property=\"og:image\" content=\"https:\/\/sud.svmep.ch\/svmep\/wp-content\/uploads\/2024\/06\/Sud-logo-couleur-IG-e1730883388694.png\" \/>\n\t<meta property=\"og:image:width\" content=\"1113\" \/>\n\t<meta property=\"og:image:height\" content=\"1113\" \/>\n\t<meta property=\"og:image:type\" content=\"image\/png\" \/>\n<meta name=\"author\" content=\"svmep-webmaster\" \/>\n<meta name=\"twitter:card\" content=\"summary_large_image\" \/>\n<script type=\"application\/ld+json\" class=\"yoast-schema-graph\">{\"@context\":\"https:\\\/\\\/schema.org\",\"@graph\":[{\"@type\":\"Article\",\"@id\":\"https:\\\/\\\/sud.svmep.ch\\\/svmep\\\/deduction-frais-de-repas\\\/#article\",\"isPartOf\":{\"@id\":\"https:\\\/\\\/sud.svmep.ch\\\/svmep\\\/deduction-frais-de-repas\\\/\"},\"author\":{\"name\":\"svmep-webmaster\",\"@id\":\"https:\\\/\\\/sud.svmep.ch\\\/svmep\\\/#\\\/schema\\\/person\\\/c89c46f48a039b5e5bc4a8eeeab1aece\"},\"headline\":\"Certificat de salaire 2016 et d\u00e9duction des frais de repas\",\"datePublished\":\"2017-04-13T16:46:37+00:00\",\"dateModified\":\"2025-01-03T14:09:51+00:00\",\"mainEntityOfPage\":{\"@id\":\"https:\\\/\\\/sud.svmep.ch\\\/svmep\\\/deduction-frais-de-repas\\\/\"},\"wordCount\":300,\"publisher\":{\"@id\":\"https:\\\/\\\/sud.svmep.ch\\\/svmep\\\/#organization\"},\"image\":{\"@id\":\"https:\\\/\\\/sud.svmep.ch\\\/svmep\\\/deduction-frais-de-repas\\\/#primaryimage\"},\"thumbnailUrl\":\"https:\\\/\\\/sud.svmep.ch\\\/svmep\\\/wp-content\\\/uploads\\\/2024\\\/06\\\/Sud-logo-couleur-IG-e1730883388694.png\",\"keywords\":[\"salaire\"],\"articleSection\":[\"Dossiers g\u00e9n\u00e9raux SUD\"],\"inLanguage\":\"fr-FR\"},{\"@type\":\"WebPage\",\"@id\":\"https:\\\/\\\/sud.svmep.ch\\\/svmep\\\/deduction-frais-de-repas\\\/\",\"url\":\"https:\\\/\\\/sud.svmep.ch\\\/svmep\\\/deduction-frais-de-repas\\\/\",\"name\":\"Certificat de salaire 2016 et d\u00e9duction des frais de repas - svmep.ch\",\"isPartOf\":{\"@id\":\"https:\\\/\\\/sud.svmep.ch\\\/svmep\\\/#website\"},\"primaryImageOfPage\":{\"@id\":\"https:\\\/\\\/sud.svmep.ch\\\/svmep\\\/deduction-frais-de-repas\\\/#primaryimage\"},\"image\":{\"@id\":\"https:\\\/\\\/sud.svmep.ch\\\/svmep\\\/deduction-frais-de-repas\\\/#primaryimage\"},\"thumbnailUrl\":\"https:\\\/\\\/sud.svmep.ch\\\/svmep\\\/wp-content\\\/uploads\\\/2024\\\/06\\\/Sud-logo-couleur-IG-e1730883388694.png\",\"datePublished\":\"2017-04-13T16:46:37+00:00\",\"dateModified\":\"2025-01-03T14:09:51+00:00\",\"description\":\"La case \u00ab G \u00bb est coch\u00e9e sur le certificat de salaire, ce qui ne permet qu'une d\u00e9duction limit\u00e9e des frais de repas.\",\"breadcrumb\":{\"@id\":\"https:\\\/\\\/sud.svmep.ch\\\/svmep\\\/deduction-frais-de-repas\\\/#breadcrumb\"},\"inLanguage\":\"fr-FR\",\"potentialAction\":[{\"@type\":\"ReadAction\",\"target\":[\"https:\\\/\\\/sud.svmep.ch\\\/svmep\\\/deduction-frais-de-repas\\\/\"]}]},{\"@type\":\"ImageObject\",\"inLanguage\":\"fr-FR\",\"@id\":\"https:\\\/\\\/sud.svmep.ch\\\/svmep\\\/deduction-frais-de-repas\\\/#primaryimage\",\"url\":\"https:\\\/\\\/sud.svmep.ch\\\/svmep\\\/wp-content\\\/uploads\\\/2024\\\/06\\\/Sud-logo-couleur-IG-e1730883388694.png\",\"contentUrl\":\"https:\\\/\\\/sud.svmep.ch\\\/svmep\\\/wp-content\\\/uploads\\\/2024\\\/06\\\/Sud-logo-couleur-IG-e1730883388694.png\",\"width\":1113,\"height\":1113},{\"@type\":\"BreadcrumbList\",\"@id\":\"https:\\\/\\\/sud.svmep.ch\\\/svmep\\\/deduction-frais-de-repas\\\/#breadcrumb\",\"itemListElement\":[{\"@type\":\"ListItem\",\"position\":1,\"name\":\"Accueil\",\"item\":\"https:\\\/\\\/sud.svmep.ch\\\/svmep\\\/\"},{\"@type\":\"ListItem\",\"position\":2,\"name\":\"Dossiers g\u00e9n\u00e9raux SUD\",\"item\":\"https:\\\/\\\/sud.svmep.ch\\\/svmep\\\/category\\\/dossiers-generaux-sud\\\/\"},{\"@type\":\"ListItem\",\"position\":3,\"name\":\"Certificat de salaire 2016 et d\u00e9duction des frais de repas\"}]},{\"@type\":\"WebSite\",\"@id\":\"https:\\\/\\\/sud.svmep.ch\\\/svmep\\\/#website\",\"url\":\"https:\\\/\\\/sud.svmep.ch\\\/svmep\\\/\",\"name\":\"Syndicat vaudois des ma\u00eetres.ses de l'enseignement professionnel\",\"description\":\"\",\"publisher\":{\"@id\":\"https:\\\/\\\/sud.svmep.ch\\\/svmep\\\/#organization\"},\"alternateName\":\"SVMEP\",\"potentialAction\":[{\"@type\":\"SearchAction\",\"target\":{\"@type\":\"EntryPoint\",\"urlTemplate\":\"https:\\\/\\\/sud.svmep.ch\\\/svmep\\\/?s={search_term_string}\"},\"query-input\":{\"@type\":\"PropertyValueSpecification\",\"valueRequired\":true,\"valueName\":\"search_term_string\"}}],\"inLanguage\":\"fr-FR\"},{\"@type\":\"Organization\",\"@id\":\"https:\\\/\\\/sud.svmep.ch\\\/svmep\\\/#organization\",\"name\":\"Syndicat vaudois des ma\u00eetres.ses de l'enseignement professionnel SVMEP\",\"alternateName\":\"SVMEP\",\"url\":\"https:\\\/\\\/sud.svmep.ch\\\/svmep\\\/\",\"logo\":{\"@type\":\"ImageObject\",\"inLanguage\":\"fr-FR\",\"@id\":\"https:\\\/\\\/sud.svmep.ch\\\/svmep\\\/#\\\/schema\\\/logo\\\/image\\\/\",\"url\":\"https:\\\/\\\/sud.svmep.ch\\\/svmep\\\/wp-content\\\/uploads\\\/2024\\\/09\\\/svmep150x260.jpg\",\"contentUrl\":\"https:\\\/\\\/sud.svmep.ch\\\/svmep\\\/wp-content\\\/uploads\\\/2024\\\/09\\\/svmep150x260.jpg\",\"width\":226,\"height\":127,\"caption\":\"Syndicat vaudois des ma\u00eetres.ses de l'enseignement professionnel SVMEP\"},\"image\":{\"@id\":\"https:\\\/\\\/sud.svmep.ch\\\/svmep\\\/#\\\/schema\\\/logo\\\/image\\\/\"}},{\"@type\":\"Person\",\"@id\":\"https:\\\/\\\/sud.svmep.ch\\\/svmep\\\/#\\\/schema\\\/person\\\/c89c46f48a039b5e5bc4a8eeeab1aece\",\"name\":\"svmep-webmaster\",\"image\":{\"@type\":\"ImageObject\",\"inLanguage\":\"fr-FR\",\"@id\":\"https:\\\/\\\/secure.gravatar.com\\\/avatar\\\/75b5925b5ca4f3df48f6bb05f81ad13dab8238efffb28bf26c5f1682dff96ea6?s=96&d=mm&r=g\",\"url\":\"https:\\\/\\\/secure.gravatar.com\\\/avatar\\\/75b5925b5ca4f3df48f6bb05f81ad13dab8238efffb28bf26c5f1682dff96ea6?s=96&d=mm&r=g\",\"contentUrl\":\"https:\\\/\\\/secure.gravatar.com\\\/avatar\\\/75b5925b5ca4f3df48f6bb05f81ad13dab8238efffb28bf26c5f1682dff96ea6?s=96&d=mm&r=g\",\"caption\":\"svmep-webmaster\"}}]}<\/script>\n<!-- \/ Yoast SEO plugin. -->","yoast_head_json":{"title":"Certificat de salaire 2016 et d\u00e9duction des frais de repas - svmep.ch","description":"La case \u00ab G \u00bb est coch\u00e9e sur le certificat de salaire, ce qui ne permet qu'une d\u00e9duction limit\u00e9e des frais de repas.","robots":{"index":"index","follow":"follow","max-snippet":"max-snippet:-1","max-image-preview":"max-image-preview:large","max-video-preview":"max-video-preview:-1"},"canonical":"https:\/\/sud.svmep.ch\/svmep\/deduction-frais-de-repas\/","og_locale":"fr_FR","og_type":"article","og_title":"Certificat de salaire 2016 et d\u00e9duction des frais de repas - svmep.ch","og_description":"La case \u00ab G \u00bb est coch\u00e9e sur le certificat de salaire, ce qui ne permet qu'une d\u00e9duction limit\u00e9e des frais de repas.","og_url":"https:\/\/sud.svmep.ch\/svmep\/deduction-frais-de-repas\/","og_site_name":"svmep.ch","article_published_time":"2017-04-13T16:46:37+00:00","article_modified_time":"2025-01-03T14:09:51+00:00","og_image":[{"width":1113,"height":1113,"url":"https:\/\/sud.svmep.ch\/svmep\/wp-content\/uploads\/2024\/06\/Sud-logo-couleur-IG-e1730883388694.png","type":"image\/png"}],"author":"svmep-webmaster","twitter_card":"summary_large_image","schema":{"@context":"https:\/\/schema.org","@graph":[{"@type":"Article","@id":"https:\/\/sud.svmep.ch\/svmep\/deduction-frais-de-repas\/#article","isPartOf":{"@id":"https:\/\/sud.svmep.ch\/svmep\/deduction-frais-de-repas\/"},"author":{"name":"svmep-webmaster","@id":"https:\/\/sud.svmep.ch\/svmep\/#\/schema\/person\/c89c46f48a039b5e5bc4a8eeeab1aece"},"headline":"Certificat de salaire 2016 et d\u00e9duction des frais de repas","datePublished":"2017-04-13T16:46:37+00:00","dateModified":"2025-01-03T14:09:51+00:00","mainEntityOfPage":{"@id":"https:\/\/sud.svmep.ch\/svmep\/deduction-frais-de-repas\/"},"wordCount":300,"publisher":{"@id":"https:\/\/sud.svmep.ch\/svmep\/#organization"},"image":{"@id":"https:\/\/sud.svmep.ch\/svmep\/deduction-frais-de-repas\/#primaryimage"},"thumbnailUrl":"https:\/\/sud.svmep.ch\/svmep\/wp-content\/uploads\/2024\/06\/Sud-logo-couleur-IG-e1730883388694.png","keywords":["salaire"],"articleSection":["Dossiers g\u00e9n\u00e9raux SUD"],"inLanguage":"fr-FR"},{"@type":"WebPage","@id":"https:\/\/sud.svmep.ch\/svmep\/deduction-frais-de-repas\/","url":"https:\/\/sud.svmep.ch\/svmep\/deduction-frais-de-repas\/","name":"Certificat de salaire 2016 et d\u00e9duction des frais de repas - svmep.ch","isPartOf":{"@id":"https:\/\/sud.svmep.ch\/svmep\/#website"},"primaryImageOfPage":{"@id":"https:\/\/sud.svmep.ch\/svmep\/deduction-frais-de-repas\/#primaryimage"},"image":{"@id":"https:\/\/sud.svmep.ch\/svmep\/deduction-frais-de-repas\/#primaryimage"},"thumbnailUrl":"https:\/\/sud.svmep.ch\/svmep\/wp-content\/uploads\/2024\/06\/Sud-logo-couleur-IG-e1730883388694.png","datePublished":"2017-04-13T16:46:37+00:00","dateModified":"2025-01-03T14:09:51+00:00","description":"La case \u00ab G \u00bb est coch\u00e9e sur le certificat de salaire, ce qui ne permet qu'une d\u00e9duction limit\u00e9e des frais de repas.","breadcrumb":{"@id":"https:\/\/sud.svmep.ch\/svmep\/deduction-frais-de-repas\/#breadcrumb"},"inLanguage":"fr-FR","potentialAction":[{"@type":"ReadAction","target":["https:\/\/sud.svmep.ch\/svmep\/deduction-frais-de-repas\/"]}]},{"@type":"ImageObject","inLanguage":"fr-FR","@id":"https:\/\/sud.svmep.ch\/svmep\/deduction-frais-de-repas\/#primaryimage","url":"https:\/\/sud.svmep.ch\/svmep\/wp-content\/uploads\/2024\/06\/Sud-logo-couleur-IG-e1730883388694.png","contentUrl":"https:\/\/sud.svmep.ch\/svmep\/wp-content\/uploads\/2024\/06\/Sud-logo-couleur-IG-e1730883388694.png","width":1113,"height":1113},{"@type":"BreadcrumbList","@id":"https:\/\/sud.svmep.ch\/svmep\/deduction-frais-de-repas\/#breadcrumb","itemListElement":[{"@type":"ListItem","position":1,"name":"Accueil","item":"https:\/\/sud.svmep.ch\/svmep\/"},{"@type":"ListItem","position":2,"name":"Dossiers g\u00e9n\u00e9raux SUD","item":"https:\/\/sud.svmep.ch\/svmep\/category\/dossiers-generaux-sud\/"},{"@type":"ListItem","position":3,"name":"Certificat de salaire 2016 et d\u00e9duction des frais de repas"}]},{"@type":"WebSite","@id":"https:\/\/sud.svmep.ch\/svmep\/#website","url":"https:\/\/sud.svmep.ch\/svmep\/","name":"Syndicat vaudois des ma\u00eetres.ses de l'enseignement professionnel","description":"","publisher":{"@id":"https:\/\/sud.svmep.ch\/svmep\/#organization"},"alternateName":"SVMEP","potentialAction":[{"@type":"SearchAction","target":{"@type":"EntryPoint","urlTemplate":"https:\/\/sud.svmep.ch\/svmep\/?s={search_term_string}"},"query-input":{"@type":"PropertyValueSpecification","valueRequired":true,"valueName":"search_term_string"}}],"inLanguage":"fr-FR"},{"@type":"Organization","@id":"https:\/\/sud.svmep.ch\/svmep\/#organization","name":"Syndicat vaudois des ma\u00eetres.ses de l'enseignement professionnel SVMEP","alternateName":"SVMEP","url":"https:\/\/sud.svmep.ch\/svmep\/","logo":{"@type":"ImageObject","inLanguage":"fr-FR","@id":"https:\/\/sud.svmep.ch\/svmep\/#\/schema\/logo\/image\/","url":"https:\/\/sud.svmep.ch\/svmep\/wp-content\/uploads\/2024\/09\/svmep150x260.jpg","contentUrl":"https:\/\/sud.svmep.ch\/svmep\/wp-content\/uploads\/2024\/09\/svmep150x260.jpg","width":226,"height":127,"caption":"Syndicat vaudois des ma\u00eetres.ses de l'enseignement professionnel SVMEP"},"image":{"@id":"https:\/\/sud.svmep.ch\/svmep\/#\/schema\/logo\/image\/"}},{"@type":"Person","@id":"https:\/\/sud.svmep.ch\/svmep\/#\/schema\/person\/c89c46f48a039b5e5bc4a8eeeab1aece","name":"svmep-webmaster","image":{"@type":"ImageObject","inLanguage":"fr-FR","@id":"https:\/\/secure.gravatar.com\/avatar\/75b5925b5ca4f3df48f6bb05f81ad13dab8238efffb28bf26c5f1682dff96ea6?s=96&d=mm&r=g","url":"https:\/\/secure.gravatar.com\/avatar\/75b5925b5ca4f3df48f6bb05f81ad13dab8238efffb28bf26c5f1682dff96ea6?s=96&d=mm&r=g","contentUrl":"https:\/\/secure.gravatar.com\/avatar\/75b5925b5ca4f3df48f6bb05f81ad13dab8238efffb28bf26c5f1682dff96ea6?s=96&d=mm&r=g","caption":"svmep-webmaster"}}]}},"_links":{"self":[{"href":"https:\/\/sud.svmep.ch\/svmep\/wp-json\/wp\/v2\/posts\/422","targetHints":{"allow":["GET"]}}],"collection":[{"href":"https:\/\/sud.svmep.ch\/svmep\/wp-json\/wp\/v2\/posts"}],"about":[{"href":"https:\/\/sud.svmep.ch\/svmep\/wp-json\/wp\/v2\/types\/post"}],"author":[{"embeddable":true,"href":"https:\/\/sud.svmep.ch\/svmep\/wp-json\/wp\/v2\/users\/4"}],"replies":[{"embeddable":true,"href":"https:\/\/sud.svmep.ch\/svmep\/wp-json\/wp\/v2\/comments?post=422"}],"version-history":[{"count":0,"href":"https:\/\/sud.svmep.ch\/svmep\/wp-json\/wp\/v2\/posts\/422\/revisions"}],"wp:featuredmedia":[{"embeddable":true,"href":"https:\/\/sud.svmep.ch\/svmep\/wp-json\/wp\/v2\/media\/1042"}],"wp:attachment":[{"href":"https:\/\/sud.svmep.ch\/svmep\/wp-json\/wp\/v2\/media?parent=422"}],"wp:term":[{"taxonomy":"category","embeddable":true,"href":"https:\/\/sud.svmep.ch\/svmep\/wp-json\/wp\/v2\/categories?post=422"},{"taxonomy":"post_tag","embeddable":true,"href":"https:\/\/sud.svmep.ch\/svmep\/wp-json\/wp\/v2\/tags?post=422"}],"curies":[{"name":"wp","href":"https:\/\/api.w.org\/{rel}","templated":true}]}}