{"id":438,"date":"2017-09-28T21:49:40","date_gmt":"2017-09-28T20:49:40","guid":{"rendered":"http:\/\/sud.svmep.ch\/?p=438"},"modified":"2025-05-25T10:48:01","modified_gmt":"2025-05-25T09:48:01","slug":"contrat-de-travail-ce-qui-va-changer-si-vous-etes-en-cdd","status":"publish","type":"post","link":"https:\/\/sud.svmep.ch\/svmep\/contrat-de-travail-ce-qui-va-changer-si-vous-etes-en-cdd\/","title":{"rendered":"Contrat de travail : ce qui va changer si vous \u00eates en CDD"},"content":{"rendered":"<div class=\"wp-block-post-date\"><time datetime=\"2017-09-28T21:49:40+02:00\">28 septembre 2017<\/time><\/div>\n\n<p><strong>Nouveau cadre pour l\u2019application du fameux article 108 du R\u00e8glement d&rsquo;application de la Loi scolaire (RLS): il y a du nouveau concernant le premier contrat de travail dans l&rsquo;enseignement vaudois. Ce contrat ne peut \u00eatre qu\u2019un contrat \u00e0 dur\u00e9e d\u00e9termin\u00e9e (CDD). \u00c0 l\u2019issue de cette ann\u00e9e dite probatoire, tout nouveau contrat conclu entre un.e enseignant.e et la DGEP ne peut \u00eatre qu\u2019un contrat \u00e0 dur\u00e9e ind\u00e9termin\u00e9e (CDI). Nous nous adressons principalement \u00e0 toutes celles et tous ceux qui sont en CDD, avec un titre HEP ou IFFP en poche.<\/strong><\/p>\n<p>Tout.e enseignant-e nouvellement engag\u00e9.e \u00e0 l\u2019\u00c9tat de Vaud, apr\u00e8s avoir obtenu un titre p\u00e9dagogique, doit effectuer une p\u00e9riode probatoire. Elle est r\u00e9gie par l\u2019article 108 RLS, qui pr\u00e9voit un CDD de type tr\u00e8s particulier comme premier engagement. Sauf pr\u00e9avis n\u00e9gatif de la direction de l\u2019\u00e9tablissement o\u00f9 l\u2019ann\u00e9e a \u00e9t\u00e9 effectu\u00e9e, ce contrat se transforme en contrat \u00e0 dur\u00e9e ind\u00e9termin\u00e9e un CDI.<\/p>\n<p>Mais plusieurs probl\u00e8mes peuvent se poser. Que se passe-t-il si le pr\u00e9avis est n\u00e9gatif ?<\/p>\n<p><strong>Lire la suite dans la lettre d&rsquo;info du SVMEP, \u00e0 t\u00e9l\u00e9charger ci-dessous.<\/strong><\/p>\n<p><strong><em>Mise \u00e0 jour :<\/em><\/strong> lisez \u00e9galement notre <a href=\"https:\/\/sud.svmep.ch\/svmep\/gazette-svmep-longue-marche-cdd\/\" target=\"_blank\" rel=\"noopener\"><em>Gazette<\/em> sp\u00e9ciale CDD de septembre 2018<\/a> ainsi que <a href=\"https:\/\/svms.ch\/annee-probatoire-art-108\/\" target=\"_blank\" rel=\"noopener\">les informations compl\u00e9mentaires<\/a> fournies par nos coll\u00e8gues de la SVMS.<\/p>\n\n\n<div data-wp-interactive=\"core\/file\" class=\"wp-block-file\"><object data-wp-bind--hidden=\"!state.hasPdfPreview\" hidden class=\"wp-block-file__embed\" data=\"https:\/\/sud.svmep.ch\/svmep\/wp-content\/uploads\/2017\/09\/Article-108-1.pdf\" type=\"application\/pdf\" style=\"width:100%;height:600px\" aria-label=\"Contenu embarqu\u00e9 Lettre d&#039;info art. 108 RLS.\"><\/object><a id=\"wp-block-file--media-aaa98768-9f67-4c40-b9c7-f3d0f0187192\" href=\"https:\/\/sud.svmep.ch\/svmep\/wp-content\/uploads\/2017\/09\/Article-108-1.pdf\" target=\"_blank\" rel=\"noreferrer noopener\">Lettre d&rsquo;info art. 108 RLS<\/a><a href=\"https:\/\/sud.svmep.ch\/svmep\/wp-content\/uploads\/2017\/09\/Article-108-1.pdf\" class=\"wp-block-file__button wp-element-button\" download aria-describedby=\"wp-block-file--media-aaa98768-9f67-4c40-b9c7-f3d0f0187192\">T\u00e9l\u00e9charger<\/a><\/div>\n","protected":false},"excerpt":{"rendered":"<p>28 septembre 2017 Nouveau cadre pour l\u2019application du fameux article 108 du R\u00e8glement d&rsquo;application de la Loi scolaire (RLS): il y a du nouveau concernant le premier contrat de travail [&hellip;]<\/p>\n","protected":false},"author":4,"featured_media":1337,"comment_status":"closed","ping_status":"closed","sticky":false,"template":"","format":"standard","meta":{"footnotes":""},"categories":[15,5],"tags":[41,26],"class_list":["post-438","post","type-post","status-publish","format-standard","has-post-thumbnail","hentry","category-evaluation-des-enseignant-e-s","category-sud-education","tag-contrat-de-travail","tag-lois-et-reglements"],"yoast_head":"<!-- This site is optimized with the Yoast SEO plugin v27.4 - https:\/\/yoast.com\/product\/yoast-seo-wordpress\/ -->\n<title>Contrat de travail : ce qui va changer si vous \u00eates en CDD - svmep.ch<\/title>\n<meta name=\"description\" content=\"Contrat de travail CDD dans l&#039;enseignement vaudois : nouveau cadre pour l\u2019application de l\u2019article 108 RLS (ann\u00e9e probatoire).\" \/>\n<meta name=\"robots\" content=\"index, follow, max-snippet:-1, max-image-preview:large, max-video-preview:-1\" \/>\n<link rel=\"canonical\" href=\"https:\/\/sud.svmep.ch\/svmep\/contrat-de-travail-ce-qui-va-changer-si-vous-etes-en-cdd\/\" \/>\n<meta property=\"og:locale\" content=\"fr_FR\" \/>\n<meta property=\"og:type\" content=\"article\" \/>\n<meta property=\"og:title\" content=\"Contrat de travail : ce qui va changer si vous \u00eates en CDD - svmep.ch\" \/>\n<meta property=\"og:description\" content=\"Contrat de travail CDD dans l&#039;enseignement vaudois : nouveau cadre pour l\u2019application de l\u2019article 108 RLS (ann\u00e9e probatoire).\" \/>\n<meta property=\"og:url\" content=\"https:\/\/sud.svmep.ch\/svmep\/contrat-de-travail-ce-qui-va-changer-si-vous-etes-en-cdd\/\" \/>\n<meta property=\"og:site_name\" content=\"svmep.ch\" \/>\n<meta property=\"article:published_time\" content=\"2017-09-28T20:49:40+00:00\" \/>\n<meta property=\"article:modified_time\" content=\"2025-05-25T09:48:01+00:00\" \/>\n<meta property=\"og:image\" content=\"https:\/\/sud.svmep.ch\/svmep\/wp-content\/uploads\/2024\/10\/droit.webp\" \/>\n\t<meta property=\"og:image:width\" content=\"600\" \/>\n\t<meta property=\"og:image:height\" content=\"600\" \/>\n\t<meta property=\"og:image:type\" content=\"image\/webp\" \/>\n<meta name=\"author\" content=\"svmep-webmaster\" \/>\n<meta name=\"twitter:card\" content=\"summary_large_image\" \/>\n<script type=\"application\/ld+json\" class=\"yoast-schema-graph\">{\"@context\":\"https:\\\/\\\/schema.org\",\"@graph\":[{\"@type\":\"Article\",\"@id\":\"https:\\\/\\\/sud.svmep.ch\\\/svmep\\\/contrat-de-travail-ce-qui-va-changer-si-vous-etes-en-cdd\\\/#article\",\"isPartOf\":{\"@id\":\"https:\\\/\\\/sud.svmep.ch\\\/svmep\\\/contrat-de-travail-ce-qui-va-changer-si-vous-etes-en-cdd\\\/\"},\"author\":{\"name\":\"svmep-webmaster\",\"@id\":\"https:\\\/\\\/sud.svmep.ch\\\/svmep\\\/#\\\/schema\\\/person\\\/c89c46f48a039b5e5bc4a8eeeab1aece\"},\"headline\":\"Contrat de travail : ce qui va changer si vous \u00eates en CDD\",\"datePublished\":\"2017-09-28T20:49:40+00:00\",\"dateModified\":\"2025-05-25T09:48:01+00:00\",\"mainEntityOfPage\":{\"@id\":\"https:\\\/\\\/sud.svmep.ch\\\/svmep\\\/contrat-de-travail-ce-qui-va-changer-si-vous-etes-en-cdd\\\/\"},\"wordCount\":249,\"publisher\":{\"@id\":\"https:\\\/\\\/sud.svmep.ch\\\/svmep\\\/#organization\"},\"image\":{\"@id\":\"https:\\\/\\\/sud.svmep.ch\\\/svmep\\\/contrat-de-travail-ce-qui-va-changer-si-vous-etes-en-cdd\\\/#primaryimage\"},\"thumbnailUrl\":\"https:\\\/\\\/sud.svmep.ch\\\/svmep\\\/wp-content\\\/uploads\\\/2024\\\/10\\\/droit.webp\",\"keywords\":[\"contrat de travail\",\"lois et r\u00e8glements\"],\"articleSection\":[\"\u00c9valuation des enseignant.e.s\",\"SUD-\u00c9ducation\"],\"inLanguage\":\"fr-FR\"},{\"@type\":\"WebPage\",\"@id\":\"https:\\\/\\\/sud.svmep.ch\\\/svmep\\\/contrat-de-travail-ce-qui-va-changer-si-vous-etes-en-cdd\\\/\",\"url\":\"https:\\\/\\\/sud.svmep.ch\\\/svmep\\\/contrat-de-travail-ce-qui-va-changer-si-vous-etes-en-cdd\\\/\",\"name\":\"Contrat de travail : ce qui va changer si vous \u00eates en CDD - svmep.ch\",\"isPartOf\":{\"@id\":\"https:\\\/\\\/sud.svmep.ch\\\/svmep\\\/#website\"},\"primaryImageOfPage\":{\"@id\":\"https:\\\/\\\/sud.svmep.ch\\\/svmep\\\/contrat-de-travail-ce-qui-va-changer-si-vous-etes-en-cdd\\\/#primaryimage\"},\"image\":{\"@id\":\"https:\\\/\\\/sud.svmep.ch\\\/svmep\\\/contrat-de-travail-ce-qui-va-changer-si-vous-etes-en-cdd\\\/#primaryimage\"},\"thumbnailUrl\":\"https:\\\/\\\/sud.svmep.ch\\\/svmep\\\/wp-content\\\/uploads\\\/2024\\\/10\\\/droit.webp\",\"datePublished\":\"2017-09-28T20:49:40+00:00\",\"dateModified\":\"2025-05-25T09:48:01+00:00\",\"description\":\"Contrat de travail CDD dans l'enseignement vaudois : nouveau cadre pour l\u2019application de l\u2019article 108 RLS (ann\u00e9e probatoire).\",\"breadcrumb\":{\"@id\":\"https:\\\/\\\/sud.svmep.ch\\\/svmep\\\/contrat-de-travail-ce-qui-va-changer-si-vous-etes-en-cdd\\\/#breadcrumb\"},\"inLanguage\":\"fr-FR\",\"potentialAction\":[{\"@type\":\"ReadAction\",\"target\":[\"https:\\\/\\\/sud.svmep.ch\\\/svmep\\\/contrat-de-travail-ce-qui-va-changer-si-vous-etes-en-cdd\\\/\"]}]},{\"@type\":\"ImageObject\",\"inLanguage\":\"fr-FR\",\"@id\":\"https:\\\/\\\/sud.svmep.ch\\\/svmep\\\/contrat-de-travail-ce-qui-va-changer-si-vous-etes-en-cdd\\\/#primaryimage\",\"url\":\"https:\\\/\\\/sud.svmep.ch\\\/svmep\\\/wp-content\\\/uploads\\\/2024\\\/10\\\/droit.webp\",\"contentUrl\":\"https:\\\/\\\/sud.svmep.ch\\\/svmep\\\/wp-content\\\/uploads\\\/2024\\\/10\\\/droit.webp\",\"width\":600,\"height\":600},{\"@type\":\"BreadcrumbList\",\"@id\":\"https:\\\/\\\/sud.svmep.ch\\\/svmep\\\/contrat-de-travail-ce-qui-va-changer-si-vous-etes-en-cdd\\\/#breadcrumb\",\"itemListElement\":[{\"@type\":\"ListItem\",\"position\":1,\"name\":\"Accueil\",\"item\":\"https:\\\/\\\/sud.svmep.ch\\\/svmep\\\/\"},{\"@type\":\"ListItem\",\"position\":2,\"name\":\"SUD-\u00c9ducation\",\"item\":\"https:\\\/\\\/sud.svmep.ch\\\/svmep\\\/category\\\/sud-education\\\/\"},{\"@type\":\"ListItem\",\"position\":3,\"name\":\"Contrat de travail : ce qui va changer si vous \u00eates en CDD\"}]},{\"@type\":\"WebSite\",\"@id\":\"https:\\\/\\\/sud.svmep.ch\\\/svmep\\\/#website\",\"url\":\"https:\\\/\\\/sud.svmep.ch\\\/svmep\\\/\",\"name\":\"Syndicat vaudois des ma\u00eetres.ses de l'enseignement professionnel\",\"description\":\"\",\"publisher\":{\"@id\":\"https:\\\/\\\/sud.svmep.ch\\\/svmep\\\/#organization\"},\"alternateName\":\"SVMEP\",\"potentialAction\":[{\"@type\":\"SearchAction\",\"target\":{\"@type\":\"EntryPoint\",\"urlTemplate\":\"https:\\\/\\\/sud.svmep.ch\\\/svmep\\\/?s={search_term_string}\"},\"query-input\":{\"@type\":\"PropertyValueSpecification\",\"valueRequired\":true,\"valueName\":\"search_term_string\"}}],\"inLanguage\":\"fr-FR\"},{\"@type\":\"Organization\",\"@id\":\"https:\\\/\\\/sud.svmep.ch\\\/svmep\\\/#organization\",\"name\":\"Syndicat vaudois des ma\u00eetres.ses de l'enseignement professionnel SVMEP\",\"alternateName\":\"SVMEP\",\"url\":\"https:\\\/\\\/sud.svmep.ch\\\/svmep\\\/\",\"logo\":{\"@type\":\"ImageObject\",\"inLanguage\":\"fr-FR\",\"@id\":\"https:\\\/\\\/sud.svmep.ch\\\/svmep\\\/#\\\/schema\\\/logo\\\/image\\\/\",\"url\":\"https:\\\/\\\/sud.svmep.ch\\\/svmep\\\/wp-content\\\/uploads\\\/2024\\\/09\\\/svmep150x260.jpg\",\"contentUrl\":\"https:\\\/\\\/sud.svmep.ch\\\/svmep\\\/wp-content\\\/uploads\\\/2024\\\/09\\\/svmep150x260.jpg\",\"width\":226,\"height\":127,\"caption\":\"Syndicat vaudois des ma\u00eetres.ses de l'enseignement professionnel SVMEP\"},\"image\":{\"@id\":\"https:\\\/\\\/sud.svmep.ch\\\/svmep\\\/#\\\/schema\\\/logo\\\/image\\\/\"}},{\"@type\":\"Person\",\"@id\":\"https:\\\/\\\/sud.svmep.ch\\\/svmep\\\/#\\\/schema\\\/person\\\/c89c46f48a039b5e5bc4a8eeeab1aece\",\"name\":\"svmep-webmaster\",\"image\":{\"@type\":\"ImageObject\",\"inLanguage\":\"fr-FR\",\"@id\":\"https:\\\/\\\/secure.gravatar.com\\\/avatar\\\/75b5925b5ca4f3df48f6bb05f81ad13dab8238efffb28bf26c5f1682dff96ea6?s=96&d=mm&r=g\",\"url\":\"https:\\\/\\\/secure.gravatar.com\\\/avatar\\\/75b5925b5ca4f3df48f6bb05f81ad13dab8238efffb28bf26c5f1682dff96ea6?s=96&d=mm&r=g\",\"contentUrl\":\"https:\\\/\\\/secure.gravatar.com\\\/avatar\\\/75b5925b5ca4f3df48f6bb05f81ad13dab8238efffb28bf26c5f1682dff96ea6?s=96&d=mm&r=g\",\"caption\":\"svmep-webmaster\"}}]}<\/script>\n<!-- \/ Yoast SEO plugin. -->","yoast_head_json":{"title":"Contrat de travail : ce qui va changer si vous \u00eates en CDD - svmep.ch","description":"Contrat de travail CDD dans l'enseignement vaudois : nouveau cadre pour l\u2019application de l\u2019article 108 RLS (ann\u00e9e probatoire).","robots":{"index":"index","follow":"follow","max-snippet":"max-snippet:-1","max-image-preview":"max-image-preview:large","max-video-preview":"max-video-preview:-1"},"canonical":"https:\/\/sud.svmep.ch\/svmep\/contrat-de-travail-ce-qui-va-changer-si-vous-etes-en-cdd\/","og_locale":"fr_FR","og_type":"article","og_title":"Contrat de travail : ce qui va changer si vous \u00eates en CDD - svmep.ch","og_description":"Contrat de travail CDD dans l'enseignement vaudois : nouveau cadre pour l\u2019application de l\u2019article 108 RLS (ann\u00e9e probatoire).","og_url":"https:\/\/sud.svmep.ch\/svmep\/contrat-de-travail-ce-qui-va-changer-si-vous-etes-en-cdd\/","og_site_name":"svmep.ch","article_published_time":"2017-09-28T20:49:40+00:00","article_modified_time":"2025-05-25T09:48:01+00:00","og_image":[{"width":600,"height":600,"url":"https:\/\/sud.svmep.ch\/svmep\/wp-content\/uploads\/2024\/10\/droit.webp","type":"image\/webp"}],"author":"svmep-webmaster","twitter_card":"summary_large_image","schema":{"@context":"https:\/\/schema.org","@graph":[{"@type":"Article","@id":"https:\/\/sud.svmep.ch\/svmep\/contrat-de-travail-ce-qui-va-changer-si-vous-etes-en-cdd\/#article","isPartOf":{"@id":"https:\/\/sud.svmep.ch\/svmep\/contrat-de-travail-ce-qui-va-changer-si-vous-etes-en-cdd\/"},"author":{"name":"svmep-webmaster","@id":"https:\/\/sud.svmep.ch\/svmep\/#\/schema\/person\/c89c46f48a039b5e5bc4a8eeeab1aece"},"headline":"Contrat de travail : ce qui va changer si vous \u00eates en CDD","datePublished":"2017-09-28T20:49:40+00:00","dateModified":"2025-05-25T09:48:01+00:00","mainEntityOfPage":{"@id":"https:\/\/sud.svmep.ch\/svmep\/contrat-de-travail-ce-qui-va-changer-si-vous-etes-en-cdd\/"},"wordCount":249,"publisher":{"@id":"https:\/\/sud.svmep.ch\/svmep\/#organization"},"image":{"@id":"https:\/\/sud.svmep.ch\/svmep\/contrat-de-travail-ce-qui-va-changer-si-vous-etes-en-cdd\/#primaryimage"},"thumbnailUrl":"https:\/\/sud.svmep.ch\/svmep\/wp-content\/uploads\/2024\/10\/droit.webp","keywords":["contrat de travail","lois et r\u00e8glements"],"articleSection":["\u00c9valuation des enseignant.e.s","SUD-\u00c9ducation"],"inLanguage":"fr-FR"},{"@type":"WebPage","@id":"https:\/\/sud.svmep.ch\/svmep\/contrat-de-travail-ce-qui-va-changer-si-vous-etes-en-cdd\/","url":"https:\/\/sud.svmep.ch\/svmep\/contrat-de-travail-ce-qui-va-changer-si-vous-etes-en-cdd\/","name":"Contrat de travail : ce qui va changer si vous \u00eates en CDD - svmep.ch","isPartOf":{"@id":"https:\/\/sud.svmep.ch\/svmep\/#website"},"primaryImageOfPage":{"@id":"https:\/\/sud.svmep.ch\/svmep\/contrat-de-travail-ce-qui-va-changer-si-vous-etes-en-cdd\/#primaryimage"},"image":{"@id":"https:\/\/sud.svmep.ch\/svmep\/contrat-de-travail-ce-qui-va-changer-si-vous-etes-en-cdd\/#primaryimage"},"thumbnailUrl":"https:\/\/sud.svmep.ch\/svmep\/wp-content\/uploads\/2024\/10\/droit.webp","datePublished":"2017-09-28T20:49:40+00:00","dateModified":"2025-05-25T09:48:01+00:00","description":"Contrat de travail CDD dans l'enseignement vaudois : nouveau cadre pour l\u2019application de l\u2019article 108 RLS (ann\u00e9e probatoire).","breadcrumb":{"@id":"https:\/\/sud.svmep.ch\/svmep\/contrat-de-travail-ce-qui-va-changer-si-vous-etes-en-cdd\/#breadcrumb"},"inLanguage":"fr-FR","potentialAction":[{"@type":"ReadAction","target":["https:\/\/sud.svmep.ch\/svmep\/contrat-de-travail-ce-qui-va-changer-si-vous-etes-en-cdd\/"]}]},{"@type":"ImageObject","inLanguage":"fr-FR","@id":"https:\/\/sud.svmep.ch\/svmep\/contrat-de-travail-ce-qui-va-changer-si-vous-etes-en-cdd\/#primaryimage","url":"https:\/\/sud.svmep.ch\/svmep\/wp-content\/uploads\/2024\/10\/droit.webp","contentUrl":"https:\/\/sud.svmep.ch\/svmep\/wp-content\/uploads\/2024\/10\/droit.webp","width":600,"height":600},{"@type":"BreadcrumbList","@id":"https:\/\/sud.svmep.ch\/svmep\/contrat-de-travail-ce-qui-va-changer-si-vous-etes-en-cdd\/#breadcrumb","itemListElement":[{"@type":"ListItem","position":1,"name":"Accueil","item":"https:\/\/sud.svmep.ch\/svmep\/"},{"@type":"ListItem","position":2,"name":"SUD-\u00c9ducation","item":"https:\/\/sud.svmep.ch\/svmep\/category\/sud-education\/"},{"@type":"ListItem","position":3,"name":"Contrat de travail : ce qui va changer si vous \u00eates en CDD"}]},{"@type":"WebSite","@id":"https:\/\/sud.svmep.ch\/svmep\/#website","url":"https:\/\/sud.svmep.ch\/svmep\/","name":"Syndicat vaudois des ma\u00eetres.ses de l'enseignement professionnel","description":"","publisher":{"@id":"https:\/\/sud.svmep.ch\/svmep\/#organization"},"alternateName":"SVMEP","potentialAction":[{"@type":"SearchAction","target":{"@type":"EntryPoint","urlTemplate":"https:\/\/sud.svmep.ch\/svmep\/?s={search_term_string}"},"query-input":{"@type":"PropertyValueSpecification","valueRequired":true,"valueName":"search_term_string"}}],"inLanguage":"fr-FR"},{"@type":"Organization","@id":"https:\/\/sud.svmep.ch\/svmep\/#organization","name":"Syndicat vaudois des ma\u00eetres.ses de l'enseignement professionnel SVMEP","alternateName":"SVMEP","url":"https:\/\/sud.svmep.ch\/svmep\/","logo":{"@type":"ImageObject","inLanguage":"fr-FR","@id":"https:\/\/sud.svmep.ch\/svmep\/#\/schema\/logo\/image\/","url":"https:\/\/sud.svmep.ch\/svmep\/wp-content\/uploads\/2024\/09\/svmep150x260.jpg","contentUrl":"https:\/\/sud.svmep.ch\/svmep\/wp-content\/uploads\/2024\/09\/svmep150x260.jpg","width":226,"height":127,"caption":"Syndicat vaudois des ma\u00eetres.ses de l'enseignement professionnel SVMEP"},"image":{"@id":"https:\/\/sud.svmep.ch\/svmep\/#\/schema\/logo\/image\/"}},{"@type":"Person","@id":"https:\/\/sud.svmep.ch\/svmep\/#\/schema\/person\/c89c46f48a039b5e5bc4a8eeeab1aece","name":"svmep-webmaster","image":{"@type":"ImageObject","inLanguage":"fr-FR","@id":"https:\/\/secure.gravatar.com\/avatar\/75b5925b5ca4f3df48f6bb05f81ad13dab8238efffb28bf26c5f1682dff96ea6?s=96&d=mm&r=g","url":"https:\/\/secure.gravatar.com\/avatar\/75b5925b5ca4f3df48f6bb05f81ad13dab8238efffb28bf26c5f1682dff96ea6?s=96&d=mm&r=g","contentUrl":"https:\/\/secure.gravatar.com\/avatar\/75b5925b5ca4f3df48f6bb05f81ad13dab8238efffb28bf26c5f1682dff96ea6?s=96&d=mm&r=g","caption":"svmep-webmaster"}}]}},"_links":{"self":[{"href":"https:\/\/sud.svmep.ch\/svmep\/wp-json\/wp\/v2\/posts\/438","targetHints":{"allow":["GET"]}}],"collection":[{"href":"https:\/\/sud.svmep.ch\/svmep\/wp-json\/wp\/v2\/posts"}],"about":[{"href":"https:\/\/sud.svmep.ch\/svmep\/wp-json\/wp\/v2\/types\/post"}],"author":[{"embeddable":true,"href":"https:\/\/sud.svmep.ch\/svmep\/wp-json\/wp\/v2\/users\/4"}],"replies":[{"embeddable":true,"href":"https:\/\/sud.svmep.ch\/svmep\/wp-json\/wp\/v2\/comments?post=438"}],"version-history":[{"count":0,"href":"https:\/\/sud.svmep.ch\/svmep\/wp-json\/wp\/v2\/posts\/438\/revisions"}],"wp:featuredmedia":[{"embeddable":true,"href":"https:\/\/sud.svmep.ch\/svmep\/wp-json\/wp\/v2\/media\/1337"}],"wp:attachment":[{"href":"https:\/\/sud.svmep.ch\/svmep\/wp-json\/wp\/v2\/media?parent=438"}],"wp:term":[{"taxonomy":"category","embeddable":true,"href":"https:\/\/sud.svmep.ch\/svmep\/wp-json\/wp\/v2\/categories?post=438"},{"taxonomy":"post_tag","embeddable":true,"href":"https:\/\/sud.svmep.ch\/svmep\/wp-json\/wp\/v2\/tags?post=438"}],"curies":[{"name":"wp","href":"https:\/\/api.w.org\/{rel}","templated":true}]}}