{"id":487,"date":"2018-12-02T13:06:09","date_gmt":"2018-12-02T12:06:09","guid":{"rendered":"http:\/\/sud.svmep.ch\/?p=487"},"modified":"2024-10-22T11:12:34","modified_gmt":"2024-10-22T10:12:34","slug":"egalite-femmes-hommes-enseignant-e-professionnelle-gagne-proces","status":"publish","type":"post","link":"https:\/\/sud.svmep.ch\/svmep\/egalite-femmes-hommes-enseignant-e-professionnelle-gagne-proces\/","title":{"rendered":"\u00c9galit\u00e9 femmes-hommes : une enseignante professionnelle gagne son proc\u00e8s"},"content":{"rendered":"<div class=\"wp-block-post-date\"><time datetime=\"2018-12-02T13:06:09+01:00\">2 d\u00e9cembre 2018<\/time><\/div>\n\n<div><strong>Apr\u00e8s 10 ans de proc\u00e9dure, le Tribunal de Prud\u2019hommes vient de rendre les consid\u00e9rants de son jugement concernant une enseignante qui avait recouru contre sa classification salariale (DECFO). Le Tribunal, en se r\u00e9f\u00e9rant \u00e0 la Loi sur l\u2019Egalit\u00e9 (LEg) ordonne \u00e0 l\u2019\u00c9tat de Vaud de changer sa collocation\u00a0<\/strong><br \/><strong>et de lui attribuer une fonction lui permettant d\u2019obtenir le cliquet (promotion d\u2019une classe de salaire\u00a0<\/strong><br \/><strong>apr\u00e8s 15 ans d\u2019activit\u00e9).<\/strong><\/div>\n<div>\u00a0<\/div>\n<div>Le syndicat SUD a \u00e9crit aux deux Conseill\u00e8res d\u2019\u00c9tat concern\u00e9es par ce jugement, toutes deux\u00a0<br \/>tr\u00e8s sensibles \u00e0 la question de l\u2019\u00e9galit\u00e9 : Madame Cesla Amarelle, Cheffe du DFJC et Madame Nuria Gorrite, Pr\u00e9sidente du Conseil d\u2019\u00c9tat et de la DCERH (D\u00e9l\u00e9gation du Conseil d\u2019\u00c9tat aux Ressources humaines).<\/div>\n<div>\u00a0<\/div>\n<div>Dans ce courrier, il est demand\u00e9 que toutes les enseignantes d\u2019ICA soient colloqu\u00e9es dans la cha\u00eene 145.<\/div>\n<div>\u00a0<\/div>\n<h6>Lire le communiqu\u00e9 de <a href=\"http:\/\/sud.svmep.ch\/svmep\/wp-content\/uploads\/2018\/12\/communique\u0301_presse_femmes_ica_site.pdf\">presse<\/a>.<\/h6>\n<h6>Lire la <a href=\"http:\/\/sud.svmep.ch\/svmep\/wp-content\/uploads\/2019\/05\/lettre_femmes_ica_site_new-1.pdf\">lettre<\/a>.<\/h6>\n<h6>Lire l&rsquo;article du quotidien <a href=\"https:\/\/www.24heures.ch\/vaud-regions\/injustice-rectifiee-10-ans-lutte\/story\/27585535\">24heures<\/a>.<\/h6>","protected":false},"excerpt":{"rendered":"<p>2 d\u00e9cembre 2018 Apr\u00e8s 10 ans de proc\u00e9dure, le Tribunal de Prud\u2019hommes vient de rendre les consid\u00e9rants de son jugement concernant une enseignante qui avait recouru contre sa classification salariale [&hellip;]<\/p>\n","protected":false},"author":4,"featured_media":0,"comment_status":"closed","ping_status":"closed","sticky":false,"template":"","format":"standard","meta":{"footnotes":""},"categories":[43],"tags":[],"class_list":["post-487","post","type-post","status-publish","format-standard","hentry","category-inegalite-de-traitement-des-enseignantes-dica"],"yoast_head":"<!-- This site is optimized with the Yoast SEO plugin v27.4 - https:\/\/yoast.com\/product\/yoast-seo-wordpress\/ -->\n<title>\u00c9galit\u00e9 femmes-hommes : une enseignante professionnelle gagne son proc\u00e8s - svmep.ch<\/title>\n<meta name=\"robots\" content=\"index, follow, max-snippet:-1, max-image-preview:large, max-video-preview:-1\" \/>\n<link rel=\"canonical\" href=\"https:\/\/sud.svmep.ch\/svmep\/egalite-femmes-hommes-enseignant-e-professionnelle-gagne-proces\/\" \/>\n<meta property=\"og:locale\" content=\"fr_FR\" \/>\n<meta property=\"og:type\" content=\"article\" \/>\n<meta property=\"og:title\" content=\"\u00c9galit\u00e9 femmes-hommes : une enseignante professionnelle gagne son proc\u00e8s - svmep.ch\" \/>\n<meta property=\"og:description\" content=\"2 d\u00e9cembre 2018 Apr\u00e8s 10 ans de proc\u00e9dure, le Tribunal de Prud\u2019hommes vient de rendre les consid\u00e9rants de son jugement concernant une enseignante qui avait recouru contre sa classification salariale [&hellip;]\" \/>\n<meta property=\"og:url\" content=\"https:\/\/sud.svmep.ch\/svmep\/egalite-femmes-hommes-enseignant-e-professionnelle-gagne-proces\/\" \/>\n<meta property=\"og:site_name\" content=\"svmep.ch\" \/>\n<meta property=\"article:published_time\" content=\"2018-12-02T12:06:09+00:00\" \/>\n<meta property=\"article:modified_time\" content=\"2024-10-22T10:12:34+00:00\" \/>\n<meta name=\"author\" content=\"svmep-webmaster\" \/>\n<meta name=\"twitter:card\" content=\"summary_large_image\" \/>\n<script type=\"application\/ld+json\" class=\"yoast-schema-graph\">{\"@context\":\"https:\\\/\\\/schema.org\",\"@graph\":[{\"@type\":\"Article\",\"@id\":\"https:\\\/\\\/sud.svmep.ch\\\/svmep\\\/egalite-femmes-hommes-enseignant-e-professionnelle-gagne-proces\\\/#article\",\"isPartOf\":{\"@id\":\"https:\\\/\\\/sud.svmep.ch\\\/svmep\\\/egalite-femmes-hommes-enseignant-e-professionnelle-gagne-proces\\\/\"},\"author\":{\"name\":\"svmep-webmaster\",\"@id\":\"https:\\\/\\\/sud.svmep.ch\\\/svmep\\\/#\\\/schema\\\/person\\\/c89c46f48a039b5e5bc4a8eeeab1aece\"},\"headline\":\"\u00c9galit\u00e9 femmes-hommes : une enseignante professionnelle gagne son proc\u00e8s\",\"datePublished\":\"2018-12-02T12:06:09+00:00\",\"dateModified\":\"2024-10-22T10:12:34+00:00\",\"mainEntityOfPage\":{\"@id\":\"https:\\\/\\\/sud.svmep.ch\\\/svmep\\\/egalite-femmes-hommes-enseignant-e-professionnelle-gagne-proces\\\/\"},\"wordCount\":173,\"publisher\":{\"@id\":\"https:\\\/\\\/sud.svmep.ch\\\/svmep\\\/#organization\"},\"articleSection\":[\"In\u00e9galit\u00e9 de traitement des enseignantes d'ICA\"],\"inLanguage\":\"fr-FR\"},{\"@type\":\"WebPage\",\"@id\":\"https:\\\/\\\/sud.svmep.ch\\\/svmep\\\/egalite-femmes-hommes-enseignant-e-professionnelle-gagne-proces\\\/\",\"url\":\"https:\\\/\\\/sud.svmep.ch\\\/svmep\\\/egalite-femmes-hommes-enseignant-e-professionnelle-gagne-proces\\\/\",\"name\":\"\u00c9galit\u00e9 femmes-hommes : une enseignante professionnelle gagne son proc\u00e8s - svmep.ch\",\"isPartOf\":{\"@id\":\"https:\\\/\\\/sud.svmep.ch\\\/svmep\\\/#website\"},\"datePublished\":\"2018-12-02T12:06:09+00:00\",\"dateModified\":\"2024-10-22T10:12:34+00:00\",\"breadcrumb\":{\"@id\":\"https:\\\/\\\/sud.svmep.ch\\\/svmep\\\/egalite-femmes-hommes-enseignant-e-professionnelle-gagne-proces\\\/#breadcrumb\"},\"inLanguage\":\"fr-FR\",\"potentialAction\":[{\"@type\":\"ReadAction\",\"target\":[\"https:\\\/\\\/sud.svmep.ch\\\/svmep\\\/egalite-femmes-hommes-enseignant-e-professionnelle-gagne-proces\\\/\"]}]},{\"@type\":\"BreadcrumbList\",\"@id\":\"https:\\\/\\\/sud.svmep.ch\\\/svmep\\\/egalite-femmes-hommes-enseignant-e-professionnelle-gagne-proces\\\/#breadcrumb\",\"itemListElement\":[{\"@type\":\"ListItem\",\"position\":1,\"name\":\"Accueil\",\"item\":\"https:\\\/\\\/sud.svmep.ch\\\/svmep\\\/\"},{\"@type\":\"ListItem\",\"position\":2,\"name\":\"In\u00e9galit\u00e9 de traitement des enseignantes d'ICA\",\"item\":\"https:\\\/\\\/sud.svmep.ch\\\/svmep\\\/category\\\/inegalite-de-traitement-des-enseignantes-dica\\\/\"},{\"@type\":\"ListItem\",\"position\":3,\"name\":\"\u00c9galit\u00e9 femmes-hommes : une enseignante professionnelle gagne son proc\u00e8s\"}]},{\"@type\":\"WebSite\",\"@id\":\"https:\\\/\\\/sud.svmep.ch\\\/svmep\\\/#website\",\"url\":\"https:\\\/\\\/sud.svmep.ch\\\/svmep\\\/\",\"name\":\"Syndicat vaudois des ma\u00eetres.ses de l'enseignement professionnel\",\"description\":\"\",\"publisher\":{\"@id\":\"https:\\\/\\\/sud.svmep.ch\\\/svmep\\\/#organization\"},\"alternateName\":\"SVMEP\",\"potentialAction\":[{\"@type\":\"SearchAction\",\"target\":{\"@type\":\"EntryPoint\",\"urlTemplate\":\"https:\\\/\\\/sud.svmep.ch\\\/svmep\\\/?s={search_term_string}\"},\"query-input\":{\"@type\":\"PropertyValueSpecification\",\"valueRequired\":true,\"valueName\":\"search_term_string\"}}],\"inLanguage\":\"fr-FR\"},{\"@type\":\"Organization\",\"@id\":\"https:\\\/\\\/sud.svmep.ch\\\/svmep\\\/#organization\",\"name\":\"Syndicat vaudois des ma\u00eetres.ses de l'enseignement professionnel SVMEP\",\"alternateName\":\"SVMEP\",\"url\":\"https:\\\/\\\/sud.svmep.ch\\\/svmep\\\/\",\"logo\":{\"@type\":\"ImageObject\",\"inLanguage\":\"fr-FR\",\"@id\":\"https:\\\/\\\/sud.svmep.ch\\\/svmep\\\/#\\\/schema\\\/logo\\\/image\\\/\",\"url\":\"https:\\\/\\\/sud.svmep.ch\\\/svmep\\\/wp-content\\\/uploads\\\/2024\\\/09\\\/svmep150x260.jpg\",\"contentUrl\":\"https:\\\/\\\/sud.svmep.ch\\\/svmep\\\/wp-content\\\/uploads\\\/2024\\\/09\\\/svmep150x260.jpg\",\"width\":226,\"height\":127,\"caption\":\"Syndicat vaudois des ma\u00eetres.ses de l'enseignement professionnel SVMEP\"},\"image\":{\"@id\":\"https:\\\/\\\/sud.svmep.ch\\\/svmep\\\/#\\\/schema\\\/logo\\\/image\\\/\"}},{\"@type\":\"Person\",\"@id\":\"https:\\\/\\\/sud.svmep.ch\\\/svmep\\\/#\\\/schema\\\/person\\\/c89c46f48a039b5e5bc4a8eeeab1aece\",\"name\":\"svmep-webmaster\",\"image\":{\"@type\":\"ImageObject\",\"inLanguage\":\"fr-FR\",\"@id\":\"https:\\\/\\\/secure.gravatar.com\\\/avatar\\\/75b5925b5ca4f3df48f6bb05f81ad13dab8238efffb28bf26c5f1682dff96ea6?s=96&d=mm&r=g\",\"url\":\"https:\\\/\\\/secure.gravatar.com\\\/avatar\\\/75b5925b5ca4f3df48f6bb05f81ad13dab8238efffb28bf26c5f1682dff96ea6?s=96&d=mm&r=g\",\"contentUrl\":\"https:\\\/\\\/secure.gravatar.com\\\/avatar\\\/75b5925b5ca4f3df48f6bb05f81ad13dab8238efffb28bf26c5f1682dff96ea6?s=96&d=mm&r=g\",\"caption\":\"svmep-webmaster\"}}]}<\/script>\n<!-- \/ Yoast SEO plugin. -->","yoast_head_json":{"title":"\u00c9galit\u00e9 femmes-hommes : une enseignante professionnelle gagne son proc\u00e8s - svmep.ch","robots":{"index":"index","follow":"follow","max-snippet":"max-snippet:-1","max-image-preview":"max-image-preview:large","max-video-preview":"max-video-preview:-1"},"canonical":"https:\/\/sud.svmep.ch\/svmep\/egalite-femmes-hommes-enseignant-e-professionnelle-gagne-proces\/","og_locale":"fr_FR","og_type":"article","og_title":"\u00c9galit\u00e9 femmes-hommes : une enseignante professionnelle gagne son proc\u00e8s - svmep.ch","og_description":"2 d\u00e9cembre 2018 Apr\u00e8s 10 ans de proc\u00e9dure, le Tribunal de Prud\u2019hommes vient de rendre les consid\u00e9rants de son jugement concernant une enseignante qui avait recouru contre sa classification salariale [&hellip;]","og_url":"https:\/\/sud.svmep.ch\/svmep\/egalite-femmes-hommes-enseignant-e-professionnelle-gagne-proces\/","og_site_name":"svmep.ch","article_published_time":"2018-12-02T12:06:09+00:00","article_modified_time":"2024-10-22T10:12:34+00:00","author":"svmep-webmaster","twitter_card":"summary_large_image","schema":{"@context":"https:\/\/schema.org","@graph":[{"@type":"Article","@id":"https:\/\/sud.svmep.ch\/svmep\/egalite-femmes-hommes-enseignant-e-professionnelle-gagne-proces\/#article","isPartOf":{"@id":"https:\/\/sud.svmep.ch\/svmep\/egalite-femmes-hommes-enseignant-e-professionnelle-gagne-proces\/"},"author":{"name":"svmep-webmaster","@id":"https:\/\/sud.svmep.ch\/svmep\/#\/schema\/person\/c89c46f48a039b5e5bc4a8eeeab1aece"},"headline":"\u00c9galit\u00e9 femmes-hommes : une enseignante professionnelle gagne son proc\u00e8s","datePublished":"2018-12-02T12:06:09+00:00","dateModified":"2024-10-22T10:12:34+00:00","mainEntityOfPage":{"@id":"https:\/\/sud.svmep.ch\/svmep\/egalite-femmes-hommes-enseignant-e-professionnelle-gagne-proces\/"},"wordCount":173,"publisher":{"@id":"https:\/\/sud.svmep.ch\/svmep\/#organization"},"articleSection":["In\u00e9galit\u00e9 de traitement des enseignantes d'ICA"],"inLanguage":"fr-FR"},{"@type":"WebPage","@id":"https:\/\/sud.svmep.ch\/svmep\/egalite-femmes-hommes-enseignant-e-professionnelle-gagne-proces\/","url":"https:\/\/sud.svmep.ch\/svmep\/egalite-femmes-hommes-enseignant-e-professionnelle-gagne-proces\/","name":"\u00c9galit\u00e9 femmes-hommes : une enseignante professionnelle gagne son proc\u00e8s - svmep.ch","isPartOf":{"@id":"https:\/\/sud.svmep.ch\/svmep\/#website"},"datePublished":"2018-12-02T12:06:09+00:00","dateModified":"2024-10-22T10:12:34+00:00","breadcrumb":{"@id":"https:\/\/sud.svmep.ch\/svmep\/egalite-femmes-hommes-enseignant-e-professionnelle-gagne-proces\/#breadcrumb"},"inLanguage":"fr-FR","potentialAction":[{"@type":"ReadAction","target":["https:\/\/sud.svmep.ch\/svmep\/egalite-femmes-hommes-enseignant-e-professionnelle-gagne-proces\/"]}]},{"@type":"BreadcrumbList","@id":"https:\/\/sud.svmep.ch\/svmep\/egalite-femmes-hommes-enseignant-e-professionnelle-gagne-proces\/#breadcrumb","itemListElement":[{"@type":"ListItem","position":1,"name":"Accueil","item":"https:\/\/sud.svmep.ch\/svmep\/"},{"@type":"ListItem","position":2,"name":"In\u00e9galit\u00e9 de traitement des enseignantes d'ICA","item":"https:\/\/sud.svmep.ch\/svmep\/category\/inegalite-de-traitement-des-enseignantes-dica\/"},{"@type":"ListItem","position":3,"name":"\u00c9galit\u00e9 femmes-hommes : une enseignante professionnelle gagne son proc\u00e8s"}]},{"@type":"WebSite","@id":"https:\/\/sud.svmep.ch\/svmep\/#website","url":"https:\/\/sud.svmep.ch\/svmep\/","name":"Syndicat vaudois des ma\u00eetres.ses de l'enseignement professionnel","description":"","publisher":{"@id":"https:\/\/sud.svmep.ch\/svmep\/#organization"},"alternateName":"SVMEP","potentialAction":[{"@type":"SearchAction","target":{"@type":"EntryPoint","urlTemplate":"https:\/\/sud.svmep.ch\/svmep\/?s={search_term_string}"},"query-input":{"@type":"PropertyValueSpecification","valueRequired":true,"valueName":"search_term_string"}}],"inLanguage":"fr-FR"},{"@type":"Organization","@id":"https:\/\/sud.svmep.ch\/svmep\/#organization","name":"Syndicat vaudois des ma\u00eetres.ses de l'enseignement professionnel SVMEP","alternateName":"SVMEP","url":"https:\/\/sud.svmep.ch\/svmep\/","logo":{"@type":"ImageObject","inLanguage":"fr-FR","@id":"https:\/\/sud.svmep.ch\/svmep\/#\/schema\/logo\/image\/","url":"https:\/\/sud.svmep.ch\/svmep\/wp-content\/uploads\/2024\/09\/svmep150x260.jpg","contentUrl":"https:\/\/sud.svmep.ch\/svmep\/wp-content\/uploads\/2024\/09\/svmep150x260.jpg","width":226,"height":127,"caption":"Syndicat vaudois des ma\u00eetres.ses de l'enseignement professionnel SVMEP"},"image":{"@id":"https:\/\/sud.svmep.ch\/svmep\/#\/schema\/logo\/image\/"}},{"@type":"Person","@id":"https:\/\/sud.svmep.ch\/svmep\/#\/schema\/person\/c89c46f48a039b5e5bc4a8eeeab1aece","name":"svmep-webmaster","image":{"@type":"ImageObject","inLanguage":"fr-FR","@id":"https:\/\/secure.gravatar.com\/avatar\/75b5925b5ca4f3df48f6bb05f81ad13dab8238efffb28bf26c5f1682dff96ea6?s=96&d=mm&r=g","url":"https:\/\/secure.gravatar.com\/avatar\/75b5925b5ca4f3df48f6bb05f81ad13dab8238efffb28bf26c5f1682dff96ea6?s=96&d=mm&r=g","contentUrl":"https:\/\/secure.gravatar.com\/avatar\/75b5925b5ca4f3df48f6bb05f81ad13dab8238efffb28bf26c5f1682dff96ea6?s=96&d=mm&r=g","caption":"svmep-webmaster"}}]}},"_links":{"self":[{"href":"https:\/\/sud.svmep.ch\/svmep\/wp-json\/wp\/v2\/posts\/487","targetHints":{"allow":["GET"]}}],"collection":[{"href":"https:\/\/sud.svmep.ch\/svmep\/wp-json\/wp\/v2\/posts"}],"about":[{"href":"https:\/\/sud.svmep.ch\/svmep\/wp-json\/wp\/v2\/types\/post"}],"author":[{"embeddable":true,"href":"https:\/\/sud.svmep.ch\/svmep\/wp-json\/wp\/v2\/users\/4"}],"replies":[{"embeddable":true,"href":"https:\/\/sud.svmep.ch\/svmep\/wp-json\/wp\/v2\/comments?post=487"}],"version-history":[{"count":0,"href":"https:\/\/sud.svmep.ch\/svmep\/wp-json\/wp\/v2\/posts\/487\/revisions"}],"wp:attachment":[{"href":"https:\/\/sud.svmep.ch\/svmep\/wp-json\/wp\/v2\/media?parent=487"}],"wp:term":[{"taxonomy":"category","embeddable":true,"href":"https:\/\/sud.svmep.ch\/svmep\/wp-json\/wp\/v2\/categories?post=487"},{"taxonomy":"post_tag","embeddable":true,"href":"https:\/\/sud.svmep.ch\/svmep\/wp-json\/wp\/v2\/tags?post=487"}],"curies":[{"name":"wp","href":"https:\/\/api.w.org\/{rel}","templated":true}]}}