{"id":498,"date":"2019-03-18T23:20:48","date_gmt":"2019-03-18T22:20:48","guid":{"rendered":"http:\/\/sud.svmep.ch\/?p=498"},"modified":"2024-09-24T20:21:59","modified_gmt":"2024-09-24T19:21:59","slug":"egalite-femmes-hommes-le-jugement-du-tribunal-cantonal-est-un-camouflet-pour-letat-de-vaud","status":"publish","type":"post","link":"https:\/\/sud.svmep.ch\/svmep\/egalite-femmes-hommes-le-jugement-du-tribunal-cantonal-est-un-camouflet-pour-letat-de-vaud\/","title":{"rendered":"\u00c9galit\u00e9 femmes-hommes : le jugement du Tribunal cantonal est un camouflet pour l\u2019\u00c9tat de Vaud"},"content":{"rendered":"<div class=\"wp-block-post-date\"><time datetime=\"2019-03-18T23:20:48+01:00\">18 mars 2019<\/time><\/div>\n\n\n<p>L\u2019\u00c9tat de Vaud, plus grand employeur du canton, vient de perdre sur toute la ligne son recours contre un jugement du Tribunal de Prud\u2019hommes de l\u2019Administration cantonale (TRIPAC) rendu en juin 2018 qui avait admis les pr\u00e9tentions d\u2019une enseignante qui s\u2019estimait discrimin\u00e9e par sa collocation salariale. Le TRIPAC, en se r\u00e9f\u00e9rant \u00e0 la Loi sur l\u2019\u00e9galit\u00e9 (LEg) avait ordonn\u00e9 \u00e0 l\u2019\u00c9tat de Vaud de lui attribuer une<br>fonction lui permettant d\u2019obtenir le cliquet (promotion d\u2019une classe de salaire apr\u00e8s 15 ans d\u2019activit\u00e9).<\/p>\n\n\n\n<p>Lire le communiqu\u00e9&nbsp;<a href=\"http:\/\/sud.svmep.ch\/svmep\/wp-content\/uploads\/2019\/03\/2019-03-18-ICA-communique.pdf\">ici<\/a>.<\/p>\n","protected":false},"excerpt":{"rendered":"<p>18 mars 2019 L\u2019\u00c9tat de Vaud, plus grand employeur du canton, vient de perdre sur toute la ligne son recours contre un jugement du Tribunal de Prud\u2019hommes de l\u2019Administration cantonale [&hellip;]<\/p>\n","protected":false},"author":4,"featured_media":0,"comment_status":"closed","ping_status":"closed","sticky":false,"template":"","format":"standard","meta":{"footnotes":""},"categories":[43],"tags":[],"class_list":["post-498","post","type-post","status-publish","format-standard","hentry","category-inegalite-de-traitement-des-enseignantes-dica"],"yoast_head":"<!-- This site is optimized with the Yoast SEO plugin v27.4 - https:\/\/yoast.com\/product\/yoast-seo-wordpress\/ -->\n<title>\u00c9galit\u00e9 femmes-hommes : le jugement du Tribunal cantonal est un camouflet pour l\u2019\u00c9tat de Vaud - svmep.ch<\/title>\n<meta name=\"robots\" content=\"index, follow, max-snippet:-1, max-image-preview:large, max-video-preview:-1\" \/>\n<link rel=\"canonical\" href=\"https:\/\/sud.svmep.ch\/svmep\/egalite-femmes-hommes-le-jugement-du-tribunal-cantonal-est-un-camouflet-pour-letat-de-vaud\/\" \/>\n<meta property=\"og:locale\" content=\"fr_FR\" \/>\n<meta property=\"og:type\" content=\"article\" \/>\n<meta property=\"og:title\" content=\"\u00c9galit\u00e9 femmes-hommes : le jugement du Tribunal cantonal est un camouflet pour l\u2019\u00c9tat de Vaud - svmep.ch\" \/>\n<meta property=\"og:description\" content=\"18 mars 2019 L\u2019\u00c9tat de Vaud, plus grand employeur du canton, vient de perdre sur toute la ligne son recours contre un jugement du Tribunal de Prud\u2019hommes de l\u2019Administration cantonale [&hellip;]\" \/>\n<meta property=\"og:url\" content=\"https:\/\/sud.svmep.ch\/svmep\/egalite-femmes-hommes-le-jugement-du-tribunal-cantonal-est-un-camouflet-pour-letat-de-vaud\/\" \/>\n<meta property=\"og:site_name\" content=\"svmep.ch\" \/>\n<meta property=\"article:published_time\" content=\"2019-03-18T22:20:48+00:00\" \/>\n<meta property=\"article:modified_time\" content=\"2024-09-24T19:21:59+00:00\" \/>\n<meta name=\"author\" content=\"svmep-webmaster\" \/>\n<meta name=\"twitter:card\" content=\"summary_large_image\" \/>\n<script type=\"application\/ld+json\" class=\"yoast-schema-graph\">{\"@context\":\"https:\\\/\\\/schema.org\",\"@graph\":[{\"@type\":\"Article\",\"@id\":\"https:\\\/\\\/sud.svmep.ch\\\/svmep\\\/egalite-femmes-hommes-le-jugement-du-tribunal-cantonal-est-un-camouflet-pour-letat-de-vaud\\\/#article\",\"isPartOf\":{\"@id\":\"https:\\\/\\\/sud.svmep.ch\\\/svmep\\\/egalite-femmes-hommes-le-jugement-du-tribunal-cantonal-est-un-camouflet-pour-letat-de-vaud\\\/\"},\"author\":{\"name\":\"svmep-webmaster\",\"@id\":\"https:\\\/\\\/sud.svmep.ch\\\/svmep\\\/#\\\/schema\\\/person\\\/c89c46f48a039b5e5bc4a8eeeab1aece\"},\"headline\":\"\u00c9galit\u00e9 femmes-hommes : le jugement du Tribunal cantonal est un camouflet pour l\u2019\u00c9tat de Vaud\",\"datePublished\":\"2019-03-18T22:20:48+00:00\",\"dateModified\":\"2024-09-24T19:21:59+00:00\",\"mainEntityOfPage\":{\"@id\":\"https:\\\/\\\/sud.svmep.ch\\\/svmep\\\/egalite-femmes-hommes-le-jugement-du-tribunal-cantonal-est-un-camouflet-pour-letat-de-vaud\\\/\"},\"wordCount\":112,\"publisher\":{\"@id\":\"https:\\\/\\\/sud.svmep.ch\\\/svmep\\\/#organization\"},\"articleSection\":[\"In\u00e9galit\u00e9 de traitement des enseignantes d'ICA\"],\"inLanguage\":\"fr-FR\"},{\"@type\":\"WebPage\",\"@id\":\"https:\\\/\\\/sud.svmep.ch\\\/svmep\\\/egalite-femmes-hommes-le-jugement-du-tribunal-cantonal-est-un-camouflet-pour-letat-de-vaud\\\/\",\"url\":\"https:\\\/\\\/sud.svmep.ch\\\/svmep\\\/egalite-femmes-hommes-le-jugement-du-tribunal-cantonal-est-un-camouflet-pour-letat-de-vaud\\\/\",\"name\":\"\u00c9galit\u00e9 femmes-hommes : le jugement du Tribunal cantonal est un camouflet pour l\u2019\u00c9tat de Vaud - svmep.ch\",\"isPartOf\":{\"@id\":\"https:\\\/\\\/sud.svmep.ch\\\/svmep\\\/#website\"},\"datePublished\":\"2019-03-18T22:20:48+00:00\",\"dateModified\":\"2024-09-24T19:21:59+00:00\",\"breadcrumb\":{\"@id\":\"https:\\\/\\\/sud.svmep.ch\\\/svmep\\\/egalite-femmes-hommes-le-jugement-du-tribunal-cantonal-est-un-camouflet-pour-letat-de-vaud\\\/#breadcrumb\"},\"inLanguage\":\"fr-FR\",\"potentialAction\":[{\"@type\":\"ReadAction\",\"target\":[\"https:\\\/\\\/sud.svmep.ch\\\/svmep\\\/egalite-femmes-hommes-le-jugement-du-tribunal-cantonal-est-un-camouflet-pour-letat-de-vaud\\\/\"]}]},{\"@type\":\"BreadcrumbList\",\"@id\":\"https:\\\/\\\/sud.svmep.ch\\\/svmep\\\/egalite-femmes-hommes-le-jugement-du-tribunal-cantonal-est-un-camouflet-pour-letat-de-vaud\\\/#breadcrumb\",\"itemListElement\":[{\"@type\":\"ListItem\",\"position\":1,\"name\":\"Accueil\",\"item\":\"https:\\\/\\\/sud.svmep.ch\\\/svmep\\\/\"},{\"@type\":\"ListItem\",\"position\":2,\"name\":\"In\u00e9galit\u00e9 de traitement des enseignantes d'ICA\",\"item\":\"https:\\\/\\\/sud.svmep.ch\\\/svmep\\\/category\\\/inegalite-de-traitement-des-enseignantes-dica\\\/\"},{\"@type\":\"ListItem\",\"position\":3,\"name\":\"\u00c9galit\u00e9 femmes-hommes : le jugement du Tribunal cantonal est un camouflet pour l\u2019\u00c9tat de Vaud\"}]},{\"@type\":\"WebSite\",\"@id\":\"https:\\\/\\\/sud.svmep.ch\\\/svmep\\\/#website\",\"url\":\"https:\\\/\\\/sud.svmep.ch\\\/svmep\\\/\",\"name\":\"Syndicat vaudois des ma\u00eetres.ses de l'enseignement professionnel\",\"description\":\"\",\"publisher\":{\"@id\":\"https:\\\/\\\/sud.svmep.ch\\\/svmep\\\/#organization\"},\"alternateName\":\"SVMEP\",\"potentialAction\":[{\"@type\":\"SearchAction\",\"target\":{\"@type\":\"EntryPoint\",\"urlTemplate\":\"https:\\\/\\\/sud.svmep.ch\\\/svmep\\\/?s={search_term_string}\"},\"query-input\":{\"@type\":\"PropertyValueSpecification\",\"valueRequired\":true,\"valueName\":\"search_term_string\"}}],\"inLanguage\":\"fr-FR\"},{\"@type\":\"Organization\",\"@id\":\"https:\\\/\\\/sud.svmep.ch\\\/svmep\\\/#organization\",\"name\":\"Syndicat vaudois des ma\u00eetres.ses de l'enseignement professionnel SVMEP\",\"alternateName\":\"SVMEP\",\"url\":\"https:\\\/\\\/sud.svmep.ch\\\/svmep\\\/\",\"logo\":{\"@type\":\"ImageObject\",\"inLanguage\":\"fr-FR\",\"@id\":\"https:\\\/\\\/sud.svmep.ch\\\/svmep\\\/#\\\/schema\\\/logo\\\/image\\\/\",\"url\":\"https:\\\/\\\/sud.svmep.ch\\\/svmep\\\/wp-content\\\/uploads\\\/2024\\\/09\\\/svmep150x260.jpg\",\"contentUrl\":\"https:\\\/\\\/sud.svmep.ch\\\/svmep\\\/wp-content\\\/uploads\\\/2024\\\/09\\\/svmep150x260.jpg\",\"width\":226,\"height\":127,\"caption\":\"Syndicat vaudois des ma\u00eetres.ses de l'enseignement professionnel SVMEP\"},\"image\":{\"@id\":\"https:\\\/\\\/sud.svmep.ch\\\/svmep\\\/#\\\/schema\\\/logo\\\/image\\\/\"}},{\"@type\":\"Person\",\"@id\":\"https:\\\/\\\/sud.svmep.ch\\\/svmep\\\/#\\\/schema\\\/person\\\/c89c46f48a039b5e5bc4a8eeeab1aece\",\"name\":\"svmep-webmaster\",\"image\":{\"@type\":\"ImageObject\",\"inLanguage\":\"fr-FR\",\"@id\":\"https:\\\/\\\/secure.gravatar.com\\\/avatar\\\/75b5925b5ca4f3df48f6bb05f81ad13dab8238efffb28bf26c5f1682dff96ea6?s=96&d=mm&r=g\",\"url\":\"https:\\\/\\\/secure.gravatar.com\\\/avatar\\\/75b5925b5ca4f3df48f6bb05f81ad13dab8238efffb28bf26c5f1682dff96ea6?s=96&d=mm&r=g\",\"contentUrl\":\"https:\\\/\\\/secure.gravatar.com\\\/avatar\\\/75b5925b5ca4f3df48f6bb05f81ad13dab8238efffb28bf26c5f1682dff96ea6?s=96&d=mm&r=g\",\"caption\":\"svmep-webmaster\"}}]}<\/script>\n<!-- \/ Yoast SEO plugin. -->","yoast_head_json":{"title":"\u00c9galit\u00e9 femmes-hommes : le jugement du Tribunal cantonal est un camouflet pour l\u2019\u00c9tat de Vaud - svmep.ch","robots":{"index":"index","follow":"follow","max-snippet":"max-snippet:-1","max-image-preview":"max-image-preview:large","max-video-preview":"max-video-preview:-1"},"canonical":"https:\/\/sud.svmep.ch\/svmep\/egalite-femmes-hommes-le-jugement-du-tribunal-cantonal-est-un-camouflet-pour-letat-de-vaud\/","og_locale":"fr_FR","og_type":"article","og_title":"\u00c9galit\u00e9 femmes-hommes : le jugement du Tribunal cantonal est un camouflet pour l\u2019\u00c9tat de Vaud - svmep.ch","og_description":"18 mars 2019 L\u2019\u00c9tat de Vaud, plus grand employeur du canton, vient de perdre sur toute la ligne son recours contre un jugement du Tribunal de Prud\u2019hommes de l\u2019Administration cantonale [&hellip;]","og_url":"https:\/\/sud.svmep.ch\/svmep\/egalite-femmes-hommes-le-jugement-du-tribunal-cantonal-est-un-camouflet-pour-letat-de-vaud\/","og_site_name":"svmep.ch","article_published_time":"2019-03-18T22:20:48+00:00","article_modified_time":"2024-09-24T19:21:59+00:00","author":"svmep-webmaster","twitter_card":"summary_large_image","schema":{"@context":"https:\/\/schema.org","@graph":[{"@type":"Article","@id":"https:\/\/sud.svmep.ch\/svmep\/egalite-femmes-hommes-le-jugement-du-tribunal-cantonal-est-un-camouflet-pour-letat-de-vaud\/#article","isPartOf":{"@id":"https:\/\/sud.svmep.ch\/svmep\/egalite-femmes-hommes-le-jugement-du-tribunal-cantonal-est-un-camouflet-pour-letat-de-vaud\/"},"author":{"name":"svmep-webmaster","@id":"https:\/\/sud.svmep.ch\/svmep\/#\/schema\/person\/c89c46f48a039b5e5bc4a8eeeab1aece"},"headline":"\u00c9galit\u00e9 femmes-hommes : le jugement du Tribunal cantonal est un camouflet pour l\u2019\u00c9tat de Vaud","datePublished":"2019-03-18T22:20:48+00:00","dateModified":"2024-09-24T19:21:59+00:00","mainEntityOfPage":{"@id":"https:\/\/sud.svmep.ch\/svmep\/egalite-femmes-hommes-le-jugement-du-tribunal-cantonal-est-un-camouflet-pour-letat-de-vaud\/"},"wordCount":112,"publisher":{"@id":"https:\/\/sud.svmep.ch\/svmep\/#organization"},"articleSection":["In\u00e9galit\u00e9 de traitement des enseignantes d'ICA"],"inLanguage":"fr-FR"},{"@type":"WebPage","@id":"https:\/\/sud.svmep.ch\/svmep\/egalite-femmes-hommes-le-jugement-du-tribunal-cantonal-est-un-camouflet-pour-letat-de-vaud\/","url":"https:\/\/sud.svmep.ch\/svmep\/egalite-femmes-hommes-le-jugement-du-tribunal-cantonal-est-un-camouflet-pour-letat-de-vaud\/","name":"\u00c9galit\u00e9 femmes-hommes : le jugement du Tribunal cantonal est un camouflet pour l\u2019\u00c9tat de Vaud - svmep.ch","isPartOf":{"@id":"https:\/\/sud.svmep.ch\/svmep\/#website"},"datePublished":"2019-03-18T22:20:48+00:00","dateModified":"2024-09-24T19:21:59+00:00","breadcrumb":{"@id":"https:\/\/sud.svmep.ch\/svmep\/egalite-femmes-hommes-le-jugement-du-tribunal-cantonal-est-un-camouflet-pour-letat-de-vaud\/#breadcrumb"},"inLanguage":"fr-FR","potentialAction":[{"@type":"ReadAction","target":["https:\/\/sud.svmep.ch\/svmep\/egalite-femmes-hommes-le-jugement-du-tribunal-cantonal-est-un-camouflet-pour-letat-de-vaud\/"]}]},{"@type":"BreadcrumbList","@id":"https:\/\/sud.svmep.ch\/svmep\/egalite-femmes-hommes-le-jugement-du-tribunal-cantonal-est-un-camouflet-pour-letat-de-vaud\/#breadcrumb","itemListElement":[{"@type":"ListItem","position":1,"name":"Accueil","item":"https:\/\/sud.svmep.ch\/svmep\/"},{"@type":"ListItem","position":2,"name":"In\u00e9galit\u00e9 de traitement des enseignantes d'ICA","item":"https:\/\/sud.svmep.ch\/svmep\/category\/inegalite-de-traitement-des-enseignantes-dica\/"},{"@type":"ListItem","position":3,"name":"\u00c9galit\u00e9 femmes-hommes : le jugement du Tribunal cantonal est un camouflet pour l\u2019\u00c9tat de Vaud"}]},{"@type":"WebSite","@id":"https:\/\/sud.svmep.ch\/svmep\/#website","url":"https:\/\/sud.svmep.ch\/svmep\/","name":"Syndicat vaudois des ma\u00eetres.ses de l'enseignement professionnel","description":"","publisher":{"@id":"https:\/\/sud.svmep.ch\/svmep\/#organization"},"alternateName":"SVMEP","potentialAction":[{"@type":"SearchAction","target":{"@type":"EntryPoint","urlTemplate":"https:\/\/sud.svmep.ch\/svmep\/?s={search_term_string}"},"query-input":{"@type":"PropertyValueSpecification","valueRequired":true,"valueName":"search_term_string"}}],"inLanguage":"fr-FR"},{"@type":"Organization","@id":"https:\/\/sud.svmep.ch\/svmep\/#organization","name":"Syndicat vaudois des ma\u00eetres.ses de l'enseignement professionnel SVMEP","alternateName":"SVMEP","url":"https:\/\/sud.svmep.ch\/svmep\/","logo":{"@type":"ImageObject","inLanguage":"fr-FR","@id":"https:\/\/sud.svmep.ch\/svmep\/#\/schema\/logo\/image\/","url":"https:\/\/sud.svmep.ch\/svmep\/wp-content\/uploads\/2024\/09\/svmep150x260.jpg","contentUrl":"https:\/\/sud.svmep.ch\/svmep\/wp-content\/uploads\/2024\/09\/svmep150x260.jpg","width":226,"height":127,"caption":"Syndicat vaudois des ma\u00eetres.ses de l'enseignement professionnel SVMEP"},"image":{"@id":"https:\/\/sud.svmep.ch\/svmep\/#\/schema\/logo\/image\/"}},{"@type":"Person","@id":"https:\/\/sud.svmep.ch\/svmep\/#\/schema\/person\/c89c46f48a039b5e5bc4a8eeeab1aece","name":"svmep-webmaster","image":{"@type":"ImageObject","inLanguage":"fr-FR","@id":"https:\/\/secure.gravatar.com\/avatar\/75b5925b5ca4f3df48f6bb05f81ad13dab8238efffb28bf26c5f1682dff96ea6?s=96&d=mm&r=g","url":"https:\/\/secure.gravatar.com\/avatar\/75b5925b5ca4f3df48f6bb05f81ad13dab8238efffb28bf26c5f1682dff96ea6?s=96&d=mm&r=g","contentUrl":"https:\/\/secure.gravatar.com\/avatar\/75b5925b5ca4f3df48f6bb05f81ad13dab8238efffb28bf26c5f1682dff96ea6?s=96&d=mm&r=g","caption":"svmep-webmaster"}}]}},"_links":{"self":[{"href":"https:\/\/sud.svmep.ch\/svmep\/wp-json\/wp\/v2\/posts\/498","targetHints":{"allow":["GET"]}}],"collection":[{"href":"https:\/\/sud.svmep.ch\/svmep\/wp-json\/wp\/v2\/posts"}],"about":[{"href":"https:\/\/sud.svmep.ch\/svmep\/wp-json\/wp\/v2\/types\/post"}],"author":[{"embeddable":true,"href":"https:\/\/sud.svmep.ch\/svmep\/wp-json\/wp\/v2\/users\/4"}],"replies":[{"embeddable":true,"href":"https:\/\/sud.svmep.ch\/svmep\/wp-json\/wp\/v2\/comments?post=498"}],"version-history":[{"count":0,"href":"https:\/\/sud.svmep.ch\/svmep\/wp-json\/wp\/v2\/posts\/498\/revisions"}],"wp:attachment":[{"href":"https:\/\/sud.svmep.ch\/svmep\/wp-json\/wp\/v2\/media?parent=498"}],"wp:term":[{"taxonomy":"category","embeddable":true,"href":"https:\/\/sud.svmep.ch\/svmep\/wp-json\/wp\/v2\/categories?post=498"},{"taxonomy":"post_tag","embeddable":true,"href":"https:\/\/sud.svmep.ch\/svmep\/wp-json\/wp\/v2\/tags?post=498"}],"curies":[{"name":"wp","href":"https:\/\/api.w.org\/{rel}","templated":true}]}}