{"id":513,"date":"2019-04-17T17:43:39","date_gmt":"2019-04-17T16:43:39","guid":{"rendered":"http:\/\/sud.svmep.ch\/?p=513"},"modified":"2024-10-28T12:16:44","modified_gmt":"2024-10-28T11:16:44","slug":"brutalite-administrative-gymnase-auguste-piccard-a-dgep","status":"publish","type":"post","link":"https:\/\/sud.svmep.ch\/svmep\/brutalite-administrative-gymnase-auguste-piccard-a-dgep\/","title":{"rendered":"Brutalit\u00e9 administrative au Gymnase Auguste-Piccard et \u00e0 la DGEP"},"content":{"rendered":"<div class=\"wp-block-post-date\"><time datetime=\"2019-04-17T17:43:39+02:00\">17 avril 2019<\/time><\/div>\n\n\n<p>Une proc\u00e9dure de licenciement avec effet imm\u00e9diat (article 61 de la Loi sur le personnel) a \u00e9t\u00e9 engag\u00e9e par la DGEP \u00e0 l\u2019encontre de notre coll\u00e8gue Philippe Leignel, membre du comit\u00e9 de l\u2019AVMG. Il s\u2019agit d\u2019un ma\u00eetre qui a plus de trente ann\u00e9es d\u2019exp\u00e9rience et vingt ans de syndicalisme engag\u00e9. C\u2019est la premi\u00e8re fois que des griefs relevant d\u2019un langage inappropri\u00e9 pendant ses cours lui sont adress\u00e9s.<\/p>\n<p>Nous avions d\u00e9j\u00e0 d\u00e9nonc\u00e9 avec vigueur, par le pass\u00e9 (en 2009 et 2012), les interpr\u00e9tations abusives de cet article 61 de la LPers par une autorit\u00e9 d\u2019engagement autocratique, sous le r\u00e8gne du pr\u00e9c\u00e9dent Directeur g\u00e9n\u00e9ral.<\/p>\n<p>On ne peut et on ne doit pas, sur la base d\u2019accusations unilat\u00e9rales et sans preuves, bafouer les droits et l\u2019honneur d\u2019une personne ainsi que son avenir professionnel et son emploi.<\/p>\n<p>Pour les m\u00eames raisons, on ne peut et on ne doit pas plonger tout un \u00e9tablissement scolaire dans une situation de crise. Ce d\u2019autant que l\u2019on voit mal comment dite situation n\u2019engloberait pas tout le personnel ainsi qu\u2019au moins une partie des \u00e9l\u00e8ves.<\/p>\n<p style=\"text-align: right;\"><strong>La presse en parle :<a href=\"https:\/\/sud.svmep.ch\/svmep\/wp-content\/uploads\/2024\/09\/microphone_small.png\"><img loading=\"lazy\" decoding=\"async\" class=\"alignright  wp-image-1146\" src=\"https:\/\/sud.svmep.ch\/svmep\/wp-content\/uploads\/2024\/09\/microphone_small-150x150.png\" alt=\"\" width=\"45\" height=\"45\" \/><\/a><\/strong><br \/><span class=\"ContentHead_text__2MEnX\" data-testid=\"content-title\"><a href=\"https:\/\/www.24heures.ch\/cet-article-de-loi-est-une-arme-letale-pour-les-enseignants-759681216264\" target=\"_blank\" rel=\"noopener\">\u00abCet article de loi est une arme l\u00e9tale pour les enseignants\u00bb<\/a>, <em>24 heures<\/em><br \/><\/span><\/p>\n<h5>Explications sur cette affaire dans la publication de l&rsquo;AVMG, \u00e0 lire ci-dessous :<\/h5>\n\n\n\n<div data-wp-interactive=\"core\/file\" class=\"wp-block-file\"><object data-wp-bind--hidden=\"!state.hasPdfPreview\" hidden class=\"wp-block-file__embed\" data=\"https:\/\/sud.svmep.ch\/svmep\/wp-content\/uploads\/2019\/04\/2029-04_effet-immediat.pdf\" type=\"application\/pdf\" style=\"width:100%;height:600px\" aria-label=\"Contenu embarqu\u00e9 Br\u00e8ves AVMG avril 2019.\"><\/object><a id=\"wp-block-file--media-c7d025c6-52a2-4d91-9b6a-5ec668ae9199\" href=\"https:\/\/sud.svmep.ch\/svmep\/wp-content\/uploads\/2019\/04\/2029-04_effet-immediat.pdf\" target=\"_blank\" rel=\"noreferrer noopener\">Br\u00e8ves AVMG avril 2019<\/a><a href=\"https:\/\/sud.svmep.ch\/svmep\/wp-content\/uploads\/2019\/04\/2029-04_effet-immediat.pdf\" class=\"wp-block-file__button wp-element-button\" download aria-describedby=\"wp-block-file--media-c7d025c6-52a2-4d91-9b6a-5ec668ae9199\">T\u00e9l\u00e9charger<\/a><\/div>\n","protected":false},"excerpt":{"rendered":"<p>17 avril 2019 Une proc\u00e9dure de licenciement avec effet imm\u00e9diat (article 61 de la Loi sur le personnel) a \u00e9t\u00e9 engag\u00e9e par la DGEP \u00e0 l\u2019encontre de notre coll\u00e8gue Philippe [&hellip;]<\/p>\n","protected":false},"author":4,"featured_media":0,"comment_status":"closed","ping_status":"closed","sticky":false,"template":"","format":"standard","meta":{"footnotes":""},"categories":[5],"tags":[41,26],"class_list":["post-513","post","type-post","status-publish","format-standard","hentry","category-sud-education","tag-contrat-de-travail","tag-lois-et-reglements"],"yoast_head":"<!-- This site is optimized with the Yoast SEO plugin v27.4 - https:\/\/yoast.com\/product\/yoast-seo-wordpress\/ -->\n<title>Brutalit\u00e9 administrative au Gymnase Auguste-Piccard et \u00e0 la DGEP - svmep.ch<\/title>\n<meta name=\"description\" content=\"Une proc\u00e9dure de licenciement avec effet imm\u00e9diat a \u00e9t\u00e9 engag\u00e9e par la DGEP \u00e0 l\u2019encontre de notre coll\u00e8gue Philippe Leignel.\" \/>\n<meta name=\"robots\" content=\"index, follow, max-snippet:-1, max-image-preview:large, max-video-preview:-1\" \/>\n<link rel=\"canonical\" href=\"https:\/\/sud.svmep.ch\/svmep\/brutalite-administrative-gymnase-auguste-piccard-a-dgep\/\" \/>\n<meta property=\"og:locale\" content=\"fr_FR\" \/>\n<meta property=\"og:type\" content=\"article\" \/>\n<meta property=\"og:title\" content=\"Brutalit\u00e9 administrative au Gymnase Auguste-Piccard et \u00e0 la DGEP - svmep.ch\" \/>\n<meta property=\"og:description\" content=\"Une proc\u00e9dure de licenciement avec effet imm\u00e9diat a \u00e9t\u00e9 engag\u00e9e par la DGEP \u00e0 l\u2019encontre de notre coll\u00e8gue Philippe Leignel.\" \/>\n<meta property=\"og:url\" content=\"https:\/\/sud.svmep.ch\/svmep\/brutalite-administrative-gymnase-auguste-piccard-a-dgep\/\" \/>\n<meta property=\"og:site_name\" content=\"svmep.ch\" \/>\n<meta property=\"article:published_time\" content=\"2019-04-17T16:43:39+00:00\" \/>\n<meta property=\"article:modified_time\" content=\"2024-10-28T11:16:44+00:00\" \/>\n<meta property=\"og:image\" content=\"https:\/\/sud.svmep.ch\/svmep\/wp-content\/uploads\/2024\/09\/microphone_small.png\" \/>\n\t<meta property=\"og:image:width\" content=\"500\" \/>\n\t<meta property=\"og:image:height\" content=\"521\" \/>\n\t<meta property=\"og:image:type\" content=\"image\/png\" \/>\n<meta name=\"author\" content=\"svmep-webmaster\" \/>\n<meta name=\"twitter:card\" content=\"summary_large_image\" \/>\n<script type=\"application\/ld+json\" class=\"yoast-schema-graph\">{\"@context\":\"https:\\\/\\\/schema.org\",\"@graph\":[{\"@type\":\"Article\",\"@id\":\"https:\\\/\\\/sud.svmep.ch\\\/svmep\\\/brutalite-administrative-gymnase-auguste-piccard-a-dgep\\\/#article\",\"isPartOf\":{\"@id\":\"https:\\\/\\\/sud.svmep.ch\\\/svmep\\\/brutalite-administrative-gymnase-auguste-piccard-a-dgep\\\/\"},\"author\":{\"name\":\"svmep-webmaster\",\"@id\":\"https:\\\/\\\/sud.svmep.ch\\\/svmep\\\/#\\\/schema\\\/person\\\/c89c46f48a039b5e5bc4a8eeeab1aece\"},\"headline\":\"Brutalit\u00e9 administrative au Gymnase Auguste-Piccard et \u00e0 la DGEP\",\"datePublished\":\"2019-04-17T16:43:39+00:00\",\"dateModified\":\"2024-10-28T11:16:44+00:00\",\"mainEntityOfPage\":{\"@id\":\"https:\\\/\\\/sud.svmep.ch\\\/svmep\\\/brutalite-administrative-gymnase-auguste-piccard-a-dgep\\\/\"},\"wordCount\":249,\"publisher\":{\"@id\":\"https:\\\/\\\/sud.svmep.ch\\\/svmep\\\/#organization\"},\"image\":{\"@id\":\"https:\\\/\\\/sud.svmep.ch\\\/svmep\\\/brutalite-administrative-gymnase-auguste-piccard-a-dgep\\\/#primaryimage\"},\"thumbnailUrl\":\"https:\\\/\\\/sud.svmep.ch\\\/svmep\\\/wp-content\\\/uploads\\\/2024\\\/09\\\/microphone_small-150x150.png\",\"keywords\":[\"contrat de travail\",\"lois et r\u00e8glements\"],\"articleSection\":[\"SUD-\u00c9ducation\"],\"inLanguage\":\"fr-FR\"},{\"@type\":\"WebPage\",\"@id\":\"https:\\\/\\\/sud.svmep.ch\\\/svmep\\\/brutalite-administrative-gymnase-auguste-piccard-a-dgep\\\/\",\"url\":\"https:\\\/\\\/sud.svmep.ch\\\/svmep\\\/brutalite-administrative-gymnase-auguste-piccard-a-dgep\\\/\",\"name\":\"Brutalit\u00e9 administrative au Gymnase Auguste-Piccard et \u00e0 la DGEP - svmep.ch\",\"isPartOf\":{\"@id\":\"https:\\\/\\\/sud.svmep.ch\\\/svmep\\\/#website\"},\"primaryImageOfPage\":{\"@id\":\"https:\\\/\\\/sud.svmep.ch\\\/svmep\\\/brutalite-administrative-gymnase-auguste-piccard-a-dgep\\\/#primaryimage\"},\"image\":{\"@id\":\"https:\\\/\\\/sud.svmep.ch\\\/svmep\\\/brutalite-administrative-gymnase-auguste-piccard-a-dgep\\\/#primaryimage\"},\"thumbnailUrl\":\"https:\\\/\\\/sud.svmep.ch\\\/svmep\\\/wp-content\\\/uploads\\\/2024\\\/09\\\/microphone_small-150x150.png\",\"datePublished\":\"2019-04-17T16:43:39+00:00\",\"dateModified\":\"2024-10-28T11:16:44+00:00\",\"description\":\"Une proc\u00e9dure de licenciement avec effet imm\u00e9diat a \u00e9t\u00e9 engag\u00e9e par la DGEP \u00e0 l\u2019encontre de notre coll\u00e8gue Philippe Leignel.\",\"breadcrumb\":{\"@id\":\"https:\\\/\\\/sud.svmep.ch\\\/svmep\\\/brutalite-administrative-gymnase-auguste-piccard-a-dgep\\\/#breadcrumb\"},\"inLanguage\":\"fr-FR\",\"potentialAction\":[{\"@type\":\"ReadAction\",\"target\":[\"https:\\\/\\\/sud.svmep.ch\\\/svmep\\\/brutalite-administrative-gymnase-auguste-piccard-a-dgep\\\/\"]}]},{\"@type\":\"ImageObject\",\"inLanguage\":\"fr-FR\",\"@id\":\"https:\\\/\\\/sud.svmep.ch\\\/svmep\\\/brutalite-administrative-gymnase-auguste-piccard-a-dgep\\\/#primaryimage\",\"url\":\"https:\\\/\\\/sud.svmep.ch\\\/svmep\\\/wp-content\\\/uploads\\\/2024\\\/09\\\/microphone_small.png\",\"contentUrl\":\"https:\\\/\\\/sud.svmep.ch\\\/svmep\\\/wp-content\\\/uploads\\\/2024\\\/09\\\/microphone_small.png\",\"width\":500,\"height\":521},{\"@type\":\"BreadcrumbList\",\"@id\":\"https:\\\/\\\/sud.svmep.ch\\\/svmep\\\/brutalite-administrative-gymnase-auguste-piccard-a-dgep\\\/#breadcrumb\",\"itemListElement\":[{\"@type\":\"ListItem\",\"position\":1,\"name\":\"Accueil\",\"item\":\"https:\\\/\\\/sud.svmep.ch\\\/svmep\\\/\"},{\"@type\":\"ListItem\",\"position\":2,\"name\":\"SUD-\u00c9ducation\",\"item\":\"https:\\\/\\\/sud.svmep.ch\\\/svmep\\\/category\\\/sud-education\\\/\"},{\"@type\":\"ListItem\",\"position\":3,\"name\":\"Brutalit\u00e9 administrative au Gymnase Auguste-Piccard et \u00e0 la DGEP\"}]},{\"@type\":\"WebSite\",\"@id\":\"https:\\\/\\\/sud.svmep.ch\\\/svmep\\\/#website\",\"url\":\"https:\\\/\\\/sud.svmep.ch\\\/svmep\\\/\",\"name\":\"Syndicat vaudois des ma\u00eetres.ses de l'enseignement professionnel\",\"description\":\"\",\"publisher\":{\"@id\":\"https:\\\/\\\/sud.svmep.ch\\\/svmep\\\/#organization\"},\"alternateName\":\"SVMEP\",\"potentialAction\":[{\"@type\":\"SearchAction\",\"target\":{\"@type\":\"EntryPoint\",\"urlTemplate\":\"https:\\\/\\\/sud.svmep.ch\\\/svmep\\\/?s={search_term_string}\"},\"query-input\":{\"@type\":\"PropertyValueSpecification\",\"valueRequired\":true,\"valueName\":\"search_term_string\"}}],\"inLanguage\":\"fr-FR\"},{\"@type\":\"Organization\",\"@id\":\"https:\\\/\\\/sud.svmep.ch\\\/svmep\\\/#organization\",\"name\":\"Syndicat vaudois des ma\u00eetres.ses de l'enseignement professionnel SVMEP\",\"alternateName\":\"SVMEP\",\"url\":\"https:\\\/\\\/sud.svmep.ch\\\/svmep\\\/\",\"logo\":{\"@type\":\"ImageObject\",\"inLanguage\":\"fr-FR\",\"@id\":\"https:\\\/\\\/sud.svmep.ch\\\/svmep\\\/#\\\/schema\\\/logo\\\/image\\\/\",\"url\":\"https:\\\/\\\/sud.svmep.ch\\\/svmep\\\/wp-content\\\/uploads\\\/2024\\\/09\\\/svmep150x260.jpg\",\"contentUrl\":\"https:\\\/\\\/sud.svmep.ch\\\/svmep\\\/wp-content\\\/uploads\\\/2024\\\/09\\\/svmep150x260.jpg\",\"width\":226,\"height\":127,\"caption\":\"Syndicat vaudois des ma\u00eetres.ses de l'enseignement professionnel SVMEP\"},\"image\":{\"@id\":\"https:\\\/\\\/sud.svmep.ch\\\/svmep\\\/#\\\/schema\\\/logo\\\/image\\\/\"}},{\"@type\":\"Person\",\"@id\":\"https:\\\/\\\/sud.svmep.ch\\\/svmep\\\/#\\\/schema\\\/person\\\/c89c46f48a039b5e5bc4a8eeeab1aece\",\"name\":\"svmep-webmaster\",\"image\":{\"@type\":\"ImageObject\",\"inLanguage\":\"fr-FR\",\"@id\":\"https:\\\/\\\/secure.gravatar.com\\\/avatar\\\/75b5925b5ca4f3df48f6bb05f81ad13dab8238efffb28bf26c5f1682dff96ea6?s=96&d=mm&r=g\",\"url\":\"https:\\\/\\\/secure.gravatar.com\\\/avatar\\\/75b5925b5ca4f3df48f6bb05f81ad13dab8238efffb28bf26c5f1682dff96ea6?s=96&d=mm&r=g\",\"contentUrl\":\"https:\\\/\\\/secure.gravatar.com\\\/avatar\\\/75b5925b5ca4f3df48f6bb05f81ad13dab8238efffb28bf26c5f1682dff96ea6?s=96&d=mm&r=g\",\"caption\":\"svmep-webmaster\"}}]}<\/script>\n<!-- \/ Yoast SEO plugin. -->","yoast_head_json":{"title":"Brutalit\u00e9 administrative au Gymnase Auguste-Piccard et \u00e0 la DGEP - svmep.ch","description":"Une proc\u00e9dure de licenciement avec effet imm\u00e9diat a \u00e9t\u00e9 engag\u00e9e par la DGEP \u00e0 l\u2019encontre de notre coll\u00e8gue Philippe Leignel.","robots":{"index":"index","follow":"follow","max-snippet":"max-snippet:-1","max-image-preview":"max-image-preview:large","max-video-preview":"max-video-preview:-1"},"canonical":"https:\/\/sud.svmep.ch\/svmep\/brutalite-administrative-gymnase-auguste-piccard-a-dgep\/","og_locale":"fr_FR","og_type":"article","og_title":"Brutalit\u00e9 administrative au Gymnase Auguste-Piccard et \u00e0 la DGEP - svmep.ch","og_description":"Une proc\u00e9dure de licenciement avec effet imm\u00e9diat a \u00e9t\u00e9 engag\u00e9e par la DGEP \u00e0 l\u2019encontre de notre coll\u00e8gue Philippe Leignel.","og_url":"https:\/\/sud.svmep.ch\/svmep\/brutalite-administrative-gymnase-auguste-piccard-a-dgep\/","og_site_name":"svmep.ch","article_published_time":"2019-04-17T16:43:39+00:00","article_modified_time":"2024-10-28T11:16:44+00:00","og_image":[{"width":500,"height":521,"url":"https:\/\/sud.svmep.ch\/svmep\/wp-content\/uploads\/2024\/09\/microphone_small.png","type":"image\/png"}],"author":"svmep-webmaster","twitter_card":"summary_large_image","schema":{"@context":"https:\/\/schema.org","@graph":[{"@type":"Article","@id":"https:\/\/sud.svmep.ch\/svmep\/brutalite-administrative-gymnase-auguste-piccard-a-dgep\/#article","isPartOf":{"@id":"https:\/\/sud.svmep.ch\/svmep\/brutalite-administrative-gymnase-auguste-piccard-a-dgep\/"},"author":{"name":"svmep-webmaster","@id":"https:\/\/sud.svmep.ch\/svmep\/#\/schema\/person\/c89c46f48a039b5e5bc4a8eeeab1aece"},"headline":"Brutalit\u00e9 administrative au Gymnase Auguste-Piccard et \u00e0 la DGEP","datePublished":"2019-04-17T16:43:39+00:00","dateModified":"2024-10-28T11:16:44+00:00","mainEntityOfPage":{"@id":"https:\/\/sud.svmep.ch\/svmep\/brutalite-administrative-gymnase-auguste-piccard-a-dgep\/"},"wordCount":249,"publisher":{"@id":"https:\/\/sud.svmep.ch\/svmep\/#organization"},"image":{"@id":"https:\/\/sud.svmep.ch\/svmep\/brutalite-administrative-gymnase-auguste-piccard-a-dgep\/#primaryimage"},"thumbnailUrl":"https:\/\/sud.svmep.ch\/svmep\/wp-content\/uploads\/2024\/09\/microphone_small-150x150.png","keywords":["contrat de travail","lois et r\u00e8glements"],"articleSection":["SUD-\u00c9ducation"],"inLanguage":"fr-FR"},{"@type":"WebPage","@id":"https:\/\/sud.svmep.ch\/svmep\/brutalite-administrative-gymnase-auguste-piccard-a-dgep\/","url":"https:\/\/sud.svmep.ch\/svmep\/brutalite-administrative-gymnase-auguste-piccard-a-dgep\/","name":"Brutalit\u00e9 administrative au Gymnase Auguste-Piccard et \u00e0 la DGEP - svmep.ch","isPartOf":{"@id":"https:\/\/sud.svmep.ch\/svmep\/#website"},"primaryImageOfPage":{"@id":"https:\/\/sud.svmep.ch\/svmep\/brutalite-administrative-gymnase-auguste-piccard-a-dgep\/#primaryimage"},"image":{"@id":"https:\/\/sud.svmep.ch\/svmep\/brutalite-administrative-gymnase-auguste-piccard-a-dgep\/#primaryimage"},"thumbnailUrl":"https:\/\/sud.svmep.ch\/svmep\/wp-content\/uploads\/2024\/09\/microphone_small-150x150.png","datePublished":"2019-04-17T16:43:39+00:00","dateModified":"2024-10-28T11:16:44+00:00","description":"Une proc\u00e9dure de licenciement avec effet imm\u00e9diat a \u00e9t\u00e9 engag\u00e9e par la DGEP \u00e0 l\u2019encontre de notre coll\u00e8gue Philippe Leignel.","breadcrumb":{"@id":"https:\/\/sud.svmep.ch\/svmep\/brutalite-administrative-gymnase-auguste-piccard-a-dgep\/#breadcrumb"},"inLanguage":"fr-FR","potentialAction":[{"@type":"ReadAction","target":["https:\/\/sud.svmep.ch\/svmep\/brutalite-administrative-gymnase-auguste-piccard-a-dgep\/"]}]},{"@type":"ImageObject","inLanguage":"fr-FR","@id":"https:\/\/sud.svmep.ch\/svmep\/brutalite-administrative-gymnase-auguste-piccard-a-dgep\/#primaryimage","url":"https:\/\/sud.svmep.ch\/svmep\/wp-content\/uploads\/2024\/09\/microphone_small.png","contentUrl":"https:\/\/sud.svmep.ch\/svmep\/wp-content\/uploads\/2024\/09\/microphone_small.png","width":500,"height":521},{"@type":"BreadcrumbList","@id":"https:\/\/sud.svmep.ch\/svmep\/brutalite-administrative-gymnase-auguste-piccard-a-dgep\/#breadcrumb","itemListElement":[{"@type":"ListItem","position":1,"name":"Accueil","item":"https:\/\/sud.svmep.ch\/svmep\/"},{"@type":"ListItem","position":2,"name":"SUD-\u00c9ducation","item":"https:\/\/sud.svmep.ch\/svmep\/category\/sud-education\/"},{"@type":"ListItem","position":3,"name":"Brutalit\u00e9 administrative au Gymnase Auguste-Piccard et \u00e0 la DGEP"}]},{"@type":"WebSite","@id":"https:\/\/sud.svmep.ch\/svmep\/#website","url":"https:\/\/sud.svmep.ch\/svmep\/","name":"Syndicat vaudois des ma\u00eetres.ses de l'enseignement professionnel","description":"","publisher":{"@id":"https:\/\/sud.svmep.ch\/svmep\/#organization"},"alternateName":"SVMEP","potentialAction":[{"@type":"SearchAction","target":{"@type":"EntryPoint","urlTemplate":"https:\/\/sud.svmep.ch\/svmep\/?s={search_term_string}"},"query-input":{"@type":"PropertyValueSpecification","valueRequired":true,"valueName":"search_term_string"}}],"inLanguage":"fr-FR"},{"@type":"Organization","@id":"https:\/\/sud.svmep.ch\/svmep\/#organization","name":"Syndicat vaudois des ma\u00eetres.ses de l'enseignement professionnel SVMEP","alternateName":"SVMEP","url":"https:\/\/sud.svmep.ch\/svmep\/","logo":{"@type":"ImageObject","inLanguage":"fr-FR","@id":"https:\/\/sud.svmep.ch\/svmep\/#\/schema\/logo\/image\/","url":"https:\/\/sud.svmep.ch\/svmep\/wp-content\/uploads\/2024\/09\/svmep150x260.jpg","contentUrl":"https:\/\/sud.svmep.ch\/svmep\/wp-content\/uploads\/2024\/09\/svmep150x260.jpg","width":226,"height":127,"caption":"Syndicat vaudois des ma\u00eetres.ses de l'enseignement professionnel SVMEP"},"image":{"@id":"https:\/\/sud.svmep.ch\/svmep\/#\/schema\/logo\/image\/"}},{"@type":"Person","@id":"https:\/\/sud.svmep.ch\/svmep\/#\/schema\/person\/c89c46f48a039b5e5bc4a8eeeab1aece","name":"svmep-webmaster","image":{"@type":"ImageObject","inLanguage":"fr-FR","@id":"https:\/\/secure.gravatar.com\/avatar\/75b5925b5ca4f3df48f6bb05f81ad13dab8238efffb28bf26c5f1682dff96ea6?s=96&d=mm&r=g","url":"https:\/\/secure.gravatar.com\/avatar\/75b5925b5ca4f3df48f6bb05f81ad13dab8238efffb28bf26c5f1682dff96ea6?s=96&d=mm&r=g","contentUrl":"https:\/\/secure.gravatar.com\/avatar\/75b5925b5ca4f3df48f6bb05f81ad13dab8238efffb28bf26c5f1682dff96ea6?s=96&d=mm&r=g","caption":"svmep-webmaster"}}]}},"_links":{"self":[{"href":"https:\/\/sud.svmep.ch\/svmep\/wp-json\/wp\/v2\/posts\/513","targetHints":{"allow":["GET"]}}],"collection":[{"href":"https:\/\/sud.svmep.ch\/svmep\/wp-json\/wp\/v2\/posts"}],"about":[{"href":"https:\/\/sud.svmep.ch\/svmep\/wp-json\/wp\/v2\/types\/post"}],"author":[{"embeddable":true,"href":"https:\/\/sud.svmep.ch\/svmep\/wp-json\/wp\/v2\/users\/4"}],"replies":[{"embeddable":true,"href":"https:\/\/sud.svmep.ch\/svmep\/wp-json\/wp\/v2\/comments?post=513"}],"version-history":[{"count":0,"href":"https:\/\/sud.svmep.ch\/svmep\/wp-json\/wp\/v2\/posts\/513\/revisions"}],"wp:attachment":[{"href":"https:\/\/sud.svmep.ch\/svmep\/wp-json\/wp\/v2\/media?parent=513"}],"wp:term":[{"taxonomy":"category","embeddable":true,"href":"https:\/\/sud.svmep.ch\/svmep\/wp-json\/wp\/v2\/categories?post=513"},{"taxonomy":"post_tag","embeddable":true,"href":"https:\/\/sud.svmep.ch\/svmep\/wp-json\/wp\/v2\/tags?post=513"}],"curies":[{"name":"wp","href":"https:\/\/api.w.org\/{rel}","templated":true}]}}