{"id":528,"date":"2019-05-30T11:54:36","date_gmt":"2019-05-30T10:54:36","guid":{"rendered":"http:\/\/sud.svmep.ch\/?p=528"},"modified":"2025-01-06T18:23:48","modified_gmt":"2025-01-06T17:23:48","slug":"maitresses-denseignement-professionnel-i-ii-lettre-petition-adressee-a-madame-cesla-amarelle-cheffe-dfjc","status":"publish","type":"post","link":"https:\/\/sud.svmep.ch\/svmep\/maitresses-denseignement-professionnel-i-ii-lettre-petition-adressee-a-madame-cesla-amarelle-cheffe-dfjc\/","title":{"rendered":"Ma\u00eetres.ses d&rsquo;enseignement professionnel I et II : lettre-p\u00e9tition adress\u00e9e \u00e0 la Cheffe du DFJC"},"content":{"rendered":"<div class=\"wp-block-post-date\"><time datetime=\"2019-05-30T11:54:36+02:00\">30 mai 2019<\/time><\/div>\n\n<p>Ch\u00e8res et chers ami-e-s,<\/p>\n<p><a href=\"http:\/\/sud.svmep.ch\/svmep\/wp-content\/uploads\/2019\/06\/Situation-MPE-1-et-2-courrier-%C3%A0-la-Cheffe-du-Dpt.pdf\" target=\"_blank\" rel=\"noopener\">Voici la lettre que nous avons adress\u00e9e \u00e0 la Cheffe de d\u00e9partement<\/a>, Mme Cesla Amarelle, pour demander l\u2019ouverture de n\u00e9gociations destin\u00e9es \u00e0 am\u00e9liorer le sort des coll\u00e8gues MEP I et II. Afin d\u2019arracher au moins le cliquet pour tous et toutes les enseignant-e-s. Pour avancer efficacement en ce sens et n\u00e9gocier sur la base d\u2019un rapport de force solide, il nous faut pouvoir compter sur la mobilisation de tous et toutes.<\/p>\n<p>Vous trouvez donc en annexe \u00e0 ce billet :<\/p>\n<p>1) <a href=\"http:\/\/sud.svmep.ch\/svmep\/wp-content\/uploads\/2019\/06\/Lettre-pe%CC%81tition-a%CC%80-lattention-de-Madame-Cesla-Amarelle.doc\" target=\"_blank\" rel=\"noopener\">Une lettre p\u00e9tition \u00e0 signer<\/a> par les MEP I et II<br \/>2) Une p\u00e9tition qui doit \u00eatre sign\u00e9e par les coll\u00e8gues solidaires<\/p>\n<p><strong>Nous vous demandons de commencer ces signatures d\u00e8s maintenant et de renvoyer le tout au SVMEP<\/strong>, place Chauderon 5, 1003 Lausanne.<\/p>\n<p>Naturellement, nos d\u00e9l\u00e9gu\u00e9-e-s ou des coll\u00e8gues qui en prennent l\u2019initiative peuvent les rassembler et nous faire un envoi group\u00e9. Mais il est essentiel que ces r\u00e9coltes de signatures se fassent durant le mois de juin et que nous les recevions durant cette p\u00e9riode.\u00a0 Le rapport de force doit \u00eatre syst\u00e9matiquement construit d\u00e8s maintenant.<\/p>\n<p>La cheffe de d\u00e9partement nous annonce qu\u2019elle fera des propositions au SVMEP le 17 septembre 2019. A cette date, il faudra d\u00e9poser les signatures, le faire en manifestation, et donner \u00e0 nos n\u00e9gociateurs-trices une bonne base de mobilisation pour que les n\u00e9gociations soient rapides, efficaces et productives.<\/p>\n<p>Cordiales salutations,<br \/>le comit\u00e9 du SVMEP<\/p>","protected":false},"excerpt":{"rendered":"<p>30 mai 2019 Ch\u00e8res et chers ami-e-s, Voici la lettre que nous avons adress\u00e9e \u00e0 la Cheffe de d\u00e9partement, Mme Cesla Amarelle, pour demander l\u2019ouverture de n\u00e9gociations destin\u00e9es \u00e0 am\u00e9liorer [&hellip;]<\/p>\n","protected":false},"author":4,"featured_media":1768,"comment_status":"closed","ping_status":"closed","sticky":false,"template":"","format":"standard","meta":{"footnotes":""},"categories":[20],"tags":[39],"class_list":["post-528","post","type-post","status-publish","format-standard","has-post-thumbnail","hentry","category-classification-des-mep","tag-mep"],"yoast_head":"<!-- This site is optimized with the Yoast SEO plugin v27.4 - https:\/\/yoast.com\/product\/yoast-seo-wordpress\/ -->\n<title>Ma\u00eetres.ses d&#039;enseignement professionnel I et II : lettre-p\u00e9tition adress\u00e9e \u00e0 la Cheffe du DFJC - svmep.ch<\/title>\n<meta name=\"robots\" content=\"index, follow, max-snippet:-1, max-image-preview:large, max-video-preview:-1\" \/>\n<link rel=\"canonical\" href=\"https:\/\/sud.svmep.ch\/svmep\/maitresses-denseignement-professionnel-i-ii-lettre-petition-adressee-a-madame-cesla-amarelle-cheffe-dfjc\/\" \/>\n<meta property=\"og:locale\" content=\"fr_FR\" \/>\n<meta property=\"og:type\" content=\"article\" \/>\n<meta property=\"og:title\" content=\"Ma\u00eetres.ses d&#039;enseignement professionnel I et II : lettre-p\u00e9tition adress\u00e9e \u00e0 la Cheffe du DFJC - svmep.ch\" \/>\n<meta property=\"og:description\" content=\"30 mai 2019 Ch\u00e8res et chers ami-e-s, Voici la lettre que nous avons adress\u00e9e \u00e0 la Cheffe de d\u00e9partement, Mme Cesla Amarelle, pour demander l\u2019ouverture de n\u00e9gociations destin\u00e9es \u00e0 am\u00e9liorer [&hellip;]\" \/>\n<meta property=\"og:url\" content=\"https:\/\/sud.svmep.ch\/svmep\/maitresses-denseignement-professionnel-i-ii-lettre-petition-adressee-a-madame-cesla-amarelle-cheffe-dfjc\/\" \/>\n<meta property=\"og:site_name\" content=\"svmep.ch\" \/>\n<meta property=\"article:published_time\" content=\"2019-05-30T10:54:36+00:00\" \/>\n<meta property=\"article:modified_time\" content=\"2025-01-06T17:23:48+00:00\" \/>\n<meta property=\"og:image\" content=\"https:\/\/sud.svmep.ch\/svmep\/wp-content\/uploads\/2024\/11\/vis-tampon.png\" \/>\n\t<meta property=\"og:image:width\" content=\"495\" \/>\n\t<meta property=\"og:image:height\" content=\"495\" \/>\n\t<meta property=\"og:image:type\" content=\"image\/png\" \/>\n<meta name=\"author\" content=\"svmep-webmaster\" \/>\n<meta name=\"twitter:card\" content=\"summary_large_image\" \/>\n<script type=\"application\/ld+json\" class=\"yoast-schema-graph\">{\"@context\":\"https:\\\/\\\/schema.org\",\"@graph\":[{\"@type\":\"Article\",\"@id\":\"https:\\\/\\\/sud.svmep.ch\\\/svmep\\\/maitresses-denseignement-professionnel-i-ii-lettre-petition-adressee-a-madame-cesla-amarelle-cheffe-dfjc\\\/#article\",\"isPartOf\":{\"@id\":\"https:\\\/\\\/sud.svmep.ch\\\/svmep\\\/maitresses-denseignement-professionnel-i-ii-lettre-petition-adressee-a-madame-cesla-amarelle-cheffe-dfjc\\\/\"},\"author\":{\"name\":\"svmep-webmaster\",\"@id\":\"https:\\\/\\\/sud.svmep.ch\\\/svmep\\\/#\\\/schema\\\/person\\\/c89c46f48a039b5e5bc4a8eeeab1aece\"},\"headline\":\"Ma\u00eetres.ses d&rsquo;enseignement professionnel I et II : lettre-p\u00e9tition adress\u00e9e \u00e0 la Cheffe du DFJC\",\"datePublished\":\"2019-05-30T10:54:36+00:00\",\"dateModified\":\"2025-01-06T17:23:48+00:00\",\"mainEntityOfPage\":{\"@id\":\"https:\\\/\\\/sud.svmep.ch\\\/svmep\\\/maitresses-denseignement-professionnel-i-ii-lettre-petition-adressee-a-madame-cesla-amarelle-cheffe-dfjc\\\/\"},\"wordCount\":268,\"publisher\":{\"@id\":\"https:\\\/\\\/sud.svmep.ch\\\/svmep\\\/#organization\"},\"image\":{\"@id\":\"https:\\\/\\\/sud.svmep.ch\\\/svmep\\\/maitresses-denseignement-professionnel-i-ii-lettre-petition-adressee-a-madame-cesla-amarelle-cheffe-dfjc\\\/#primaryimage\"},\"thumbnailUrl\":\"https:\\\/\\\/sud.svmep.ch\\\/svmep\\\/wp-content\\\/uploads\\\/2024\\\/11\\\/vis-tampon.png\",\"keywords\":[\"classification des MEP\"],\"articleSection\":[\"Classification des MEP\"],\"inLanguage\":\"fr-FR\"},{\"@type\":\"WebPage\",\"@id\":\"https:\\\/\\\/sud.svmep.ch\\\/svmep\\\/maitresses-denseignement-professionnel-i-ii-lettre-petition-adressee-a-madame-cesla-amarelle-cheffe-dfjc\\\/\",\"url\":\"https:\\\/\\\/sud.svmep.ch\\\/svmep\\\/maitresses-denseignement-professionnel-i-ii-lettre-petition-adressee-a-madame-cesla-amarelle-cheffe-dfjc\\\/\",\"name\":\"Ma\u00eetres.ses d'enseignement professionnel I et II : lettre-p\u00e9tition adress\u00e9e \u00e0 la Cheffe du DFJC - svmep.ch\",\"isPartOf\":{\"@id\":\"https:\\\/\\\/sud.svmep.ch\\\/svmep\\\/#website\"},\"primaryImageOfPage\":{\"@id\":\"https:\\\/\\\/sud.svmep.ch\\\/svmep\\\/maitresses-denseignement-professionnel-i-ii-lettre-petition-adressee-a-madame-cesla-amarelle-cheffe-dfjc\\\/#primaryimage\"},\"image\":{\"@id\":\"https:\\\/\\\/sud.svmep.ch\\\/svmep\\\/maitresses-denseignement-professionnel-i-ii-lettre-petition-adressee-a-madame-cesla-amarelle-cheffe-dfjc\\\/#primaryimage\"},\"thumbnailUrl\":\"https:\\\/\\\/sud.svmep.ch\\\/svmep\\\/wp-content\\\/uploads\\\/2024\\\/11\\\/vis-tampon.png\",\"datePublished\":\"2019-05-30T10:54:36+00:00\",\"dateModified\":\"2025-01-06T17:23:48+00:00\",\"breadcrumb\":{\"@id\":\"https:\\\/\\\/sud.svmep.ch\\\/svmep\\\/maitresses-denseignement-professionnel-i-ii-lettre-petition-adressee-a-madame-cesla-amarelle-cheffe-dfjc\\\/#breadcrumb\"},\"inLanguage\":\"fr-FR\",\"potentialAction\":[{\"@type\":\"ReadAction\",\"target\":[\"https:\\\/\\\/sud.svmep.ch\\\/svmep\\\/maitresses-denseignement-professionnel-i-ii-lettre-petition-adressee-a-madame-cesla-amarelle-cheffe-dfjc\\\/\"]}]},{\"@type\":\"ImageObject\",\"inLanguage\":\"fr-FR\",\"@id\":\"https:\\\/\\\/sud.svmep.ch\\\/svmep\\\/maitresses-denseignement-professionnel-i-ii-lettre-petition-adressee-a-madame-cesla-amarelle-cheffe-dfjc\\\/#primaryimage\",\"url\":\"https:\\\/\\\/sud.svmep.ch\\\/svmep\\\/wp-content\\\/uploads\\\/2024\\\/11\\\/vis-tampon.png\",\"contentUrl\":\"https:\\\/\\\/sud.svmep.ch\\\/svmep\\\/wp-content\\\/uploads\\\/2024\\\/11\\\/vis-tampon.png\",\"width\":495,\"height\":495},{\"@type\":\"BreadcrumbList\",\"@id\":\"https:\\\/\\\/sud.svmep.ch\\\/svmep\\\/maitresses-denseignement-professionnel-i-ii-lettre-petition-adressee-a-madame-cesla-amarelle-cheffe-dfjc\\\/#breadcrumb\",\"itemListElement\":[{\"@type\":\"ListItem\",\"position\":1,\"name\":\"Accueil\",\"item\":\"https:\\\/\\\/sud.svmep.ch\\\/svmep\\\/\"},{\"@type\":\"ListItem\",\"position\":2,\"name\":\"Classification des MEP\",\"item\":\"https:\\\/\\\/sud.svmep.ch\\\/svmep\\\/category\\\/classification-des-mep\\\/\"},{\"@type\":\"ListItem\",\"position\":3,\"name\":\"Ma\u00eetres.ses d&rsquo;enseignement professionnel I et II : lettre-p\u00e9tition adress\u00e9e \u00e0 la Cheffe du DFJC\"}]},{\"@type\":\"WebSite\",\"@id\":\"https:\\\/\\\/sud.svmep.ch\\\/svmep\\\/#website\",\"url\":\"https:\\\/\\\/sud.svmep.ch\\\/svmep\\\/\",\"name\":\"Syndicat vaudois des ma\u00eetres.ses de l'enseignement professionnel\",\"description\":\"\",\"publisher\":{\"@id\":\"https:\\\/\\\/sud.svmep.ch\\\/svmep\\\/#organization\"},\"alternateName\":\"SVMEP\",\"potentialAction\":[{\"@type\":\"SearchAction\",\"target\":{\"@type\":\"EntryPoint\",\"urlTemplate\":\"https:\\\/\\\/sud.svmep.ch\\\/svmep\\\/?s={search_term_string}\"},\"query-input\":{\"@type\":\"PropertyValueSpecification\",\"valueRequired\":true,\"valueName\":\"search_term_string\"}}],\"inLanguage\":\"fr-FR\"},{\"@type\":\"Organization\",\"@id\":\"https:\\\/\\\/sud.svmep.ch\\\/svmep\\\/#organization\",\"name\":\"Syndicat vaudois des ma\u00eetres.ses de l'enseignement professionnel SVMEP\",\"alternateName\":\"SVMEP\",\"url\":\"https:\\\/\\\/sud.svmep.ch\\\/svmep\\\/\",\"logo\":{\"@type\":\"ImageObject\",\"inLanguage\":\"fr-FR\",\"@id\":\"https:\\\/\\\/sud.svmep.ch\\\/svmep\\\/#\\\/schema\\\/logo\\\/image\\\/\",\"url\":\"https:\\\/\\\/sud.svmep.ch\\\/svmep\\\/wp-content\\\/uploads\\\/2024\\\/09\\\/svmep150x260.jpg\",\"contentUrl\":\"https:\\\/\\\/sud.svmep.ch\\\/svmep\\\/wp-content\\\/uploads\\\/2024\\\/09\\\/svmep150x260.jpg\",\"width\":226,\"height\":127,\"caption\":\"Syndicat vaudois des ma\u00eetres.ses de l'enseignement professionnel SVMEP\"},\"image\":{\"@id\":\"https:\\\/\\\/sud.svmep.ch\\\/svmep\\\/#\\\/schema\\\/logo\\\/image\\\/\"}},{\"@type\":\"Person\",\"@id\":\"https:\\\/\\\/sud.svmep.ch\\\/svmep\\\/#\\\/schema\\\/person\\\/c89c46f48a039b5e5bc4a8eeeab1aece\",\"name\":\"svmep-webmaster\",\"image\":{\"@type\":\"ImageObject\",\"inLanguage\":\"fr-FR\",\"@id\":\"https:\\\/\\\/secure.gravatar.com\\\/avatar\\\/75b5925b5ca4f3df48f6bb05f81ad13dab8238efffb28bf26c5f1682dff96ea6?s=96&d=mm&r=g\",\"url\":\"https:\\\/\\\/secure.gravatar.com\\\/avatar\\\/75b5925b5ca4f3df48f6bb05f81ad13dab8238efffb28bf26c5f1682dff96ea6?s=96&d=mm&r=g\",\"contentUrl\":\"https:\\\/\\\/secure.gravatar.com\\\/avatar\\\/75b5925b5ca4f3df48f6bb05f81ad13dab8238efffb28bf26c5f1682dff96ea6?s=96&d=mm&r=g\",\"caption\":\"svmep-webmaster\"}}]}<\/script>\n<!-- \/ Yoast SEO plugin. -->","yoast_head_json":{"title":"Ma\u00eetres.ses d'enseignement professionnel I et II : lettre-p\u00e9tition adress\u00e9e \u00e0 la Cheffe du DFJC - svmep.ch","robots":{"index":"index","follow":"follow","max-snippet":"max-snippet:-1","max-image-preview":"max-image-preview:large","max-video-preview":"max-video-preview:-1"},"canonical":"https:\/\/sud.svmep.ch\/svmep\/maitresses-denseignement-professionnel-i-ii-lettre-petition-adressee-a-madame-cesla-amarelle-cheffe-dfjc\/","og_locale":"fr_FR","og_type":"article","og_title":"Ma\u00eetres.ses d'enseignement professionnel I et II : lettre-p\u00e9tition adress\u00e9e \u00e0 la Cheffe du DFJC - svmep.ch","og_description":"30 mai 2019 Ch\u00e8res et chers ami-e-s, Voici la lettre que nous avons adress\u00e9e \u00e0 la Cheffe de d\u00e9partement, Mme Cesla Amarelle, pour demander l\u2019ouverture de n\u00e9gociations destin\u00e9es \u00e0 am\u00e9liorer [&hellip;]","og_url":"https:\/\/sud.svmep.ch\/svmep\/maitresses-denseignement-professionnel-i-ii-lettre-petition-adressee-a-madame-cesla-amarelle-cheffe-dfjc\/","og_site_name":"svmep.ch","article_published_time":"2019-05-30T10:54:36+00:00","article_modified_time":"2025-01-06T17:23:48+00:00","og_image":[{"width":495,"height":495,"url":"https:\/\/sud.svmep.ch\/svmep\/wp-content\/uploads\/2024\/11\/vis-tampon.png","type":"image\/png"}],"author":"svmep-webmaster","twitter_card":"summary_large_image","schema":{"@context":"https:\/\/schema.org","@graph":[{"@type":"Article","@id":"https:\/\/sud.svmep.ch\/svmep\/maitresses-denseignement-professionnel-i-ii-lettre-petition-adressee-a-madame-cesla-amarelle-cheffe-dfjc\/#article","isPartOf":{"@id":"https:\/\/sud.svmep.ch\/svmep\/maitresses-denseignement-professionnel-i-ii-lettre-petition-adressee-a-madame-cesla-amarelle-cheffe-dfjc\/"},"author":{"name":"svmep-webmaster","@id":"https:\/\/sud.svmep.ch\/svmep\/#\/schema\/person\/c89c46f48a039b5e5bc4a8eeeab1aece"},"headline":"Ma\u00eetres.ses d&rsquo;enseignement professionnel I et II : lettre-p\u00e9tition adress\u00e9e \u00e0 la Cheffe du DFJC","datePublished":"2019-05-30T10:54:36+00:00","dateModified":"2025-01-06T17:23:48+00:00","mainEntityOfPage":{"@id":"https:\/\/sud.svmep.ch\/svmep\/maitresses-denseignement-professionnel-i-ii-lettre-petition-adressee-a-madame-cesla-amarelle-cheffe-dfjc\/"},"wordCount":268,"publisher":{"@id":"https:\/\/sud.svmep.ch\/svmep\/#organization"},"image":{"@id":"https:\/\/sud.svmep.ch\/svmep\/maitresses-denseignement-professionnel-i-ii-lettre-petition-adressee-a-madame-cesla-amarelle-cheffe-dfjc\/#primaryimage"},"thumbnailUrl":"https:\/\/sud.svmep.ch\/svmep\/wp-content\/uploads\/2024\/11\/vis-tampon.png","keywords":["classification des MEP"],"articleSection":["Classification des MEP"],"inLanguage":"fr-FR"},{"@type":"WebPage","@id":"https:\/\/sud.svmep.ch\/svmep\/maitresses-denseignement-professionnel-i-ii-lettre-petition-adressee-a-madame-cesla-amarelle-cheffe-dfjc\/","url":"https:\/\/sud.svmep.ch\/svmep\/maitresses-denseignement-professionnel-i-ii-lettre-petition-adressee-a-madame-cesla-amarelle-cheffe-dfjc\/","name":"Ma\u00eetres.ses d'enseignement professionnel I et II : lettre-p\u00e9tition adress\u00e9e \u00e0 la Cheffe du DFJC - svmep.ch","isPartOf":{"@id":"https:\/\/sud.svmep.ch\/svmep\/#website"},"primaryImageOfPage":{"@id":"https:\/\/sud.svmep.ch\/svmep\/maitresses-denseignement-professionnel-i-ii-lettre-petition-adressee-a-madame-cesla-amarelle-cheffe-dfjc\/#primaryimage"},"image":{"@id":"https:\/\/sud.svmep.ch\/svmep\/maitresses-denseignement-professionnel-i-ii-lettre-petition-adressee-a-madame-cesla-amarelle-cheffe-dfjc\/#primaryimage"},"thumbnailUrl":"https:\/\/sud.svmep.ch\/svmep\/wp-content\/uploads\/2024\/11\/vis-tampon.png","datePublished":"2019-05-30T10:54:36+00:00","dateModified":"2025-01-06T17:23:48+00:00","breadcrumb":{"@id":"https:\/\/sud.svmep.ch\/svmep\/maitresses-denseignement-professionnel-i-ii-lettre-petition-adressee-a-madame-cesla-amarelle-cheffe-dfjc\/#breadcrumb"},"inLanguage":"fr-FR","potentialAction":[{"@type":"ReadAction","target":["https:\/\/sud.svmep.ch\/svmep\/maitresses-denseignement-professionnel-i-ii-lettre-petition-adressee-a-madame-cesla-amarelle-cheffe-dfjc\/"]}]},{"@type":"ImageObject","inLanguage":"fr-FR","@id":"https:\/\/sud.svmep.ch\/svmep\/maitresses-denseignement-professionnel-i-ii-lettre-petition-adressee-a-madame-cesla-amarelle-cheffe-dfjc\/#primaryimage","url":"https:\/\/sud.svmep.ch\/svmep\/wp-content\/uploads\/2024\/11\/vis-tampon.png","contentUrl":"https:\/\/sud.svmep.ch\/svmep\/wp-content\/uploads\/2024\/11\/vis-tampon.png","width":495,"height":495},{"@type":"BreadcrumbList","@id":"https:\/\/sud.svmep.ch\/svmep\/maitresses-denseignement-professionnel-i-ii-lettre-petition-adressee-a-madame-cesla-amarelle-cheffe-dfjc\/#breadcrumb","itemListElement":[{"@type":"ListItem","position":1,"name":"Accueil","item":"https:\/\/sud.svmep.ch\/svmep\/"},{"@type":"ListItem","position":2,"name":"Classification des MEP","item":"https:\/\/sud.svmep.ch\/svmep\/category\/classification-des-mep\/"},{"@type":"ListItem","position":3,"name":"Ma\u00eetres.ses d&rsquo;enseignement professionnel I et II : lettre-p\u00e9tition adress\u00e9e \u00e0 la Cheffe du DFJC"}]},{"@type":"WebSite","@id":"https:\/\/sud.svmep.ch\/svmep\/#website","url":"https:\/\/sud.svmep.ch\/svmep\/","name":"Syndicat vaudois des ma\u00eetres.ses de l'enseignement professionnel","description":"","publisher":{"@id":"https:\/\/sud.svmep.ch\/svmep\/#organization"},"alternateName":"SVMEP","potentialAction":[{"@type":"SearchAction","target":{"@type":"EntryPoint","urlTemplate":"https:\/\/sud.svmep.ch\/svmep\/?s={search_term_string}"},"query-input":{"@type":"PropertyValueSpecification","valueRequired":true,"valueName":"search_term_string"}}],"inLanguage":"fr-FR"},{"@type":"Organization","@id":"https:\/\/sud.svmep.ch\/svmep\/#organization","name":"Syndicat vaudois des ma\u00eetres.ses de l'enseignement professionnel SVMEP","alternateName":"SVMEP","url":"https:\/\/sud.svmep.ch\/svmep\/","logo":{"@type":"ImageObject","inLanguage":"fr-FR","@id":"https:\/\/sud.svmep.ch\/svmep\/#\/schema\/logo\/image\/","url":"https:\/\/sud.svmep.ch\/svmep\/wp-content\/uploads\/2024\/09\/svmep150x260.jpg","contentUrl":"https:\/\/sud.svmep.ch\/svmep\/wp-content\/uploads\/2024\/09\/svmep150x260.jpg","width":226,"height":127,"caption":"Syndicat vaudois des ma\u00eetres.ses de l'enseignement professionnel SVMEP"},"image":{"@id":"https:\/\/sud.svmep.ch\/svmep\/#\/schema\/logo\/image\/"}},{"@type":"Person","@id":"https:\/\/sud.svmep.ch\/svmep\/#\/schema\/person\/c89c46f48a039b5e5bc4a8eeeab1aece","name":"svmep-webmaster","image":{"@type":"ImageObject","inLanguage":"fr-FR","@id":"https:\/\/secure.gravatar.com\/avatar\/75b5925b5ca4f3df48f6bb05f81ad13dab8238efffb28bf26c5f1682dff96ea6?s=96&d=mm&r=g","url":"https:\/\/secure.gravatar.com\/avatar\/75b5925b5ca4f3df48f6bb05f81ad13dab8238efffb28bf26c5f1682dff96ea6?s=96&d=mm&r=g","contentUrl":"https:\/\/secure.gravatar.com\/avatar\/75b5925b5ca4f3df48f6bb05f81ad13dab8238efffb28bf26c5f1682dff96ea6?s=96&d=mm&r=g","caption":"svmep-webmaster"}}]}},"_links":{"self":[{"href":"https:\/\/sud.svmep.ch\/svmep\/wp-json\/wp\/v2\/posts\/528","targetHints":{"allow":["GET"]}}],"collection":[{"href":"https:\/\/sud.svmep.ch\/svmep\/wp-json\/wp\/v2\/posts"}],"about":[{"href":"https:\/\/sud.svmep.ch\/svmep\/wp-json\/wp\/v2\/types\/post"}],"author":[{"embeddable":true,"href":"https:\/\/sud.svmep.ch\/svmep\/wp-json\/wp\/v2\/users\/4"}],"replies":[{"embeddable":true,"href":"https:\/\/sud.svmep.ch\/svmep\/wp-json\/wp\/v2\/comments?post=528"}],"version-history":[{"count":0,"href":"https:\/\/sud.svmep.ch\/svmep\/wp-json\/wp\/v2\/posts\/528\/revisions"}],"wp:featuredmedia":[{"embeddable":true,"href":"https:\/\/sud.svmep.ch\/svmep\/wp-json\/wp\/v2\/media\/1768"}],"wp:attachment":[{"href":"https:\/\/sud.svmep.ch\/svmep\/wp-json\/wp\/v2\/media?parent=528"}],"wp:term":[{"taxonomy":"category","embeddable":true,"href":"https:\/\/sud.svmep.ch\/svmep\/wp-json\/wp\/v2\/categories?post=528"},{"taxonomy":"post_tag","embeddable":true,"href":"https:\/\/sud.svmep.ch\/svmep\/wp-json\/wp\/v2\/tags?post=528"}],"curies":[{"name":"wp","href":"https:\/\/api.w.org\/{rel}","templated":true}]}}