{"id":547,"date":"2019-09-29T21:44:07","date_gmt":"2019-09-29T20:44:07","guid":{"rendered":"http:\/\/sud.svmep.ch\/?p=547"},"modified":"2025-01-04T19:16:36","modified_gmt":"2025-01-04T18:16:36","slug":"gazette-svmep-ecole-de-commerce-on-ne-melange-torchons-serviettes","status":"publish","type":"post","link":"https:\/\/sud.svmep.ch\/svmep\/gazette-svmep-ecole-de-commerce-on-ne-melange-torchons-serviettes\/","title":{"rendered":"\u00c9cole de commerce : on ne m\u00e9lange pas les torchons et les serviettes !"},"content":{"rendered":"<div class=\"wp-block-post-date\"><time datetime=\"2019-09-29T21:44:07+02:00\">29 septembre 2019<\/time><\/div>\n\n<p style=\"text-align: justify;\">Le 18 septembre 2019 se sont tenues les Assises de l\u2019\u00c9cole de commerce (EC). Cette journ\u00e9e a \u00e9t\u00e9 consacr\u00e9e aux \u00e9volutions de la formation commerciale dans les gymnases et \u00e0 diff\u00e9rentes probl\u00e9matiques discut\u00e9es dans le cadre de cinq ateliers th\u00e9matiques : exigences sp\u00e9cifiques de l\u2019EC; particularit\u00e9s li\u00e9es \u00e0 la gestion des classes; application de l\u2019ordonnance f\u00e9d\u00e9rale dans le programme d\u2019\u00e9tude; contraintes particuli\u00e8res (TIB, TP, TIP, calendrier d\u2019\u00e9tudes, promotion semestrielle, etc.); formation sp\u00e9cifique des enseignant.e.s par l\u2019IFFP. La r\u00e9forme <em>Commerce 2022<\/em> a \u00e9galement \u00e9t\u00e9 pr\u00e9sent\u00e9e \u00e0 l\u2019occasion de cette journ\u00e9e.<\/p>\n<h6>Lire la suite dans la Gazette <a href=\"http:\/\/sud.svmep.ch\/svmep\/wp-content\/uploads\/2019\/09\/2019-09-ecole-commerce.pdf\">ici<\/a>.<\/h6>","protected":false},"excerpt":{"rendered":"<p>29 septembre 2019 Le 18 septembre 2019 se sont tenues les Assises de l\u2019\u00c9cole de commerce (EC). Cette journ\u00e9e a \u00e9t\u00e9 consacr\u00e9e aux \u00e9volutions de la formation commerciale dans les [&hellip;]<\/p>\n","protected":false},"author":4,"featured_media":354,"comment_status":"closed","ping_status":"closed","sticky":false,"template":"","format":"standard","meta":{"footnotes":""},"categories":[4,23],"tags":[],"class_list":["post-547","post","type-post","status-publish","format-standard","has-post-thumbnail","hentry","category-gazette-svmep","category-reformes-des-formations-commerciales"],"yoast_head":"<!-- This site is optimized with the Yoast SEO plugin v27.4 - https:\/\/yoast.com\/product\/yoast-seo-wordpress\/ -->\n<title>\u00c9cole de commerce : on ne m\u00e9lange pas les torchons et les serviettes ! - svmep.ch<\/title>\n<meta name=\"description\" content=\"Gazette du SVMEP suite aux Assises de l\u2019\u00c9cole de commerce, \u00e0 propos des \u00e9volutions de la formation commerciale dans les gymnases.\" \/>\n<meta name=\"robots\" content=\"index, follow, max-snippet:-1, max-image-preview:large, max-video-preview:-1\" \/>\n<link rel=\"canonical\" href=\"https:\/\/sud.svmep.ch\/svmep\/gazette-svmep-ecole-de-commerce-on-ne-melange-torchons-serviettes\/\" \/>\n<meta property=\"og:locale\" content=\"fr_FR\" \/>\n<meta property=\"og:type\" content=\"article\" \/>\n<meta property=\"og:title\" content=\"\u00c9cole de commerce : on ne m\u00e9lange pas les torchons et les serviettes ! - svmep.ch\" \/>\n<meta property=\"og:description\" content=\"Gazette du SVMEP suite aux Assises de l\u2019\u00c9cole de commerce, \u00e0 propos des \u00e9volutions de la formation commerciale dans les gymnases.\" \/>\n<meta property=\"og:url\" content=\"https:\/\/sud.svmep.ch\/svmep\/gazette-svmep-ecole-de-commerce-on-ne-melange-torchons-serviettes\/\" \/>\n<meta property=\"og:site_name\" content=\"svmep.ch\" \/>\n<meta property=\"article:published_time\" content=\"2019-09-29T20:44:07+00:00\" \/>\n<meta property=\"article:modified_time\" content=\"2025-01-04T18:16:36+00:00\" \/>\n<meta property=\"og:image\" content=\"https:\/\/sud.svmep.ch\/svmep\/wp-content\/uploads\/2005\/09\/jpg_logo2.jpg\" \/>\n\t<meta property=\"og:image:width\" content=\"100\" \/>\n\t<meta property=\"og:image:height\" content=\"100\" \/>\n\t<meta property=\"og:image:type\" content=\"image\/jpeg\" \/>\n<meta name=\"author\" content=\"svmep-webmaster\" \/>\n<meta name=\"twitter:card\" content=\"summary_large_image\" \/>\n<script type=\"application\/ld+json\" class=\"yoast-schema-graph\">{\"@context\":\"https:\\\/\\\/schema.org\",\"@graph\":[{\"@type\":\"Article\",\"@id\":\"https:\\\/\\\/sud.svmep.ch\\\/svmep\\\/gazette-svmep-ecole-de-commerce-on-ne-melange-torchons-serviettes\\\/#article\",\"isPartOf\":{\"@id\":\"https:\\\/\\\/sud.svmep.ch\\\/svmep\\\/gazette-svmep-ecole-de-commerce-on-ne-melange-torchons-serviettes\\\/\"},\"author\":{\"name\":\"svmep-webmaster\",\"@id\":\"https:\\\/\\\/sud.svmep.ch\\\/svmep\\\/#\\\/schema\\\/person\\\/c89c46f48a039b5e5bc4a8eeeab1aece\"},\"headline\":\"\u00c9cole de commerce : on ne m\u00e9lange pas les torchons et les serviettes !\",\"datePublished\":\"2019-09-29T20:44:07+00:00\",\"dateModified\":\"2025-01-04T18:16:36+00:00\",\"mainEntityOfPage\":{\"@id\":\"https:\\\/\\\/sud.svmep.ch\\\/svmep\\\/gazette-svmep-ecole-de-commerce-on-ne-melange-torchons-serviettes\\\/\"},\"wordCount\":128,\"publisher\":{\"@id\":\"https:\\\/\\\/sud.svmep.ch\\\/svmep\\\/#organization\"},\"image\":{\"@id\":\"https:\\\/\\\/sud.svmep.ch\\\/svmep\\\/gazette-svmep-ecole-de-commerce-on-ne-melange-torchons-serviettes\\\/#primaryimage\"},\"thumbnailUrl\":\"https:\\\/\\\/sud.svmep.ch\\\/svmep\\\/wp-content\\\/uploads\\\/2005\\\/09\\\/jpg_logo2.jpg\",\"articleSection\":[\"Gazette SVMEP\",\"R\u00e9formes des formations commerciales\"],\"inLanguage\":\"fr-FR\"},{\"@type\":\"WebPage\",\"@id\":\"https:\\\/\\\/sud.svmep.ch\\\/svmep\\\/gazette-svmep-ecole-de-commerce-on-ne-melange-torchons-serviettes\\\/\",\"url\":\"https:\\\/\\\/sud.svmep.ch\\\/svmep\\\/gazette-svmep-ecole-de-commerce-on-ne-melange-torchons-serviettes\\\/\",\"name\":\"\u00c9cole de commerce : on ne m\u00e9lange pas les torchons et les serviettes ! - svmep.ch\",\"isPartOf\":{\"@id\":\"https:\\\/\\\/sud.svmep.ch\\\/svmep\\\/#website\"},\"primaryImageOfPage\":{\"@id\":\"https:\\\/\\\/sud.svmep.ch\\\/svmep\\\/gazette-svmep-ecole-de-commerce-on-ne-melange-torchons-serviettes\\\/#primaryimage\"},\"image\":{\"@id\":\"https:\\\/\\\/sud.svmep.ch\\\/svmep\\\/gazette-svmep-ecole-de-commerce-on-ne-melange-torchons-serviettes\\\/#primaryimage\"},\"thumbnailUrl\":\"https:\\\/\\\/sud.svmep.ch\\\/svmep\\\/wp-content\\\/uploads\\\/2005\\\/09\\\/jpg_logo2.jpg\",\"datePublished\":\"2019-09-29T20:44:07+00:00\",\"dateModified\":\"2025-01-04T18:16:36+00:00\",\"description\":\"Gazette du SVMEP suite aux Assises de l\u2019\u00c9cole de commerce, \u00e0 propos des \u00e9volutions de la formation commerciale dans les gymnases.\",\"breadcrumb\":{\"@id\":\"https:\\\/\\\/sud.svmep.ch\\\/svmep\\\/gazette-svmep-ecole-de-commerce-on-ne-melange-torchons-serviettes\\\/#breadcrumb\"},\"inLanguage\":\"fr-FR\",\"potentialAction\":[{\"@type\":\"ReadAction\",\"target\":[\"https:\\\/\\\/sud.svmep.ch\\\/svmep\\\/gazette-svmep-ecole-de-commerce-on-ne-melange-torchons-serviettes\\\/\"]}]},{\"@type\":\"ImageObject\",\"inLanguage\":\"fr-FR\",\"@id\":\"https:\\\/\\\/sud.svmep.ch\\\/svmep\\\/gazette-svmep-ecole-de-commerce-on-ne-melange-torchons-serviettes\\\/#primaryimage\",\"url\":\"https:\\\/\\\/sud.svmep.ch\\\/svmep\\\/wp-content\\\/uploads\\\/2005\\\/09\\\/jpg_logo2.jpg\",\"contentUrl\":\"https:\\\/\\\/sud.svmep.ch\\\/svmep\\\/wp-content\\\/uploads\\\/2005\\\/09\\\/jpg_logo2.jpg\",\"width\":100,\"height\":100},{\"@type\":\"BreadcrumbList\",\"@id\":\"https:\\\/\\\/sud.svmep.ch\\\/svmep\\\/gazette-svmep-ecole-de-commerce-on-ne-melange-torchons-serviettes\\\/#breadcrumb\",\"itemListElement\":[{\"@type\":\"ListItem\",\"position\":1,\"name\":\"Accueil\",\"item\":\"https:\\\/\\\/sud.svmep.ch\\\/svmep\\\/\"},{\"@type\":\"ListItem\",\"position\":2,\"name\":\"Gazette SVMEP\",\"item\":\"https:\\\/\\\/sud.svmep.ch\\\/svmep\\\/category\\\/gazette-svmep\\\/\"},{\"@type\":\"ListItem\",\"position\":3,\"name\":\"\u00c9cole de commerce : on ne m\u00e9lange pas les torchons et les serviettes !\"}]},{\"@type\":\"WebSite\",\"@id\":\"https:\\\/\\\/sud.svmep.ch\\\/svmep\\\/#website\",\"url\":\"https:\\\/\\\/sud.svmep.ch\\\/svmep\\\/\",\"name\":\"Syndicat vaudois des ma\u00eetres.ses de l'enseignement professionnel\",\"description\":\"\",\"publisher\":{\"@id\":\"https:\\\/\\\/sud.svmep.ch\\\/svmep\\\/#organization\"},\"alternateName\":\"SVMEP\",\"potentialAction\":[{\"@type\":\"SearchAction\",\"target\":{\"@type\":\"EntryPoint\",\"urlTemplate\":\"https:\\\/\\\/sud.svmep.ch\\\/svmep\\\/?s={search_term_string}\"},\"query-input\":{\"@type\":\"PropertyValueSpecification\",\"valueRequired\":true,\"valueName\":\"search_term_string\"}}],\"inLanguage\":\"fr-FR\"},{\"@type\":\"Organization\",\"@id\":\"https:\\\/\\\/sud.svmep.ch\\\/svmep\\\/#organization\",\"name\":\"Syndicat vaudois des ma\u00eetres.ses de l'enseignement professionnel SVMEP\",\"alternateName\":\"SVMEP\",\"url\":\"https:\\\/\\\/sud.svmep.ch\\\/svmep\\\/\",\"logo\":{\"@type\":\"ImageObject\",\"inLanguage\":\"fr-FR\",\"@id\":\"https:\\\/\\\/sud.svmep.ch\\\/svmep\\\/#\\\/schema\\\/logo\\\/image\\\/\",\"url\":\"https:\\\/\\\/sud.svmep.ch\\\/svmep\\\/wp-content\\\/uploads\\\/2024\\\/09\\\/svmep150x260.jpg\",\"contentUrl\":\"https:\\\/\\\/sud.svmep.ch\\\/svmep\\\/wp-content\\\/uploads\\\/2024\\\/09\\\/svmep150x260.jpg\",\"width\":226,\"height\":127,\"caption\":\"Syndicat vaudois des ma\u00eetres.ses de l'enseignement professionnel SVMEP\"},\"image\":{\"@id\":\"https:\\\/\\\/sud.svmep.ch\\\/svmep\\\/#\\\/schema\\\/logo\\\/image\\\/\"}},{\"@type\":\"Person\",\"@id\":\"https:\\\/\\\/sud.svmep.ch\\\/svmep\\\/#\\\/schema\\\/person\\\/c89c46f48a039b5e5bc4a8eeeab1aece\",\"name\":\"svmep-webmaster\",\"image\":{\"@type\":\"ImageObject\",\"inLanguage\":\"fr-FR\",\"@id\":\"https:\\\/\\\/secure.gravatar.com\\\/avatar\\\/75b5925b5ca4f3df48f6bb05f81ad13dab8238efffb28bf26c5f1682dff96ea6?s=96&d=mm&r=g\",\"url\":\"https:\\\/\\\/secure.gravatar.com\\\/avatar\\\/75b5925b5ca4f3df48f6bb05f81ad13dab8238efffb28bf26c5f1682dff96ea6?s=96&d=mm&r=g\",\"contentUrl\":\"https:\\\/\\\/secure.gravatar.com\\\/avatar\\\/75b5925b5ca4f3df48f6bb05f81ad13dab8238efffb28bf26c5f1682dff96ea6?s=96&d=mm&r=g\",\"caption\":\"svmep-webmaster\"}}]}<\/script>\n<!-- \/ Yoast SEO plugin. -->","yoast_head_json":{"title":"\u00c9cole de commerce : on ne m\u00e9lange pas les torchons et les serviettes ! - svmep.ch","description":"Gazette du SVMEP suite aux Assises de l\u2019\u00c9cole de commerce, \u00e0 propos des \u00e9volutions de la formation commerciale dans les gymnases.","robots":{"index":"index","follow":"follow","max-snippet":"max-snippet:-1","max-image-preview":"max-image-preview:large","max-video-preview":"max-video-preview:-1"},"canonical":"https:\/\/sud.svmep.ch\/svmep\/gazette-svmep-ecole-de-commerce-on-ne-melange-torchons-serviettes\/","og_locale":"fr_FR","og_type":"article","og_title":"\u00c9cole de commerce : on ne m\u00e9lange pas les torchons et les serviettes ! - svmep.ch","og_description":"Gazette du SVMEP suite aux Assises de l\u2019\u00c9cole de commerce, \u00e0 propos des \u00e9volutions de la formation commerciale dans les gymnases.","og_url":"https:\/\/sud.svmep.ch\/svmep\/gazette-svmep-ecole-de-commerce-on-ne-melange-torchons-serviettes\/","og_site_name":"svmep.ch","article_published_time":"2019-09-29T20:44:07+00:00","article_modified_time":"2025-01-04T18:16:36+00:00","og_image":[{"width":100,"height":100,"url":"https:\/\/sud.svmep.ch\/svmep\/wp-content\/uploads\/2005\/09\/jpg_logo2.jpg","type":"image\/jpeg"}],"author":"svmep-webmaster","twitter_card":"summary_large_image","schema":{"@context":"https:\/\/schema.org","@graph":[{"@type":"Article","@id":"https:\/\/sud.svmep.ch\/svmep\/gazette-svmep-ecole-de-commerce-on-ne-melange-torchons-serviettes\/#article","isPartOf":{"@id":"https:\/\/sud.svmep.ch\/svmep\/gazette-svmep-ecole-de-commerce-on-ne-melange-torchons-serviettes\/"},"author":{"name":"svmep-webmaster","@id":"https:\/\/sud.svmep.ch\/svmep\/#\/schema\/person\/c89c46f48a039b5e5bc4a8eeeab1aece"},"headline":"\u00c9cole de commerce : on ne m\u00e9lange pas les torchons et les serviettes !","datePublished":"2019-09-29T20:44:07+00:00","dateModified":"2025-01-04T18:16:36+00:00","mainEntityOfPage":{"@id":"https:\/\/sud.svmep.ch\/svmep\/gazette-svmep-ecole-de-commerce-on-ne-melange-torchons-serviettes\/"},"wordCount":128,"publisher":{"@id":"https:\/\/sud.svmep.ch\/svmep\/#organization"},"image":{"@id":"https:\/\/sud.svmep.ch\/svmep\/gazette-svmep-ecole-de-commerce-on-ne-melange-torchons-serviettes\/#primaryimage"},"thumbnailUrl":"https:\/\/sud.svmep.ch\/svmep\/wp-content\/uploads\/2005\/09\/jpg_logo2.jpg","articleSection":["Gazette SVMEP","R\u00e9formes des formations commerciales"],"inLanguage":"fr-FR"},{"@type":"WebPage","@id":"https:\/\/sud.svmep.ch\/svmep\/gazette-svmep-ecole-de-commerce-on-ne-melange-torchons-serviettes\/","url":"https:\/\/sud.svmep.ch\/svmep\/gazette-svmep-ecole-de-commerce-on-ne-melange-torchons-serviettes\/","name":"\u00c9cole de commerce : on ne m\u00e9lange pas les torchons et les serviettes ! - svmep.ch","isPartOf":{"@id":"https:\/\/sud.svmep.ch\/svmep\/#website"},"primaryImageOfPage":{"@id":"https:\/\/sud.svmep.ch\/svmep\/gazette-svmep-ecole-de-commerce-on-ne-melange-torchons-serviettes\/#primaryimage"},"image":{"@id":"https:\/\/sud.svmep.ch\/svmep\/gazette-svmep-ecole-de-commerce-on-ne-melange-torchons-serviettes\/#primaryimage"},"thumbnailUrl":"https:\/\/sud.svmep.ch\/svmep\/wp-content\/uploads\/2005\/09\/jpg_logo2.jpg","datePublished":"2019-09-29T20:44:07+00:00","dateModified":"2025-01-04T18:16:36+00:00","description":"Gazette du SVMEP suite aux Assises de l\u2019\u00c9cole de commerce, \u00e0 propos des \u00e9volutions de la formation commerciale dans les gymnases.","breadcrumb":{"@id":"https:\/\/sud.svmep.ch\/svmep\/gazette-svmep-ecole-de-commerce-on-ne-melange-torchons-serviettes\/#breadcrumb"},"inLanguage":"fr-FR","potentialAction":[{"@type":"ReadAction","target":["https:\/\/sud.svmep.ch\/svmep\/gazette-svmep-ecole-de-commerce-on-ne-melange-torchons-serviettes\/"]}]},{"@type":"ImageObject","inLanguage":"fr-FR","@id":"https:\/\/sud.svmep.ch\/svmep\/gazette-svmep-ecole-de-commerce-on-ne-melange-torchons-serviettes\/#primaryimage","url":"https:\/\/sud.svmep.ch\/svmep\/wp-content\/uploads\/2005\/09\/jpg_logo2.jpg","contentUrl":"https:\/\/sud.svmep.ch\/svmep\/wp-content\/uploads\/2005\/09\/jpg_logo2.jpg","width":100,"height":100},{"@type":"BreadcrumbList","@id":"https:\/\/sud.svmep.ch\/svmep\/gazette-svmep-ecole-de-commerce-on-ne-melange-torchons-serviettes\/#breadcrumb","itemListElement":[{"@type":"ListItem","position":1,"name":"Accueil","item":"https:\/\/sud.svmep.ch\/svmep\/"},{"@type":"ListItem","position":2,"name":"Gazette SVMEP","item":"https:\/\/sud.svmep.ch\/svmep\/category\/gazette-svmep\/"},{"@type":"ListItem","position":3,"name":"\u00c9cole de commerce : on ne m\u00e9lange pas les torchons et les serviettes !"}]},{"@type":"WebSite","@id":"https:\/\/sud.svmep.ch\/svmep\/#website","url":"https:\/\/sud.svmep.ch\/svmep\/","name":"Syndicat vaudois des ma\u00eetres.ses de l'enseignement professionnel","description":"","publisher":{"@id":"https:\/\/sud.svmep.ch\/svmep\/#organization"},"alternateName":"SVMEP","potentialAction":[{"@type":"SearchAction","target":{"@type":"EntryPoint","urlTemplate":"https:\/\/sud.svmep.ch\/svmep\/?s={search_term_string}"},"query-input":{"@type":"PropertyValueSpecification","valueRequired":true,"valueName":"search_term_string"}}],"inLanguage":"fr-FR"},{"@type":"Organization","@id":"https:\/\/sud.svmep.ch\/svmep\/#organization","name":"Syndicat vaudois des ma\u00eetres.ses de l'enseignement professionnel SVMEP","alternateName":"SVMEP","url":"https:\/\/sud.svmep.ch\/svmep\/","logo":{"@type":"ImageObject","inLanguage":"fr-FR","@id":"https:\/\/sud.svmep.ch\/svmep\/#\/schema\/logo\/image\/","url":"https:\/\/sud.svmep.ch\/svmep\/wp-content\/uploads\/2024\/09\/svmep150x260.jpg","contentUrl":"https:\/\/sud.svmep.ch\/svmep\/wp-content\/uploads\/2024\/09\/svmep150x260.jpg","width":226,"height":127,"caption":"Syndicat vaudois des ma\u00eetres.ses de l'enseignement professionnel SVMEP"},"image":{"@id":"https:\/\/sud.svmep.ch\/svmep\/#\/schema\/logo\/image\/"}},{"@type":"Person","@id":"https:\/\/sud.svmep.ch\/svmep\/#\/schema\/person\/c89c46f48a039b5e5bc4a8eeeab1aece","name":"svmep-webmaster","image":{"@type":"ImageObject","inLanguage":"fr-FR","@id":"https:\/\/secure.gravatar.com\/avatar\/75b5925b5ca4f3df48f6bb05f81ad13dab8238efffb28bf26c5f1682dff96ea6?s=96&d=mm&r=g","url":"https:\/\/secure.gravatar.com\/avatar\/75b5925b5ca4f3df48f6bb05f81ad13dab8238efffb28bf26c5f1682dff96ea6?s=96&d=mm&r=g","contentUrl":"https:\/\/secure.gravatar.com\/avatar\/75b5925b5ca4f3df48f6bb05f81ad13dab8238efffb28bf26c5f1682dff96ea6?s=96&d=mm&r=g","caption":"svmep-webmaster"}}]}},"_links":{"self":[{"href":"https:\/\/sud.svmep.ch\/svmep\/wp-json\/wp\/v2\/posts\/547","targetHints":{"allow":["GET"]}}],"collection":[{"href":"https:\/\/sud.svmep.ch\/svmep\/wp-json\/wp\/v2\/posts"}],"about":[{"href":"https:\/\/sud.svmep.ch\/svmep\/wp-json\/wp\/v2\/types\/post"}],"author":[{"embeddable":true,"href":"https:\/\/sud.svmep.ch\/svmep\/wp-json\/wp\/v2\/users\/4"}],"replies":[{"embeddable":true,"href":"https:\/\/sud.svmep.ch\/svmep\/wp-json\/wp\/v2\/comments?post=547"}],"version-history":[{"count":0,"href":"https:\/\/sud.svmep.ch\/svmep\/wp-json\/wp\/v2\/posts\/547\/revisions"}],"wp:featuredmedia":[{"embeddable":true,"href":"https:\/\/sud.svmep.ch\/svmep\/wp-json\/wp\/v2\/media\/354"}],"wp:attachment":[{"href":"https:\/\/sud.svmep.ch\/svmep\/wp-json\/wp\/v2\/media?parent=547"}],"wp:term":[{"taxonomy":"category","embeddable":true,"href":"https:\/\/sud.svmep.ch\/svmep\/wp-json\/wp\/v2\/categories?post=547"},{"taxonomy":"post_tag","embeddable":true,"href":"https:\/\/sud.svmep.ch\/svmep\/wp-json\/wp\/v2\/tags?post=547"}],"curies":[{"name":"wp","href":"https:\/\/api.w.org\/{rel}","templated":true}]}}