{"id":566,"date":"2019-10-26T10:26:16","date_gmt":"2019-10-26T09:26:16","guid":{"rendered":"http:\/\/sud.svmep.ch\/?p=566"},"modified":"2025-02-18T10:03:31","modified_gmt":"2025-02-18T09:03:31","slug":"reponse-du-dfjc-a-la-petition-concernant-le-cliquet-pour-tou-te-s","status":"publish","type":"post","link":"https:\/\/sud.svmep.ch\/svmep\/reponse-du-dfjc-a-la-petition-concernant-le-cliquet-pour-tou-te-s\/","title":{"rendered":"R\u00e9ponse du DFJC \u00e0 la p\u00e9tition concernant le cliquet pour tou.te.s"},"content":{"rendered":"<div class=\"wp-block-post-date\"><time datetime=\"2019-10-26T10:26:16+02:00\">26 octobre 2019<\/time><\/div>\n\n<div id=\"attachment_1848\" style=\"width: 287px\" class=\"wp-caption alignright\"><img loading=\"lazy\" decoding=\"async\" aria-describedby=\"caption-attachment-1848\" class=\"wp-image-1848 size-full\" src=\"https:\/\/sud.svmep.ch\/svmep\/wp-content\/uploads\/2025\/01\/2019-10-08_mobilisation_ART.png\" alt=\"\" width=\"277\" height=\"797\" srcset=\"https:\/\/sud.svmep.ch\/svmep\/wp-content\/uploads\/2025\/01\/2019-10-08_mobilisation_ART.png 277w, https:\/\/sud.svmep.ch\/svmep\/wp-content\/uploads\/2025\/01\/2019-10-08_mobilisation_ART-104x300.png 104w\" sizes=\"auto, (max-width: 277px) 100vw, 277px\" \/><p id=\"caption-attachment-1848\" class=\"wp-caption-text\"><span style=\"color: #bf1515;\">24 heures du 8 octobre 2019<\/span><\/p><\/div>\n<p><a href=\"https:\/\/sud.svmep.ch\/svmep\/wp-content\/uploads\/2025\/01\/2019-10-07_MEP_communique_presse.pdf\" target=\"_blank\" rel=\"noopener\">L&rsquo;action devant le DFJC du 9 octobre dernier<\/a> a consist\u00e9 \u00e0 transmettre <a href=\"https:\/\/sud.svmep.ch\/svmep\/maitresses-denseignement-professionnel-i-ii-lettre-petition-adressee-a-madame-cesla-amarelle-cheffe-dfjc\/\" target=\"_blank\" rel=\"noopener\">une p\u00e9tition<\/a> munie de 780 signatures demandant\u00a0une revalorisation du salaire et une am\u00e9lioration de la classification pour les\u00a0MEP I et II.<\/p>\n<p>Le comit\u00e9 du SVMEP a re\u00e7u une <strong>r\u00e9ponse de la Cheffe de D\u00e9partement<\/strong>, dat\u00e9e du 21 octobre, qui vous pouvez lire en cliquant <a href=\"http:\/\/sud.svmep.ch\/svmep\/wp-content\/uploads\/2019\/10\/2019-10-21-rencontre-dgep-r\u00e9ponse-amarelle.pdf\">ici<\/a>.<\/p>\n<p>Le comit\u00e9 du SVMEP<\/p>","protected":false},"excerpt":{"rendered":"<p>26 octobre 2019 L&rsquo;action devant le DFJC du 9 octobre dernier a consist\u00e9 \u00e0 transmettre une p\u00e9tition munie de 780 signatures demandant\u00a0une revalorisation du salaire et une am\u00e9lioration de la [&hellip;]<\/p>\n","protected":false},"author":4,"featured_media":1768,"comment_status":"closed","ping_status":"closed","sticky":false,"template":"","format":"standard","meta":{"footnotes":""},"categories":[20],"tags":[39],"class_list":["post-566","post","type-post","status-publish","format-standard","has-post-thumbnail","hentry","category-classification-des-mep","tag-mep"],"yoast_head":"<!-- This site is optimized with the Yoast SEO plugin v27.4 - https:\/\/yoast.com\/product\/yoast-seo-wordpress\/ -->\n<title>R\u00e9ponse du DFJC \u00e0 la p\u00e9tition concernant le cliquet pour tou.te.s - svmep.ch<\/title>\n<meta name=\"description\" content=\"R\u00e9ponse du DFJC \u00e0 la p\u00e9tition demandant une am\u00e9lioration de la classification pour les\u00a0MEP et le cliquet pour tou.te.s.\" \/>\n<meta name=\"robots\" content=\"index, follow, max-snippet:-1, max-image-preview:large, max-video-preview:-1\" \/>\n<link rel=\"canonical\" href=\"https:\/\/sud.svmep.ch\/svmep\/reponse-du-dfjc-a-la-petition-concernant-le-cliquet-pour-tou-te-s\/\" \/>\n<meta property=\"og:locale\" content=\"fr_FR\" \/>\n<meta property=\"og:type\" content=\"article\" \/>\n<meta property=\"og:title\" content=\"R\u00e9ponse du DFJC \u00e0 la p\u00e9tition concernant le cliquet pour tou.te.s - svmep.ch\" \/>\n<meta property=\"og:description\" content=\"R\u00e9ponse du DFJC \u00e0 la p\u00e9tition demandant une am\u00e9lioration de la classification pour les\u00a0MEP et le cliquet pour tou.te.s.\" \/>\n<meta property=\"og:url\" content=\"https:\/\/sud.svmep.ch\/svmep\/reponse-du-dfjc-a-la-petition-concernant-le-cliquet-pour-tou-te-s\/\" \/>\n<meta property=\"og:site_name\" content=\"svmep.ch\" \/>\n<meta property=\"article:published_time\" content=\"2019-10-26T09:26:16+00:00\" \/>\n<meta property=\"article:modified_time\" content=\"2025-02-18T09:03:31+00:00\" \/>\n<meta property=\"og:image\" content=\"https:\/\/sud.svmep.ch\/svmep\/wp-content\/uploads\/2024\/11\/vis-tampon.png\" \/>\n\t<meta property=\"og:image:width\" content=\"495\" \/>\n\t<meta property=\"og:image:height\" content=\"495\" \/>\n\t<meta property=\"og:image:type\" content=\"image\/png\" \/>\n<meta name=\"author\" content=\"svmep-webmaster\" \/>\n<meta name=\"twitter:card\" content=\"summary_large_image\" \/>\n<script type=\"application\/ld+json\" class=\"yoast-schema-graph\">{\"@context\":\"https:\\\/\\\/schema.org\",\"@graph\":[{\"@type\":\"Article\",\"@id\":\"https:\\\/\\\/sud.svmep.ch\\\/svmep\\\/reponse-du-dfjc-a-la-petition-concernant-le-cliquet-pour-tou-te-s\\\/#article\",\"isPartOf\":{\"@id\":\"https:\\\/\\\/sud.svmep.ch\\\/svmep\\\/reponse-du-dfjc-a-la-petition-concernant-le-cliquet-pour-tou-te-s\\\/\"},\"author\":{\"name\":\"svmep-webmaster\",\"@id\":\"https:\\\/\\\/sud.svmep.ch\\\/svmep\\\/#\\\/schema\\\/person\\\/c89c46f48a039b5e5bc4a8eeeab1aece\"},\"headline\":\"R\u00e9ponse du DFJC \u00e0 la p\u00e9tition concernant le cliquet pour tou.te.s\",\"datePublished\":\"2019-10-26T09:26:16+00:00\",\"dateModified\":\"2025-02-18T09:03:31+00:00\",\"mainEntityOfPage\":{\"@id\":\"https:\\\/\\\/sud.svmep.ch\\\/svmep\\\/reponse-du-dfjc-a-la-petition-concernant-le-cliquet-pour-tou-te-s\\\/\"},\"wordCount\":89,\"publisher\":{\"@id\":\"https:\\\/\\\/sud.svmep.ch\\\/svmep\\\/#organization\"},\"image\":{\"@id\":\"https:\\\/\\\/sud.svmep.ch\\\/svmep\\\/reponse-du-dfjc-a-la-petition-concernant-le-cliquet-pour-tou-te-s\\\/#primaryimage\"},\"thumbnailUrl\":\"https:\\\/\\\/sud.svmep.ch\\\/svmep\\\/wp-content\\\/uploads\\\/2024\\\/11\\\/vis-tampon.png\",\"keywords\":[\"classification des MEP\"],\"articleSection\":[\"Classification des MEP\"],\"inLanguage\":\"fr-FR\"},{\"@type\":\"WebPage\",\"@id\":\"https:\\\/\\\/sud.svmep.ch\\\/svmep\\\/reponse-du-dfjc-a-la-petition-concernant-le-cliquet-pour-tou-te-s\\\/\",\"url\":\"https:\\\/\\\/sud.svmep.ch\\\/svmep\\\/reponse-du-dfjc-a-la-petition-concernant-le-cliquet-pour-tou-te-s\\\/\",\"name\":\"R\u00e9ponse du DFJC \u00e0 la p\u00e9tition concernant le cliquet pour tou.te.s - svmep.ch\",\"isPartOf\":{\"@id\":\"https:\\\/\\\/sud.svmep.ch\\\/svmep\\\/#website\"},\"primaryImageOfPage\":{\"@id\":\"https:\\\/\\\/sud.svmep.ch\\\/svmep\\\/reponse-du-dfjc-a-la-petition-concernant-le-cliquet-pour-tou-te-s\\\/#primaryimage\"},\"image\":{\"@id\":\"https:\\\/\\\/sud.svmep.ch\\\/svmep\\\/reponse-du-dfjc-a-la-petition-concernant-le-cliquet-pour-tou-te-s\\\/#primaryimage\"},\"thumbnailUrl\":\"https:\\\/\\\/sud.svmep.ch\\\/svmep\\\/wp-content\\\/uploads\\\/2024\\\/11\\\/vis-tampon.png\",\"datePublished\":\"2019-10-26T09:26:16+00:00\",\"dateModified\":\"2025-02-18T09:03:31+00:00\",\"description\":\"R\u00e9ponse du DFJC \u00e0 la p\u00e9tition demandant une am\u00e9lioration de la classification pour les\u00a0MEP et le cliquet pour tou.te.s.\",\"breadcrumb\":{\"@id\":\"https:\\\/\\\/sud.svmep.ch\\\/svmep\\\/reponse-du-dfjc-a-la-petition-concernant-le-cliquet-pour-tou-te-s\\\/#breadcrumb\"},\"inLanguage\":\"fr-FR\",\"potentialAction\":[{\"@type\":\"ReadAction\",\"target\":[\"https:\\\/\\\/sud.svmep.ch\\\/svmep\\\/reponse-du-dfjc-a-la-petition-concernant-le-cliquet-pour-tou-te-s\\\/\"]}]},{\"@type\":\"ImageObject\",\"inLanguage\":\"fr-FR\",\"@id\":\"https:\\\/\\\/sud.svmep.ch\\\/svmep\\\/reponse-du-dfjc-a-la-petition-concernant-le-cliquet-pour-tou-te-s\\\/#primaryimage\",\"url\":\"https:\\\/\\\/sud.svmep.ch\\\/svmep\\\/wp-content\\\/uploads\\\/2024\\\/11\\\/vis-tampon.png\",\"contentUrl\":\"https:\\\/\\\/sud.svmep.ch\\\/svmep\\\/wp-content\\\/uploads\\\/2024\\\/11\\\/vis-tampon.png\",\"width\":495,\"height\":495},{\"@type\":\"BreadcrumbList\",\"@id\":\"https:\\\/\\\/sud.svmep.ch\\\/svmep\\\/reponse-du-dfjc-a-la-petition-concernant-le-cliquet-pour-tou-te-s\\\/#breadcrumb\",\"itemListElement\":[{\"@type\":\"ListItem\",\"position\":1,\"name\":\"Accueil\",\"item\":\"https:\\\/\\\/sud.svmep.ch\\\/svmep\\\/\"},{\"@type\":\"ListItem\",\"position\":2,\"name\":\"Classification des MEP\",\"item\":\"https:\\\/\\\/sud.svmep.ch\\\/svmep\\\/category\\\/classification-des-mep\\\/\"},{\"@type\":\"ListItem\",\"position\":3,\"name\":\"R\u00e9ponse du DFJC \u00e0 la p\u00e9tition concernant le cliquet pour tou.te.s\"}]},{\"@type\":\"WebSite\",\"@id\":\"https:\\\/\\\/sud.svmep.ch\\\/svmep\\\/#website\",\"url\":\"https:\\\/\\\/sud.svmep.ch\\\/svmep\\\/\",\"name\":\"Syndicat vaudois des ma\u00eetres.ses de l'enseignement professionnel\",\"description\":\"\",\"publisher\":{\"@id\":\"https:\\\/\\\/sud.svmep.ch\\\/svmep\\\/#organization\"},\"alternateName\":\"SVMEP\",\"potentialAction\":[{\"@type\":\"SearchAction\",\"target\":{\"@type\":\"EntryPoint\",\"urlTemplate\":\"https:\\\/\\\/sud.svmep.ch\\\/svmep\\\/?s={search_term_string}\"},\"query-input\":{\"@type\":\"PropertyValueSpecification\",\"valueRequired\":true,\"valueName\":\"search_term_string\"}}],\"inLanguage\":\"fr-FR\"},{\"@type\":\"Organization\",\"@id\":\"https:\\\/\\\/sud.svmep.ch\\\/svmep\\\/#organization\",\"name\":\"Syndicat vaudois des ma\u00eetres.ses de l'enseignement professionnel SVMEP\",\"alternateName\":\"SVMEP\",\"url\":\"https:\\\/\\\/sud.svmep.ch\\\/svmep\\\/\",\"logo\":{\"@type\":\"ImageObject\",\"inLanguage\":\"fr-FR\",\"@id\":\"https:\\\/\\\/sud.svmep.ch\\\/svmep\\\/#\\\/schema\\\/logo\\\/image\\\/\",\"url\":\"https:\\\/\\\/sud.svmep.ch\\\/svmep\\\/wp-content\\\/uploads\\\/2024\\\/09\\\/svmep150x260.jpg\",\"contentUrl\":\"https:\\\/\\\/sud.svmep.ch\\\/svmep\\\/wp-content\\\/uploads\\\/2024\\\/09\\\/svmep150x260.jpg\",\"width\":226,\"height\":127,\"caption\":\"Syndicat vaudois des ma\u00eetres.ses de l'enseignement professionnel SVMEP\"},\"image\":{\"@id\":\"https:\\\/\\\/sud.svmep.ch\\\/svmep\\\/#\\\/schema\\\/logo\\\/image\\\/\"}},{\"@type\":\"Person\",\"@id\":\"https:\\\/\\\/sud.svmep.ch\\\/svmep\\\/#\\\/schema\\\/person\\\/c89c46f48a039b5e5bc4a8eeeab1aece\",\"name\":\"svmep-webmaster\",\"image\":{\"@type\":\"ImageObject\",\"inLanguage\":\"fr-FR\",\"@id\":\"https:\\\/\\\/secure.gravatar.com\\\/avatar\\\/75b5925b5ca4f3df48f6bb05f81ad13dab8238efffb28bf26c5f1682dff96ea6?s=96&d=mm&r=g\",\"url\":\"https:\\\/\\\/secure.gravatar.com\\\/avatar\\\/75b5925b5ca4f3df48f6bb05f81ad13dab8238efffb28bf26c5f1682dff96ea6?s=96&d=mm&r=g\",\"contentUrl\":\"https:\\\/\\\/secure.gravatar.com\\\/avatar\\\/75b5925b5ca4f3df48f6bb05f81ad13dab8238efffb28bf26c5f1682dff96ea6?s=96&d=mm&r=g\",\"caption\":\"svmep-webmaster\"}}]}<\/script>\n<!-- \/ Yoast SEO plugin. -->","yoast_head_json":{"title":"R\u00e9ponse du DFJC \u00e0 la p\u00e9tition concernant le cliquet pour tou.te.s - svmep.ch","description":"R\u00e9ponse du DFJC \u00e0 la p\u00e9tition demandant une am\u00e9lioration de la classification pour les\u00a0MEP et le cliquet pour tou.te.s.","robots":{"index":"index","follow":"follow","max-snippet":"max-snippet:-1","max-image-preview":"max-image-preview:large","max-video-preview":"max-video-preview:-1"},"canonical":"https:\/\/sud.svmep.ch\/svmep\/reponse-du-dfjc-a-la-petition-concernant-le-cliquet-pour-tou-te-s\/","og_locale":"fr_FR","og_type":"article","og_title":"R\u00e9ponse du DFJC \u00e0 la p\u00e9tition concernant le cliquet pour tou.te.s - svmep.ch","og_description":"R\u00e9ponse du DFJC \u00e0 la p\u00e9tition demandant une am\u00e9lioration de la classification pour les\u00a0MEP et le cliquet pour tou.te.s.","og_url":"https:\/\/sud.svmep.ch\/svmep\/reponse-du-dfjc-a-la-petition-concernant-le-cliquet-pour-tou-te-s\/","og_site_name":"svmep.ch","article_published_time":"2019-10-26T09:26:16+00:00","article_modified_time":"2025-02-18T09:03:31+00:00","og_image":[{"width":495,"height":495,"url":"https:\/\/sud.svmep.ch\/svmep\/wp-content\/uploads\/2024\/11\/vis-tampon.png","type":"image\/png"}],"author":"svmep-webmaster","twitter_card":"summary_large_image","schema":{"@context":"https:\/\/schema.org","@graph":[{"@type":"Article","@id":"https:\/\/sud.svmep.ch\/svmep\/reponse-du-dfjc-a-la-petition-concernant-le-cliquet-pour-tou-te-s\/#article","isPartOf":{"@id":"https:\/\/sud.svmep.ch\/svmep\/reponse-du-dfjc-a-la-petition-concernant-le-cliquet-pour-tou-te-s\/"},"author":{"name":"svmep-webmaster","@id":"https:\/\/sud.svmep.ch\/svmep\/#\/schema\/person\/c89c46f48a039b5e5bc4a8eeeab1aece"},"headline":"R\u00e9ponse du DFJC \u00e0 la p\u00e9tition concernant le cliquet pour tou.te.s","datePublished":"2019-10-26T09:26:16+00:00","dateModified":"2025-02-18T09:03:31+00:00","mainEntityOfPage":{"@id":"https:\/\/sud.svmep.ch\/svmep\/reponse-du-dfjc-a-la-petition-concernant-le-cliquet-pour-tou-te-s\/"},"wordCount":89,"publisher":{"@id":"https:\/\/sud.svmep.ch\/svmep\/#organization"},"image":{"@id":"https:\/\/sud.svmep.ch\/svmep\/reponse-du-dfjc-a-la-petition-concernant-le-cliquet-pour-tou-te-s\/#primaryimage"},"thumbnailUrl":"https:\/\/sud.svmep.ch\/svmep\/wp-content\/uploads\/2024\/11\/vis-tampon.png","keywords":["classification des MEP"],"articleSection":["Classification des MEP"],"inLanguage":"fr-FR"},{"@type":"WebPage","@id":"https:\/\/sud.svmep.ch\/svmep\/reponse-du-dfjc-a-la-petition-concernant-le-cliquet-pour-tou-te-s\/","url":"https:\/\/sud.svmep.ch\/svmep\/reponse-du-dfjc-a-la-petition-concernant-le-cliquet-pour-tou-te-s\/","name":"R\u00e9ponse du DFJC \u00e0 la p\u00e9tition concernant le cliquet pour tou.te.s - svmep.ch","isPartOf":{"@id":"https:\/\/sud.svmep.ch\/svmep\/#website"},"primaryImageOfPage":{"@id":"https:\/\/sud.svmep.ch\/svmep\/reponse-du-dfjc-a-la-petition-concernant-le-cliquet-pour-tou-te-s\/#primaryimage"},"image":{"@id":"https:\/\/sud.svmep.ch\/svmep\/reponse-du-dfjc-a-la-petition-concernant-le-cliquet-pour-tou-te-s\/#primaryimage"},"thumbnailUrl":"https:\/\/sud.svmep.ch\/svmep\/wp-content\/uploads\/2024\/11\/vis-tampon.png","datePublished":"2019-10-26T09:26:16+00:00","dateModified":"2025-02-18T09:03:31+00:00","description":"R\u00e9ponse du DFJC \u00e0 la p\u00e9tition demandant une am\u00e9lioration de la classification pour les\u00a0MEP et le cliquet pour tou.te.s.","breadcrumb":{"@id":"https:\/\/sud.svmep.ch\/svmep\/reponse-du-dfjc-a-la-petition-concernant-le-cliquet-pour-tou-te-s\/#breadcrumb"},"inLanguage":"fr-FR","potentialAction":[{"@type":"ReadAction","target":["https:\/\/sud.svmep.ch\/svmep\/reponse-du-dfjc-a-la-petition-concernant-le-cliquet-pour-tou-te-s\/"]}]},{"@type":"ImageObject","inLanguage":"fr-FR","@id":"https:\/\/sud.svmep.ch\/svmep\/reponse-du-dfjc-a-la-petition-concernant-le-cliquet-pour-tou-te-s\/#primaryimage","url":"https:\/\/sud.svmep.ch\/svmep\/wp-content\/uploads\/2024\/11\/vis-tampon.png","contentUrl":"https:\/\/sud.svmep.ch\/svmep\/wp-content\/uploads\/2024\/11\/vis-tampon.png","width":495,"height":495},{"@type":"BreadcrumbList","@id":"https:\/\/sud.svmep.ch\/svmep\/reponse-du-dfjc-a-la-petition-concernant-le-cliquet-pour-tou-te-s\/#breadcrumb","itemListElement":[{"@type":"ListItem","position":1,"name":"Accueil","item":"https:\/\/sud.svmep.ch\/svmep\/"},{"@type":"ListItem","position":2,"name":"Classification des MEP","item":"https:\/\/sud.svmep.ch\/svmep\/category\/classification-des-mep\/"},{"@type":"ListItem","position":3,"name":"R\u00e9ponse du DFJC \u00e0 la p\u00e9tition concernant le cliquet pour tou.te.s"}]},{"@type":"WebSite","@id":"https:\/\/sud.svmep.ch\/svmep\/#website","url":"https:\/\/sud.svmep.ch\/svmep\/","name":"Syndicat vaudois des ma\u00eetres.ses de l'enseignement professionnel","description":"","publisher":{"@id":"https:\/\/sud.svmep.ch\/svmep\/#organization"},"alternateName":"SVMEP","potentialAction":[{"@type":"SearchAction","target":{"@type":"EntryPoint","urlTemplate":"https:\/\/sud.svmep.ch\/svmep\/?s={search_term_string}"},"query-input":{"@type":"PropertyValueSpecification","valueRequired":true,"valueName":"search_term_string"}}],"inLanguage":"fr-FR"},{"@type":"Organization","@id":"https:\/\/sud.svmep.ch\/svmep\/#organization","name":"Syndicat vaudois des ma\u00eetres.ses de l'enseignement professionnel SVMEP","alternateName":"SVMEP","url":"https:\/\/sud.svmep.ch\/svmep\/","logo":{"@type":"ImageObject","inLanguage":"fr-FR","@id":"https:\/\/sud.svmep.ch\/svmep\/#\/schema\/logo\/image\/","url":"https:\/\/sud.svmep.ch\/svmep\/wp-content\/uploads\/2024\/09\/svmep150x260.jpg","contentUrl":"https:\/\/sud.svmep.ch\/svmep\/wp-content\/uploads\/2024\/09\/svmep150x260.jpg","width":226,"height":127,"caption":"Syndicat vaudois des ma\u00eetres.ses de l'enseignement professionnel SVMEP"},"image":{"@id":"https:\/\/sud.svmep.ch\/svmep\/#\/schema\/logo\/image\/"}},{"@type":"Person","@id":"https:\/\/sud.svmep.ch\/svmep\/#\/schema\/person\/c89c46f48a039b5e5bc4a8eeeab1aece","name":"svmep-webmaster","image":{"@type":"ImageObject","inLanguage":"fr-FR","@id":"https:\/\/secure.gravatar.com\/avatar\/75b5925b5ca4f3df48f6bb05f81ad13dab8238efffb28bf26c5f1682dff96ea6?s=96&d=mm&r=g","url":"https:\/\/secure.gravatar.com\/avatar\/75b5925b5ca4f3df48f6bb05f81ad13dab8238efffb28bf26c5f1682dff96ea6?s=96&d=mm&r=g","contentUrl":"https:\/\/secure.gravatar.com\/avatar\/75b5925b5ca4f3df48f6bb05f81ad13dab8238efffb28bf26c5f1682dff96ea6?s=96&d=mm&r=g","caption":"svmep-webmaster"}}]}},"_links":{"self":[{"href":"https:\/\/sud.svmep.ch\/svmep\/wp-json\/wp\/v2\/posts\/566","targetHints":{"allow":["GET"]}}],"collection":[{"href":"https:\/\/sud.svmep.ch\/svmep\/wp-json\/wp\/v2\/posts"}],"about":[{"href":"https:\/\/sud.svmep.ch\/svmep\/wp-json\/wp\/v2\/types\/post"}],"author":[{"embeddable":true,"href":"https:\/\/sud.svmep.ch\/svmep\/wp-json\/wp\/v2\/users\/4"}],"replies":[{"embeddable":true,"href":"https:\/\/sud.svmep.ch\/svmep\/wp-json\/wp\/v2\/comments?post=566"}],"version-history":[{"count":0,"href":"https:\/\/sud.svmep.ch\/svmep\/wp-json\/wp\/v2\/posts\/566\/revisions"}],"wp:featuredmedia":[{"embeddable":true,"href":"https:\/\/sud.svmep.ch\/svmep\/wp-json\/wp\/v2\/media\/1768"}],"wp:attachment":[{"href":"https:\/\/sud.svmep.ch\/svmep\/wp-json\/wp\/v2\/media?parent=566"}],"wp:term":[{"taxonomy":"category","embeddable":true,"href":"https:\/\/sud.svmep.ch\/svmep\/wp-json\/wp\/v2\/categories?post=566"},{"taxonomy":"post_tag","embeddable":true,"href":"https:\/\/sud.svmep.ch\/svmep\/wp-json\/wp\/v2\/tags?post=566"}],"curies":[{"name":"wp","href":"https:\/\/api.w.org\/{rel}","templated":true}]}}