{"id":572,"date":"2019-12-23T21:15:17","date_gmt":"2019-12-23T20:15:17","guid":{"rendered":"http:\/\/sud.svmep.ch\/?p=572"},"modified":"2024-10-13T15:47:40","modified_gmt":"2024-10-13T14:47:40","slug":"courrier-a-m-lionel-eperon-a-propos-de-sport-de-sante-de-budgets","status":"publish","type":"post","link":"https:\/\/sud.svmep.ch\/svmep\/courrier-a-m-lionel-eperon-a-propos-de-sport-de-sante-de-budgets\/","title":{"rendered":"Courrier au Directeur g\u00e9n\u00e9ral : \u00e0 propos de sport, de sant\u00e9, de budgets"},"content":{"rendered":"<div class=\"wp-block-post-date\"><time datetime=\"2019-12-23T21:15:17+01:00\">23 d\u00e9cembre 2019<\/time><\/div>\n\n\n<p>Les discussions nourries lors de notre derni\u00e8re Assembl\u00e9e des d\u00e9l\u00e9gu\u00e9.e.s du SVMEP ont fait l&rsquo;objet d&rsquo;une lettre \u00e0 M. Lionel Eperon, Directeur g\u00e9n\u00e9ral.<\/p>\n\n\n\n<blockquote class=\"wp-block-quote is-layout-flow wp-block-quote-is-layout-flow\">\n<p>Monsieur le Directeur g\u00e9n\u00e9ral,<\/p>\n\n\n\n<p>Notre syndicat est r\u00e9guli\u00e8rement interpell\u00e9 par ses membres sur des situations qui posent probl\u00e8me dans les \u00e9coles professionnelles : pratique du sport, protocoles de sant\u00e9, utilisation du budget.<\/p>\n\n\n\n<p>Bien que leurs sp\u00e9cificit\u00e9s divergent d\u2019un \u00e9tablissement \u00e0 l\u2019autre, ces situations sont suffisamment r\u00e9currentes pour que nous les d\u00e9veloppions ci-apr\u00e8s et les portions \u00e0 votre connaissance.<\/p>\n<\/blockquote>\n\n\n\n<p>Lire la lettre en entier <a href=\"http:\/\/sud.svmep.ch\/svmep\/wp-content\/uploads\/2019\/12\/Courrier-\u00e0-Lionel-Eperon-d\u00e9c-2019.pdf\">ici<\/a>.<\/p>\n","protected":false},"excerpt":{"rendered":"<p>23 d\u00e9cembre 2019 Les discussions nourries lors de notre derni\u00e8re Assembl\u00e9e des d\u00e9l\u00e9gu\u00e9.e.s du SVMEP ont fait l&rsquo;objet d&rsquo;une lettre \u00e0 M. Lionel Eperon, Directeur g\u00e9n\u00e9ral. Monsieur le Directeur g\u00e9n\u00e9ral, [&hellip;]<\/p>\n","protected":false},"author":4,"featured_media":0,"comment_status":"closed","ping_status":"closed","sticky":false,"template":"","format":"standard","meta":{"footnotes":""},"categories":[1],"tags":[29],"class_list":["post-572","post","type-post","status-publish","format-standard","hentry","category-non-classe","tag-apprenti-e-s"],"yoast_head":"<!-- This site is optimized with the Yoast SEO plugin v27.4 - https:\/\/yoast.com\/product\/yoast-seo-wordpress\/ -->\n<title>Courrier au Directeur g\u00e9n\u00e9ral : \u00e0 propos de sport, de sant\u00e9, de budgets - svmep.ch<\/title>\n<meta name=\"robots\" content=\"index, follow, max-snippet:-1, max-image-preview:large, max-video-preview:-1\" \/>\n<link rel=\"canonical\" href=\"https:\/\/sud.svmep.ch\/svmep\/courrier-a-m-lionel-eperon-a-propos-de-sport-de-sante-de-budgets\/\" \/>\n<meta property=\"og:locale\" content=\"fr_FR\" \/>\n<meta property=\"og:type\" content=\"article\" \/>\n<meta property=\"og:title\" content=\"Courrier au Directeur g\u00e9n\u00e9ral : \u00e0 propos de sport, de sant\u00e9, de budgets - svmep.ch\" \/>\n<meta property=\"og:description\" content=\"23 d\u00e9cembre 2019 Les discussions nourries lors de notre derni\u00e8re Assembl\u00e9e des d\u00e9l\u00e9gu\u00e9.e.s du SVMEP ont fait l&rsquo;objet d&rsquo;une lettre \u00e0 M. Lionel Eperon, Directeur g\u00e9n\u00e9ral. Monsieur le Directeur g\u00e9n\u00e9ral, [&hellip;]\" \/>\n<meta property=\"og:url\" content=\"https:\/\/sud.svmep.ch\/svmep\/courrier-a-m-lionel-eperon-a-propos-de-sport-de-sante-de-budgets\/\" \/>\n<meta property=\"og:site_name\" content=\"svmep.ch\" \/>\n<meta property=\"article:published_time\" content=\"2019-12-23T20:15:17+00:00\" \/>\n<meta property=\"article:modified_time\" content=\"2024-10-13T14:47:40+00:00\" \/>\n<meta name=\"author\" content=\"svmep-webmaster\" \/>\n<meta name=\"twitter:card\" content=\"summary_large_image\" \/>\n<script type=\"application\/ld+json\" class=\"yoast-schema-graph\">{\"@context\":\"https:\\\/\\\/schema.org\",\"@graph\":[{\"@type\":\"Article\",\"@id\":\"https:\\\/\\\/sud.svmep.ch\\\/svmep\\\/courrier-a-m-lionel-eperon-a-propos-de-sport-de-sante-de-budgets\\\/#article\",\"isPartOf\":{\"@id\":\"https:\\\/\\\/sud.svmep.ch\\\/svmep\\\/courrier-a-m-lionel-eperon-a-propos-de-sport-de-sante-de-budgets\\\/\"},\"author\":{\"name\":\"svmep-webmaster\",\"@id\":\"https:\\\/\\\/sud.svmep.ch\\\/svmep\\\/#\\\/schema\\\/person\\\/c89c46f48a039b5e5bc4a8eeeab1aece\"},\"headline\":\"Courrier au Directeur g\u00e9n\u00e9ral : \u00e0 propos de sport, de sant\u00e9, de budgets\",\"datePublished\":\"2019-12-23T20:15:17+00:00\",\"dateModified\":\"2024-10-13T14:47:40+00:00\",\"mainEntityOfPage\":{\"@id\":\"https:\\\/\\\/sud.svmep.ch\\\/svmep\\\/courrier-a-m-lionel-eperon-a-propos-de-sport-de-sante-de-budgets\\\/\"},\"wordCount\":116,\"publisher\":{\"@id\":\"https:\\\/\\\/sud.svmep.ch\\\/svmep\\\/#organization\"},\"keywords\":[\"apprenti.e.s\"],\"inLanguage\":\"fr-FR\"},{\"@type\":\"WebPage\",\"@id\":\"https:\\\/\\\/sud.svmep.ch\\\/svmep\\\/courrier-a-m-lionel-eperon-a-propos-de-sport-de-sante-de-budgets\\\/\",\"url\":\"https:\\\/\\\/sud.svmep.ch\\\/svmep\\\/courrier-a-m-lionel-eperon-a-propos-de-sport-de-sante-de-budgets\\\/\",\"name\":\"Courrier au Directeur g\u00e9n\u00e9ral : \u00e0 propos de sport, de sant\u00e9, de budgets - svmep.ch\",\"isPartOf\":{\"@id\":\"https:\\\/\\\/sud.svmep.ch\\\/svmep\\\/#website\"},\"datePublished\":\"2019-12-23T20:15:17+00:00\",\"dateModified\":\"2024-10-13T14:47:40+00:00\",\"breadcrumb\":{\"@id\":\"https:\\\/\\\/sud.svmep.ch\\\/svmep\\\/courrier-a-m-lionel-eperon-a-propos-de-sport-de-sante-de-budgets\\\/#breadcrumb\"},\"inLanguage\":\"fr-FR\",\"potentialAction\":[{\"@type\":\"ReadAction\",\"target\":[\"https:\\\/\\\/sud.svmep.ch\\\/svmep\\\/courrier-a-m-lionel-eperon-a-propos-de-sport-de-sante-de-budgets\\\/\"]}]},{\"@type\":\"BreadcrumbList\",\"@id\":\"https:\\\/\\\/sud.svmep.ch\\\/svmep\\\/courrier-a-m-lionel-eperon-a-propos-de-sport-de-sante-de-budgets\\\/#breadcrumb\",\"itemListElement\":[{\"@type\":\"ListItem\",\"position\":1,\"name\":\"Accueil\",\"item\":\"https:\\\/\\\/sud.svmep.ch\\\/svmep\\\/\"},{\"@type\":\"ListItem\",\"position\":2,\"name\":\"Non class\u00e9\",\"item\":\"https:\\\/\\\/sud.svmep.ch\\\/svmep\\\/category\\\/non-classe\\\/\"},{\"@type\":\"ListItem\",\"position\":3,\"name\":\"Courrier au Directeur g\u00e9n\u00e9ral : \u00e0 propos de sport, de sant\u00e9, de budgets\"}]},{\"@type\":\"WebSite\",\"@id\":\"https:\\\/\\\/sud.svmep.ch\\\/svmep\\\/#website\",\"url\":\"https:\\\/\\\/sud.svmep.ch\\\/svmep\\\/\",\"name\":\"Syndicat vaudois des ma\u00eetres.ses de l'enseignement professionnel\",\"description\":\"\",\"publisher\":{\"@id\":\"https:\\\/\\\/sud.svmep.ch\\\/svmep\\\/#organization\"},\"alternateName\":\"SVMEP\",\"potentialAction\":[{\"@type\":\"SearchAction\",\"target\":{\"@type\":\"EntryPoint\",\"urlTemplate\":\"https:\\\/\\\/sud.svmep.ch\\\/svmep\\\/?s={search_term_string}\"},\"query-input\":{\"@type\":\"PropertyValueSpecification\",\"valueRequired\":true,\"valueName\":\"search_term_string\"}}],\"inLanguage\":\"fr-FR\"},{\"@type\":\"Organization\",\"@id\":\"https:\\\/\\\/sud.svmep.ch\\\/svmep\\\/#organization\",\"name\":\"Syndicat vaudois des ma\u00eetres.ses de l'enseignement professionnel SVMEP\",\"alternateName\":\"SVMEP\",\"url\":\"https:\\\/\\\/sud.svmep.ch\\\/svmep\\\/\",\"logo\":{\"@type\":\"ImageObject\",\"inLanguage\":\"fr-FR\",\"@id\":\"https:\\\/\\\/sud.svmep.ch\\\/svmep\\\/#\\\/schema\\\/logo\\\/image\\\/\",\"url\":\"https:\\\/\\\/sud.svmep.ch\\\/svmep\\\/wp-content\\\/uploads\\\/2024\\\/09\\\/svmep150x260.jpg\",\"contentUrl\":\"https:\\\/\\\/sud.svmep.ch\\\/svmep\\\/wp-content\\\/uploads\\\/2024\\\/09\\\/svmep150x260.jpg\",\"width\":226,\"height\":127,\"caption\":\"Syndicat vaudois des ma\u00eetres.ses de l'enseignement professionnel SVMEP\"},\"image\":{\"@id\":\"https:\\\/\\\/sud.svmep.ch\\\/svmep\\\/#\\\/schema\\\/logo\\\/image\\\/\"}},{\"@type\":\"Person\",\"@id\":\"https:\\\/\\\/sud.svmep.ch\\\/svmep\\\/#\\\/schema\\\/person\\\/c89c46f48a039b5e5bc4a8eeeab1aece\",\"name\":\"svmep-webmaster\",\"image\":{\"@type\":\"ImageObject\",\"inLanguage\":\"fr-FR\",\"@id\":\"https:\\\/\\\/secure.gravatar.com\\\/avatar\\\/75b5925b5ca4f3df48f6bb05f81ad13dab8238efffb28bf26c5f1682dff96ea6?s=96&d=mm&r=g\",\"url\":\"https:\\\/\\\/secure.gravatar.com\\\/avatar\\\/75b5925b5ca4f3df48f6bb05f81ad13dab8238efffb28bf26c5f1682dff96ea6?s=96&d=mm&r=g\",\"contentUrl\":\"https:\\\/\\\/secure.gravatar.com\\\/avatar\\\/75b5925b5ca4f3df48f6bb05f81ad13dab8238efffb28bf26c5f1682dff96ea6?s=96&d=mm&r=g\",\"caption\":\"svmep-webmaster\"}}]}<\/script>\n<!-- \/ Yoast SEO plugin. -->","yoast_head_json":{"title":"Courrier au Directeur g\u00e9n\u00e9ral : \u00e0 propos de sport, de sant\u00e9, de budgets - svmep.ch","robots":{"index":"index","follow":"follow","max-snippet":"max-snippet:-1","max-image-preview":"max-image-preview:large","max-video-preview":"max-video-preview:-1"},"canonical":"https:\/\/sud.svmep.ch\/svmep\/courrier-a-m-lionel-eperon-a-propos-de-sport-de-sante-de-budgets\/","og_locale":"fr_FR","og_type":"article","og_title":"Courrier au Directeur g\u00e9n\u00e9ral : \u00e0 propos de sport, de sant\u00e9, de budgets - svmep.ch","og_description":"23 d\u00e9cembre 2019 Les discussions nourries lors de notre derni\u00e8re Assembl\u00e9e des d\u00e9l\u00e9gu\u00e9.e.s du SVMEP ont fait l&rsquo;objet d&rsquo;une lettre \u00e0 M. Lionel Eperon, Directeur g\u00e9n\u00e9ral. Monsieur le Directeur g\u00e9n\u00e9ral, [&hellip;]","og_url":"https:\/\/sud.svmep.ch\/svmep\/courrier-a-m-lionel-eperon-a-propos-de-sport-de-sante-de-budgets\/","og_site_name":"svmep.ch","article_published_time":"2019-12-23T20:15:17+00:00","article_modified_time":"2024-10-13T14:47:40+00:00","author":"svmep-webmaster","twitter_card":"summary_large_image","schema":{"@context":"https:\/\/schema.org","@graph":[{"@type":"Article","@id":"https:\/\/sud.svmep.ch\/svmep\/courrier-a-m-lionel-eperon-a-propos-de-sport-de-sante-de-budgets\/#article","isPartOf":{"@id":"https:\/\/sud.svmep.ch\/svmep\/courrier-a-m-lionel-eperon-a-propos-de-sport-de-sante-de-budgets\/"},"author":{"name":"svmep-webmaster","@id":"https:\/\/sud.svmep.ch\/svmep\/#\/schema\/person\/c89c46f48a039b5e5bc4a8eeeab1aece"},"headline":"Courrier au Directeur g\u00e9n\u00e9ral : \u00e0 propos de sport, de sant\u00e9, de budgets","datePublished":"2019-12-23T20:15:17+00:00","dateModified":"2024-10-13T14:47:40+00:00","mainEntityOfPage":{"@id":"https:\/\/sud.svmep.ch\/svmep\/courrier-a-m-lionel-eperon-a-propos-de-sport-de-sante-de-budgets\/"},"wordCount":116,"publisher":{"@id":"https:\/\/sud.svmep.ch\/svmep\/#organization"},"keywords":["apprenti.e.s"],"inLanguage":"fr-FR"},{"@type":"WebPage","@id":"https:\/\/sud.svmep.ch\/svmep\/courrier-a-m-lionel-eperon-a-propos-de-sport-de-sante-de-budgets\/","url":"https:\/\/sud.svmep.ch\/svmep\/courrier-a-m-lionel-eperon-a-propos-de-sport-de-sante-de-budgets\/","name":"Courrier au Directeur g\u00e9n\u00e9ral : \u00e0 propos de sport, de sant\u00e9, de budgets - svmep.ch","isPartOf":{"@id":"https:\/\/sud.svmep.ch\/svmep\/#website"},"datePublished":"2019-12-23T20:15:17+00:00","dateModified":"2024-10-13T14:47:40+00:00","breadcrumb":{"@id":"https:\/\/sud.svmep.ch\/svmep\/courrier-a-m-lionel-eperon-a-propos-de-sport-de-sante-de-budgets\/#breadcrumb"},"inLanguage":"fr-FR","potentialAction":[{"@type":"ReadAction","target":["https:\/\/sud.svmep.ch\/svmep\/courrier-a-m-lionel-eperon-a-propos-de-sport-de-sante-de-budgets\/"]}]},{"@type":"BreadcrumbList","@id":"https:\/\/sud.svmep.ch\/svmep\/courrier-a-m-lionel-eperon-a-propos-de-sport-de-sante-de-budgets\/#breadcrumb","itemListElement":[{"@type":"ListItem","position":1,"name":"Accueil","item":"https:\/\/sud.svmep.ch\/svmep\/"},{"@type":"ListItem","position":2,"name":"Non class\u00e9","item":"https:\/\/sud.svmep.ch\/svmep\/category\/non-classe\/"},{"@type":"ListItem","position":3,"name":"Courrier au Directeur g\u00e9n\u00e9ral : \u00e0 propos de sport, de sant\u00e9, de budgets"}]},{"@type":"WebSite","@id":"https:\/\/sud.svmep.ch\/svmep\/#website","url":"https:\/\/sud.svmep.ch\/svmep\/","name":"Syndicat vaudois des ma\u00eetres.ses de l'enseignement professionnel","description":"","publisher":{"@id":"https:\/\/sud.svmep.ch\/svmep\/#organization"},"alternateName":"SVMEP","potentialAction":[{"@type":"SearchAction","target":{"@type":"EntryPoint","urlTemplate":"https:\/\/sud.svmep.ch\/svmep\/?s={search_term_string}"},"query-input":{"@type":"PropertyValueSpecification","valueRequired":true,"valueName":"search_term_string"}}],"inLanguage":"fr-FR"},{"@type":"Organization","@id":"https:\/\/sud.svmep.ch\/svmep\/#organization","name":"Syndicat vaudois des ma\u00eetres.ses de l'enseignement professionnel SVMEP","alternateName":"SVMEP","url":"https:\/\/sud.svmep.ch\/svmep\/","logo":{"@type":"ImageObject","inLanguage":"fr-FR","@id":"https:\/\/sud.svmep.ch\/svmep\/#\/schema\/logo\/image\/","url":"https:\/\/sud.svmep.ch\/svmep\/wp-content\/uploads\/2024\/09\/svmep150x260.jpg","contentUrl":"https:\/\/sud.svmep.ch\/svmep\/wp-content\/uploads\/2024\/09\/svmep150x260.jpg","width":226,"height":127,"caption":"Syndicat vaudois des ma\u00eetres.ses de l'enseignement professionnel SVMEP"},"image":{"@id":"https:\/\/sud.svmep.ch\/svmep\/#\/schema\/logo\/image\/"}},{"@type":"Person","@id":"https:\/\/sud.svmep.ch\/svmep\/#\/schema\/person\/c89c46f48a039b5e5bc4a8eeeab1aece","name":"svmep-webmaster","image":{"@type":"ImageObject","inLanguage":"fr-FR","@id":"https:\/\/secure.gravatar.com\/avatar\/75b5925b5ca4f3df48f6bb05f81ad13dab8238efffb28bf26c5f1682dff96ea6?s=96&d=mm&r=g","url":"https:\/\/secure.gravatar.com\/avatar\/75b5925b5ca4f3df48f6bb05f81ad13dab8238efffb28bf26c5f1682dff96ea6?s=96&d=mm&r=g","contentUrl":"https:\/\/secure.gravatar.com\/avatar\/75b5925b5ca4f3df48f6bb05f81ad13dab8238efffb28bf26c5f1682dff96ea6?s=96&d=mm&r=g","caption":"svmep-webmaster"}}]}},"_links":{"self":[{"href":"https:\/\/sud.svmep.ch\/svmep\/wp-json\/wp\/v2\/posts\/572","targetHints":{"allow":["GET"]}}],"collection":[{"href":"https:\/\/sud.svmep.ch\/svmep\/wp-json\/wp\/v2\/posts"}],"about":[{"href":"https:\/\/sud.svmep.ch\/svmep\/wp-json\/wp\/v2\/types\/post"}],"author":[{"embeddable":true,"href":"https:\/\/sud.svmep.ch\/svmep\/wp-json\/wp\/v2\/users\/4"}],"replies":[{"embeddable":true,"href":"https:\/\/sud.svmep.ch\/svmep\/wp-json\/wp\/v2\/comments?post=572"}],"version-history":[{"count":0,"href":"https:\/\/sud.svmep.ch\/svmep\/wp-json\/wp\/v2\/posts\/572\/revisions"}],"wp:attachment":[{"href":"https:\/\/sud.svmep.ch\/svmep\/wp-json\/wp\/v2\/media?parent=572"}],"wp:term":[{"taxonomy":"category","embeddable":true,"href":"https:\/\/sud.svmep.ch\/svmep\/wp-json\/wp\/v2\/categories?post=572"},{"taxonomy":"post_tag","embeddable":true,"href":"https:\/\/sud.svmep.ch\/svmep\/wp-json\/wp\/v2\/tags?post=572"}],"curies":[{"name":"wp","href":"https:\/\/api.w.org\/{rel}","templated":true}]}}