{"id":598,"date":"2020-01-30T12:02:27","date_gmt":"2020-01-30T11:02:27","guid":{"rendered":"http:\/\/sud.svmep.ch\/?p=598"},"modified":"2025-01-04T19:38:21","modified_gmt":"2025-01-04T18:38:21","slug":"la-greve-des-notes-des-enseignantes-ica-continue","status":"publish","type":"post","link":"https:\/\/sud.svmep.ch\/svmep\/la-greve-des-notes-des-enseignantes-ica-continue\/","title":{"rendered":"Communiqu\u00e9 de presse : la gr\u00e8ve des notes des enseignantes ICA continue"},"content":{"rendered":"<div class=\"wp-block-post-date\"><time datetime=\"2020-01-30T12:02:27+01:00\">30 janvier 2020<\/time><\/div>\n\n<p>Depuis le mois de mars 2018, notre syndicat n\u2019a cess\u00e9 de demander au DFJC et au Conseil d\u2019Etat<br \/>l\u2019ouverture de n\u00e9gociations pour r\u00e9gler la classification salariale des enseignantes d\u2019ICA des \u00e9coles professionnelles commerciales. La Cheffe du DFJC a finalement re\u00e7u une d\u00e9l\u00e9gation compos\u00e9e<br \/>d\u2019enseignantes et de repr\u00e9sentant-e-s du syndicat SVMEP-SUD ce lundi, 27 janvier 2020. De toute<br \/>\u00e9vidence, le dialogue est un exercice difficile pour l\u2019employeur public. Toutefois, mieux vaut tard que<br \/>jamais !<\/p>\n<p>La Cheffe du DFJC a pris note de nos d\u00e9saccords et nous a indiqu\u00e9 qu\u2019elle transmettrait notre point<br \/>de vue au Conseil d\u2019Etat. Elle s\u2019est engag\u00e9e \u00e0 nous donner une r\u00e9ponse dans les 15 jours. Esp\u00e9rons<br \/>que ce gouvernement, constitu\u00e9 de cinq femmes, saura reconsid\u00e9rer sa position et prendre le parti de<br \/>l\u2019\u00e9galit\u00e9. Dans cette attente, l\u2019assembl\u00e9e des enseignantes a d\u00e9cid\u00e9, \u00e0 l\u2019unanimit\u00e9, de poursuivre la gr\u00e8ve des notes.<\/p>\n<h6>Vous pouvez lire le texte complet du communiqu\u00e9 de presse <a href=\"http:\/\/sud.svmep.ch\/svmep\/wp-content\/uploads\/2020\/02\/2020-01-30-cp-ica.pdf\">ici<\/a>.<\/h6>","protected":false},"excerpt":{"rendered":"<p>30 janvier 2020 Depuis le mois de mars 2018, notre syndicat n\u2019a cess\u00e9 de demander au DFJC et au Conseil d\u2019Etatl\u2019ouverture de n\u00e9gociations pour r\u00e9gler la classification salariale des enseignantes [&hellip;]<\/p>\n","protected":false},"author":4,"featured_media":1146,"comment_status":"closed","ping_status":"closed","sticky":false,"template":"","format":"standard","meta":{"footnotes":""},"categories":[43],"tags":[],"class_list":["post-598","post","type-post","status-publish","format-standard","has-post-thumbnail","hentry","category-inegalite-de-traitement-des-enseignantes-dica"],"yoast_head":"<!-- This site is optimized with the Yoast SEO plugin v27.4 - https:\/\/yoast.com\/product\/yoast-seo-wordpress\/ -->\n<title>Communiqu\u00e9 de presse : la gr\u00e8ve des notes des enseignantes ICA continue - svmep.ch<\/title>\n<meta name=\"robots\" content=\"index, follow, max-snippet:-1, max-image-preview:large, max-video-preview:-1\" \/>\n<link rel=\"canonical\" href=\"https:\/\/sud.svmep.ch\/svmep\/service-personnel-de-letat-de-vaud-a-t-besoin-conseil-detat-gouverner\/\" \/>\n<meta property=\"og:locale\" content=\"fr_FR\" \/>\n<meta property=\"og:type\" content=\"article\" \/>\n<meta property=\"og:title\" content=\"Communiqu\u00e9 de presse : la gr\u00e8ve des notes des enseignantes ICA continue - svmep.ch\" \/>\n<meta property=\"og:description\" content=\"30 janvier 2020 Depuis le mois de mars 2018, notre syndicat n\u2019a cess\u00e9 de demander au DFJC et au Conseil d\u2019Etatl\u2019ouverture de n\u00e9gociations pour r\u00e9gler la classification salariale des enseignantes [&hellip;]\" \/>\n<meta property=\"og:url\" content=\"https:\/\/sud.svmep.ch\/svmep\/service-personnel-de-letat-de-vaud-a-t-besoin-conseil-detat-gouverner\/\" \/>\n<meta property=\"og:site_name\" content=\"svmep.ch\" \/>\n<meta property=\"article:published_time\" content=\"2020-01-30T11:02:27+00:00\" \/>\n<meta property=\"article:modified_time\" content=\"2025-01-04T18:38:21+00:00\" \/>\n<meta property=\"og:image\" content=\"https:\/\/sud.svmep.ch\/svmep\/wp-content\/uploads\/2024\/09\/microphone_small.png\" \/>\n\t<meta property=\"og:image:width\" content=\"500\" \/>\n\t<meta property=\"og:image:height\" content=\"521\" \/>\n\t<meta property=\"og:image:type\" content=\"image\/png\" \/>\n<meta name=\"author\" content=\"svmep-webmaster\" \/>\n<meta name=\"twitter:card\" content=\"summary_large_image\" \/>\n<script type=\"application\/ld+json\" class=\"yoast-schema-graph\">{\"@context\":\"https:\\\/\\\/schema.org\",\"@graph\":[{\"@type\":\"Article\",\"@id\":\"https:\\\/\\\/sud.svmep.ch\\\/svmep\\\/service-personnel-de-letat-de-vaud-a-t-besoin-conseil-detat-gouverner\\\/#article\",\"isPartOf\":{\"@id\":\"https:\\\/\\\/sud.svmep.ch\\\/svmep\\\/la-greve-des-notes-des-enseignantes-ica-continue\\\/\"},\"author\":{\"name\":\"svmep-webmaster\",\"@id\":\"https:\\\/\\\/sud.svmep.ch\\\/svmep\\\/#\\\/schema\\\/person\\\/c89c46f48a039b5e5bc4a8eeeab1aece\"},\"headline\":\"Communiqu\u00e9 de presse : la gr\u00e8ve des notes des enseignantes ICA continue\",\"datePublished\":\"2020-01-30T11:02:27+00:00\",\"dateModified\":\"2025-01-04T18:38:21+00:00\",\"mainEntityOfPage\":{\"@id\":\"https:\\\/\\\/sud.svmep.ch\\\/svmep\\\/la-greve-des-notes-des-enseignantes-ica-continue\\\/\"},\"wordCount\":180,\"publisher\":{\"@id\":\"https:\\\/\\\/sud.svmep.ch\\\/svmep\\\/#organization\"},\"image\":{\"@id\":\"https:\\\/\\\/sud.svmep.ch\\\/svmep\\\/service-personnel-de-letat-de-vaud-a-t-besoin-conseil-detat-gouverner\\\/#primaryimage\"},\"thumbnailUrl\":\"https:\\\/\\\/sud.svmep.ch\\\/svmep\\\/wp-content\\\/uploads\\\/2024\\\/09\\\/microphone_small.png\",\"articleSection\":[\"In\u00e9galit\u00e9 de traitement des enseignantes d'ICA\"],\"inLanguage\":\"fr-FR\"},{\"@type\":\"WebPage\",\"@id\":\"https:\\\/\\\/sud.svmep.ch\\\/svmep\\\/la-greve-des-notes-des-enseignantes-ica-continue\\\/\",\"url\":\"https:\\\/\\\/sud.svmep.ch\\\/svmep\\\/service-personnel-de-letat-de-vaud-a-t-besoin-conseil-detat-gouverner\\\/\",\"name\":\"Communiqu\u00e9 de presse : la gr\u00e8ve des notes des enseignantes ICA continue - svmep.ch\",\"isPartOf\":{\"@id\":\"https:\\\/\\\/sud.svmep.ch\\\/svmep\\\/#website\"},\"primaryImageOfPage\":{\"@id\":\"https:\\\/\\\/sud.svmep.ch\\\/svmep\\\/service-personnel-de-letat-de-vaud-a-t-besoin-conseil-detat-gouverner\\\/#primaryimage\"},\"image\":{\"@id\":\"https:\\\/\\\/sud.svmep.ch\\\/svmep\\\/service-personnel-de-letat-de-vaud-a-t-besoin-conseil-detat-gouverner\\\/#primaryimage\"},\"thumbnailUrl\":\"https:\\\/\\\/sud.svmep.ch\\\/svmep\\\/wp-content\\\/uploads\\\/2024\\\/09\\\/microphone_small.png\",\"datePublished\":\"2020-01-30T11:02:27+00:00\",\"dateModified\":\"2025-01-04T18:38:21+00:00\",\"breadcrumb\":{\"@id\":\"https:\\\/\\\/sud.svmep.ch\\\/svmep\\\/service-personnel-de-letat-de-vaud-a-t-besoin-conseil-detat-gouverner\\\/#breadcrumb\"},\"inLanguage\":\"fr-FR\",\"potentialAction\":[{\"@type\":\"ReadAction\",\"target\":[\"https:\\\/\\\/sud.svmep.ch\\\/svmep\\\/service-personnel-de-letat-de-vaud-a-t-besoin-conseil-detat-gouverner\\\/\"]}]},{\"@type\":\"ImageObject\",\"inLanguage\":\"fr-FR\",\"@id\":\"https:\\\/\\\/sud.svmep.ch\\\/svmep\\\/service-personnel-de-letat-de-vaud-a-t-besoin-conseil-detat-gouverner\\\/#primaryimage\",\"url\":\"https:\\\/\\\/sud.svmep.ch\\\/svmep\\\/wp-content\\\/uploads\\\/2024\\\/09\\\/microphone_small.png\",\"contentUrl\":\"https:\\\/\\\/sud.svmep.ch\\\/svmep\\\/wp-content\\\/uploads\\\/2024\\\/09\\\/microphone_small.png\",\"width\":500,\"height\":521},{\"@type\":\"BreadcrumbList\",\"@id\":\"https:\\\/\\\/sud.svmep.ch\\\/svmep\\\/service-personnel-de-letat-de-vaud-a-t-besoin-conseil-detat-gouverner\\\/#breadcrumb\",\"itemListElement\":[{\"@type\":\"ListItem\",\"position\":1,\"name\":\"Accueil\",\"item\":\"https:\\\/\\\/sud.svmep.ch\\\/svmep\\\/\"},{\"@type\":\"ListItem\",\"position\":2,\"name\":\"In\u00e9galit\u00e9 de traitement des enseignantes d'ICA\",\"item\":\"https:\\\/\\\/sud.svmep.ch\\\/svmep\\\/category\\\/inegalite-de-traitement-des-enseignantes-dica\\\/\"},{\"@type\":\"ListItem\",\"position\":3,\"name\":\"Communiqu\u00e9 de presse : la gr\u00e8ve des notes des enseignantes ICA continue\"}]},{\"@type\":\"WebSite\",\"@id\":\"https:\\\/\\\/sud.svmep.ch\\\/svmep\\\/#website\",\"url\":\"https:\\\/\\\/sud.svmep.ch\\\/svmep\\\/\",\"name\":\"Syndicat vaudois des ma\u00eetres.ses de l'enseignement professionnel\",\"description\":\"\",\"publisher\":{\"@id\":\"https:\\\/\\\/sud.svmep.ch\\\/svmep\\\/#organization\"},\"alternateName\":\"SVMEP\",\"potentialAction\":[{\"@type\":\"SearchAction\",\"target\":{\"@type\":\"EntryPoint\",\"urlTemplate\":\"https:\\\/\\\/sud.svmep.ch\\\/svmep\\\/?s={search_term_string}\"},\"query-input\":{\"@type\":\"PropertyValueSpecification\",\"valueRequired\":true,\"valueName\":\"search_term_string\"}}],\"inLanguage\":\"fr-FR\"},{\"@type\":\"Organization\",\"@id\":\"https:\\\/\\\/sud.svmep.ch\\\/svmep\\\/#organization\",\"name\":\"Syndicat vaudois des ma\u00eetres.ses de l'enseignement professionnel SVMEP\",\"alternateName\":\"SVMEP\",\"url\":\"https:\\\/\\\/sud.svmep.ch\\\/svmep\\\/\",\"logo\":{\"@type\":\"ImageObject\",\"inLanguage\":\"fr-FR\",\"@id\":\"https:\\\/\\\/sud.svmep.ch\\\/svmep\\\/#\\\/schema\\\/logo\\\/image\\\/\",\"url\":\"https:\\\/\\\/sud.svmep.ch\\\/svmep\\\/wp-content\\\/uploads\\\/2024\\\/09\\\/svmep150x260.jpg\",\"contentUrl\":\"https:\\\/\\\/sud.svmep.ch\\\/svmep\\\/wp-content\\\/uploads\\\/2024\\\/09\\\/svmep150x260.jpg\",\"width\":226,\"height\":127,\"caption\":\"Syndicat vaudois des ma\u00eetres.ses de l'enseignement professionnel SVMEP\"},\"image\":{\"@id\":\"https:\\\/\\\/sud.svmep.ch\\\/svmep\\\/#\\\/schema\\\/logo\\\/image\\\/\"}},{\"@type\":\"Person\",\"@id\":\"https:\\\/\\\/sud.svmep.ch\\\/svmep\\\/#\\\/schema\\\/person\\\/c89c46f48a039b5e5bc4a8eeeab1aece\",\"name\":\"svmep-webmaster\",\"image\":{\"@type\":\"ImageObject\",\"inLanguage\":\"fr-FR\",\"@id\":\"https:\\\/\\\/secure.gravatar.com\\\/avatar\\\/75b5925b5ca4f3df48f6bb05f81ad13dab8238efffb28bf26c5f1682dff96ea6?s=96&d=mm&r=g\",\"url\":\"https:\\\/\\\/secure.gravatar.com\\\/avatar\\\/75b5925b5ca4f3df48f6bb05f81ad13dab8238efffb28bf26c5f1682dff96ea6?s=96&d=mm&r=g\",\"contentUrl\":\"https:\\\/\\\/secure.gravatar.com\\\/avatar\\\/75b5925b5ca4f3df48f6bb05f81ad13dab8238efffb28bf26c5f1682dff96ea6?s=96&d=mm&r=g\",\"caption\":\"svmep-webmaster\"}}]}<\/script>\n<!-- \/ Yoast SEO plugin. -->","yoast_head_json":{"title":"Communiqu\u00e9 de presse : la gr\u00e8ve des notes des enseignantes ICA continue - svmep.ch","robots":{"index":"index","follow":"follow","max-snippet":"max-snippet:-1","max-image-preview":"max-image-preview:large","max-video-preview":"max-video-preview:-1"},"canonical":"https:\/\/sud.svmep.ch\/svmep\/service-personnel-de-letat-de-vaud-a-t-besoin-conseil-detat-gouverner\/","og_locale":"fr_FR","og_type":"article","og_title":"Communiqu\u00e9 de presse : la gr\u00e8ve des notes des enseignantes ICA continue - svmep.ch","og_description":"30 janvier 2020 Depuis le mois de mars 2018, notre syndicat n\u2019a cess\u00e9 de demander au DFJC et au Conseil d\u2019Etatl\u2019ouverture de n\u00e9gociations pour r\u00e9gler la classification salariale des enseignantes [&hellip;]","og_url":"https:\/\/sud.svmep.ch\/svmep\/service-personnel-de-letat-de-vaud-a-t-besoin-conseil-detat-gouverner\/","og_site_name":"svmep.ch","article_published_time":"2020-01-30T11:02:27+00:00","article_modified_time":"2025-01-04T18:38:21+00:00","og_image":[{"width":500,"height":521,"url":"https:\/\/sud.svmep.ch\/svmep\/wp-content\/uploads\/2024\/09\/microphone_small.png","type":"image\/png"}],"author":"svmep-webmaster","twitter_card":"summary_large_image","schema":{"@context":"https:\/\/schema.org","@graph":[{"@type":"Article","@id":"https:\/\/sud.svmep.ch\/svmep\/service-personnel-de-letat-de-vaud-a-t-besoin-conseil-detat-gouverner\/#article","isPartOf":{"@id":"https:\/\/sud.svmep.ch\/svmep\/la-greve-des-notes-des-enseignantes-ica-continue\/"},"author":{"name":"svmep-webmaster","@id":"https:\/\/sud.svmep.ch\/svmep\/#\/schema\/person\/c89c46f48a039b5e5bc4a8eeeab1aece"},"headline":"Communiqu\u00e9 de presse : la gr\u00e8ve des notes des enseignantes ICA continue","datePublished":"2020-01-30T11:02:27+00:00","dateModified":"2025-01-04T18:38:21+00:00","mainEntityOfPage":{"@id":"https:\/\/sud.svmep.ch\/svmep\/la-greve-des-notes-des-enseignantes-ica-continue\/"},"wordCount":180,"publisher":{"@id":"https:\/\/sud.svmep.ch\/svmep\/#organization"},"image":{"@id":"https:\/\/sud.svmep.ch\/svmep\/service-personnel-de-letat-de-vaud-a-t-besoin-conseil-detat-gouverner\/#primaryimage"},"thumbnailUrl":"https:\/\/sud.svmep.ch\/svmep\/wp-content\/uploads\/2024\/09\/microphone_small.png","articleSection":["In\u00e9galit\u00e9 de traitement des enseignantes d'ICA"],"inLanguage":"fr-FR"},{"@type":"WebPage","@id":"https:\/\/sud.svmep.ch\/svmep\/la-greve-des-notes-des-enseignantes-ica-continue\/","url":"https:\/\/sud.svmep.ch\/svmep\/service-personnel-de-letat-de-vaud-a-t-besoin-conseil-detat-gouverner\/","name":"Communiqu\u00e9 de presse : la gr\u00e8ve des notes des enseignantes ICA continue - svmep.ch","isPartOf":{"@id":"https:\/\/sud.svmep.ch\/svmep\/#website"},"primaryImageOfPage":{"@id":"https:\/\/sud.svmep.ch\/svmep\/service-personnel-de-letat-de-vaud-a-t-besoin-conseil-detat-gouverner\/#primaryimage"},"image":{"@id":"https:\/\/sud.svmep.ch\/svmep\/service-personnel-de-letat-de-vaud-a-t-besoin-conseil-detat-gouverner\/#primaryimage"},"thumbnailUrl":"https:\/\/sud.svmep.ch\/svmep\/wp-content\/uploads\/2024\/09\/microphone_small.png","datePublished":"2020-01-30T11:02:27+00:00","dateModified":"2025-01-04T18:38:21+00:00","breadcrumb":{"@id":"https:\/\/sud.svmep.ch\/svmep\/service-personnel-de-letat-de-vaud-a-t-besoin-conseil-detat-gouverner\/#breadcrumb"},"inLanguage":"fr-FR","potentialAction":[{"@type":"ReadAction","target":["https:\/\/sud.svmep.ch\/svmep\/service-personnel-de-letat-de-vaud-a-t-besoin-conseil-detat-gouverner\/"]}]},{"@type":"ImageObject","inLanguage":"fr-FR","@id":"https:\/\/sud.svmep.ch\/svmep\/service-personnel-de-letat-de-vaud-a-t-besoin-conseil-detat-gouverner\/#primaryimage","url":"https:\/\/sud.svmep.ch\/svmep\/wp-content\/uploads\/2024\/09\/microphone_small.png","contentUrl":"https:\/\/sud.svmep.ch\/svmep\/wp-content\/uploads\/2024\/09\/microphone_small.png","width":500,"height":521},{"@type":"BreadcrumbList","@id":"https:\/\/sud.svmep.ch\/svmep\/service-personnel-de-letat-de-vaud-a-t-besoin-conseil-detat-gouverner\/#breadcrumb","itemListElement":[{"@type":"ListItem","position":1,"name":"Accueil","item":"https:\/\/sud.svmep.ch\/svmep\/"},{"@type":"ListItem","position":2,"name":"In\u00e9galit\u00e9 de traitement des enseignantes d'ICA","item":"https:\/\/sud.svmep.ch\/svmep\/category\/inegalite-de-traitement-des-enseignantes-dica\/"},{"@type":"ListItem","position":3,"name":"Communiqu\u00e9 de presse : la gr\u00e8ve des notes des enseignantes ICA continue"}]},{"@type":"WebSite","@id":"https:\/\/sud.svmep.ch\/svmep\/#website","url":"https:\/\/sud.svmep.ch\/svmep\/","name":"Syndicat vaudois des ma\u00eetres.ses de l'enseignement professionnel","description":"","publisher":{"@id":"https:\/\/sud.svmep.ch\/svmep\/#organization"},"alternateName":"SVMEP","potentialAction":[{"@type":"SearchAction","target":{"@type":"EntryPoint","urlTemplate":"https:\/\/sud.svmep.ch\/svmep\/?s={search_term_string}"},"query-input":{"@type":"PropertyValueSpecification","valueRequired":true,"valueName":"search_term_string"}}],"inLanguage":"fr-FR"},{"@type":"Organization","@id":"https:\/\/sud.svmep.ch\/svmep\/#organization","name":"Syndicat vaudois des ma\u00eetres.ses de l'enseignement professionnel SVMEP","alternateName":"SVMEP","url":"https:\/\/sud.svmep.ch\/svmep\/","logo":{"@type":"ImageObject","inLanguage":"fr-FR","@id":"https:\/\/sud.svmep.ch\/svmep\/#\/schema\/logo\/image\/","url":"https:\/\/sud.svmep.ch\/svmep\/wp-content\/uploads\/2024\/09\/svmep150x260.jpg","contentUrl":"https:\/\/sud.svmep.ch\/svmep\/wp-content\/uploads\/2024\/09\/svmep150x260.jpg","width":226,"height":127,"caption":"Syndicat vaudois des ma\u00eetres.ses de l'enseignement professionnel SVMEP"},"image":{"@id":"https:\/\/sud.svmep.ch\/svmep\/#\/schema\/logo\/image\/"}},{"@type":"Person","@id":"https:\/\/sud.svmep.ch\/svmep\/#\/schema\/person\/c89c46f48a039b5e5bc4a8eeeab1aece","name":"svmep-webmaster","image":{"@type":"ImageObject","inLanguage":"fr-FR","@id":"https:\/\/secure.gravatar.com\/avatar\/75b5925b5ca4f3df48f6bb05f81ad13dab8238efffb28bf26c5f1682dff96ea6?s=96&d=mm&r=g","url":"https:\/\/secure.gravatar.com\/avatar\/75b5925b5ca4f3df48f6bb05f81ad13dab8238efffb28bf26c5f1682dff96ea6?s=96&d=mm&r=g","contentUrl":"https:\/\/secure.gravatar.com\/avatar\/75b5925b5ca4f3df48f6bb05f81ad13dab8238efffb28bf26c5f1682dff96ea6?s=96&d=mm&r=g","caption":"svmep-webmaster"}}]}},"_links":{"self":[{"href":"https:\/\/sud.svmep.ch\/svmep\/wp-json\/wp\/v2\/posts\/598","targetHints":{"allow":["GET"]}}],"collection":[{"href":"https:\/\/sud.svmep.ch\/svmep\/wp-json\/wp\/v2\/posts"}],"about":[{"href":"https:\/\/sud.svmep.ch\/svmep\/wp-json\/wp\/v2\/types\/post"}],"author":[{"embeddable":true,"href":"https:\/\/sud.svmep.ch\/svmep\/wp-json\/wp\/v2\/users\/4"}],"replies":[{"embeddable":true,"href":"https:\/\/sud.svmep.ch\/svmep\/wp-json\/wp\/v2\/comments?post=598"}],"version-history":[{"count":0,"href":"https:\/\/sud.svmep.ch\/svmep\/wp-json\/wp\/v2\/posts\/598\/revisions"}],"wp:featuredmedia":[{"embeddable":true,"href":"https:\/\/sud.svmep.ch\/svmep\/wp-json\/wp\/v2\/media\/1146"}],"wp:attachment":[{"href":"https:\/\/sud.svmep.ch\/svmep\/wp-json\/wp\/v2\/media?parent=598"}],"wp:term":[{"taxonomy":"category","embeddable":true,"href":"https:\/\/sud.svmep.ch\/svmep\/wp-json\/wp\/v2\/categories?post=598"},{"taxonomy":"post_tag","embeddable":true,"href":"https:\/\/sud.svmep.ch\/svmep\/wp-json\/wp\/v2\/tags?post=598"}],"curies":[{"name":"wp","href":"https:\/\/api.w.org\/{rel}","templated":true}]}}