{"id":606,"date":"2020-02-04T17:02:33","date_gmt":"2020-02-04T16:02:33","guid":{"rendered":"http:\/\/sud.svmep.ch\/?p=606"},"modified":"2024-10-14T14:42:13","modified_gmt":"2024-10-14T13:42:13","slug":"gazette-svmep-allo-lune-terre-letrange-communication-dfjc","status":"publish","type":"post","link":"https:\/\/sud.svmep.ch\/svmep\/gazette-svmep-allo-lune-terre-letrange-communication-dfjc\/","title":{"rendered":"All\u00f4 la Lune, ici la Terre ! Ou l&rsquo;\u00e9trange communication du DFJC\u2026"},"content":{"rendered":"<p><strong>La nouvelle Gazette du SVMEP est consacr\u00e9e aux \u00e9tranges mani\u00e8res, en mati\u00e8re de communication, du DFJC.<\/strong><\/p>\n<p>Notre syndicat adresse r\u00e9guli\u00e8rement des courriers \u00e0 la Cheffe du d\u00e9partement, pour demander des<br \/>\nn\u00e9gociations, pour d\u00e9noncer des dysfonctionnements, pour d\u00e9fendre des coll\u00e8gues, pour transmettre<br \/>\ndes revendications. C\u2019est le r\u00f4le du syndicat. Il l\u2019a toujours fait et continuera \u00e0 le faire, n\u2019en d\u00e9plaise \u00e0<br \/>\ncelles et ceux qui gouvernent. Nous vous distribuons r\u00e9guli\u00e8rement des informations dans la Gazette<br \/>\nSVMEP et vous trouvez les documents que nous r\u00e9digeons sur notre site Internet. En revanche, en<br \/>\ndehors des effets d\u2019annonce dans les m\u00e9dias, vous connaissez peut-\u00eatre moins bien les pratiques de<br \/>\nla Cheffe du d\u00e9partement et des Services du DFJC. Aussi, nous avons d\u00e9cid\u00e9 de vous d\u00e9voiler les<br \/>\ncoulisses de deux affaires exemplaires et r\u00e9centes.<\/p>\n<p>Vous pouvez lire la suite de cette Gazette <a href=\"http:\/\/sud.svmep.ch\/svmep\/wp-content\/uploads\/2020\/02\/Gazette-janvier-2020-3.pdf\">ici<\/a>.<\/p>\n","protected":false},"excerpt":{"rendered":"<p>La nouvelle Gazette du SVMEP est consacr\u00e9e aux \u00e9tranges mani\u00e8res, en mati\u00e8re de communication, du DFJC. Notre syndicat adresse r\u00e9guli\u00e8rement des courriers \u00e0 la Cheffe du d\u00e9partement, pour demander des [&hellip;]<\/p>\n","protected":false},"author":4,"featured_media":354,"comment_status":"closed","ping_status":"closed","sticky":false,"template":"","format":"standard","meta":{"footnotes":""},"categories":[4],"tags":[],"class_list":["post-606","post","type-post","status-publish","format-standard","has-post-thumbnail","hentry","category-gazette-svmep"],"yoast_head":"<!-- This site is optimized with the Yoast SEO plugin v27.4 - https:\/\/yoast.com\/product\/yoast-seo-wordpress\/ -->\n<title>All\u00f4 la Lune, ici la Terre ! Ou l&#039;\u00e9trange communication du DFJC\u2026 - svmep.ch<\/title>\n<meta name=\"robots\" content=\"index, follow, max-snippet:-1, max-image-preview:large, max-video-preview:-1\" \/>\n<link rel=\"canonical\" href=\"https:\/\/sud.svmep.ch\/svmep\/gazette-svmep-allo-lune-terre-letrange-communication-dfjc\/\" \/>\n<meta property=\"og:locale\" content=\"fr_FR\" \/>\n<meta property=\"og:type\" content=\"article\" \/>\n<meta property=\"og:title\" content=\"All\u00f4 la Lune, ici la Terre ! Ou l&#039;\u00e9trange communication du DFJC\u2026 - svmep.ch\" \/>\n<meta property=\"og:description\" content=\"La nouvelle Gazette du SVMEP est consacr\u00e9e aux \u00e9tranges mani\u00e8res, en mati\u00e8re de communication, du DFJC. Notre syndicat adresse r\u00e9guli\u00e8rement des courriers \u00e0 la Cheffe du d\u00e9partement, pour demander des [&hellip;]\" \/>\n<meta property=\"og:url\" content=\"https:\/\/sud.svmep.ch\/svmep\/gazette-svmep-allo-lune-terre-letrange-communication-dfjc\/\" \/>\n<meta property=\"og:site_name\" content=\"svmep.ch\" \/>\n<meta property=\"article:published_time\" content=\"2020-02-04T16:02:33+00:00\" \/>\n<meta property=\"article:modified_time\" content=\"2024-10-14T13:42:13+00:00\" \/>\n<meta property=\"og:image\" content=\"https:\/\/sud.svmep.ch\/svmep\/wp-content\/uploads\/2005\/09\/jpg_logo2.jpg\" \/>\n\t<meta property=\"og:image:width\" content=\"100\" \/>\n\t<meta property=\"og:image:height\" content=\"100\" \/>\n\t<meta property=\"og:image:type\" content=\"image\/jpeg\" \/>\n<meta name=\"author\" content=\"svmep-webmaster\" \/>\n<meta name=\"twitter:card\" content=\"summary_large_image\" \/>\n<script type=\"application\/ld+json\" class=\"yoast-schema-graph\">{\"@context\":\"https:\\\/\\\/schema.org\",\"@graph\":[{\"@type\":\"Article\",\"@id\":\"https:\\\/\\\/sud.svmep.ch\\\/svmep\\\/gazette-svmep-allo-lune-terre-letrange-communication-dfjc\\\/#article\",\"isPartOf\":{\"@id\":\"https:\\\/\\\/sud.svmep.ch\\\/svmep\\\/gazette-svmep-allo-lune-terre-letrange-communication-dfjc\\\/\"},\"author\":{\"name\":\"svmep-webmaster\",\"@id\":\"https:\\\/\\\/sud.svmep.ch\\\/svmep\\\/#\\\/schema\\\/person\\\/c89c46f48a039b5e5bc4a8eeeab1aece\"},\"headline\":\"All\u00f4 la Lune, ici la Terre ! Ou l&rsquo;\u00e9trange communication du DFJC\u2026\",\"datePublished\":\"2020-02-04T16:02:33+00:00\",\"dateModified\":\"2024-10-14T13:42:13+00:00\",\"mainEntityOfPage\":{\"@id\":\"https:\\\/\\\/sud.svmep.ch\\\/svmep\\\/gazette-svmep-allo-lune-terre-letrange-communication-dfjc\\\/\"},\"wordCount\":172,\"publisher\":{\"@id\":\"https:\\\/\\\/sud.svmep.ch\\\/svmep\\\/#organization\"},\"image\":{\"@id\":\"https:\\\/\\\/sud.svmep.ch\\\/svmep\\\/gazette-svmep-allo-lune-terre-letrange-communication-dfjc\\\/#primaryimage\"},\"thumbnailUrl\":\"https:\\\/\\\/sud.svmep.ch\\\/svmep\\\/wp-content\\\/uploads\\\/2005\\\/09\\\/jpg_logo2.jpg\",\"articleSection\":[\"Gazette SVMEP\"],\"inLanguage\":\"fr-FR\"},{\"@type\":\"WebPage\",\"@id\":\"https:\\\/\\\/sud.svmep.ch\\\/svmep\\\/gazette-svmep-allo-lune-terre-letrange-communication-dfjc\\\/\",\"url\":\"https:\\\/\\\/sud.svmep.ch\\\/svmep\\\/gazette-svmep-allo-lune-terre-letrange-communication-dfjc\\\/\",\"name\":\"All\u00f4 la Lune, ici la Terre ! Ou l'\u00e9trange communication du DFJC\u2026 - svmep.ch\",\"isPartOf\":{\"@id\":\"https:\\\/\\\/sud.svmep.ch\\\/svmep\\\/#website\"},\"primaryImageOfPage\":{\"@id\":\"https:\\\/\\\/sud.svmep.ch\\\/svmep\\\/gazette-svmep-allo-lune-terre-letrange-communication-dfjc\\\/#primaryimage\"},\"image\":{\"@id\":\"https:\\\/\\\/sud.svmep.ch\\\/svmep\\\/gazette-svmep-allo-lune-terre-letrange-communication-dfjc\\\/#primaryimage\"},\"thumbnailUrl\":\"https:\\\/\\\/sud.svmep.ch\\\/svmep\\\/wp-content\\\/uploads\\\/2005\\\/09\\\/jpg_logo2.jpg\",\"datePublished\":\"2020-02-04T16:02:33+00:00\",\"dateModified\":\"2024-10-14T13:42:13+00:00\",\"breadcrumb\":{\"@id\":\"https:\\\/\\\/sud.svmep.ch\\\/svmep\\\/gazette-svmep-allo-lune-terre-letrange-communication-dfjc\\\/#breadcrumb\"},\"inLanguage\":\"fr-FR\",\"potentialAction\":[{\"@type\":\"ReadAction\",\"target\":[\"https:\\\/\\\/sud.svmep.ch\\\/svmep\\\/gazette-svmep-allo-lune-terre-letrange-communication-dfjc\\\/\"]}]},{\"@type\":\"ImageObject\",\"inLanguage\":\"fr-FR\",\"@id\":\"https:\\\/\\\/sud.svmep.ch\\\/svmep\\\/gazette-svmep-allo-lune-terre-letrange-communication-dfjc\\\/#primaryimage\",\"url\":\"https:\\\/\\\/sud.svmep.ch\\\/svmep\\\/wp-content\\\/uploads\\\/2005\\\/09\\\/jpg_logo2.jpg\",\"contentUrl\":\"https:\\\/\\\/sud.svmep.ch\\\/svmep\\\/wp-content\\\/uploads\\\/2005\\\/09\\\/jpg_logo2.jpg\",\"width\":100,\"height\":100},{\"@type\":\"BreadcrumbList\",\"@id\":\"https:\\\/\\\/sud.svmep.ch\\\/svmep\\\/gazette-svmep-allo-lune-terre-letrange-communication-dfjc\\\/#breadcrumb\",\"itemListElement\":[{\"@type\":\"ListItem\",\"position\":1,\"name\":\"Accueil\",\"item\":\"https:\\\/\\\/sud.svmep.ch\\\/svmep\\\/\"},{\"@type\":\"ListItem\",\"position\":2,\"name\":\"Gazette SVMEP\",\"item\":\"https:\\\/\\\/sud.svmep.ch\\\/svmep\\\/category\\\/gazette-svmep\\\/\"},{\"@type\":\"ListItem\",\"position\":3,\"name\":\"All\u00f4 la Lune, ici la Terre ! Ou l&rsquo;\u00e9trange communication du DFJC\u2026\"}]},{\"@type\":\"WebSite\",\"@id\":\"https:\\\/\\\/sud.svmep.ch\\\/svmep\\\/#website\",\"url\":\"https:\\\/\\\/sud.svmep.ch\\\/svmep\\\/\",\"name\":\"Syndicat vaudois des ma\u00eetres.ses de l'enseignement professionnel\",\"description\":\"\",\"publisher\":{\"@id\":\"https:\\\/\\\/sud.svmep.ch\\\/svmep\\\/#organization\"},\"alternateName\":\"SVMEP\",\"potentialAction\":[{\"@type\":\"SearchAction\",\"target\":{\"@type\":\"EntryPoint\",\"urlTemplate\":\"https:\\\/\\\/sud.svmep.ch\\\/svmep\\\/?s={search_term_string}\"},\"query-input\":{\"@type\":\"PropertyValueSpecification\",\"valueRequired\":true,\"valueName\":\"search_term_string\"}}],\"inLanguage\":\"fr-FR\"},{\"@type\":\"Organization\",\"@id\":\"https:\\\/\\\/sud.svmep.ch\\\/svmep\\\/#organization\",\"name\":\"Syndicat vaudois des ma\u00eetres.ses de l'enseignement professionnel SVMEP\",\"alternateName\":\"SVMEP\",\"url\":\"https:\\\/\\\/sud.svmep.ch\\\/svmep\\\/\",\"logo\":{\"@type\":\"ImageObject\",\"inLanguage\":\"fr-FR\",\"@id\":\"https:\\\/\\\/sud.svmep.ch\\\/svmep\\\/#\\\/schema\\\/logo\\\/image\\\/\",\"url\":\"https:\\\/\\\/sud.svmep.ch\\\/svmep\\\/wp-content\\\/uploads\\\/2024\\\/09\\\/svmep150x260.jpg\",\"contentUrl\":\"https:\\\/\\\/sud.svmep.ch\\\/svmep\\\/wp-content\\\/uploads\\\/2024\\\/09\\\/svmep150x260.jpg\",\"width\":226,\"height\":127,\"caption\":\"Syndicat vaudois des ma\u00eetres.ses de l'enseignement professionnel SVMEP\"},\"image\":{\"@id\":\"https:\\\/\\\/sud.svmep.ch\\\/svmep\\\/#\\\/schema\\\/logo\\\/image\\\/\"}},{\"@type\":\"Person\",\"@id\":\"https:\\\/\\\/sud.svmep.ch\\\/svmep\\\/#\\\/schema\\\/person\\\/c89c46f48a039b5e5bc4a8eeeab1aece\",\"name\":\"svmep-webmaster\",\"image\":{\"@type\":\"ImageObject\",\"inLanguage\":\"fr-FR\",\"@id\":\"https:\\\/\\\/secure.gravatar.com\\\/avatar\\\/75b5925b5ca4f3df48f6bb05f81ad13dab8238efffb28bf26c5f1682dff96ea6?s=96&d=mm&r=g\",\"url\":\"https:\\\/\\\/secure.gravatar.com\\\/avatar\\\/75b5925b5ca4f3df48f6bb05f81ad13dab8238efffb28bf26c5f1682dff96ea6?s=96&d=mm&r=g\",\"contentUrl\":\"https:\\\/\\\/secure.gravatar.com\\\/avatar\\\/75b5925b5ca4f3df48f6bb05f81ad13dab8238efffb28bf26c5f1682dff96ea6?s=96&d=mm&r=g\",\"caption\":\"svmep-webmaster\"}}]}<\/script>\n<!-- \/ Yoast SEO plugin. -->","yoast_head_json":{"title":"All\u00f4 la Lune, ici la Terre ! Ou l'\u00e9trange communication du DFJC\u2026 - svmep.ch","robots":{"index":"index","follow":"follow","max-snippet":"max-snippet:-1","max-image-preview":"max-image-preview:large","max-video-preview":"max-video-preview:-1"},"canonical":"https:\/\/sud.svmep.ch\/svmep\/gazette-svmep-allo-lune-terre-letrange-communication-dfjc\/","og_locale":"fr_FR","og_type":"article","og_title":"All\u00f4 la Lune, ici la Terre ! Ou l'\u00e9trange communication du DFJC\u2026 - svmep.ch","og_description":"La nouvelle Gazette du SVMEP est consacr\u00e9e aux \u00e9tranges mani\u00e8res, en mati\u00e8re de communication, du DFJC. Notre syndicat adresse r\u00e9guli\u00e8rement des courriers \u00e0 la Cheffe du d\u00e9partement, pour demander des [&hellip;]","og_url":"https:\/\/sud.svmep.ch\/svmep\/gazette-svmep-allo-lune-terre-letrange-communication-dfjc\/","og_site_name":"svmep.ch","article_published_time":"2020-02-04T16:02:33+00:00","article_modified_time":"2024-10-14T13:42:13+00:00","og_image":[{"width":100,"height":100,"url":"https:\/\/sud.svmep.ch\/svmep\/wp-content\/uploads\/2005\/09\/jpg_logo2.jpg","type":"image\/jpeg"}],"author":"svmep-webmaster","twitter_card":"summary_large_image","schema":{"@context":"https:\/\/schema.org","@graph":[{"@type":"Article","@id":"https:\/\/sud.svmep.ch\/svmep\/gazette-svmep-allo-lune-terre-letrange-communication-dfjc\/#article","isPartOf":{"@id":"https:\/\/sud.svmep.ch\/svmep\/gazette-svmep-allo-lune-terre-letrange-communication-dfjc\/"},"author":{"name":"svmep-webmaster","@id":"https:\/\/sud.svmep.ch\/svmep\/#\/schema\/person\/c89c46f48a039b5e5bc4a8eeeab1aece"},"headline":"All\u00f4 la Lune, ici la Terre ! Ou l&rsquo;\u00e9trange communication du DFJC\u2026","datePublished":"2020-02-04T16:02:33+00:00","dateModified":"2024-10-14T13:42:13+00:00","mainEntityOfPage":{"@id":"https:\/\/sud.svmep.ch\/svmep\/gazette-svmep-allo-lune-terre-letrange-communication-dfjc\/"},"wordCount":172,"publisher":{"@id":"https:\/\/sud.svmep.ch\/svmep\/#organization"},"image":{"@id":"https:\/\/sud.svmep.ch\/svmep\/gazette-svmep-allo-lune-terre-letrange-communication-dfjc\/#primaryimage"},"thumbnailUrl":"https:\/\/sud.svmep.ch\/svmep\/wp-content\/uploads\/2005\/09\/jpg_logo2.jpg","articleSection":["Gazette SVMEP"],"inLanguage":"fr-FR"},{"@type":"WebPage","@id":"https:\/\/sud.svmep.ch\/svmep\/gazette-svmep-allo-lune-terre-letrange-communication-dfjc\/","url":"https:\/\/sud.svmep.ch\/svmep\/gazette-svmep-allo-lune-terre-letrange-communication-dfjc\/","name":"All\u00f4 la Lune, ici la Terre ! Ou l'\u00e9trange communication du DFJC\u2026 - svmep.ch","isPartOf":{"@id":"https:\/\/sud.svmep.ch\/svmep\/#website"},"primaryImageOfPage":{"@id":"https:\/\/sud.svmep.ch\/svmep\/gazette-svmep-allo-lune-terre-letrange-communication-dfjc\/#primaryimage"},"image":{"@id":"https:\/\/sud.svmep.ch\/svmep\/gazette-svmep-allo-lune-terre-letrange-communication-dfjc\/#primaryimage"},"thumbnailUrl":"https:\/\/sud.svmep.ch\/svmep\/wp-content\/uploads\/2005\/09\/jpg_logo2.jpg","datePublished":"2020-02-04T16:02:33+00:00","dateModified":"2024-10-14T13:42:13+00:00","breadcrumb":{"@id":"https:\/\/sud.svmep.ch\/svmep\/gazette-svmep-allo-lune-terre-letrange-communication-dfjc\/#breadcrumb"},"inLanguage":"fr-FR","potentialAction":[{"@type":"ReadAction","target":["https:\/\/sud.svmep.ch\/svmep\/gazette-svmep-allo-lune-terre-letrange-communication-dfjc\/"]}]},{"@type":"ImageObject","inLanguage":"fr-FR","@id":"https:\/\/sud.svmep.ch\/svmep\/gazette-svmep-allo-lune-terre-letrange-communication-dfjc\/#primaryimage","url":"https:\/\/sud.svmep.ch\/svmep\/wp-content\/uploads\/2005\/09\/jpg_logo2.jpg","contentUrl":"https:\/\/sud.svmep.ch\/svmep\/wp-content\/uploads\/2005\/09\/jpg_logo2.jpg","width":100,"height":100},{"@type":"BreadcrumbList","@id":"https:\/\/sud.svmep.ch\/svmep\/gazette-svmep-allo-lune-terre-letrange-communication-dfjc\/#breadcrumb","itemListElement":[{"@type":"ListItem","position":1,"name":"Accueil","item":"https:\/\/sud.svmep.ch\/svmep\/"},{"@type":"ListItem","position":2,"name":"Gazette SVMEP","item":"https:\/\/sud.svmep.ch\/svmep\/category\/gazette-svmep\/"},{"@type":"ListItem","position":3,"name":"All\u00f4 la Lune, ici la Terre ! Ou l&rsquo;\u00e9trange communication du DFJC\u2026"}]},{"@type":"WebSite","@id":"https:\/\/sud.svmep.ch\/svmep\/#website","url":"https:\/\/sud.svmep.ch\/svmep\/","name":"Syndicat vaudois des ma\u00eetres.ses de l'enseignement professionnel","description":"","publisher":{"@id":"https:\/\/sud.svmep.ch\/svmep\/#organization"},"alternateName":"SVMEP","potentialAction":[{"@type":"SearchAction","target":{"@type":"EntryPoint","urlTemplate":"https:\/\/sud.svmep.ch\/svmep\/?s={search_term_string}"},"query-input":{"@type":"PropertyValueSpecification","valueRequired":true,"valueName":"search_term_string"}}],"inLanguage":"fr-FR"},{"@type":"Organization","@id":"https:\/\/sud.svmep.ch\/svmep\/#organization","name":"Syndicat vaudois des ma\u00eetres.ses de l'enseignement professionnel SVMEP","alternateName":"SVMEP","url":"https:\/\/sud.svmep.ch\/svmep\/","logo":{"@type":"ImageObject","inLanguage":"fr-FR","@id":"https:\/\/sud.svmep.ch\/svmep\/#\/schema\/logo\/image\/","url":"https:\/\/sud.svmep.ch\/svmep\/wp-content\/uploads\/2024\/09\/svmep150x260.jpg","contentUrl":"https:\/\/sud.svmep.ch\/svmep\/wp-content\/uploads\/2024\/09\/svmep150x260.jpg","width":226,"height":127,"caption":"Syndicat vaudois des ma\u00eetres.ses de l'enseignement professionnel SVMEP"},"image":{"@id":"https:\/\/sud.svmep.ch\/svmep\/#\/schema\/logo\/image\/"}},{"@type":"Person","@id":"https:\/\/sud.svmep.ch\/svmep\/#\/schema\/person\/c89c46f48a039b5e5bc4a8eeeab1aece","name":"svmep-webmaster","image":{"@type":"ImageObject","inLanguage":"fr-FR","@id":"https:\/\/secure.gravatar.com\/avatar\/75b5925b5ca4f3df48f6bb05f81ad13dab8238efffb28bf26c5f1682dff96ea6?s=96&d=mm&r=g","url":"https:\/\/secure.gravatar.com\/avatar\/75b5925b5ca4f3df48f6bb05f81ad13dab8238efffb28bf26c5f1682dff96ea6?s=96&d=mm&r=g","contentUrl":"https:\/\/secure.gravatar.com\/avatar\/75b5925b5ca4f3df48f6bb05f81ad13dab8238efffb28bf26c5f1682dff96ea6?s=96&d=mm&r=g","caption":"svmep-webmaster"}}]}},"_links":{"self":[{"href":"https:\/\/sud.svmep.ch\/svmep\/wp-json\/wp\/v2\/posts\/606","targetHints":{"allow":["GET"]}}],"collection":[{"href":"https:\/\/sud.svmep.ch\/svmep\/wp-json\/wp\/v2\/posts"}],"about":[{"href":"https:\/\/sud.svmep.ch\/svmep\/wp-json\/wp\/v2\/types\/post"}],"author":[{"embeddable":true,"href":"https:\/\/sud.svmep.ch\/svmep\/wp-json\/wp\/v2\/users\/4"}],"replies":[{"embeddable":true,"href":"https:\/\/sud.svmep.ch\/svmep\/wp-json\/wp\/v2\/comments?post=606"}],"version-history":[{"count":0,"href":"https:\/\/sud.svmep.ch\/svmep\/wp-json\/wp\/v2\/posts\/606\/revisions"}],"wp:featuredmedia":[{"embeddable":true,"href":"https:\/\/sud.svmep.ch\/svmep\/wp-json\/wp\/v2\/media\/354"}],"wp:attachment":[{"href":"https:\/\/sud.svmep.ch\/svmep\/wp-json\/wp\/v2\/media?parent=606"}],"wp:term":[{"taxonomy":"category","embeddable":true,"href":"https:\/\/sud.svmep.ch\/svmep\/wp-json\/wp\/v2\/categories?post=606"},{"taxonomy":"post_tag","embeddable":true,"href":"https:\/\/sud.svmep.ch\/svmep\/wp-json\/wp\/v2\/tags?post=606"}],"curies":[{"name":"wp","href":"https:\/\/api.w.org\/{rel}","templated":true}]}}