{"id":614,"date":"2020-02-10T10:47:00","date_gmt":"2020-02-10T09:47:00","guid":{"rendered":"http:\/\/sud.svmep.ch\/?p=614"},"modified":"2025-04-25T16:34:51","modified_gmt":"2025-04-25T15:34:51","slug":"ag-des-mep-i-et-ii-resolution-de-lassemblee","status":"publish","type":"post","link":"https:\/\/sud.svmep.ch\/svmep\/ag-des-mep-i-et-ii-resolution-de-lassemblee\/","title":{"rendered":"AG des MEP I et II : r\u00e9solution de l&rsquo;assembl\u00e9e"},"content":{"rendered":"<div class=\"wp-block-post-date\"><time datetime=\"2020-02-10T10:47:00+01:00\">10 f\u00e9vrier 2020<\/time><\/div>\n\n<h4>R\u00e9solution adopt\u00e9e lors de l&rsquo;AG cantonale des ma\u00eetres.ses d&rsquo;enseignement professionnel, MEP I &amp; II, et des enseignant.e.s solidaires, le 6 f\u00e9vrier 2020.<\/h4>\n<p>L&rsquo;Assembl\u00e9e se tenait \u00e0 propos de l&rsquo;in\u00e9galit\u00e9 de classification et l&rsquo;in\u00e9galit\u00e9 salariale existant au sein m\u00eame du corps professoral enseignant dans les \u00e9coles professionnelles.<\/p>\n<p>Vous pouvez lire le texte complet de la r\u00e9solution adopt\u00e9e par cette assembl\u00e9e\u00a0<a href=\"http:\/\/sud.svmep.ch\/svmep\/wp-content\/uploads\/2020\/02\/2020-02-06-resolution-mep-IIIfinale.pdf\">ici<\/a>.<\/p>\n<p>Le comit\u00e9 du SVMEP<\/p>","protected":false},"excerpt":{"rendered":"<p>10 f\u00e9vrier 2020 R\u00e9solution adopt\u00e9e lors de l&rsquo;AG cantonale des ma\u00eetres.ses d&rsquo;enseignement professionnel, MEP I &amp; II, et des enseignant.e.s solidaires, le 6 f\u00e9vrier 2020. L&rsquo;Assembl\u00e9e se tenait \u00e0 propos [&hellip;]<\/p>\n","protected":false},"author":4,"featured_media":1768,"comment_status":"closed","ping_status":"closed","sticky":false,"template":"","format":"standard","meta":{"footnotes":""},"categories":[20],"tags":[39,31,32],"class_list":["post-614","post","type-post","status-publish","format-standard","has-post-thumbnail","hentry","category-classification-des-mep","tag-mep","tag-mobilisation","tag-salaire"],"yoast_head":"<!-- This site is optimized with the Yoast SEO plugin v27.4 - https:\/\/yoast.com\/product\/yoast-seo-wordpress\/ -->\n<title>AG des MEP I et II : r\u00e9solution de l&#039;assembl\u00e9e - svmep.ch<\/title>\n<meta name=\"description\" content=\"R\u00e9solution adopt\u00e9e lors de l&#039;AG cantonale des ma\u00eetres.ses d&#039;enseignement professionnel et des enseignant.e.s solidaires, le 6 f\u00e9vrier 2020.\" \/>\n<meta name=\"robots\" content=\"index, follow, max-snippet:-1, max-image-preview:large, max-video-preview:-1\" \/>\n<link rel=\"canonical\" href=\"https:\/\/sud.svmep.ch\/svmep\/ag-mep-i-ii-6-2-2020-resolution-de-lassemblee\/\" \/>\n<meta property=\"og:locale\" content=\"fr_FR\" \/>\n<meta property=\"og:type\" content=\"article\" \/>\n<meta property=\"og:title\" content=\"AG des MEP I et II : r\u00e9solution de l&#039;assembl\u00e9e - svmep.ch\" \/>\n<meta property=\"og:description\" content=\"R\u00e9solution adopt\u00e9e lors de l&#039;AG cantonale des ma\u00eetres.ses d&#039;enseignement professionnel et des enseignant.e.s solidaires, le 6 f\u00e9vrier 2020.\" \/>\n<meta property=\"og:url\" content=\"https:\/\/sud.svmep.ch\/svmep\/ag-mep-i-ii-6-2-2020-resolution-de-lassemblee\/\" \/>\n<meta property=\"og:site_name\" content=\"svmep.ch\" \/>\n<meta property=\"article:published_time\" content=\"2020-02-10T09:47:00+00:00\" \/>\n<meta property=\"article:modified_time\" content=\"2025-04-25T15:34:51+00:00\" \/>\n<meta property=\"og:image\" content=\"https:\/\/sud.svmep.ch\/svmep\/wp-content\/uploads\/2024\/11\/vis-tampon.png\" \/>\n\t<meta property=\"og:image:width\" content=\"495\" \/>\n\t<meta property=\"og:image:height\" content=\"495\" \/>\n\t<meta property=\"og:image:type\" content=\"image\/png\" \/>\n<meta name=\"author\" content=\"svmep-webmaster\" \/>\n<meta name=\"twitter:card\" content=\"summary_large_image\" \/>\n<script type=\"application\/ld+json\" class=\"yoast-schema-graph\">{\"@context\":\"https:\\\/\\\/schema.org\",\"@graph\":[{\"@type\":\"Article\",\"@id\":\"https:\\\/\\\/sud.svmep.ch\\\/svmep\\\/ag-mep-i-ii-6-2-2020-resolution-de-lassemblee\\\/#article\",\"isPartOf\":{\"@id\":\"https:\\\/\\\/sud.svmep.ch\\\/svmep\\\/ag-des-mep-i-et-ii-resolution-de-lassemblee\\\/\"},\"author\":{\"name\":\"svmep-webmaster\",\"@id\":\"https:\\\/\\\/sud.svmep.ch\\\/svmep\\\/#\\\/schema\\\/person\\\/c89c46f48a039b5e5bc4a8eeeab1aece\"},\"headline\":\"AG des MEP I et II : r\u00e9solution de l&rsquo;assembl\u00e9e\",\"datePublished\":\"2020-02-10T09:47:00+00:00\",\"dateModified\":\"2025-04-25T15:34:51+00:00\",\"mainEntityOfPage\":{\"@id\":\"https:\\\/\\\/sud.svmep.ch\\\/svmep\\\/ag-des-mep-i-et-ii-resolution-de-lassemblee\\\/\"},\"wordCount\":86,\"publisher\":{\"@id\":\"https:\\\/\\\/sud.svmep.ch\\\/svmep\\\/#organization\"},\"image\":{\"@id\":\"https:\\\/\\\/sud.svmep.ch\\\/svmep\\\/ag-mep-i-ii-6-2-2020-resolution-de-lassemblee\\\/#primaryimage\"},\"thumbnailUrl\":\"https:\\\/\\\/sud.svmep.ch\\\/svmep\\\/wp-content\\\/uploads\\\/2024\\\/11\\\/vis-tampon.png\",\"keywords\":[\"classification des MEP\",\"mobilisation\",\"salaire\"],\"articleSection\":[\"Classification des MEP\"],\"inLanguage\":\"fr-FR\"},{\"@type\":\"WebPage\",\"@id\":\"https:\\\/\\\/sud.svmep.ch\\\/svmep\\\/ag-des-mep-i-et-ii-resolution-de-lassemblee\\\/\",\"url\":\"https:\\\/\\\/sud.svmep.ch\\\/svmep\\\/ag-mep-i-ii-6-2-2020-resolution-de-lassemblee\\\/\",\"name\":\"AG des MEP I et II : r\u00e9solution de l'assembl\u00e9e - svmep.ch\",\"isPartOf\":{\"@id\":\"https:\\\/\\\/sud.svmep.ch\\\/svmep\\\/#website\"},\"primaryImageOfPage\":{\"@id\":\"https:\\\/\\\/sud.svmep.ch\\\/svmep\\\/ag-mep-i-ii-6-2-2020-resolution-de-lassemblee\\\/#primaryimage\"},\"image\":{\"@id\":\"https:\\\/\\\/sud.svmep.ch\\\/svmep\\\/ag-mep-i-ii-6-2-2020-resolution-de-lassemblee\\\/#primaryimage\"},\"thumbnailUrl\":\"https:\\\/\\\/sud.svmep.ch\\\/svmep\\\/wp-content\\\/uploads\\\/2024\\\/11\\\/vis-tampon.png\",\"datePublished\":\"2020-02-10T09:47:00+00:00\",\"dateModified\":\"2025-04-25T15:34:51+00:00\",\"description\":\"R\u00e9solution adopt\u00e9e lors de l'AG cantonale des ma\u00eetres.ses d'enseignement professionnel et des enseignant.e.s solidaires, le 6 f\u00e9vrier 2020.\",\"breadcrumb\":{\"@id\":\"https:\\\/\\\/sud.svmep.ch\\\/svmep\\\/ag-mep-i-ii-6-2-2020-resolution-de-lassemblee\\\/#breadcrumb\"},\"inLanguage\":\"fr-FR\",\"potentialAction\":[{\"@type\":\"ReadAction\",\"target\":[\"https:\\\/\\\/sud.svmep.ch\\\/svmep\\\/ag-mep-i-ii-6-2-2020-resolution-de-lassemblee\\\/\"]}]},{\"@type\":\"ImageObject\",\"inLanguage\":\"fr-FR\",\"@id\":\"https:\\\/\\\/sud.svmep.ch\\\/svmep\\\/ag-mep-i-ii-6-2-2020-resolution-de-lassemblee\\\/#primaryimage\",\"url\":\"https:\\\/\\\/sud.svmep.ch\\\/svmep\\\/wp-content\\\/uploads\\\/2024\\\/11\\\/vis-tampon.png\",\"contentUrl\":\"https:\\\/\\\/sud.svmep.ch\\\/svmep\\\/wp-content\\\/uploads\\\/2024\\\/11\\\/vis-tampon.png\",\"width\":495,\"height\":495},{\"@type\":\"BreadcrumbList\",\"@id\":\"https:\\\/\\\/sud.svmep.ch\\\/svmep\\\/ag-mep-i-ii-6-2-2020-resolution-de-lassemblee\\\/#breadcrumb\",\"itemListElement\":[{\"@type\":\"ListItem\",\"position\":1,\"name\":\"Accueil\",\"item\":\"https:\\\/\\\/sud.svmep.ch\\\/svmep\\\/\"},{\"@type\":\"ListItem\",\"position\":2,\"name\":\"Classification des MEP\",\"item\":\"https:\\\/\\\/sud.svmep.ch\\\/svmep\\\/category\\\/classification-des-mep\\\/\"},{\"@type\":\"ListItem\",\"position\":3,\"name\":\"AG des MEP I et II : r\u00e9solution de l&rsquo;assembl\u00e9e\"}]},{\"@type\":\"WebSite\",\"@id\":\"https:\\\/\\\/sud.svmep.ch\\\/svmep\\\/#website\",\"url\":\"https:\\\/\\\/sud.svmep.ch\\\/svmep\\\/\",\"name\":\"Syndicat vaudois des ma\u00eetres.ses de l'enseignement professionnel\",\"description\":\"\",\"publisher\":{\"@id\":\"https:\\\/\\\/sud.svmep.ch\\\/svmep\\\/#organization\"},\"alternateName\":\"SVMEP\",\"potentialAction\":[{\"@type\":\"SearchAction\",\"target\":{\"@type\":\"EntryPoint\",\"urlTemplate\":\"https:\\\/\\\/sud.svmep.ch\\\/svmep\\\/?s={search_term_string}\"},\"query-input\":{\"@type\":\"PropertyValueSpecification\",\"valueRequired\":true,\"valueName\":\"search_term_string\"}}],\"inLanguage\":\"fr-FR\"},{\"@type\":\"Organization\",\"@id\":\"https:\\\/\\\/sud.svmep.ch\\\/svmep\\\/#organization\",\"name\":\"Syndicat vaudois des ma\u00eetres.ses de l'enseignement professionnel SVMEP\",\"alternateName\":\"SVMEP\",\"url\":\"https:\\\/\\\/sud.svmep.ch\\\/svmep\\\/\",\"logo\":{\"@type\":\"ImageObject\",\"inLanguage\":\"fr-FR\",\"@id\":\"https:\\\/\\\/sud.svmep.ch\\\/svmep\\\/#\\\/schema\\\/logo\\\/image\\\/\",\"url\":\"https:\\\/\\\/sud.svmep.ch\\\/svmep\\\/wp-content\\\/uploads\\\/2024\\\/09\\\/svmep150x260.jpg\",\"contentUrl\":\"https:\\\/\\\/sud.svmep.ch\\\/svmep\\\/wp-content\\\/uploads\\\/2024\\\/09\\\/svmep150x260.jpg\",\"width\":226,\"height\":127,\"caption\":\"Syndicat vaudois des ma\u00eetres.ses de l'enseignement professionnel SVMEP\"},\"image\":{\"@id\":\"https:\\\/\\\/sud.svmep.ch\\\/svmep\\\/#\\\/schema\\\/logo\\\/image\\\/\"}},{\"@type\":\"Person\",\"@id\":\"https:\\\/\\\/sud.svmep.ch\\\/svmep\\\/#\\\/schema\\\/person\\\/c89c46f48a039b5e5bc4a8eeeab1aece\",\"name\":\"svmep-webmaster\",\"image\":{\"@type\":\"ImageObject\",\"inLanguage\":\"fr-FR\",\"@id\":\"https:\\\/\\\/secure.gravatar.com\\\/avatar\\\/75b5925b5ca4f3df48f6bb05f81ad13dab8238efffb28bf26c5f1682dff96ea6?s=96&d=mm&r=g\",\"url\":\"https:\\\/\\\/secure.gravatar.com\\\/avatar\\\/75b5925b5ca4f3df48f6bb05f81ad13dab8238efffb28bf26c5f1682dff96ea6?s=96&d=mm&r=g\",\"contentUrl\":\"https:\\\/\\\/secure.gravatar.com\\\/avatar\\\/75b5925b5ca4f3df48f6bb05f81ad13dab8238efffb28bf26c5f1682dff96ea6?s=96&d=mm&r=g\",\"caption\":\"svmep-webmaster\"}}]}<\/script>\n<!-- \/ Yoast SEO plugin. -->","yoast_head_json":{"title":"AG des MEP I et II : r\u00e9solution de l'assembl\u00e9e - svmep.ch","description":"R\u00e9solution adopt\u00e9e lors de l'AG cantonale des ma\u00eetres.ses d'enseignement professionnel et des enseignant.e.s solidaires, le 6 f\u00e9vrier 2020.","robots":{"index":"index","follow":"follow","max-snippet":"max-snippet:-1","max-image-preview":"max-image-preview:large","max-video-preview":"max-video-preview:-1"},"canonical":"https:\/\/sud.svmep.ch\/svmep\/ag-mep-i-ii-6-2-2020-resolution-de-lassemblee\/","og_locale":"fr_FR","og_type":"article","og_title":"AG des MEP I et II : r\u00e9solution de l'assembl\u00e9e - svmep.ch","og_description":"R\u00e9solution adopt\u00e9e lors de l'AG cantonale des ma\u00eetres.ses d'enseignement professionnel et des enseignant.e.s solidaires, le 6 f\u00e9vrier 2020.","og_url":"https:\/\/sud.svmep.ch\/svmep\/ag-mep-i-ii-6-2-2020-resolution-de-lassemblee\/","og_site_name":"svmep.ch","article_published_time":"2020-02-10T09:47:00+00:00","article_modified_time":"2025-04-25T15:34:51+00:00","og_image":[{"width":495,"height":495,"url":"https:\/\/sud.svmep.ch\/svmep\/wp-content\/uploads\/2024\/11\/vis-tampon.png","type":"image\/png"}],"author":"svmep-webmaster","twitter_card":"summary_large_image","schema":{"@context":"https:\/\/schema.org","@graph":[{"@type":"Article","@id":"https:\/\/sud.svmep.ch\/svmep\/ag-mep-i-ii-6-2-2020-resolution-de-lassemblee\/#article","isPartOf":{"@id":"https:\/\/sud.svmep.ch\/svmep\/ag-des-mep-i-et-ii-resolution-de-lassemblee\/"},"author":{"name":"svmep-webmaster","@id":"https:\/\/sud.svmep.ch\/svmep\/#\/schema\/person\/c89c46f48a039b5e5bc4a8eeeab1aece"},"headline":"AG des MEP I et II : r\u00e9solution de l&rsquo;assembl\u00e9e","datePublished":"2020-02-10T09:47:00+00:00","dateModified":"2025-04-25T15:34:51+00:00","mainEntityOfPage":{"@id":"https:\/\/sud.svmep.ch\/svmep\/ag-des-mep-i-et-ii-resolution-de-lassemblee\/"},"wordCount":86,"publisher":{"@id":"https:\/\/sud.svmep.ch\/svmep\/#organization"},"image":{"@id":"https:\/\/sud.svmep.ch\/svmep\/ag-mep-i-ii-6-2-2020-resolution-de-lassemblee\/#primaryimage"},"thumbnailUrl":"https:\/\/sud.svmep.ch\/svmep\/wp-content\/uploads\/2024\/11\/vis-tampon.png","keywords":["classification des MEP","mobilisation","salaire"],"articleSection":["Classification des MEP"],"inLanguage":"fr-FR"},{"@type":"WebPage","@id":"https:\/\/sud.svmep.ch\/svmep\/ag-des-mep-i-et-ii-resolution-de-lassemblee\/","url":"https:\/\/sud.svmep.ch\/svmep\/ag-mep-i-ii-6-2-2020-resolution-de-lassemblee\/","name":"AG des MEP I et II : r\u00e9solution de l'assembl\u00e9e - svmep.ch","isPartOf":{"@id":"https:\/\/sud.svmep.ch\/svmep\/#website"},"primaryImageOfPage":{"@id":"https:\/\/sud.svmep.ch\/svmep\/ag-mep-i-ii-6-2-2020-resolution-de-lassemblee\/#primaryimage"},"image":{"@id":"https:\/\/sud.svmep.ch\/svmep\/ag-mep-i-ii-6-2-2020-resolution-de-lassemblee\/#primaryimage"},"thumbnailUrl":"https:\/\/sud.svmep.ch\/svmep\/wp-content\/uploads\/2024\/11\/vis-tampon.png","datePublished":"2020-02-10T09:47:00+00:00","dateModified":"2025-04-25T15:34:51+00:00","description":"R\u00e9solution adopt\u00e9e lors de l'AG cantonale des ma\u00eetres.ses d'enseignement professionnel et des enseignant.e.s solidaires, le 6 f\u00e9vrier 2020.","breadcrumb":{"@id":"https:\/\/sud.svmep.ch\/svmep\/ag-mep-i-ii-6-2-2020-resolution-de-lassemblee\/#breadcrumb"},"inLanguage":"fr-FR","potentialAction":[{"@type":"ReadAction","target":["https:\/\/sud.svmep.ch\/svmep\/ag-mep-i-ii-6-2-2020-resolution-de-lassemblee\/"]}]},{"@type":"ImageObject","inLanguage":"fr-FR","@id":"https:\/\/sud.svmep.ch\/svmep\/ag-mep-i-ii-6-2-2020-resolution-de-lassemblee\/#primaryimage","url":"https:\/\/sud.svmep.ch\/svmep\/wp-content\/uploads\/2024\/11\/vis-tampon.png","contentUrl":"https:\/\/sud.svmep.ch\/svmep\/wp-content\/uploads\/2024\/11\/vis-tampon.png","width":495,"height":495},{"@type":"BreadcrumbList","@id":"https:\/\/sud.svmep.ch\/svmep\/ag-mep-i-ii-6-2-2020-resolution-de-lassemblee\/#breadcrumb","itemListElement":[{"@type":"ListItem","position":1,"name":"Accueil","item":"https:\/\/sud.svmep.ch\/svmep\/"},{"@type":"ListItem","position":2,"name":"Classification des MEP","item":"https:\/\/sud.svmep.ch\/svmep\/category\/classification-des-mep\/"},{"@type":"ListItem","position":3,"name":"AG des MEP I et II : r\u00e9solution de l&rsquo;assembl\u00e9e"}]},{"@type":"WebSite","@id":"https:\/\/sud.svmep.ch\/svmep\/#website","url":"https:\/\/sud.svmep.ch\/svmep\/","name":"Syndicat vaudois des ma\u00eetres.ses de l'enseignement professionnel","description":"","publisher":{"@id":"https:\/\/sud.svmep.ch\/svmep\/#organization"},"alternateName":"SVMEP","potentialAction":[{"@type":"SearchAction","target":{"@type":"EntryPoint","urlTemplate":"https:\/\/sud.svmep.ch\/svmep\/?s={search_term_string}"},"query-input":{"@type":"PropertyValueSpecification","valueRequired":true,"valueName":"search_term_string"}}],"inLanguage":"fr-FR"},{"@type":"Organization","@id":"https:\/\/sud.svmep.ch\/svmep\/#organization","name":"Syndicat vaudois des ma\u00eetres.ses de l'enseignement professionnel SVMEP","alternateName":"SVMEP","url":"https:\/\/sud.svmep.ch\/svmep\/","logo":{"@type":"ImageObject","inLanguage":"fr-FR","@id":"https:\/\/sud.svmep.ch\/svmep\/#\/schema\/logo\/image\/","url":"https:\/\/sud.svmep.ch\/svmep\/wp-content\/uploads\/2024\/09\/svmep150x260.jpg","contentUrl":"https:\/\/sud.svmep.ch\/svmep\/wp-content\/uploads\/2024\/09\/svmep150x260.jpg","width":226,"height":127,"caption":"Syndicat vaudois des ma\u00eetres.ses de l'enseignement professionnel SVMEP"},"image":{"@id":"https:\/\/sud.svmep.ch\/svmep\/#\/schema\/logo\/image\/"}},{"@type":"Person","@id":"https:\/\/sud.svmep.ch\/svmep\/#\/schema\/person\/c89c46f48a039b5e5bc4a8eeeab1aece","name":"svmep-webmaster","image":{"@type":"ImageObject","inLanguage":"fr-FR","@id":"https:\/\/secure.gravatar.com\/avatar\/75b5925b5ca4f3df48f6bb05f81ad13dab8238efffb28bf26c5f1682dff96ea6?s=96&d=mm&r=g","url":"https:\/\/secure.gravatar.com\/avatar\/75b5925b5ca4f3df48f6bb05f81ad13dab8238efffb28bf26c5f1682dff96ea6?s=96&d=mm&r=g","contentUrl":"https:\/\/secure.gravatar.com\/avatar\/75b5925b5ca4f3df48f6bb05f81ad13dab8238efffb28bf26c5f1682dff96ea6?s=96&d=mm&r=g","caption":"svmep-webmaster"}}]}},"_links":{"self":[{"href":"https:\/\/sud.svmep.ch\/svmep\/wp-json\/wp\/v2\/posts\/614","targetHints":{"allow":["GET"]}}],"collection":[{"href":"https:\/\/sud.svmep.ch\/svmep\/wp-json\/wp\/v2\/posts"}],"about":[{"href":"https:\/\/sud.svmep.ch\/svmep\/wp-json\/wp\/v2\/types\/post"}],"author":[{"embeddable":true,"href":"https:\/\/sud.svmep.ch\/svmep\/wp-json\/wp\/v2\/users\/4"}],"replies":[{"embeddable":true,"href":"https:\/\/sud.svmep.ch\/svmep\/wp-json\/wp\/v2\/comments?post=614"}],"version-history":[{"count":0,"href":"https:\/\/sud.svmep.ch\/svmep\/wp-json\/wp\/v2\/posts\/614\/revisions"}],"wp:featuredmedia":[{"embeddable":true,"href":"https:\/\/sud.svmep.ch\/svmep\/wp-json\/wp\/v2\/media\/1768"}],"wp:attachment":[{"href":"https:\/\/sud.svmep.ch\/svmep\/wp-json\/wp\/v2\/media?parent=614"}],"wp:term":[{"taxonomy":"category","embeddable":true,"href":"https:\/\/sud.svmep.ch\/svmep\/wp-json\/wp\/v2\/categories?post=614"},{"taxonomy":"post_tag","embeddable":true,"href":"https:\/\/sud.svmep.ch\/svmep\/wp-json\/wp\/v2\/tags?post=614"}],"curies":[{"name":"wp","href":"https:\/\/api.w.org\/{rel}","templated":true}]}}