{"id":619,"date":"2020-02-15T08:44:57","date_gmt":"2020-02-15T07:44:57","guid":{"rendered":"http:\/\/sud.svmep.ch\/?p=619"},"modified":"2026-04-27T14:21:41","modified_gmt":"2026-04-27T12:21:41","slug":"lettre-a-dcerh-revalorisation-salariale-de-chaine-144","status":"publish","type":"post","link":"https:\/\/sud.svmep.ch\/svmep\/lettre-a-dcerh-revalorisation-salariale-de-chaine-144\/","title":{"rendered":"Lettre la Conseill\u00e8re d&rsquo;\u00c9tat Nuria Gorrite, pr\u00e9sidente de la DCERH : revalorisation salariale de la cha\u00eene 144"},"content":{"rendered":"<div class=\"wp-block-post-date\"><time datetime=\"2020-02-15T08:44:57+01:00\">15 f\u00e9vrier 2020<\/time><\/div>\n\n<p><strong>Ouverture de ne\u0301gociations : revalorisation salariale de la chai\u0302ne 144, niveaux 10 et 11, par l&rsquo;introduction rapide d&rsquo;un cliquet aux enseignant.e.s MEP I et II, ainsi que pour une ne\u0301gociation sur leur statut, leur classification et leur promotion.<\/strong><\/p>\n<p>Notre syndicat a \u00e9crit Mme Nuria Gorrite, pr\u00e9sidente de la D\u00e9l\u00e9gation du Conseil d\u2019\u00c9tat aux ressources humaines (DCERH) pour demander l&rsquo;ouverture de n\u00e9gociations sur l&rsquo;attribution rapide d&rsquo;un cliquet aux enseignant.e.s MEP I et II, ainsi que sur leur statut, leur classification et leur promotion.<\/p>\n<p>La lettre envoy\u00e9e \u00e0 la DCERH est \u00e0 lire <a href=\"http:\/\/sud.svmep.ch\/svmep\/wp-content\/uploads\/2020\/02\/2020-02-13-dcerh-mep-I-et-II.pdf\">ici<\/a>.<\/p>\n<p style=\"text-align: right;\"><strong>La presse en parle :<a href=\"https:\/\/sud.svmep.ch\/svmep\/wp-content\/uploads\/2024\/09\/microphone_small.png\"><img loading=\"lazy\" decoding=\"async\" class=\"alignright  wp-image-1146\" src=\"https:\/\/sud.svmep.ch\/svmep\/wp-content\/uploads\/2024\/09\/microphone_small-150x150.png\" alt=\"\" width=\"52\" height=\"52\" \/><\/a><\/strong><br \/><a href=\"https:\/\/www.24heures.ch\/sud-repart-en-croisade-pour-les-profs-104361323680\" target=\"_blank\" rel=\"noopener\"><em>SUD repart en croisade pour les profs<\/em><\/a>, 24 heures<br \/><em><a href=\"https:\/\/www.lfm.ch\/actualite\/suisse\/romandie\/vaud\/les-maitres-des-branches-de-cfc-demandent-plus-de-reconnaissance\/\" target=\"_blank\" rel=\"noopener\">Les ma\u00eetres des branches de CFC demandent plus de reconnaissance<\/a><\/em>, LFM<\/p>","protected":false},"excerpt":{"rendered":"<p>15 f\u00e9vrier 2020 Ouverture de ne\u0301gociations : revalorisation salariale de la chai\u0302ne 144, niveaux 10 et 11, par l&rsquo;introduction rapide d&rsquo;un cliquet aux enseignant.e.s MEP I et II, ainsi que [&hellip;]<\/p>\n","protected":false},"author":4,"featured_media":0,"comment_status":"closed","ping_status":"closed","sticky":false,"template":"","format":"standard","meta":{"footnotes":""},"categories":[20],"tags":[39,32],"class_list":["post-619","post","type-post","status-publish","format-standard","hentry","category-classification-des-mep","tag-mep","tag-salaire"],"yoast_head":"<!-- This site is optimized with the Yoast SEO plugin v27.4 - https:\/\/yoast.com\/product\/yoast-seo-wordpress\/ -->\n<title>Lettre la Conseill\u00e8re d&#039;\u00c9tat Nuria Gorrite, pr\u00e9sidente de la DCERH : revalorisation salariale de la cha\u00eene 144 - svmep.ch<\/title>\n<meta name=\"description\" content=\"Lettre la Conseill\u00e8re d&#039;\u00c9tat Nuria Gorrite : revalorisation salariale de la cha\u00eene 144 par l&#039;introduction d&#039;un cliquet.\" \/>\n<meta name=\"robots\" content=\"index, follow, max-snippet:-1, max-image-preview:large, max-video-preview:-1\" \/>\n<link rel=\"canonical\" href=\"https:\/\/sud.svmep.ch\/svmep\/lettre-a-dcerh-revalorisation-salariale-de-chaine-144\/\" \/>\n<meta property=\"og:locale\" content=\"fr_FR\" \/>\n<meta property=\"og:type\" content=\"article\" \/>\n<meta property=\"og:title\" content=\"Lettre la Conseill\u00e8re d&#039;\u00c9tat Nuria Gorrite, pr\u00e9sidente de la DCERH : revalorisation salariale de la cha\u00eene 144 - svmep.ch\" \/>\n<meta property=\"og:description\" content=\"Lettre la Conseill\u00e8re d&#039;\u00c9tat Nuria Gorrite : revalorisation salariale de la cha\u00eene 144 par l&#039;introduction d&#039;un cliquet.\" \/>\n<meta property=\"og:url\" content=\"https:\/\/sud.svmep.ch\/svmep\/lettre-a-dcerh-revalorisation-salariale-de-chaine-144\/\" \/>\n<meta property=\"og:site_name\" content=\"svmep.ch\" \/>\n<meta property=\"article:published_time\" content=\"2020-02-15T07:44:57+00:00\" \/>\n<meta property=\"article:modified_time\" content=\"2026-04-27T12:21:41+00:00\" \/>\n<meta property=\"og:image\" content=\"https:\/\/sud.svmep.ch\/svmep\/wp-content\/uploads\/2024\/09\/microphone_small.png\" \/>\n\t<meta property=\"og:image:width\" content=\"500\" \/>\n\t<meta property=\"og:image:height\" content=\"521\" \/>\n\t<meta property=\"og:image:type\" content=\"image\/png\" \/>\n<meta name=\"author\" content=\"svmep-webmaster\" \/>\n<meta name=\"twitter:card\" content=\"summary_large_image\" \/>\n<script type=\"application\/ld+json\" class=\"yoast-schema-graph\">{\"@context\":\"https:\\\/\\\/schema.org\",\"@graph\":[{\"@type\":\"Article\",\"@id\":\"https:\\\/\\\/sud.svmep.ch\\\/svmep\\\/lettre-a-dcerh-revalorisation-salariale-de-chaine-144\\\/#article\",\"isPartOf\":{\"@id\":\"https:\\\/\\\/sud.svmep.ch\\\/svmep\\\/lettre-a-dcerh-revalorisation-salariale-de-chaine-144\\\/\"},\"author\":{\"name\":\"svmep-webmaster\",\"@id\":\"https:\\\/\\\/sud.svmep.ch\\\/svmep\\\/#\\\/schema\\\/person\\\/c89c46f48a039b5e5bc4a8eeeab1aece\"},\"headline\":\"Lettre la Conseill\u00e8re d&rsquo;\u00c9tat Nuria Gorrite, pr\u00e9sidente de la DCERH : revalorisation salariale de la cha\u00eene 144\",\"datePublished\":\"2020-02-15T07:44:57+00:00\",\"dateModified\":\"2026-04-27T12:21:41+00:00\",\"mainEntityOfPage\":{\"@id\":\"https:\\\/\\\/sud.svmep.ch\\\/svmep\\\/lettre-a-dcerh-revalorisation-salariale-de-chaine-144\\\/\"},\"wordCount\":142,\"publisher\":{\"@id\":\"https:\\\/\\\/sud.svmep.ch\\\/svmep\\\/#organization\"},\"image\":{\"@id\":\"https:\\\/\\\/sud.svmep.ch\\\/svmep\\\/lettre-a-dcerh-revalorisation-salariale-de-chaine-144\\\/#primaryimage\"},\"thumbnailUrl\":\"https:\\\/\\\/sud.svmep.ch\\\/svmep\\\/wp-content\\\/uploads\\\/2024\\\/09\\\/microphone_small-150x150.png\",\"keywords\":[\"classification des MEP\",\"salaire\"],\"articleSection\":[\"Classification des MEP\"],\"inLanguage\":\"fr-FR\"},{\"@type\":\"WebPage\",\"@id\":\"https:\\\/\\\/sud.svmep.ch\\\/svmep\\\/lettre-a-dcerh-revalorisation-salariale-de-chaine-144\\\/\",\"url\":\"https:\\\/\\\/sud.svmep.ch\\\/svmep\\\/lettre-a-dcerh-revalorisation-salariale-de-chaine-144\\\/\",\"name\":\"Lettre la Conseill\u00e8re d'\u00c9tat Nuria Gorrite, pr\u00e9sidente de la DCERH : revalorisation salariale de la cha\u00eene 144 - svmep.ch\",\"isPartOf\":{\"@id\":\"https:\\\/\\\/sud.svmep.ch\\\/svmep\\\/#website\"},\"primaryImageOfPage\":{\"@id\":\"https:\\\/\\\/sud.svmep.ch\\\/svmep\\\/lettre-a-dcerh-revalorisation-salariale-de-chaine-144\\\/#primaryimage\"},\"image\":{\"@id\":\"https:\\\/\\\/sud.svmep.ch\\\/svmep\\\/lettre-a-dcerh-revalorisation-salariale-de-chaine-144\\\/#primaryimage\"},\"thumbnailUrl\":\"https:\\\/\\\/sud.svmep.ch\\\/svmep\\\/wp-content\\\/uploads\\\/2024\\\/09\\\/microphone_small-150x150.png\",\"datePublished\":\"2020-02-15T07:44:57+00:00\",\"dateModified\":\"2026-04-27T12:21:41+00:00\",\"description\":\"Lettre la Conseill\u00e8re d'\u00c9tat Nuria Gorrite : revalorisation salariale de la cha\u00eene 144 par l'introduction d'un cliquet.\",\"breadcrumb\":{\"@id\":\"https:\\\/\\\/sud.svmep.ch\\\/svmep\\\/lettre-a-dcerh-revalorisation-salariale-de-chaine-144\\\/#breadcrumb\"},\"inLanguage\":\"fr-FR\",\"potentialAction\":[{\"@type\":\"ReadAction\",\"target\":[\"https:\\\/\\\/sud.svmep.ch\\\/svmep\\\/lettre-a-dcerh-revalorisation-salariale-de-chaine-144\\\/\"]}]},{\"@type\":\"ImageObject\",\"inLanguage\":\"fr-FR\",\"@id\":\"https:\\\/\\\/sud.svmep.ch\\\/svmep\\\/lettre-a-dcerh-revalorisation-salariale-de-chaine-144\\\/#primaryimage\",\"url\":\"https:\\\/\\\/sud.svmep.ch\\\/svmep\\\/wp-content\\\/uploads\\\/2024\\\/09\\\/microphone_small.png\",\"contentUrl\":\"https:\\\/\\\/sud.svmep.ch\\\/svmep\\\/wp-content\\\/uploads\\\/2024\\\/09\\\/microphone_small.png\",\"width\":500,\"height\":521},{\"@type\":\"BreadcrumbList\",\"@id\":\"https:\\\/\\\/sud.svmep.ch\\\/svmep\\\/lettre-a-dcerh-revalorisation-salariale-de-chaine-144\\\/#breadcrumb\",\"itemListElement\":[{\"@type\":\"ListItem\",\"position\":1,\"name\":\"Accueil\",\"item\":\"https:\\\/\\\/sud.svmep.ch\\\/svmep\\\/\"},{\"@type\":\"ListItem\",\"position\":2,\"name\":\"Classification des MEP\",\"item\":\"https:\\\/\\\/sud.svmep.ch\\\/svmep\\\/category\\\/classification-des-mep\\\/\"},{\"@type\":\"ListItem\",\"position\":3,\"name\":\"Lettre la Conseill\u00e8re d&rsquo;\u00c9tat Nuria Gorrite, pr\u00e9sidente de la DCERH : revalorisation salariale de la cha\u00eene 144\"}]},{\"@type\":\"WebSite\",\"@id\":\"https:\\\/\\\/sud.svmep.ch\\\/svmep\\\/#website\",\"url\":\"https:\\\/\\\/sud.svmep.ch\\\/svmep\\\/\",\"name\":\"Syndicat vaudois des ma\u00eetres.ses de l'enseignement professionnel\",\"description\":\"\",\"publisher\":{\"@id\":\"https:\\\/\\\/sud.svmep.ch\\\/svmep\\\/#organization\"},\"alternateName\":\"SVMEP\",\"potentialAction\":[{\"@type\":\"SearchAction\",\"target\":{\"@type\":\"EntryPoint\",\"urlTemplate\":\"https:\\\/\\\/sud.svmep.ch\\\/svmep\\\/?s={search_term_string}\"},\"query-input\":{\"@type\":\"PropertyValueSpecification\",\"valueRequired\":true,\"valueName\":\"search_term_string\"}}],\"inLanguage\":\"fr-FR\"},{\"@type\":\"Organization\",\"@id\":\"https:\\\/\\\/sud.svmep.ch\\\/svmep\\\/#organization\",\"name\":\"Syndicat vaudois des ma\u00eetres.ses de l'enseignement professionnel SVMEP\",\"alternateName\":\"SVMEP\",\"url\":\"https:\\\/\\\/sud.svmep.ch\\\/svmep\\\/\",\"logo\":{\"@type\":\"ImageObject\",\"inLanguage\":\"fr-FR\",\"@id\":\"https:\\\/\\\/sud.svmep.ch\\\/svmep\\\/#\\\/schema\\\/logo\\\/image\\\/\",\"url\":\"https:\\\/\\\/sud.svmep.ch\\\/svmep\\\/wp-content\\\/uploads\\\/2024\\\/09\\\/svmep150x260.jpg\",\"contentUrl\":\"https:\\\/\\\/sud.svmep.ch\\\/svmep\\\/wp-content\\\/uploads\\\/2024\\\/09\\\/svmep150x260.jpg\",\"width\":226,\"height\":127,\"caption\":\"Syndicat vaudois des ma\u00eetres.ses de l'enseignement professionnel SVMEP\"},\"image\":{\"@id\":\"https:\\\/\\\/sud.svmep.ch\\\/svmep\\\/#\\\/schema\\\/logo\\\/image\\\/\"}},{\"@type\":\"Person\",\"@id\":\"https:\\\/\\\/sud.svmep.ch\\\/svmep\\\/#\\\/schema\\\/person\\\/c89c46f48a039b5e5bc4a8eeeab1aece\",\"name\":\"svmep-webmaster\",\"image\":{\"@type\":\"ImageObject\",\"inLanguage\":\"fr-FR\",\"@id\":\"https:\\\/\\\/secure.gravatar.com\\\/avatar\\\/75b5925b5ca4f3df48f6bb05f81ad13dab8238efffb28bf26c5f1682dff96ea6?s=96&d=mm&r=g\",\"url\":\"https:\\\/\\\/secure.gravatar.com\\\/avatar\\\/75b5925b5ca4f3df48f6bb05f81ad13dab8238efffb28bf26c5f1682dff96ea6?s=96&d=mm&r=g\",\"contentUrl\":\"https:\\\/\\\/secure.gravatar.com\\\/avatar\\\/75b5925b5ca4f3df48f6bb05f81ad13dab8238efffb28bf26c5f1682dff96ea6?s=96&d=mm&r=g\",\"caption\":\"svmep-webmaster\"}}]}<\/script>\n<!-- \/ Yoast SEO plugin. -->","yoast_head_json":{"title":"Lettre la Conseill\u00e8re d'\u00c9tat Nuria Gorrite, pr\u00e9sidente de la DCERH : revalorisation salariale de la cha\u00eene 144 - svmep.ch","description":"Lettre la Conseill\u00e8re d'\u00c9tat Nuria Gorrite : revalorisation salariale de la cha\u00eene 144 par l'introduction d'un cliquet.","robots":{"index":"index","follow":"follow","max-snippet":"max-snippet:-1","max-image-preview":"max-image-preview:large","max-video-preview":"max-video-preview:-1"},"canonical":"https:\/\/sud.svmep.ch\/svmep\/lettre-a-dcerh-revalorisation-salariale-de-chaine-144\/","og_locale":"fr_FR","og_type":"article","og_title":"Lettre la Conseill\u00e8re d'\u00c9tat Nuria Gorrite, pr\u00e9sidente de la DCERH : revalorisation salariale de la cha\u00eene 144 - svmep.ch","og_description":"Lettre la Conseill\u00e8re d'\u00c9tat Nuria Gorrite : revalorisation salariale de la cha\u00eene 144 par l'introduction d'un cliquet.","og_url":"https:\/\/sud.svmep.ch\/svmep\/lettre-a-dcerh-revalorisation-salariale-de-chaine-144\/","og_site_name":"svmep.ch","article_published_time":"2020-02-15T07:44:57+00:00","article_modified_time":"2026-04-27T12:21:41+00:00","og_image":[{"width":500,"height":521,"url":"https:\/\/sud.svmep.ch\/svmep\/wp-content\/uploads\/2024\/09\/microphone_small.png","type":"image\/png"}],"author":"svmep-webmaster","twitter_card":"summary_large_image","schema":{"@context":"https:\/\/schema.org","@graph":[{"@type":"Article","@id":"https:\/\/sud.svmep.ch\/svmep\/lettre-a-dcerh-revalorisation-salariale-de-chaine-144\/#article","isPartOf":{"@id":"https:\/\/sud.svmep.ch\/svmep\/lettre-a-dcerh-revalorisation-salariale-de-chaine-144\/"},"author":{"name":"svmep-webmaster","@id":"https:\/\/sud.svmep.ch\/svmep\/#\/schema\/person\/c89c46f48a039b5e5bc4a8eeeab1aece"},"headline":"Lettre la Conseill\u00e8re d&rsquo;\u00c9tat Nuria Gorrite, pr\u00e9sidente de la DCERH : revalorisation salariale de la cha\u00eene 144","datePublished":"2020-02-15T07:44:57+00:00","dateModified":"2026-04-27T12:21:41+00:00","mainEntityOfPage":{"@id":"https:\/\/sud.svmep.ch\/svmep\/lettre-a-dcerh-revalorisation-salariale-de-chaine-144\/"},"wordCount":142,"publisher":{"@id":"https:\/\/sud.svmep.ch\/svmep\/#organization"},"image":{"@id":"https:\/\/sud.svmep.ch\/svmep\/lettre-a-dcerh-revalorisation-salariale-de-chaine-144\/#primaryimage"},"thumbnailUrl":"https:\/\/sud.svmep.ch\/svmep\/wp-content\/uploads\/2024\/09\/microphone_small-150x150.png","keywords":["classification des MEP","salaire"],"articleSection":["Classification des MEP"],"inLanguage":"fr-FR"},{"@type":"WebPage","@id":"https:\/\/sud.svmep.ch\/svmep\/lettre-a-dcerh-revalorisation-salariale-de-chaine-144\/","url":"https:\/\/sud.svmep.ch\/svmep\/lettre-a-dcerh-revalorisation-salariale-de-chaine-144\/","name":"Lettre la Conseill\u00e8re d'\u00c9tat Nuria Gorrite, pr\u00e9sidente de la DCERH : revalorisation salariale de la cha\u00eene 144 - svmep.ch","isPartOf":{"@id":"https:\/\/sud.svmep.ch\/svmep\/#website"},"primaryImageOfPage":{"@id":"https:\/\/sud.svmep.ch\/svmep\/lettre-a-dcerh-revalorisation-salariale-de-chaine-144\/#primaryimage"},"image":{"@id":"https:\/\/sud.svmep.ch\/svmep\/lettre-a-dcerh-revalorisation-salariale-de-chaine-144\/#primaryimage"},"thumbnailUrl":"https:\/\/sud.svmep.ch\/svmep\/wp-content\/uploads\/2024\/09\/microphone_small-150x150.png","datePublished":"2020-02-15T07:44:57+00:00","dateModified":"2026-04-27T12:21:41+00:00","description":"Lettre la Conseill\u00e8re d'\u00c9tat Nuria Gorrite : revalorisation salariale de la cha\u00eene 144 par l'introduction d'un cliquet.","breadcrumb":{"@id":"https:\/\/sud.svmep.ch\/svmep\/lettre-a-dcerh-revalorisation-salariale-de-chaine-144\/#breadcrumb"},"inLanguage":"fr-FR","potentialAction":[{"@type":"ReadAction","target":["https:\/\/sud.svmep.ch\/svmep\/lettre-a-dcerh-revalorisation-salariale-de-chaine-144\/"]}]},{"@type":"ImageObject","inLanguage":"fr-FR","@id":"https:\/\/sud.svmep.ch\/svmep\/lettre-a-dcerh-revalorisation-salariale-de-chaine-144\/#primaryimage","url":"https:\/\/sud.svmep.ch\/svmep\/wp-content\/uploads\/2024\/09\/microphone_small.png","contentUrl":"https:\/\/sud.svmep.ch\/svmep\/wp-content\/uploads\/2024\/09\/microphone_small.png","width":500,"height":521},{"@type":"BreadcrumbList","@id":"https:\/\/sud.svmep.ch\/svmep\/lettre-a-dcerh-revalorisation-salariale-de-chaine-144\/#breadcrumb","itemListElement":[{"@type":"ListItem","position":1,"name":"Accueil","item":"https:\/\/sud.svmep.ch\/svmep\/"},{"@type":"ListItem","position":2,"name":"Classification des MEP","item":"https:\/\/sud.svmep.ch\/svmep\/category\/classification-des-mep\/"},{"@type":"ListItem","position":3,"name":"Lettre la Conseill\u00e8re d&rsquo;\u00c9tat Nuria Gorrite, pr\u00e9sidente de la DCERH : revalorisation salariale de la cha\u00eene 144"}]},{"@type":"WebSite","@id":"https:\/\/sud.svmep.ch\/svmep\/#website","url":"https:\/\/sud.svmep.ch\/svmep\/","name":"Syndicat vaudois des ma\u00eetres.ses de l'enseignement professionnel","description":"","publisher":{"@id":"https:\/\/sud.svmep.ch\/svmep\/#organization"},"alternateName":"SVMEP","potentialAction":[{"@type":"SearchAction","target":{"@type":"EntryPoint","urlTemplate":"https:\/\/sud.svmep.ch\/svmep\/?s={search_term_string}"},"query-input":{"@type":"PropertyValueSpecification","valueRequired":true,"valueName":"search_term_string"}}],"inLanguage":"fr-FR"},{"@type":"Organization","@id":"https:\/\/sud.svmep.ch\/svmep\/#organization","name":"Syndicat vaudois des ma\u00eetres.ses de l'enseignement professionnel SVMEP","alternateName":"SVMEP","url":"https:\/\/sud.svmep.ch\/svmep\/","logo":{"@type":"ImageObject","inLanguage":"fr-FR","@id":"https:\/\/sud.svmep.ch\/svmep\/#\/schema\/logo\/image\/","url":"https:\/\/sud.svmep.ch\/svmep\/wp-content\/uploads\/2024\/09\/svmep150x260.jpg","contentUrl":"https:\/\/sud.svmep.ch\/svmep\/wp-content\/uploads\/2024\/09\/svmep150x260.jpg","width":226,"height":127,"caption":"Syndicat vaudois des ma\u00eetres.ses de l'enseignement professionnel SVMEP"},"image":{"@id":"https:\/\/sud.svmep.ch\/svmep\/#\/schema\/logo\/image\/"}},{"@type":"Person","@id":"https:\/\/sud.svmep.ch\/svmep\/#\/schema\/person\/c89c46f48a039b5e5bc4a8eeeab1aece","name":"svmep-webmaster","image":{"@type":"ImageObject","inLanguage":"fr-FR","@id":"https:\/\/secure.gravatar.com\/avatar\/75b5925b5ca4f3df48f6bb05f81ad13dab8238efffb28bf26c5f1682dff96ea6?s=96&d=mm&r=g","url":"https:\/\/secure.gravatar.com\/avatar\/75b5925b5ca4f3df48f6bb05f81ad13dab8238efffb28bf26c5f1682dff96ea6?s=96&d=mm&r=g","contentUrl":"https:\/\/secure.gravatar.com\/avatar\/75b5925b5ca4f3df48f6bb05f81ad13dab8238efffb28bf26c5f1682dff96ea6?s=96&d=mm&r=g","caption":"svmep-webmaster"}}]}},"_links":{"self":[{"href":"https:\/\/sud.svmep.ch\/svmep\/wp-json\/wp\/v2\/posts\/619","targetHints":{"allow":["GET"]}}],"collection":[{"href":"https:\/\/sud.svmep.ch\/svmep\/wp-json\/wp\/v2\/posts"}],"about":[{"href":"https:\/\/sud.svmep.ch\/svmep\/wp-json\/wp\/v2\/types\/post"}],"author":[{"embeddable":true,"href":"https:\/\/sud.svmep.ch\/svmep\/wp-json\/wp\/v2\/users\/4"}],"replies":[{"embeddable":true,"href":"https:\/\/sud.svmep.ch\/svmep\/wp-json\/wp\/v2\/comments?post=619"}],"version-history":[{"count":1,"href":"https:\/\/sud.svmep.ch\/svmep\/wp-json\/wp\/v2\/posts\/619\/revisions"}],"predecessor-version":[{"id":2534,"href":"https:\/\/sud.svmep.ch\/svmep\/wp-json\/wp\/v2\/posts\/619\/revisions\/2534"}],"wp:attachment":[{"href":"https:\/\/sud.svmep.ch\/svmep\/wp-json\/wp\/v2\/media?parent=619"}],"wp:term":[{"taxonomy":"category","embeddable":true,"href":"https:\/\/sud.svmep.ch\/svmep\/wp-json\/wp\/v2\/categories?post=619"},{"taxonomy":"post_tag","embeddable":true,"href":"https:\/\/sud.svmep.ch\/svmep\/wp-json\/wp\/v2\/tags?post=619"}],"curies":[{"name":"wp","href":"https:\/\/api.w.org\/{rel}","templated":true}]}}