{"id":624,"date":"2020-03-06T07:53:52","date_gmt":"2020-03-06T06:53:52","guid":{"rendered":"http:\/\/sud.svmep.ch\/?p=624"},"modified":"2024-10-22T10:53:28","modified_gmt":"2024-10-22T09:53:28","slug":"lettre-ouverte-a-madame-conseillere-detat-cheffe-dfjc-cesla-amarelle","status":"publish","type":"post","link":"https:\/\/sud.svmep.ch\/svmep\/lettre-ouverte-a-madame-conseillere-detat-cheffe-dfjc-cesla-amarelle\/","title":{"rendered":"LETTRE OUVERTE  \u00e0 Madame la Conseill\u00e8re d\u2019Etat et Cheffe du DFJC, Cesla Amarelle"},"content":{"rendered":"\n<p><strong>LETTRE OUVERTE \u00e0&nbsp;Madame la Conseill\u00e8re d\u2019Etat et Cheffe du DFJC, Cesla Amarelle,&nbsp;en r\u00e9ponse \u00e0 son courrier du 13 f\u00e9vrier 2020 &#8211;&nbsp;R\u00e9troactif de salaire des enseignantes ICA et gr\u00e8ve des notes<\/strong><\/p>\n\n\n\n<blockquote class=\"wp-block-quote is-layout-flow wp-block-quote-is-layout-flow\">\n<p>Madame la Cheffe de D\u00e9partement,<br>Nous avons pris connaissance de votre courrier du 13 courant et prenons note de la d\u00e9cision du Conseil d\u2019Etat de ne pas entrer en mati\u00e8re sur un r\u00e9troactif de salaire des enseignantes ICA, des&nbsp;\u00e9coles professionnelles commerciales. Cette fin de non\u2010recevoir de l\u2019employeur public est choquante et votre position, ainsi que vos propos concernant l\u2019action men\u00e9e par ces enseignantes pour la d\u00e9fense de leurs int\u00e9r\u00eats, le sont tout autant.<\/p>\n<\/blockquote>\n\n\n\n<p>Lire la lettre ouverte en entier <a href=\"http:\/\/sud.svmep.ch\/svmep\/wp-content\/uploads\/2020\/03\/2020-03-04-courrier-amarelle.pdf\">ici<\/a>.<\/p>\n","protected":false},"excerpt":{"rendered":"<p>LETTRE OUVERTE \u00e0&nbsp;Madame la Conseill\u00e8re d\u2019Etat et Cheffe du DFJC, Cesla Amarelle,&nbsp;en r\u00e9ponse \u00e0 son courrier du 13 f\u00e9vrier 2020 &#8211;&nbsp;R\u00e9troactif de salaire des enseignantes ICA et gr\u00e8ve des notes [&hellip;]<\/p>\n","protected":false},"author":4,"featured_media":0,"comment_status":"closed","ping_status":"closed","sticky":false,"template":"","format":"standard","meta":{"footnotes":""},"categories":[43],"tags":[],"class_list":["post-624","post","type-post","status-publish","format-standard","hentry","category-inegalite-de-traitement-des-enseignantes-dica"],"yoast_head":"<!-- This site is optimized with the Yoast SEO plugin v27.4 - https:\/\/yoast.com\/product\/yoast-seo-wordpress\/ -->\n<title>LETTRE OUVERTE \u00e0 Madame la Conseill\u00e8re d\u2019Etat et Cheffe du DFJC, Cesla Amarelle - svmep.ch<\/title>\n<meta name=\"robots\" content=\"index, follow, max-snippet:-1, max-image-preview:large, max-video-preview:-1\" \/>\n<link rel=\"canonical\" href=\"https:\/\/sud.svmep.ch\/svmep\/lettre-ouverte-a-madame-conseillere-detat-cheffe-dfjc-cesla-amarelle\/\" \/>\n<meta property=\"og:locale\" content=\"fr_FR\" \/>\n<meta property=\"og:type\" content=\"article\" \/>\n<meta property=\"og:title\" content=\"LETTRE OUVERTE \u00e0 Madame la Conseill\u00e8re d\u2019Etat et Cheffe du DFJC, Cesla Amarelle - svmep.ch\" \/>\n<meta property=\"og:description\" content=\"LETTRE OUVERTE \u00e0&nbsp;Madame la Conseill\u00e8re d\u2019Etat et Cheffe du DFJC, Cesla Amarelle,&nbsp;en r\u00e9ponse \u00e0 son courrier du 13 f\u00e9vrier 2020 &#8211;&nbsp;R\u00e9troactif de salaire des enseignantes ICA et gr\u00e8ve des notes [&hellip;]\" \/>\n<meta property=\"og:url\" content=\"https:\/\/sud.svmep.ch\/svmep\/lettre-ouverte-a-madame-conseillere-detat-cheffe-dfjc-cesla-amarelle\/\" \/>\n<meta property=\"og:site_name\" content=\"svmep.ch\" \/>\n<meta property=\"article:published_time\" content=\"2020-03-06T06:53:52+00:00\" \/>\n<meta property=\"article:modified_time\" content=\"2024-10-22T09:53:28+00:00\" \/>\n<meta name=\"author\" content=\"svmep-webmaster\" \/>\n<meta name=\"twitter:card\" content=\"summary_large_image\" \/>\n<script type=\"application\/ld+json\" class=\"yoast-schema-graph\">{\"@context\":\"https:\\\/\\\/schema.org\",\"@graph\":[{\"@type\":\"Article\",\"@id\":\"https:\\\/\\\/sud.svmep.ch\\\/svmep\\\/lettre-ouverte-a-madame-conseillere-detat-cheffe-dfjc-cesla-amarelle\\\/#article\",\"isPartOf\":{\"@id\":\"https:\\\/\\\/sud.svmep.ch\\\/svmep\\\/lettre-ouverte-a-madame-conseillere-detat-cheffe-dfjc-cesla-amarelle\\\/\"},\"author\":{\"name\":\"svmep-webmaster\",\"@id\":\"https:\\\/\\\/sud.svmep.ch\\\/svmep\\\/#\\\/schema\\\/person\\\/c89c46f48a039b5e5bc4a8eeeab1aece\"},\"headline\":\"LETTRE OUVERTE \u00e0 Madame la Conseill\u00e8re d\u2019Etat et Cheffe du DFJC, Cesla Amarelle\",\"datePublished\":\"2020-03-06T06:53:52+00:00\",\"dateModified\":\"2024-10-22T09:53:28+00:00\",\"mainEntityOfPage\":{\"@id\":\"https:\\\/\\\/sud.svmep.ch\\\/svmep\\\/lettre-ouverte-a-madame-conseillere-detat-cheffe-dfjc-cesla-amarelle\\\/\"},\"wordCount\":145,\"publisher\":{\"@id\":\"https:\\\/\\\/sud.svmep.ch\\\/svmep\\\/#organization\"},\"articleSection\":[\"In\u00e9galit\u00e9 de traitement des enseignantes d'ICA\"],\"inLanguage\":\"fr-FR\"},{\"@type\":\"WebPage\",\"@id\":\"https:\\\/\\\/sud.svmep.ch\\\/svmep\\\/lettre-ouverte-a-madame-conseillere-detat-cheffe-dfjc-cesla-amarelle\\\/\",\"url\":\"https:\\\/\\\/sud.svmep.ch\\\/svmep\\\/lettre-ouverte-a-madame-conseillere-detat-cheffe-dfjc-cesla-amarelle\\\/\",\"name\":\"LETTRE OUVERTE \u00e0 Madame la Conseill\u00e8re d\u2019Etat et Cheffe du DFJC, Cesla Amarelle - svmep.ch\",\"isPartOf\":{\"@id\":\"https:\\\/\\\/sud.svmep.ch\\\/svmep\\\/#website\"},\"datePublished\":\"2020-03-06T06:53:52+00:00\",\"dateModified\":\"2024-10-22T09:53:28+00:00\",\"breadcrumb\":{\"@id\":\"https:\\\/\\\/sud.svmep.ch\\\/svmep\\\/lettre-ouverte-a-madame-conseillere-detat-cheffe-dfjc-cesla-amarelle\\\/#breadcrumb\"},\"inLanguage\":\"fr-FR\",\"potentialAction\":[{\"@type\":\"ReadAction\",\"target\":[\"https:\\\/\\\/sud.svmep.ch\\\/svmep\\\/lettre-ouverte-a-madame-conseillere-detat-cheffe-dfjc-cesla-amarelle\\\/\"]}]},{\"@type\":\"BreadcrumbList\",\"@id\":\"https:\\\/\\\/sud.svmep.ch\\\/svmep\\\/lettre-ouverte-a-madame-conseillere-detat-cheffe-dfjc-cesla-amarelle\\\/#breadcrumb\",\"itemListElement\":[{\"@type\":\"ListItem\",\"position\":1,\"name\":\"Accueil\",\"item\":\"https:\\\/\\\/sud.svmep.ch\\\/svmep\\\/\"},{\"@type\":\"ListItem\",\"position\":2,\"name\":\"In\u00e9galit\u00e9 de traitement des enseignantes d'ICA\",\"item\":\"https:\\\/\\\/sud.svmep.ch\\\/svmep\\\/category\\\/inegalite-de-traitement-des-enseignantes-dica\\\/\"},{\"@type\":\"ListItem\",\"position\":3,\"name\":\"LETTRE OUVERTE \u00e0 Madame la Conseill\u00e8re d\u2019Etat et Cheffe du DFJC, Cesla Amarelle\"}]},{\"@type\":\"WebSite\",\"@id\":\"https:\\\/\\\/sud.svmep.ch\\\/svmep\\\/#website\",\"url\":\"https:\\\/\\\/sud.svmep.ch\\\/svmep\\\/\",\"name\":\"Syndicat vaudois des ma\u00eetres.ses de l'enseignement professionnel\",\"description\":\"\",\"publisher\":{\"@id\":\"https:\\\/\\\/sud.svmep.ch\\\/svmep\\\/#organization\"},\"alternateName\":\"SVMEP\",\"potentialAction\":[{\"@type\":\"SearchAction\",\"target\":{\"@type\":\"EntryPoint\",\"urlTemplate\":\"https:\\\/\\\/sud.svmep.ch\\\/svmep\\\/?s={search_term_string}\"},\"query-input\":{\"@type\":\"PropertyValueSpecification\",\"valueRequired\":true,\"valueName\":\"search_term_string\"}}],\"inLanguage\":\"fr-FR\"},{\"@type\":\"Organization\",\"@id\":\"https:\\\/\\\/sud.svmep.ch\\\/svmep\\\/#organization\",\"name\":\"Syndicat vaudois des ma\u00eetres.ses de l'enseignement professionnel SVMEP\",\"alternateName\":\"SVMEP\",\"url\":\"https:\\\/\\\/sud.svmep.ch\\\/svmep\\\/\",\"logo\":{\"@type\":\"ImageObject\",\"inLanguage\":\"fr-FR\",\"@id\":\"https:\\\/\\\/sud.svmep.ch\\\/svmep\\\/#\\\/schema\\\/logo\\\/image\\\/\",\"url\":\"https:\\\/\\\/sud.svmep.ch\\\/svmep\\\/wp-content\\\/uploads\\\/2024\\\/09\\\/svmep150x260.jpg\",\"contentUrl\":\"https:\\\/\\\/sud.svmep.ch\\\/svmep\\\/wp-content\\\/uploads\\\/2024\\\/09\\\/svmep150x260.jpg\",\"width\":226,\"height\":127,\"caption\":\"Syndicat vaudois des ma\u00eetres.ses de l'enseignement professionnel SVMEP\"},\"image\":{\"@id\":\"https:\\\/\\\/sud.svmep.ch\\\/svmep\\\/#\\\/schema\\\/logo\\\/image\\\/\"}},{\"@type\":\"Person\",\"@id\":\"https:\\\/\\\/sud.svmep.ch\\\/svmep\\\/#\\\/schema\\\/person\\\/c89c46f48a039b5e5bc4a8eeeab1aece\",\"name\":\"svmep-webmaster\",\"image\":{\"@type\":\"ImageObject\",\"inLanguage\":\"fr-FR\",\"@id\":\"https:\\\/\\\/secure.gravatar.com\\\/avatar\\\/75b5925b5ca4f3df48f6bb05f81ad13dab8238efffb28bf26c5f1682dff96ea6?s=96&d=mm&r=g\",\"url\":\"https:\\\/\\\/secure.gravatar.com\\\/avatar\\\/75b5925b5ca4f3df48f6bb05f81ad13dab8238efffb28bf26c5f1682dff96ea6?s=96&d=mm&r=g\",\"contentUrl\":\"https:\\\/\\\/secure.gravatar.com\\\/avatar\\\/75b5925b5ca4f3df48f6bb05f81ad13dab8238efffb28bf26c5f1682dff96ea6?s=96&d=mm&r=g\",\"caption\":\"svmep-webmaster\"}}]}<\/script>\n<!-- \/ Yoast SEO plugin. -->","yoast_head_json":{"title":"LETTRE OUVERTE \u00e0 Madame la Conseill\u00e8re d\u2019Etat et Cheffe du DFJC, Cesla Amarelle - svmep.ch","robots":{"index":"index","follow":"follow","max-snippet":"max-snippet:-1","max-image-preview":"max-image-preview:large","max-video-preview":"max-video-preview:-1"},"canonical":"https:\/\/sud.svmep.ch\/svmep\/lettre-ouverte-a-madame-conseillere-detat-cheffe-dfjc-cesla-amarelle\/","og_locale":"fr_FR","og_type":"article","og_title":"LETTRE OUVERTE \u00e0 Madame la Conseill\u00e8re d\u2019Etat et Cheffe du DFJC, Cesla Amarelle - svmep.ch","og_description":"LETTRE OUVERTE \u00e0&nbsp;Madame la Conseill\u00e8re d\u2019Etat et Cheffe du DFJC, Cesla Amarelle,&nbsp;en r\u00e9ponse \u00e0 son courrier du 13 f\u00e9vrier 2020 &#8211;&nbsp;R\u00e9troactif de salaire des enseignantes ICA et gr\u00e8ve des notes [&hellip;]","og_url":"https:\/\/sud.svmep.ch\/svmep\/lettre-ouverte-a-madame-conseillere-detat-cheffe-dfjc-cesla-amarelle\/","og_site_name":"svmep.ch","article_published_time":"2020-03-06T06:53:52+00:00","article_modified_time":"2024-10-22T09:53:28+00:00","author":"svmep-webmaster","twitter_card":"summary_large_image","schema":{"@context":"https:\/\/schema.org","@graph":[{"@type":"Article","@id":"https:\/\/sud.svmep.ch\/svmep\/lettre-ouverte-a-madame-conseillere-detat-cheffe-dfjc-cesla-amarelle\/#article","isPartOf":{"@id":"https:\/\/sud.svmep.ch\/svmep\/lettre-ouverte-a-madame-conseillere-detat-cheffe-dfjc-cesla-amarelle\/"},"author":{"name":"svmep-webmaster","@id":"https:\/\/sud.svmep.ch\/svmep\/#\/schema\/person\/c89c46f48a039b5e5bc4a8eeeab1aece"},"headline":"LETTRE OUVERTE \u00e0 Madame la Conseill\u00e8re d\u2019Etat et Cheffe du DFJC, Cesla Amarelle","datePublished":"2020-03-06T06:53:52+00:00","dateModified":"2024-10-22T09:53:28+00:00","mainEntityOfPage":{"@id":"https:\/\/sud.svmep.ch\/svmep\/lettre-ouverte-a-madame-conseillere-detat-cheffe-dfjc-cesla-amarelle\/"},"wordCount":145,"publisher":{"@id":"https:\/\/sud.svmep.ch\/svmep\/#organization"},"articleSection":["In\u00e9galit\u00e9 de traitement des enseignantes d'ICA"],"inLanguage":"fr-FR"},{"@type":"WebPage","@id":"https:\/\/sud.svmep.ch\/svmep\/lettre-ouverte-a-madame-conseillere-detat-cheffe-dfjc-cesla-amarelle\/","url":"https:\/\/sud.svmep.ch\/svmep\/lettre-ouverte-a-madame-conseillere-detat-cheffe-dfjc-cesla-amarelle\/","name":"LETTRE OUVERTE \u00e0 Madame la Conseill\u00e8re d\u2019Etat et Cheffe du DFJC, Cesla Amarelle - svmep.ch","isPartOf":{"@id":"https:\/\/sud.svmep.ch\/svmep\/#website"},"datePublished":"2020-03-06T06:53:52+00:00","dateModified":"2024-10-22T09:53:28+00:00","breadcrumb":{"@id":"https:\/\/sud.svmep.ch\/svmep\/lettre-ouverte-a-madame-conseillere-detat-cheffe-dfjc-cesla-amarelle\/#breadcrumb"},"inLanguage":"fr-FR","potentialAction":[{"@type":"ReadAction","target":["https:\/\/sud.svmep.ch\/svmep\/lettre-ouverte-a-madame-conseillere-detat-cheffe-dfjc-cesla-amarelle\/"]}]},{"@type":"BreadcrumbList","@id":"https:\/\/sud.svmep.ch\/svmep\/lettre-ouverte-a-madame-conseillere-detat-cheffe-dfjc-cesla-amarelle\/#breadcrumb","itemListElement":[{"@type":"ListItem","position":1,"name":"Accueil","item":"https:\/\/sud.svmep.ch\/svmep\/"},{"@type":"ListItem","position":2,"name":"In\u00e9galit\u00e9 de traitement des enseignantes d'ICA","item":"https:\/\/sud.svmep.ch\/svmep\/category\/inegalite-de-traitement-des-enseignantes-dica\/"},{"@type":"ListItem","position":3,"name":"LETTRE OUVERTE \u00e0 Madame la Conseill\u00e8re d\u2019Etat et Cheffe du DFJC, Cesla Amarelle"}]},{"@type":"WebSite","@id":"https:\/\/sud.svmep.ch\/svmep\/#website","url":"https:\/\/sud.svmep.ch\/svmep\/","name":"Syndicat vaudois des ma\u00eetres.ses de l'enseignement professionnel","description":"","publisher":{"@id":"https:\/\/sud.svmep.ch\/svmep\/#organization"},"alternateName":"SVMEP","potentialAction":[{"@type":"SearchAction","target":{"@type":"EntryPoint","urlTemplate":"https:\/\/sud.svmep.ch\/svmep\/?s={search_term_string}"},"query-input":{"@type":"PropertyValueSpecification","valueRequired":true,"valueName":"search_term_string"}}],"inLanguage":"fr-FR"},{"@type":"Organization","@id":"https:\/\/sud.svmep.ch\/svmep\/#organization","name":"Syndicat vaudois des ma\u00eetres.ses de l'enseignement professionnel SVMEP","alternateName":"SVMEP","url":"https:\/\/sud.svmep.ch\/svmep\/","logo":{"@type":"ImageObject","inLanguage":"fr-FR","@id":"https:\/\/sud.svmep.ch\/svmep\/#\/schema\/logo\/image\/","url":"https:\/\/sud.svmep.ch\/svmep\/wp-content\/uploads\/2024\/09\/svmep150x260.jpg","contentUrl":"https:\/\/sud.svmep.ch\/svmep\/wp-content\/uploads\/2024\/09\/svmep150x260.jpg","width":226,"height":127,"caption":"Syndicat vaudois des ma\u00eetres.ses de l'enseignement professionnel SVMEP"},"image":{"@id":"https:\/\/sud.svmep.ch\/svmep\/#\/schema\/logo\/image\/"}},{"@type":"Person","@id":"https:\/\/sud.svmep.ch\/svmep\/#\/schema\/person\/c89c46f48a039b5e5bc4a8eeeab1aece","name":"svmep-webmaster","image":{"@type":"ImageObject","inLanguage":"fr-FR","@id":"https:\/\/secure.gravatar.com\/avatar\/75b5925b5ca4f3df48f6bb05f81ad13dab8238efffb28bf26c5f1682dff96ea6?s=96&d=mm&r=g","url":"https:\/\/secure.gravatar.com\/avatar\/75b5925b5ca4f3df48f6bb05f81ad13dab8238efffb28bf26c5f1682dff96ea6?s=96&d=mm&r=g","contentUrl":"https:\/\/secure.gravatar.com\/avatar\/75b5925b5ca4f3df48f6bb05f81ad13dab8238efffb28bf26c5f1682dff96ea6?s=96&d=mm&r=g","caption":"svmep-webmaster"}}]}},"_links":{"self":[{"href":"https:\/\/sud.svmep.ch\/svmep\/wp-json\/wp\/v2\/posts\/624","targetHints":{"allow":["GET"]}}],"collection":[{"href":"https:\/\/sud.svmep.ch\/svmep\/wp-json\/wp\/v2\/posts"}],"about":[{"href":"https:\/\/sud.svmep.ch\/svmep\/wp-json\/wp\/v2\/types\/post"}],"author":[{"embeddable":true,"href":"https:\/\/sud.svmep.ch\/svmep\/wp-json\/wp\/v2\/users\/4"}],"replies":[{"embeddable":true,"href":"https:\/\/sud.svmep.ch\/svmep\/wp-json\/wp\/v2\/comments?post=624"}],"version-history":[{"count":0,"href":"https:\/\/sud.svmep.ch\/svmep\/wp-json\/wp\/v2\/posts\/624\/revisions"}],"wp:attachment":[{"href":"https:\/\/sud.svmep.ch\/svmep\/wp-json\/wp\/v2\/media?parent=624"}],"wp:term":[{"taxonomy":"category","embeddable":true,"href":"https:\/\/sud.svmep.ch\/svmep\/wp-json\/wp\/v2\/categories?post=624"},{"taxonomy":"post_tag","embeddable":true,"href":"https:\/\/sud.svmep.ch\/svmep\/wp-json\/wp\/v2\/tags?post=624"}],"curies":[{"name":"wp","href":"https:\/\/api.w.org\/{rel}","templated":true}]}}