{"id":641,"date":"2020-03-11T18:40:25","date_gmt":"2020-03-11T17:40:25","guid":{"rendered":"http:\/\/sud.svmep.ch\/?p=641"},"modified":"2024-11-17T15:10:14","modified_gmt":"2024-11-17T14:10:14","slug":"gazette-mep-i-ii-reponse-a-cesla-amarelle","status":"publish","type":"post","link":"https:\/\/sud.svmep.ch\/svmep\/gazette-mep-i-ii-reponse-a-cesla-amarelle\/","title":{"rendered":"MEP I et II : r\u00e9ponse \u00e0 la Cheffe de D\u00e9partement"},"content":{"rendered":"<div class=\"wp-block-post-date\"><time datetime=\"2020-03-11T18:40:25+01:00\">11 mars 2020<\/time><\/div>\n\n<div title=\"Page 1\">\n<div>\n<div>\n<h5>R\u00e9ponse en 16 points \u00e0 la Cheffe de D\u00e9partement, la Conseill\u00e8re d&rsquo;\u00c9tat Cesla Amarelle , apre\u0300s que celle-ci nous a fait parvenir un courrier ayant pour objet les \u00abpistes DFJC concernant la classification des enseignant.e.s MEP I\u00bb.<\/h5>\n<div title=\"Page 1\">\n<div>\n<div>\n<blockquote>\n<p>Demain, jeudi 12 mars, nous serons a\u0300 l\u2019Organe de conciliation et d\u2019arbitrage pour ouvrir le de\u0301bat avec le repre\u0301sentant de l\u2019employeur, soit le Conseil d\u2019\u00c9tat, puisque Madame Cesla Amarelle et le DFJC ne sont pas capables de re\u0301pondre a\u0300 nos demandes.<\/p>\n<\/blockquote>\n<\/div>\n<\/div>\n<\/div>\n<h6>Lisez la Gazette du SVMEP ci-dessous<\/h6>\n<\/div>\n<\/div>\n<\/div>\n\n\n<div data-wp-interactive=\"core\/file\" class=\"wp-block-file\"><object data-wp-bind--hidden=\"!state.hasPdfPreview\" hidden class=\"wp-block-file__embed\" data=\"https:\/\/sud.svmep.ch\/svmep\/wp-content\/uploads\/2020\/03\/2020-03-11-mpe-1-2.pdf\" type=\"application\/pdf\" style=\"width:100%;height:600px\" aria-label=\"Contenu embarqu\u00e9 Gazette MEP mars 2020.\"><\/object><a id=\"wp-block-file--media-0891d7ee-b2dc-454c-8621-96bc37671216\" href=\"https:\/\/sud.svmep.ch\/svmep\/wp-content\/uploads\/2020\/03\/2020-03-11-mpe-1-2.pdf\" target=\"_blank\" rel=\"noreferrer noopener\">Gazette MEP mars 2020<\/a><a href=\"https:\/\/sud.svmep.ch\/svmep\/wp-content\/uploads\/2020\/03\/2020-03-11-mpe-1-2.pdf\" class=\"wp-block-file__button wp-element-button\" download aria-describedby=\"wp-block-file--media-0891d7ee-b2dc-454c-8621-96bc37671216\">T\u00e9l\u00e9charger<\/a><\/div>\n","protected":false},"excerpt":{"rendered":"<p>11 mars 2020 R\u00e9ponse en 16 points \u00e0 la Cheffe de D\u00e9partement, la Conseill\u00e8re d&rsquo;\u00c9tat Cesla Amarelle , apre\u0300s que celle-ci nous a fait parvenir un courrier ayant pour objet [&hellip;]<\/p>\n","protected":false},"author":4,"featured_media":354,"comment_status":"closed","ping_status":"closed","sticky":false,"template":"","format":"standard","meta":{"footnotes":""},"categories":[20,4],"tags":[39],"class_list":["post-641","post","type-post","status-publish","format-standard","has-post-thumbnail","hentry","category-classification-des-mep","category-gazette-svmep","tag-mep"],"yoast_head":"<!-- This site is optimized with the Yoast SEO plugin v27.4 - https:\/\/yoast.com\/product\/yoast-seo-wordpress\/ -->\n<title>MEP I et II : r\u00e9ponse \u00e0 la Cheffe de D\u00e9partement - svmep.ch<\/title>\n<meta name=\"robots\" content=\"index, follow, max-snippet:-1, max-image-preview:large, max-video-preview:-1\" \/>\n<link rel=\"canonical\" href=\"https:\/\/sud.svmep.ch\/svmep\/gazette-mep-i-ii-reponse-a-cesla-amarelle\/\" \/>\n<meta property=\"og:locale\" content=\"fr_FR\" \/>\n<meta property=\"og:type\" content=\"article\" \/>\n<meta property=\"og:title\" content=\"MEP I et II : r\u00e9ponse \u00e0 la Cheffe de D\u00e9partement - svmep.ch\" \/>\n<meta property=\"og:description\" content=\"11 mars 2020 R\u00e9ponse en 16 points \u00e0 la Cheffe de D\u00e9partement, la Conseill\u00e8re d&rsquo;\u00c9tat Cesla Amarelle , apre\u0300s que celle-ci nous a fait parvenir un courrier ayant pour objet [&hellip;]\" \/>\n<meta property=\"og:url\" content=\"https:\/\/sud.svmep.ch\/svmep\/gazette-mep-i-ii-reponse-a-cesla-amarelle\/\" \/>\n<meta property=\"og:site_name\" content=\"svmep.ch\" \/>\n<meta property=\"article:published_time\" content=\"2020-03-11T17:40:25+00:00\" \/>\n<meta property=\"article:modified_time\" content=\"2024-11-17T14:10:14+00:00\" \/>\n<meta property=\"og:image\" content=\"https:\/\/sud.svmep.ch\/svmep\/wp-content\/uploads\/2005\/09\/jpg_logo2.jpg\" \/>\n\t<meta property=\"og:image:width\" content=\"100\" \/>\n\t<meta property=\"og:image:height\" content=\"100\" \/>\n\t<meta property=\"og:image:type\" content=\"image\/jpeg\" \/>\n<meta name=\"author\" content=\"svmep-webmaster\" \/>\n<meta name=\"twitter:card\" content=\"summary_large_image\" \/>\n<script type=\"application\/ld+json\" class=\"yoast-schema-graph\">{\"@context\":\"https:\\\/\\\/schema.org\",\"@graph\":[{\"@type\":\"Article\",\"@id\":\"https:\\\/\\\/sud.svmep.ch\\\/svmep\\\/gazette-mep-i-ii-reponse-a-cesla-amarelle\\\/#article\",\"isPartOf\":{\"@id\":\"https:\\\/\\\/sud.svmep.ch\\\/svmep\\\/gazette-mep-i-ii-reponse-a-cesla-amarelle\\\/\"},\"author\":{\"name\":\"svmep-webmaster\",\"@id\":\"https:\\\/\\\/sud.svmep.ch\\\/svmep\\\/#\\\/schema\\\/person\\\/c89c46f48a039b5e5bc4a8eeeab1aece\"},\"headline\":\"MEP I et II : r\u00e9ponse \u00e0 la Cheffe de D\u00e9partement\",\"datePublished\":\"2020-03-11T17:40:25+00:00\",\"dateModified\":\"2024-11-17T14:10:14+00:00\",\"mainEntityOfPage\":{\"@id\":\"https:\\\/\\\/sud.svmep.ch\\\/svmep\\\/gazette-mep-i-ii-reponse-a-cesla-amarelle\\\/\"},\"wordCount\":111,\"publisher\":{\"@id\":\"https:\\\/\\\/sud.svmep.ch\\\/svmep\\\/#organization\"},\"image\":{\"@id\":\"https:\\\/\\\/sud.svmep.ch\\\/svmep\\\/gazette-mep-i-ii-reponse-a-cesla-amarelle\\\/#primaryimage\"},\"thumbnailUrl\":\"https:\\\/\\\/sud.svmep.ch\\\/svmep\\\/wp-content\\\/uploads\\\/2005\\\/09\\\/jpg_logo2.jpg\",\"keywords\":[\"classification des MEP\"],\"articleSection\":[\"Classification des MEP\",\"Gazette SVMEP\"],\"inLanguage\":\"fr-FR\"},{\"@type\":\"WebPage\",\"@id\":\"https:\\\/\\\/sud.svmep.ch\\\/svmep\\\/gazette-mep-i-ii-reponse-a-cesla-amarelle\\\/\",\"url\":\"https:\\\/\\\/sud.svmep.ch\\\/svmep\\\/gazette-mep-i-ii-reponse-a-cesla-amarelle\\\/\",\"name\":\"MEP I et II : r\u00e9ponse \u00e0 la Cheffe de D\u00e9partement - svmep.ch\",\"isPartOf\":{\"@id\":\"https:\\\/\\\/sud.svmep.ch\\\/svmep\\\/#website\"},\"primaryImageOfPage\":{\"@id\":\"https:\\\/\\\/sud.svmep.ch\\\/svmep\\\/gazette-mep-i-ii-reponse-a-cesla-amarelle\\\/#primaryimage\"},\"image\":{\"@id\":\"https:\\\/\\\/sud.svmep.ch\\\/svmep\\\/gazette-mep-i-ii-reponse-a-cesla-amarelle\\\/#primaryimage\"},\"thumbnailUrl\":\"https:\\\/\\\/sud.svmep.ch\\\/svmep\\\/wp-content\\\/uploads\\\/2005\\\/09\\\/jpg_logo2.jpg\",\"datePublished\":\"2020-03-11T17:40:25+00:00\",\"dateModified\":\"2024-11-17T14:10:14+00:00\",\"breadcrumb\":{\"@id\":\"https:\\\/\\\/sud.svmep.ch\\\/svmep\\\/gazette-mep-i-ii-reponse-a-cesla-amarelle\\\/#breadcrumb\"},\"inLanguage\":\"fr-FR\",\"potentialAction\":[{\"@type\":\"ReadAction\",\"target\":[\"https:\\\/\\\/sud.svmep.ch\\\/svmep\\\/gazette-mep-i-ii-reponse-a-cesla-amarelle\\\/\"]}]},{\"@type\":\"ImageObject\",\"inLanguage\":\"fr-FR\",\"@id\":\"https:\\\/\\\/sud.svmep.ch\\\/svmep\\\/gazette-mep-i-ii-reponse-a-cesla-amarelle\\\/#primaryimage\",\"url\":\"https:\\\/\\\/sud.svmep.ch\\\/svmep\\\/wp-content\\\/uploads\\\/2005\\\/09\\\/jpg_logo2.jpg\",\"contentUrl\":\"https:\\\/\\\/sud.svmep.ch\\\/svmep\\\/wp-content\\\/uploads\\\/2005\\\/09\\\/jpg_logo2.jpg\",\"width\":100,\"height\":100},{\"@type\":\"BreadcrumbList\",\"@id\":\"https:\\\/\\\/sud.svmep.ch\\\/svmep\\\/gazette-mep-i-ii-reponse-a-cesla-amarelle\\\/#breadcrumb\",\"itemListElement\":[{\"@type\":\"ListItem\",\"position\":1,\"name\":\"Accueil\",\"item\":\"https:\\\/\\\/sud.svmep.ch\\\/svmep\\\/\"},{\"@type\":\"ListItem\",\"position\":2,\"name\":\"Gazette SVMEP\",\"item\":\"https:\\\/\\\/sud.svmep.ch\\\/svmep\\\/category\\\/gazette-svmep\\\/\"},{\"@type\":\"ListItem\",\"position\":3,\"name\":\"MEP I et II : r\u00e9ponse \u00e0 la Cheffe de D\u00e9partement\"}]},{\"@type\":\"WebSite\",\"@id\":\"https:\\\/\\\/sud.svmep.ch\\\/svmep\\\/#website\",\"url\":\"https:\\\/\\\/sud.svmep.ch\\\/svmep\\\/\",\"name\":\"Syndicat vaudois des ma\u00eetres.ses de l'enseignement professionnel\",\"description\":\"\",\"publisher\":{\"@id\":\"https:\\\/\\\/sud.svmep.ch\\\/svmep\\\/#organization\"},\"alternateName\":\"SVMEP\",\"potentialAction\":[{\"@type\":\"SearchAction\",\"target\":{\"@type\":\"EntryPoint\",\"urlTemplate\":\"https:\\\/\\\/sud.svmep.ch\\\/svmep\\\/?s={search_term_string}\"},\"query-input\":{\"@type\":\"PropertyValueSpecification\",\"valueRequired\":true,\"valueName\":\"search_term_string\"}}],\"inLanguage\":\"fr-FR\"},{\"@type\":\"Organization\",\"@id\":\"https:\\\/\\\/sud.svmep.ch\\\/svmep\\\/#organization\",\"name\":\"Syndicat vaudois des ma\u00eetres.ses de l'enseignement professionnel SVMEP\",\"alternateName\":\"SVMEP\",\"url\":\"https:\\\/\\\/sud.svmep.ch\\\/svmep\\\/\",\"logo\":{\"@type\":\"ImageObject\",\"inLanguage\":\"fr-FR\",\"@id\":\"https:\\\/\\\/sud.svmep.ch\\\/svmep\\\/#\\\/schema\\\/logo\\\/image\\\/\",\"url\":\"https:\\\/\\\/sud.svmep.ch\\\/svmep\\\/wp-content\\\/uploads\\\/2024\\\/09\\\/svmep150x260.jpg\",\"contentUrl\":\"https:\\\/\\\/sud.svmep.ch\\\/svmep\\\/wp-content\\\/uploads\\\/2024\\\/09\\\/svmep150x260.jpg\",\"width\":226,\"height\":127,\"caption\":\"Syndicat vaudois des ma\u00eetres.ses de l'enseignement professionnel SVMEP\"},\"image\":{\"@id\":\"https:\\\/\\\/sud.svmep.ch\\\/svmep\\\/#\\\/schema\\\/logo\\\/image\\\/\"}},{\"@type\":\"Person\",\"@id\":\"https:\\\/\\\/sud.svmep.ch\\\/svmep\\\/#\\\/schema\\\/person\\\/c89c46f48a039b5e5bc4a8eeeab1aece\",\"name\":\"svmep-webmaster\",\"image\":{\"@type\":\"ImageObject\",\"inLanguage\":\"fr-FR\",\"@id\":\"https:\\\/\\\/secure.gravatar.com\\\/avatar\\\/75b5925b5ca4f3df48f6bb05f81ad13dab8238efffb28bf26c5f1682dff96ea6?s=96&d=mm&r=g\",\"url\":\"https:\\\/\\\/secure.gravatar.com\\\/avatar\\\/75b5925b5ca4f3df48f6bb05f81ad13dab8238efffb28bf26c5f1682dff96ea6?s=96&d=mm&r=g\",\"contentUrl\":\"https:\\\/\\\/secure.gravatar.com\\\/avatar\\\/75b5925b5ca4f3df48f6bb05f81ad13dab8238efffb28bf26c5f1682dff96ea6?s=96&d=mm&r=g\",\"caption\":\"svmep-webmaster\"}}]}<\/script>\n<!-- \/ Yoast SEO plugin. -->","yoast_head_json":{"title":"MEP I et II : r\u00e9ponse \u00e0 la Cheffe de D\u00e9partement - svmep.ch","robots":{"index":"index","follow":"follow","max-snippet":"max-snippet:-1","max-image-preview":"max-image-preview:large","max-video-preview":"max-video-preview:-1"},"canonical":"https:\/\/sud.svmep.ch\/svmep\/gazette-mep-i-ii-reponse-a-cesla-amarelle\/","og_locale":"fr_FR","og_type":"article","og_title":"MEP I et II : r\u00e9ponse \u00e0 la Cheffe de D\u00e9partement - svmep.ch","og_description":"11 mars 2020 R\u00e9ponse en 16 points \u00e0 la Cheffe de D\u00e9partement, la Conseill\u00e8re d&rsquo;\u00c9tat Cesla Amarelle , apre\u0300s que celle-ci nous a fait parvenir un courrier ayant pour objet [&hellip;]","og_url":"https:\/\/sud.svmep.ch\/svmep\/gazette-mep-i-ii-reponse-a-cesla-amarelle\/","og_site_name":"svmep.ch","article_published_time":"2020-03-11T17:40:25+00:00","article_modified_time":"2024-11-17T14:10:14+00:00","og_image":[{"width":100,"height":100,"url":"https:\/\/sud.svmep.ch\/svmep\/wp-content\/uploads\/2005\/09\/jpg_logo2.jpg","type":"image\/jpeg"}],"author":"svmep-webmaster","twitter_card":"summary_large_image","schema":{"@context":"https:\/\/schema.org","@graph":[{"@type":"Article","@id":"https:\/\/sud.svmep.ch\/svmep\/gazette-mep-i-ii-reponse-a-cesla-amarelle\/#article","isPartOf":{"@id":"https:\/\/sud.svmep.ch\/svmep\/gazette-mep-i-ii-reponse-a-cesla-amarelle\/"},"author":{"name":"svmep-webmaster","@id":"https:\/\/sud.svmep.ch\/svmep\/#\/schema\/person\/c89c46f48a039b5e5bc4a8eeeab1aece"},"headline":"MEP I et II : r\u00e9ponse \u00e0 la Cheffe de D\u00e9partement","datePublished":"2020-03-11T17:40:25+00:00","dateModified":"2024-11-17T14:10:14+00:00","mainEntityOfPage":{"@id":"https:\/\/sud.svmep.ch\/svmep\/gazette-mep-i-ii-reponse-a-cesla-amarelle\/"},"wordCount":111,"publisher":{"@id":"https:\/\/sud.svmep.ch\/svmep\/#organization"},"image":{"@id":"https:\/\/sud.svmep.ch\/svmep\/gazette-mep-i-ii-reponse-a-cesla-amarelle\/#primaryimage"},"thumbnailUrl":"https:\/\/sud.svmep.ch\/svmep\/wp-content\/uploads\/2005\/09\/jpg_logo2.jpg","keywords":["classification des MEP"],"articleSection":["Classification des MEP","Gazette SVMEP"],"inLanguage":"fr-FR"},{"@type":"WebPage","@id":"https:\/\/sud.svmep.ch\/svmep\/gazette-mep-i-ii-reponse-a-cesla-amarelle\/","url":"https:\/\/sud.svmep.ch\/svmep\/gazette-mep-i-ii-reponse-a-cesla-amarelle\/","name":"MEP I et II : r\u00e9ponse \u00e0 la Cheffe de D\u00e9partement - svmep.ch","isPartOf":{"@id":"https:\/\/sud.svmep.ch\/svmep\/#website"},"primaryImageOfPage":{"@id":"https:\/\/sud.svmep.ch\/svmep\/gazette-mep-i-ii-reponse-a-cesla-amarelle\/#primaryimage"},"image":{"@id":"https:\/\/sud.svmep.ch\/svmep\/gazette-mep-i-ii-reponse-a-cesla-amarelle\/#primaryimage"},"thumbnailUrl":"https:\/\/sud.svmep.ch\/svmep\/wp-content\/uploads\/2005\/09\/jpg_logo2.jpg","datePublished":"2020-03-11T17:40:25+00:00","dateModified":"2024-11-17T14:10:14+00:00","breadcrumb":{"@id":"https:\/\/sud.svmep.ch\/svmep\/gazette-mep-i-ii-reponse-a-cesla-amarelle\/#breadcrumb"},"inLanguage":"fr-FR","potentialAction":[{"@type":"ReadAction","target":["https:\/\/sud.svmep.ch\/svmep\/gazette-mep-i-ii-reponse-a-cesla-amarelle\/"]}]},{"@type":"ImageObject","inLanguage":"fr-FR","@id":"https:\/\/sud.svmep.ch\/svmep\/gazette-mep-i-ii-reponse-a-cesla-amarelle\/#primaryimage","url":"https:\/\/sud.svmep.ch\/svmep\/wp-content\/uploads\/2005\/09\/jpg_logo2.jpg","contentUrl":"https:\/\/sud.svmep.ch\/svmep\/wp-content\/uploads\/2005\/09\/jpg_logo2.jpg","width":100,"height":100},{"@type":"BreadcrumbList","@id":"https:\/\/sud.svmep.ch\/svmep\/gazette-mep-i-ii-reponse-a-cesla-amarelle\/#breadcrumb","itemListElement":[{"@type":"ListItem","position":1,"name":"Accueil","item":"https:\/\/sud.svmep.ch\/svmep\/"},{"@type":"ListItem","position":2,"name":"Gazette SVMEP","item":"https:\/\/sud.svmep.ch\/svmep\/category\/gazette-svmep\/"},{"@type":"ListItem","position":3,"name":"MEP I et II : r\u00e9ponse \u00e0 la Cheffe de D\u00e9partement"}]},{"@type":"WebSite","@id":"https:\/\/sud.svmep.ch\/svmep\/#website","url":"https:\/\/sud.svmep.ch\/svmep\/","name":"Syndicat vaudois des ma\u00eetres.ses de l'enseignement professionnel","description":"","publisher":{"@id":"https:\/\/sud.svmep.ch\/svmep\/#organization"},"alternateName":"SVMEP","potentialAction":[{"@type":"SearchAction","target":{"@type":"EntryPoint","urlTemplate":"https:\/\/sud.svmep.ch\/svmep\/?s={search_term_string}"},"query-input":{"@type":"PropertyValueSpecification","valueRequired":true,"valueName":"search_term_string"}}],"inLanguage":"fr-FR"},{"@type":"Organization","@id":"https:\/\/sud.svmep.ch\/svmep\/#organization","name":"Syndicat vaudois des ma\u00eetres.ses de l'enseignement professionnel SVMEP","alternateName":"SVMEP","url":"https:\/\/sud.svmep.ch\/svmep\/","logo":{"@type":"ImageObject","inLanguage":"fr-FR","@id":"https:\/\/sud.svmep.ch\/svmep\/#\/schema\/logo\/image\/","url":"https:\/\/sud.svmep.ch\/svmep\/wp-content\/uploads\/2024\/09\/svmep150x260.jpg","contentUrl":"https:\/\/sud.svmep.ch\/svmep\/wp-content\/uploads\/2024\/09\/svmep150x260.jpg","width":226,"height":127,"caption":"Syndicat vaudois des ma\u00eetres.ses de l'enseignement professionnel SVMEP"},"image":{"@id":"https:\/\/sud.svmep.ch\/svmep\/#\/schema\/logo\/image\/"}},{"@type":"Person","@id":"https:\/\/sud.svmep.ch\/svmep\/#\/schema\/person\/c89c46f48a039b5e5bc4a8eeeab1aece","name":"svmep-webmaster","image":{"@type":"ImageObject","inLanguage":"fr-FR","@id":"https:\/\/secure.gravatar.com\/avatar\/75b5925b5ca4f3df48f6bb05f81ad13dab8238efffb28bf26c5f1682dff96ea6?s=96&d=mm&r=g","url":"https:\/\/secure.gravatar.com\/avatar\/75b5925b5ca4f3df48f6bb05f81ad13dab8238efffb28bf26c5f1682dff96ea6?s=96&d=mm&r=g","contentUrl":"https:\/\/secure.gravatar.com\/avatar\/75b5925b5ca4f3df48f6bb05f81ad13dab8238efffb28bf26c5f1682dff96ea6?s=96&d=mm&r=g","caption":"svmep-webmaster"}}]}},"_links":{"self":[{"href":"https:\/\/sud.svmep.ch\/svmep\/wp-json\/wp\/v2\/posts\/641","targetHints":{"allow":["GET"]}}],"collection":[{"href":"https:\/\/sud.svmep.ch\/svmep\/wp-json\/wp\/v2\/posts"}],"about":[{"href":"https:\/\/sud.svmep.ch\/svmep\/wp-json\/wp\/v2\/types\/post"}],"author":[{"embeddable":true,"href":"https:\/\/sud.svmep.ch\/svmep\/wp-json\/wp\/v2\/users\/4"}],"replies":[{"embeddable":true,"href":"https:\/\/sud.svmep.ch\/svmep\/wp-json\/wp\/v2\/comments?post=641"}],"version-history":[{"count":0,"href":"https:\/\/sud.svmep.ch\/svmep\/wp-json\/wp\/v2\/posts\/641\/revisions"}],"wp:featuredmedia":[{"embeddable":true,"href":"https:\/\/sud.svmep.ch\/svmep\/wp-json\/wp\/v2\/media\/354"}],"wp:attachment":[{"href":"https:\/\/sud.svmep.ch\/svmep\/wp-json\/wp\/v2\/media?parent=641"}],"wp:term":[{"taxonomy":"category","embeddable":true,"href":"https:\/\/sud.svmep.ch\/svmep\/wp-json\/wp\/v2\/categories?post=641"},{"taxonomy":"post_tag","embeddable":true,"href":"https:\/\/sud.svmep.ch\/svmep\/wp-json\/wp\/v2\/tags?post=641"}],"curies":[{"name":"wp","href":"https:\/\/api.w.org\/{rel}","templated":true}]}}