{"id":644,"date":"2020-03-15T18:45:53","date_gmt":"2020-03-15T17:45:53","guid":{"rendered":"http:\/\/sud.svmep.ch\/?p=644"},"modified":"2024-09-29T18:09:11","modified_gmt":"2024-09-29T17:09:11","slug":"prise-de-position-ecole-situation-de-crise-fermeture-ecoles-accueil","status":"publish","type":"post","link":"https:\/\/sud.svmep.ch\/svmep\/prise-de-position-ecole-situation-de-crise-fermeture-ecoles-accueil\/","title":{"rendered":"Prise de position : fermeture des \u00e9coles et service d&rsquo;accueil"},"content":{"rendered":"<div class=\"wp-block-post-date\"><time datetime=\"2020-03-15T18:45:53+01:00\">15 mars 2020<\/time><\/div>\n\n<p><strong>Communication aux membres du syndicat et revendications au DFJC<\/strong><\/p>\n<p>Ainsi que l\u2019annonce la circulaire de Madame Cesla Amarelle aux \u00e9l\u00e8ves et parents d\u2019\u00e9l\u00e8ves du 13 mars, \u00ables \u00e9l\u00e8ves de l\u2019\u00e9cole obligatoire et postobligatoire, les apprenti-e-s, les \u00e9tudiant-e-s et les enseignant-e-s NE SE RENDENT PLUS SUR LEUR LIEU DE FORMATION ET RESTENT \u00c0 LA MAISON.\u00bb Pr\u00e9cision suppl\u00e9mentaire : pour ne pas entraver \u00ables actions de lutte contre le virus, [\u2026] il est TR\u00c8S IMPORTANT QU\u2019UN MAXIMUM DE PERSONNES RESTENT CHEZ ELLES.\u00bb<\/p>\n<p>Un \u00abservice d\u2019accueil scolaire\u00bb est toutefois annonc\u00e9. Il sera exclusivement r\u00e9serv\u00e9 aux enfants a) dont les solutions de garde mettraient en danger des personnes \u00e0 risque ou de plus de 65 ans ; b) du personnel soignant et autres collaborateurs-trices du syst\u00e8me de sant\u00e9 ; c) du personnel qui assure ledit service d\u2019accueil.<\/p>\n<p>Concernant ce dernier point, <strong>SUD-\u00c9ducation demande que les directions des \u00e9tablissements organisent l\u2019accueil en priorit\u00e9 avec les enseignant-e-s qui n\u2019ont pas d\u2019enfants qui doivent rester \u00e0 la maison et qu\u2019elles excluent bien entendu de l\u2019accueil les personnes \u00e0 risques.<\/strong> Les enseignant-e-s et autres professionnel-le-s qui assurent l\u2019accueil doivent se voir fournir des mesures de protection (gants, masques, gel et\/ou savon et papier en suffisance). Les enseignant-e-s requis-e-s pour l\u2019accueil doivent s\u2019adresser \u00e0 leur direction s\u2019ils-elles ont une situation particuli\u00e8re (maladie, proches \u00e0 risques, enfants, etc.).<\/p>\n<p>Aucun-e enseignant-e ne doit subir une quelconque perte de revenus, y inclus\u00a0celles et ceux qui sont pay\u00e9s \u00e0 l\u2019heure.<\/p>\n<p>\u00c0 certains endroits, il est d\u2019ores et d\u00e9j\u00e0 demand\u00e9 aux personnes en charge de l\u2019accueil de pr\u00e9voir des activit\u00e9s pour des journ\u00e9es enti\u00e8res. C\u2019est d\u00e9raisonnable \u00e0 cette heure. La priorit\u00e9 doit \u00eatre mise \u00e0 la mesure de l\u2019importance de cet accueil en termes de nombre d\u2019enfants. Quant aux activit\u00e9s, cela viendra dans un deuxi\u00e8me temps.<\/p>\n<p>Lire la suite de cette prise de position <a href=\"http:\/\/sud.svmep.ch\/svmep\/wp-content\/uploads\/2020\/03\/Ecole-en-situation-de-crise-v6-publie\u0301e.pdf\">ici<\/a>.<\/p>","protected":false},"excerpt":{"rendered":"<p>15 mars 2020 Communication aux membres du syndicat et revendications au DFJC Ainsi que l\u2019annonce la circulaire de Madame Cesla Amarelle aux \u00e9l\u00e8ves et parents d\u2019\u00e9l\u00e8ves du 13 mars, \u00ables [&hellip;]<\/p>\n","protected":false},"author":4,"featured_media":0,"comment_status":"closed","ping_status":"closed","sticky":false,"template":"","format":"standard","meta":{"footnotes":""},"categories":[22,5],"tags":[],"class_list":["post-644","post","type-post","status-publish","format-standard","hentry","category-crise-covid-19","category-sud-education"],"yoast_head":"<!-- This site is optimized with the Yoast SEO plugin v27.4 - https:\/\/yoast.com\/product\/yoast-seo-wordpress\/ -->\n<title>Prise de position : fermeture des \u00e9coles et service d&#039;accueil - svmep.ch<\/title>\n<meta name=\"robots\" content=\"index, follow, max-snippet:-1, max-image-preview:large, max-video-preview:-1\" \/>\n<link rel=\"canonical\" href=\"https:\/\/sud.svmep.ch\/svmep\/prise-de-position-ecole-situation-de-crise-fermeture-ecoles-accueil\/\" \/>\n<meta property=\"og:locale\" content=\"fr_FR\" \/>\n<meta property=\"og:type\" content=\"article\" \/>\n<meta property=\"og:title\" content=\"Prise de position : fermeture des \u00e9coles et service d&#039;accueil - svmep.ch\" \/>\n<meta property=\"og:description\" content=\"15 mars 2020 Communication aux membres du syndicat et revendications au DFJC Ainsi que l\u2019annonce la circulaire de Madame Cesla Amarelle aux \u00e9l\u00e8ves et parents d\u2019\u00e9l\u00e8ves du 13 mars, \u00ables [&hellip;]\" \/>\n<meta property=\"og:url\" content=\"https:\/\/sud.svmep.ch\/svmep\/prise-de-position-ecole-situation-de-crise-fermeture-ecoles-accueil\/\" \/>\n<meta property=\"og:site_name\" content=\"svmep.ch\" \/>\n<meta property=\"article:published_time\" content=\"2020-03-15T17:45:53+00:00\" \/>\n<meta property=\"article:modified_time\" content=\"2024-09-29T17:09:11+00:00\" \/>\n<meta name=\"author\" content=\"svmep-webmaster\" \/>\n<meta name=\"twitter:card\" content=\"summary_large_image\" \/>\n<script type=\"application\/ld+json\" class=\"yoast-schema-graph\">{\"@context\":\"https:\\\/\\\/schema.org\",\"@graph\":[{\"@type\":\"Article\",\"@id\":\"https:\\\/\\\/sud.svmep.ch\\\/svmep\\\/prise-de-position-ecole-situation-de-crise-fermeture-ecoles-accueil\\\/#article\",\"isPartOf\":{\"@id\":\"https:\\\/\\\/sud.svmep.ch\\\/svmep\\\/prise-de-position-ecole-situation-de-crise-fermeture-ecoles-accueil\\\/\"},\"author\":{\"name\":\"svmep-webmaster\",\"@id\":\"https:\\\/\\\/sud.svmep.ch\\\/svmep\\\/#\\\/schema\\\/person\\\/c89c46f48a039b5e5bc4a8eeeab1aece\"},\"headline\":\"Prise de position : fermeture des \u00e9coles et service d&rsquo;accueil\",\"datePublished\":\"2020-03-15T17:45:53+00:00\",\"dateModified\":\"2024-09-29T17:09:11+00:00\",\"mainEntityOfPage\":{\"@id\":\"https:\\\/\\\/sud.svmep.ch\\\/svmep\\\/prise-de-position-ecole-situation-de-crise-fermeture-ecoles-accueil\\\/\"},\"wordCount\":336,\"publisher\":{\"@id\":\"https:\\\/\\\/sud.svmep.ch\\\/svmep\\\/#organization\"},\"articleSection\":[\"Crise Covid-19\",\"SUD-\u00c9ducation\"],\"inLanguage\":\"fr-FR\"},{\"@type\":\"WebPage\",\"@id\":\"https:\\\/\\\/sud.svmep.ch\\\/svmep\\\/prise-de-position-ecole-situation-de-crise-fermeture-ecoles-accueil\\\/\",\"url\":\"https:\\\/\\\/sud.svmep.ch\\\/svmep\\\/prise-de-position-ecole-situation-de-crise-fermeture-ecoles-accueil\\\/\",\"name\":\"Prise de position : fermeture des \u00e9coles et service d'accueil - svmep.ch\",\"isPartOf\":{\"@id\":\"https:\\\/\\\/sud.svmep.ch\\\/svmep\\\/#website\"},\"datePublished\":\"2020-03-15T17:45:53+00:00\",\"dateModified\":\"2024-09-29T17:09:11+00:00\",\"breadcrumb\":{\"@id\":\"https:\\\/\\\/sud.svmep.ch\\\/svmep\\\/prise-de-position-ecole-situation-de-crise-fermeture-ecoles-accueil\\\/#breadcrumb\"},\"inLanguage\":\"fr-FR\",\"potentialAction\":[{\"@type\":\"ReadAction\",\"target\":[\"https:\\\/\\\/sud.svmep.ch\\\/svmep\\\/prise-de-position-ecole-situation-de-crise-fermeture-ecoles-accueil\\\/\"]}]},{\"@type\":\"BreadcrumbList\",\"@id\":\"https:\\\/\\\/sud.svmep.ch\\\/svmep\\\/prise-de-position-ecole-situation-de-crise-fermeture-ecoles-accueil\\\/#breadcrumb\",\"itemListElement\":[{\"@type\":\"ListItem\",\"position\":1,\"name\":\"Accueil\",\"item\":\"https:\\\/\\\/sud.svmep.ch\\\/svmep\\\/\"},{\"@type\":\"ListItem\",\"position\":2,\"name\":\"Crise Covid-19\",\"item\":\"https:\\\/\\\/sud.svmep.ch\\\/svmep\\\/category\\\/crise-covid-19\\\/\"},{\"@type\":\"ListItem\",\"position\":3,\"name\":\"Prise de position : fermeture des \u00e9coles et service d&rsquo;accueil\"}]},{\"@type\":\"WebSite\",\"@id\":\"https:\\\/\\\/sud.svmep.ch\\\/svmep\\\/#website\",\"url\":\"https:\\\/\\\/sud.svmep.ch\\\/svmep\\\/\",\"name\":\"Syndicat vaudois des ma\u00eetres.ses de l'enseignement professionnel\",\"description\":\"\",\"publisher\":{\"@id\":\"https:\\\/\\\/sud.svmep.ch\\\/svmep\\\/#organization\"},\"alternateName\":\"SVMEP\",\"potentialAction\":[{\"@type\":\"SearchAction\",\"target\":{\"@type\":\"EntryPoint\",\"urlTemplate\":\"https:\\\/\\\/sud.svmep.ch\\\/svmep\\\/?s={search_term_string}\"},\"query-input\":{\"@type\":\"PropertyValueSpecification\",\"valueRequired\":true,\"valueName\":\"search_term_string\"}}],\"inLanguage\":\"fr-FR\"},{\"@type\":\"Organization\",\"@id\":\"https:\\\/\\\/sud.svmep.ch\\\/svmep\\\/#organization\",\"name\":\"Syndicat vaudois des ma\u00eetres.ses de l'enseignement professionnel SVMEP\",\"alternateName\":\"SVMEP\",\"url\":\"https:\\\/\\\/sud.svmep.ch\\\/svmep\\\/\",\"logo\":{\"@type\":\"ImageObject\",\"inLanguage\":\"fr-FR\",\"@id\":\"https:\\\/\\\/sud.svmep.ch\\\/svmep\\\/#\\\/schema\\\/logo\\\/image\\\/\",\"url\":\"https:\\\/\\\/sud.svmep.ch\\\/svmep\\\/wp-content\\\/uploads\\\/2024\\\/09\\\/svmep150x260.jpg\",\"contentUrl\":\"https:\\\/\\\/sud.svmep.ch\\\/svmep\\\/wp-content\\\/uploads\\\/2024\\\/09\\\/svmep150x260.jpg\",\"width\":226,\"height\":127,\"caption\":\"Syndicat vaudois des ma\u00eetres.ses de l'enseignement professionnel SVMEP\"},\"image\":{\"@id\":\"https:\\\/\\\/sud.svmep.ch\\\/svmep\\\/#\\\/schema\\\/logo\\\/image\\\/\"}},{\"@type\":\"Person\",\"@id\":\"https:\\\/\\\/sud.svmep.ch\\\/svmep\\\/#\\\/schema\\\/person\\\/c89c46f48a039b5e5bc4a8eeeab1aece\",\"name\":\"svmep-webmaster\",\"image\":{\"@type\":\"ImageObject\",\"inLanguage\":\"fr-FR\",\"@id\":\"https:\\\/\\\/secure.gravatar.com\\\/avatar\\\/75b5925b5ca4f3df48f6bb05f81ad13dab8238efffb28bf26c5f1682dff96ea6?s=96&d=mm&r=g\",\"url\":\"https:\\\/\\\/secure.gravatar.com\\\/avatar\\\/75b5925b5ca4f3df48f6bb05f81ad13dab8238efffb28bf26c5f1682dff96ea6?s=96&d=mm&r=g\",\"contentUrl\":\"https:\\\/\\\/secure.gravatar.com\\\/avatar\\\/75b5925b5ca4f3df48f6bb05f81ad13dab8238efffb28bf26c5f1682dff96ea6?s=96&d=mm&r=g\",\"caption\":\"svmep-webmaster\"}}]}<\/script>\n<!-- \/ Yoast SEO plugin. -->","yoast_head_json":{"title":"Prise de position : fermeture des \u00e9coles et service d'accueil - svmep.ch","robots":{"index":"index","follow":"follow","max-snippet":"max-snippet:-1","max-image-preview":"max-image-preview:large","max-video-preview":"max-video-preview:-1"},"canonical":"https:\/\/sud.svmep.ch\/svmep\/prise-de-position-ecole-situation-de-crise-fermeture-ecoles-accueil\/","og_locale":"fr_FR","og_type":"article","og_title":"Prise de position : fermeture des \u00e9coles et service d'accueil - svmep.ch","og_description":"15 mars 2020 Communication aux membres du syndicat et revendications au DFJC Ainsi que l\u2019annonce la circulaire de Madame Cesla Amarelle aux \u00e9l\u00e8ves et parents d\u2019\u00e9l\u00e8ves du 13 mars, \u00ables [&hellip;]","og_url":"https:\/\/sud.svmep.ch\/svmep\/prise-de-position-ecole-situation-de-crise-fermeture-ecoles-accueil\/","og_site_name":"svmep.ch","article_published_time":"2020-03-15T17:45:53+00:00","article_modified_time":"2024-09-29T17:09:11+00:00","author":"svmep-webmaster","twitter_card":"summary_large_image","schema":{"@context":"https:\/\/schema.org","@graph":[{"@type":"Article","@id":"https:\/\/sud.svmep.ch\/svmep\/prise-de-position-ecole-situation-de-crise-fermeture-ecoles-accueil\/#article","isPartOf":{"@id":"https:\/\/sud.svmep.ch\/svmep\/prise-de-position-ecole-situation-de-crise-fermeture-ecoles-accueil\/"},"author":{"name":"svmep-webmaster","@id":"https:\/\/sud.svmep.ch\/svmep\/#\/schema\/person\/c89c46f48a039b5e5bc4a8eeeab1aece"},"headline":"Prise de position : fermeture des \u00e9coles et service d&rsquo;accueil","datePublished":"2020-03-15T17:45:53+00:00","dateModified":"2024-09-29T17:09:11+00:00","mainEntityOfPage":{"@id":"https:\/\/sud.svmep.ch\/svmep\/prise-de-position-ecole-situation-de-crise-fermeture-ecoles-accueil\/"},"wordCount":336,"publisher":{"@id":"https:\/\/sud.svmep.ch\/svmep\/#organization"},"articleSection":["Crise Covid-19","SUD-\u00c9ducation"],"inLanguage":"fr-FR"},{"@type":"WebPage","@id":"https:\/\/sud.svmep.ch\/svmep\/prise-de-position-ecole-situation-de-crise-fermeture-ecoles-accueil\/","url":"https:\/\/sud.svmep.ch\/svmep\/prise-de-position-ecole-situation-de-crise-fermeture-ecoles-accueil\/","name":"Prise de position : fermeture des \u00e9coles et service d'accueil - svmep.ch","isPartOf":{"@id":"https:\/\/sud.svmep.ch\/svmep\/#website"},"datePublished":"2020-03-15T17:45:53+00:00","dateModified":"2024-09-29T17:09:11+00:00","breadcrumb":{"@id":"https:\/\/sud.svmep.ch\/svmep\/prise-de-position-ecole-situation-de-crise-fermeture-ecoles-accueil\/#breadcrumb"},"inLanguage":"fr-FR","potentialAction":[{"@type":"ReadAction","target":["https:\/\/sud.svmep.ch\/svmep\/prise-de-position-ecole-situation-de-crise-fermeture-ecoles-accueil\/"]}]},{"@type":"BreadcrumbList","@id":"https:\/\/sud.svmep.ch\/svmep\/prise-de-position-ecole-situation-de-crise-fermeture-ecoles-accueil\/#breadcrumb","itemListElement":[{"@type":"ListItem","position":1,"name":"Accueil","item":"https:\/\/sud.svmep.ch\/svmep\/"},{"@type":"ListItem","position":2,"name":"Crise Covid-19","item":"https:\/\/sud.svmep.ch\/svmep\/category\/crise-covid-19\/"},{"@type":"ListItem","position":3,"name":"Prise de position : fermeture des \u00e9coles et service d&rsquo;accueil"}]},{"@type":"WebSite","@id":"https:\/\/sud.svmep.ch\/svmep\/#website","url":"https:\/\/sud.svmep.ch\/svmep\/","name":"Syndicat vaudois des ma\u00eetres.ses de l'enseignement professionnel","description":"","publisher":{"@id":"https:\/\/sud.svmep.ch\/svmep\/#organization"},"alternateName":"SVMEP","potentialAction":[{"@type":"SearchAction","target":{"@type":"EntryPoint","urlTemplate":"https:\/\/sud.svmep.ch\/svmep\/?s={search_term_string}"},"query-input":{"@type":"PropertyValueSpecification","valueRequired":true,"valueName":"search_term_string"}}],"inLanguage":"fr-FR"},{"@type":"Organization","@id":"https:\/\/sud.svmep.ch\/svmep\/#organization","name":"Syndicat vaudois des ma\u00eetres.ses de l'enseignement professionnel SVMEP","alternateName":"SVMEP","url":"https:\/\/sud.svmep.ch\/svmep\/","logo":{"@type":"ImageObject","inLanguage":"fr-FR","@id":"https:\/\/sud.svmep.ch\/svmep\/#\/schema\/logo\/image\/","url":"https:\/\/sud.svmep.ch\/svmep\/wp-content\/uploads\/2024\/09\/svmep150x260.jpg","contentUrl":"https:\/\/sud.svmep.ch\/svmep\/wp-content\/uploads\/2024\/09\/svmep150x260.jpg","width":226,"height":127,"caption":"Syndicat vaudois des ma\u00eetres.ses de l'enseignement professionnel SVMEP"},"image":{"@id":"https:\/\/sud.svmep.ch\/svmep\/#\/schema\/logo\/image\/"}},{"@type":"Person","@id":"https:\/\/sud.svmep.ch\/svmep\/#\/schema\/person\/c89c46f48a039b5e5bc4a8eeeab1aece","name":"svmep-webmaster","image":{"@type":"ImageObject","inLanguage":"fr-FR","@id":"https:\/\/secure.gravatar.com\/avatar\/75b5925b5ca4f3df48f6bb05f81ad13dab8238efffb28bf26c5f1682dff96ea6?s=96&d=mm&r=g","url":"https:\/\/secure.gravatar.com\/avatar\/75b5925b5ca4f3df48f6bb05f81ad13dab8238efffb28bf26c5f1682dff96ea6?s=96&d=mm&r=g","contentUrl":"https:\/\/secure.gravatar.com\/avatar\/75b5925b5ca4f3df48f6bb05f81ad13dab8238efffb28bf26c5f1682dff96ea6?s=96&d=mm&r=g","caption":"svmep-webmaster"}}]}},"_links":{"self":[{"href":"https:\/\/sud.svmep.ch\/svmep\/wp-json\/wp\/v2\/posts\/644","targetHints":{"allow":["GET"]}}],"collection":[{"href":"https:\/\/sud.svmep.ch\/svmep\/wp-json\/wp\/v2\/posts"}],"about":[{"href":"https:\/\/sud.svmep.ch\/svmep\/wp-json\/wp\/v2\/types\/post"}],"author":[{"embeddable":true,"href":"https:\/\/sud.svmep.ch\/svmep\/wp-json\/wp\/v2\/users\/4"}],"replies":[{"embeddable":true,"href":"https:\/\/sud.svmep.ch\/svmep\/wp-json\/wp\/v2\/comments?post=644"}],"version-history":[{"count":0,"href":"https:\/\/sud.svmep.ch\/svmep\/wp-json\/wp\/v2\/posts\/644\/revisions"}],"wp:attachment":[{"href":"https:\/\/sud.svmep.ch\/svmep\/wp-json\/wp\/v2\/media?parent=644"}],"wp:term":[{"taxonomy":"category","embeddable":true,"href":"https:\/\/sud.svmep.ch\/svmep\/wp-json\/wp\/v2\/categories?post=644"},{"taxonomy":"post_tag","embeddable":true,"href":"https:\/\/sud.svmep.ch\/svmep\/wp-json\/wp\/v2\/tags?post=644"}],"curies":[{"name":"wp","href":"https:\/\/api.w.org\/{rel}","templated":true}]}}