{"id":653,"date":"2020-04-03T11:58:55","date_gmt":"2020-04-03T10:58:55","guid":{"rendered":"http:\/\/sud.svmep.ch\/?p=653"},"modified":"2025-02-08T09:57:25","modified_gmt":"2025-02-08T08:57:25","slug":"prise-de-position-enseignement-a-distance-reflexions-revendications-de-sud-education","status":"publish","type":"post","link":"https:\/\/sud.svmep.ch\/svmep\/prise-de-position-enseignement-a-distance-reflexions-revendications-de-sud-education\/","title":{"rendered":"Enseignement \u00e0 distance : r\u00e9flexions et revendications"},"content":{"rendered":"<div class=\"wp-block-post-date\"><time datetime=\"2020-04-03T11:58:55+02:00\">3 avril 2020<\/time><\/div>\n\n<p>Enseignement \u00e0 distance, t\u00e9l\u00e9-travail, horaires, \u00e9quipement personnel, num\u00e9rique : prise de position de SUD-\u00c9ducation \u00e0 lire <a href=\"http:\/\/sud.svmep.ch\/svmep\/wp-content\/uploads\/2020\/04\/2020-04-03-Ecole-a\u0300-distance.pdf\">ici<\/a>.<\/p>","protected":false},"excerpt":{"rendered":"<p>3 avril 2020 Enseignement \u00e0 distance, t\u00e9l\u00e9-travail, horaires, \u00e9quipement personnel, num\u00e9rique : prise de position de SUD-\u00c9ducation \u00e0 lire ici.<\/p>\n","protected":false},"author":4,"featured_media":1542,"comment_status":"closed","ping_status":"closed","sticky":false,"template":"","format":"standard","meta":{"footnotes":""},"categories":[22,5],"tags":[45,27],"class_list":["post-653","post","type-post","status-publish","format-standard","has-post-thumbnail","hentry","category-crise-covid-19","category-sud-education","tag-enseignement","tag-numerique"],"yoast_head":"<!-- This site is optimized with the Yoast SEO plugin v27.4 - https:\/\/yoast.com\/product\/yoast-seo-wordpress\/ -->\n<title>Enseignement \u00e0 distance : r\u00e9flexions et revendications - svmep.ch<\/title>\n<meta name=\"robots\" content=\"index, follow, max-snippet:-1, max-image-preview:large, max-video-preview:-1\" \/>\n<link rel=\"canonical\" href=\"https:\/\/sud.svmep.ch\/svmep\/prise-de-position-enseignement-a-distance-reflexions-revendications-de-sud-education\/\" \/>\n<meta property=\"og:locale\" content=\"fr_FR\" \/>\n<meta property=\"og:type\" content=\"article\" \/>\n<meta property=\"og:title\" content=\"Enseignement \u00e0 distance : r\u00e9flexions et revendications - svmep.ch\" \/>\n<meta property=\"og:description\" content=\"3 avril 2020 Enseignement \u00e0 distance, t\u00e9l\u00e9-travail, horaires, \u00e9quipement personnel, num\u00e9rique : prise de position de SUD-\u00c9ducation \u00e0 lire ici.\" \/>\n<meta property=\"og:url\" content=\"https:\/\/sud.svmep.ch\/svmep\/prise-de-position-enseignement-a-distance-reflexions-revendications-de-sud-education\/\" \/>\n<meta property=\"og:site_name\" content=\"svmep.ch\" \/>\n<meta property=\"article:published_time\" content=\"2020-04-03T10:58:55+00:00\" \/>\n<meta property=\"article:modified_time\" content=\"2025-02-08T08:57:25+00:00\" \/>\n<meta property=\"og:image\" content=\"https:\/\/sud.svmep.ch\/svmep\/wp-content\/uploads\/2024\/11\/logo_SUD-educ-copie.png\" \/>\n\t<meta property=\"og:image:width\" content=\"212\" \/>\n\t<meta property=\"og:image:height\" content=\"211\" \/>\n\t<meta property=\"og:image:type\" content=\"image\/png\" \/>\n<meta name=\"author\" content=\"svmep-webmaster\" \/>\n<meta name=\"twitter:card\" content=\"summary_large_image\" \/>\n<script type=\"application\/ld+json\" class=\"yoast-schema-graph\">{\"@context\":\"https:\\\/\\\/schema.org\",\"@graph\":[{\"@type\":\"Article\",\"@id\":\"https:\\\/\\\/sud.svmep.ch\\\/svmep\\\/prise-de-position-enseignement-a-distance-reflexions-revendications-de-sud-education\\\/#article\",\"isPartOf\":{\"@id\":\"https:\\\/\\\/sud.svmep.ch\\\/svmep\\\/prise-de-position-enseignement-a-distance-reflexions-revendications-de-sud-education\\\/\"},\"author\":{\"name\":\"svmep-webmaster\",\"@id\":\"https:\\\/\\\/sud.svmep.ch\\\/svmep\\\/#\\\/schema\\\/person\\\/c89c46f48a039b5e5bc4a8eeeab1aece\"},\"headline\":\"Enseignement \u00e0 distance : r\u00e9flexions et revendications\",\"datePublished\":\"2020-04-03T10:58:55+00:00\",\"dateModified\":\"2025-02-08T08:57:25+00:00\",\"mainEntityOfPage\":{\"@id\":\"https:\\\/\\\/sud.svmep.ch\\\/svmep\\\/prise-de-position-enseignement-a-distance-reflexions-revendications-de-sud-education\\\/\"},\"wordCount\":24,\"publisher\":{\"@id\":\"https:\\\/\\\/sud.svmep.ch\\\/svmep\\\/#organization\"},\"image\":{\"@id\":\"https:\\\/\\\/sud.svmep.ch\\\/svmep\\\/prise-de-position-enseignement-a-distance-reflexions-revendications-de-sud-education\\\/#primaryimage\"},\"thumbnailUrl\":\"https:\\\/\\\/sud.svmep.ch\\\/svmep\\\/wp-content\\\/uploads\\\/2024\\\/11\\\/logo_SUD-educ-copie.png\",\"keywords\":[\"enseignement\",\"num\u00e9rique\"],\"articleSection\":[\"Crise Covid-19\",\"SUD-\u00c9ducation\"],\"inLanguage\":\"fr-FR\"},{\"@type\":\"WebPage\",\"@id\":\"https:\\\/\\\/sud.svmep.ch\\\/svmep\\\/prise-de-position-enseignement-a-distance-reflexions-revendications-de-sud-education\\\/\",\"url\":\"https:\\\/\\\/sud.svmep.ch\\\/svmep\\\/prise-de-position-enseignement-a-distance-reflexions-revendications-de-sud-education\\\/\",\"name\":\"Enseignement \u00e0 distance : r\u00e9flexions et revendications - svmep.ch\",\"isPartOf\":{\"@id\":\"https:\\\/\\\/sud.svmep.ch\\\/svmep\\\/#website\"},\"primaryImageOfPage\":{\"@id\":\"https:\\\/\\\/sud.svmep.ch\\\/svmep\\\/prise-de-position-enseignement-a-distance-reflexions-revendications-de-sud-education\\\/#primaryimage\"},\"image\":{\"@id\":\"https:\\\/\\\/sud.svmep.ch\\\/svmep\\\/prise-de-position-enseignement-a-distance-reflexions-revendications-de-sud-education\\\/#primaryimage\"},\"thumbnailUrl\":\"https:\\\/\\\/sud.svmep.ch\\\/svmep\\\/wp-content\\\/uploads\\\/2024\\\/11\\\/logo_SUD-educ-copie.png\",\"datePublished\":\"2020-04-03T10:58:55+00:00\",\"dateModified\":\"2025-02-08T08:57:25+00:00\",\"breadcrumb\":{\"@id\":\"https:\\\/\\\/sud.svmep.ch\\\/svmep\\\/prise-de-position-enseignement-a-distance-reflexions-revendications-de-sud-education\\\/#breadcrumb\"},\"inLanguage\":\"fr-FR\",\"potentialAction\":[{\"@type\":\"ReadAction\",\"target\":[\"https:\\\/\\\/sud.svmep.ch\\\/svmep\\\/prise-de-position-enseignement-a-distance-reflexions-revendications-de-sud-education\\\/\"]}]},{\"@type\":\"ImageObject\",\"inLanguage\":\"fr-FR\",\"@id\":\"https:\\\/\\\/sud.svmep.ch\\\/svmep\\\/prise-de-position-enseignement-a-distance-reflexions-revendications-de-sud-education\\\/#primaryimage\",\"url\":\"https:\\\/\\\/sud.svmep.ch\\\/svmep\\\/wp-content\\\/uploads\\\/2024\\\/11\\\/logo_SUD-educ-copie.png\",\"contentUrl\":\"https:\\\/\\\/sud.svmep.ch\\\/svmep\\\/wp-content\\\/uploads\\\/2024\\\/11\\\/logo_SUD-educ-copie.png\",\"width\":212,\"height\":211},{\"@type\":\"BreadcrumbList\",\"@id\":\"https:\\\/\\\/sud.svmep.ch\\\/svmep\\\/prise-de-position-enseignement-a-distance-reflexions-revendications-de-sud-education\\\/#breadcrumb\",\"itemListElement\":[{\"@type\":\"ListItem\",\"position\":1,\"name\":\"Accueil\",\"item\":\"https:\\\/\\\/sud.svmep.ch\\\/svmep\\\/\"},{\"@type\":\"ListItem\",\"position\":2,\"name\":\"Crise Covid-19\",\"item\":\"https:\\\/\\\/sud.svmep.ch\\\/svmep\\\/category\\\/crise-covid-19\\\/\"},{\"@type\":\"ListItem\",\"position\":3,\"name\":\"Enseignement \u00e0 distance : r\u00e9flexions et revendications\"}]},{\"@type\":\"WebSite\",\"@id\":\"https:\\\/\\\/sud.svmep.ch\\\/svmep\\\/#website\",\"url\":\"https:\\\/\\\/sud.svmep.ch\\\/svmep\\\/\",\"name\":\"Syndicat vaudois des ma\u00eetres.ses de l'enseignement professionnel\",\"description\":\"\",\"publisher\":{\"@id\":\"https:\\\/\\\/sud.svmep.ch\\\/svmep\\\/#organization\"},\"alternateName\":\"SVMEP\",\"potentialAction\":[{\"@type\":\"SearchAction\",\"target\":{\"@type\":\"EntryPoint\",\"urlTemplate\":\"https:\\\/\\\/sud.svmep.ch\\\/svmep\\\/?s={search_term_string}\"},\"query-input\":{\"@type\":\"PropertyValueSpecification\",\"valueRequired\":true,\"valueName\":\"search_term_string\"}}],\"inLanguage\":\"fr-FR\"},{\"@type\":\"Organization\",\"@id\":\"https:\\\/\\\/sud.svmep.ch\\\/svmep\\\/#organization\",\"name\":\"Syndicat vaudois des ma\u00eetres.ses de l'enseignement professionnel SVMEP\",\"alternateName\":\"SVMEP\",\"url\":\"https:\\\/\\\/sud.svmep.ch\\\/svmep\\\/\",\"logo\":{\"@type\":\"ImageObject\",\"inLanguage\":\"fr-FR\",\"@id\":\"https:\\\/\\\/sud.svmep.ch\\\/svmep\\\/#\\\/schema\\\/logo\\\/image\\\/\",\"url\":\"https:\\\/\\\/sud.svmep.ch\\\/svmep\\\/wp-content\\\/uploads\\\/2024\\\/09\\\/svmep150x260.jpg\",\"contentUrl\":\"https:\\\/\\\/sud.svmep.ch\\\/svmep\\\/wp-content\\\/uploads\\\/2024\\\/09\\\/svmep150x260.jpg\",\"width\":226,\"height\":127,\"caption\":\"Syndicat vaudois des ma\u00eetres.ses de l'enseignement professionnel SVMEP\"},\"image\":{\"@id\":\"https:\\\/\\\/sud.svmep.ch\\\/svmep\\\/#\\\/schema\\\/logo\\\/image\\\/\"}},{\"@type\":\"Person\",\"@id\":\"https:\\\/\\\/sud.svmep.ch\\\/svmep\\\/#\\\/schema\\\/person\\\/c89c46f48a039b5e5bc4a8eeeab1aece\",\"name\":\"svmep-webmaster\",\"image\":{\"@type\":\"ImageObject\",\"inLanguage\":\"fr-FR\",\"@id\":\"https:\\\/\\\/secure.gravatar.com\\\/avatar\\\/75b5925b5ca4f3df48f6bb05f81ad13dab8238efffb28bf26c5f1682dff96ea6?s=96&d=mm&r=g\",\"url\":\"https:\\\/\\\/secure.gravatar.com\\\/avatar\\\/75b5925b5ca4f3df48f6bb05f81ad13dab8238efffb28bf26c5f1682dff96ea6?s=96&d=mm&r=g\",\"contentUrl\":\"https:\\\/\\\/secure.gravatar.com\\\/avatar\\\/75b5925b5ca4f3df48f6bb05f81ad13dab8238efffb28bf26c5f1682dff96ea6?s=96&d=mm&r=g\",\"caption\":\"svmep-webmaster\"}}]}<\/script>\n<!-- \/ Yoast SEO plugin. -->","yoast_head_json":{"title":"Enseignement \u00e0 distance : r\u00e9flexions et revendications - svmep.ch","robots":{"index":"index","follow":"follow","max-snippet":"max-snippet:-1","max-image-preview":"max-image-preview:large","max-video-preview":"max-video-preview:-1"},"canonical":"https:\/\/sud.svmep.ch\/svmep\/prise-de-position-enseignement-a-distance-reflexions-revendications-de-sud-education\/","og_locale":"fr_FR","og_type":"article","og_title":"Enseignement \u00e0 distance : r\u00e9flexions et revendications - svmep.ch","og_description":"3 avril 2020 Enseignement \u00e0 distance, t\u00e9l\u00e9-travail, horaires, \u00e9quipement personnel, num\u00e9rique : prise de position de SUD-\u00c9ducation \u00e0 lire ici.","og_url":"https:\/\/sud.svmep.ch\/svmep\/prise-de-position-enseignement-a-distance-reflexions-revendications-de-sud-education\/","og_site_name":"svmep.ch","article_published_time":"2020-04-03T10:58:55+00:00","article_modified_time":"2025-02-08T08:57:25+00:00","og_image":[{"width":212,"height":211,"url":"https:\/\/sud.svmep.ch\/svmep\/wp-content\/uploads\/2024\/11\/logo_SUD-educ-copie.png","type":"image\/png"}],"author":"svmep-webmaster","twitter_card":"summary_large_image","schema":{"@context":"https:\/\/schema.org","@graph":[{"@type":"Article","@id":"https:\/\/sud.svmep.ch\/svmep\/prise-de-position-enseignement-a-distance-reflexions-revendications-de-sud-education\/#article","isPartOf":{"@id":"https:\/\/sud.svmep.ch\/svmep\/prise-de-position-enseignement-a-distance-reflexions-revendications-de-sud-education\/"},"author":{"name":"svmep-webmaster","@id":"https:\/\/sud.svmep.ch\/svmep\/#\/schema\/person\/c89c46f48a039b5e5bc4a8eeeab1aece"},"headline":"Enseignement \u00e0 distance : r\u00e9flexions et revendications","datePublished":"2020-04-03T10:58:55+00:00","dateModified":"2025-02-08T08:57:25+00:00","mainEntityOfPage":{"@id":"https:\/\/sud.svmep.ch\/svmep\/prise-de-position-enseignement-a-distance-reflexions-revendications-de-sud-education\/"},"wordCount":24,"publisher":{"@id":"https:\/\/sud.svmep.ch\/svmep\/#organization"},"image":{"@id":"https:\/\/sud.svmep.ch\/svmep\/prise-de-position-enseignement-a-distance-reflexions-revendications-de-sud-education\/#primaryimage"},"thumbnailUrl":"https:\/\/sud.svmep.ch\/svmep\/wp-content\/uploads\/2024\/11\/logo_SUD-educ-copie.png","keywords":["enseignement","num\u00e9rique"],"articleSection":["Crise Covid-19","SUD-\u00c9ducation"],"inLanguage":"fr-FR"},{"@type":"WebPage","@id":"https:\/\/sud.svmep.ch\/svmep\/prise-de-position-enseignement-a-distance-reflexions-revendications-de-sud-education\/","url":"https:\/\/sud.svmep.ch\/svmep\/prise-de-position-enseignement-a-distance-reflexions-revendications-de-sud-education\/","name":"Enseignement \u00e0 distance : r\u00e9flexions et revendications - svmep.ch","isPartOf":{"@id":"https:\/\/sud.svmep.ch\/svmep\/#website"},"primaryImageOfPage":{"@id":"https:\/\/sud.svmep.ch\/svmep\/prise-de-position-enseignement-a-distance-reflexions-revendications-de-sud-education\/#primaryimage"},"image":{"@id":"https:\/\/sud.svmep.ch\/svmep\/prise-de-position-enseignement-a-distance-reflexions-revendications-de-sud-education\/#primaryimage"},"thumbnailUrl":"https:\/\/sud.svmep.ch\/svmep\/wp-content\/uploads\/2024\/11\/logo_SUD-educ-copie.png","datePublished":"2020-04-03T10:58:55+00:00","dateModified":"2025-02-08T08:57:25+00:00","breadcrumb":{"@id":"https:\/\/sud.svmep.ch\/svmep\/prise-de-position-enseignement-a-distance-reflexions-revendications-de-sud-education\/#breadcrumb"},"inLanguage":"fr-FR","potentialAction":[{"@type":"ReadAction","target":["https:\/\/sud.svmep.ch\/svmep\/prise-de-position-enseignement-a-distance-reflexions-revendications-de-sud-education\/"]}]},{"@type":"ImageObject","inLanguage":"fr-FR","@id":"https:\/\/sud.svmep.ch\/svmep\/prise-de-position-enseignement-a-distance-reflexions-revendications-de-sud-education\/#primaryimage","url":"https:\/\/sud.svmep.ch\/svmep\/wp-content\/uploads\/2024\/11\/logo_SUD-educ-copie.png","contentUrl":"https:\/\/sud.svmep.ch\/svmep\/wp-content\/uploads\/2024\/11\/logo_SUD-educ-copie.png","width":212,"height":211},{"@type":"BreadcrumbList","@id":"https:\/\/sud.svmep.ch\/svmep\/prise-de-position-enseignement-a-distance-reflexions-revendications-de-sud-education\/#breadcrumb","itemListElement":[{"@type":"ListItem","position":1,"name":"Accueil","item":"https:\/\/sud.svmep.ch\/svmep\/"},{"@type":"ListItem","position":2,"name":"Crise Covid-19","item":"https:\/\/sud.svmep.ch\/svmep\/category\/crise-covid-19\/"},{"@type":"ListItem","position":3,"name":"Enseignement \u00e0 distance : r\u00e9flexions et revendications"}]},{"@type":"WebSite","@id":"https:\/\/sud.svmep.ch\/svmep\/#website","url":"https:\/\/sud.svmep.ch\/svmep\/","name":"Syndicat vaudois des ma\u00eetres.ses de l'enseignement professionnel","description":"","publisher":{"@id":"https:\/\/sud.svmep.ch\/svmep\/#organization"},"alternateName":"SVMEP","potentialAction":[{"@type":"SearchAction","target":{"@type":"EntryPoint","urlTemplate":"https:\/\/sud.svmep.ch\/svmep\/?s={search_term_string}"},"query-input":{"@type":"PropertyValueSpecification","valueRequired":true,"valueName":"search_term_string"}}],"inLanguage":"fr-FR"},{"@type":"Organization","@id":"https:\/\/sud.svmep.ch\/svmep\/#organization","name":"Syndicat vaudois des ma\u00eetres.ses de l'enseignement professionnel SVMEP","alternateName":"SVMEP","url":"https:\/\/sud.svmep.ch\/svmep\/","logo":{"@type":"ImageObject","inLanguage":"fr-FR","@id":"https:\/\/sud.svmep.ch\/svmep\/#\/schema\/logo\/image\/","url":"https:\/\/sud.svmep.ch\/svmep\/wp-content\/uploads\/2024\/09\/svmep150x260.jpg","contentUrl":"https:\/\/sud.svmep.ch\/svmep\/wp-content\/uploads\/2024\/09\/svmep150x260.jpg","width":226,"height":127,"caption":"Syndicat vaudois des ma\u00eetres.ses de l'enseignement professionnel SVMEP"},"image":{"@id":"https:\/\/sud.svmep.ch\/svmep\/#\/schema\/logo\/image\/"}},{"@type":"Person","@id":"https:\/\/sud.svmep.ch\/svmep\/#\/schema\/person\/c89c46f48a039b5e5bc4a8eeeab1aece","name":"svmep-webmaster","image":{"@type":"ImageObject","inLanguage":"fr-FR","@id":"https:\/\/secure.gravatar.com\/avatar\/75b5925b5ca4f3df48f6bb05f81ad13dab8238efffb28bf26c5f1682dff96ea6?s=96&d=mm&r=g","url":"https:\/\/secure.gravatar.com\/avatar\/75b5925b5ca4f3df48f6bb05f81ad13dab8238efffb28bf26c5f1682dff96ea6?s=96&d=mm&r=g","contentUrl":"https:\/\/secure.gravatar.com\/avatar\/75b5925b5ca4f3df48f6bb05f81ad13dab8238efffb28bf26c5f1682dff96ea6?s=96&d=mm&r=g","caption":"svmep-webmaster"}}]}},"_links":{"self":[{"href":"https:\/\/sud.svmep.ch\/svmep\/wp-json\/wp\/v2\/posts\/653","targetHints":{"allow":["GET"]}}],"collection":[{"href":"https:\/\/sud.svmep.ch\/svmep\/wp-json\/wp\/v2\/posts"}],"about":[{"href":"https:\/\/sud.svmep.ch\/svmep\/wp-json\/wp\/v2\/types\/post"}],"author":[{"embeddable":true,"href":"https:\/\/sud.svmep.ch\/svmep\/wp-json\/wp\/v2\/users\/4"}],"replies":[{"embeddable":true,"href":"https:\/\/sud.svmep.ch\/svmep\/wp-json\/wp\/v2\/comments?post=653"}],"version-history":[{"count":0,"href":"https:\/\/sud.svmep.ch\/svmep\/wp-json\/wp\/v2\/posts\/653\/revisions"}],"wp:featuredmedia":[{"embeddable":true,"href":"https:\/\/sud.svmep.ch\/svmep\/wp-json\/wp\/v2\/media\/1542"}],"wp:attachment":[{"href":"https:\/\/sud.svmep.ch\/svmep\/wp-json\/wp\/v2\/media?parent=653"}],"wp:term":[{"taxonomy":"category","embeddable":true,"href":"https:\/\/sud.svmep.ch\/svmep\/wp-json\/wp\/v2\/categories?post=653"},{"taxonomy":"post_tag","embeddable":true,"href":"https:\/\/sud.svmep.ch\/svmep\/wp-json\/wp\/v2\/tags?post=653"}],"curies":[{"name":"wp","href":"https:\/\/api.w.org\/{rel}","templated":true}]}}